{"id":4111,"date":"2025-05-12T08:07:47","date_gmt":"2025-05-12T08:07:47","guid":{"rendered":"https:\/\/egestiona.com\/?p=4111"},"modified":"2026-06-09T11:51:37","modified_gmt":"2026-06-09T11:51:37","slug":"el-resurgir-de-la-silicosis","status":"publish","type":"post","link":"https:\/\/externalia.lebranders.es\/en\/el-resurgir-de-la-silicosis\/","title":{"rendered":"EL RESURGIR DE LA SILICOSIS"},"content":{"rendered":"<div id=\"ez-toc-container\" class=\"ez-toc-v2_0_87 ez-toc-wrap-left counter-hierarchy ez-toc-counter ez-toc-grey ez-toc-container-direction\">\n<div class=\"ez-toc-title-container\">\n<p class=\"ez-toc-title\" style=\"cursor:inherit\">Tabla de contenido<\/p>\n<span class=\"ez-toc-title-toggle\"><a href=\"#\" class=\"ez-toc-pull-right ez-toc-btn ez-toc-btn-xs ez-toc-btn-default ez-toc-toggle\" aria-label=\"Toggle Table of Content\"><span class=\"ez-toc-js-icon-con\"><span class=\"\"><span class=\"eztoc-hide\" style=\"display:none;\">Toggle<\/span><span class=\"ez-toc-icon-toggle-span\"><svg style=\"fill: #999;color:#999\" xmlns=\"http:\/\/www.w3.org\/2000\/svg\" class=\"list-377408\" width=\"20px\" height=\"20px\" viewbox=\"0 0 24 24\" fill=\"none\"><path d=\"M6 6H4v2h2V6zm14 0H8v2h12V6zM4 11h2v2H4v-2zm16 0H8v2h12v-2zM4 16h2v2H4v-2zm16 0H8v2h12v-2z\" fill=\"currentColor\"><\/path><\/svg><svg style=\"fill: #999;color:#999\" class=\"arrow-unsorted-368013\" xmlns=\"http:\/\/www.w3.org\/2000\/svg\" width=\"10px\" height=\"10px\" viewbox=\"0 0 24 24\" version=\"1.2\" baseprofile=\"tiny\"><path d=\"M18.2 9.3l-6.2-6.3-6.2 6.3c-.2.2-.3.4-.3.7s.1.5.3.7c.2.2.4.3.7.3h11c.3 0 .5-.1.7-.3.2-.2.3-.5.3-.7s-.1-.5-.3-.7zM5.8 14.7l6.2 6.3 6.2-6.3c.2-.2.3-.5.3-.7s-.1-.5-.3-.7c-.2-.2-.4-.3-.7-.3h-11c-.3 0-.5.1-.7.3-.2.2-.3.5-.3.7s.1.5.3.7z\"\/><\/svg><\/span><\/span><\/span><\/a><\/span><\/div>\n<nav><ul class='ez-toc-list ez-toc-list-level-1' ><li class='ez-toc-page-1 ez-toc-heading-level-2'><a class=\"ez-toc-link ez-toc-heading-1\" href=\"https:\/\/externalia.lebranders.es\/en\/el-resurgir-de-la-silicosis\/#%C2%BFQue_es_la_silicosis\" >\u00bfQu\u00e9 es la silicosis?&nbsp;&nbsp;<\/a><\/li><li class='ez-toc-page-1 ez-toc-heading-level-2'><a class=\"ez-toc-link ez-toc-heading-2\" href=\"https:\/\/externalia.lebranders.es\/en\/el-resurgir-de-la-silicosis\/#%C2%BFPor_que_ha_vuelto\" >\u00bfPor qu\u00e9 ha vuelto?&nbsp;<\/a><\/li><li class='ez-toc-page-1 ez-toc-heading-level-2'><a class=\"ez-toc-link ez-toc-heading-3\" href=\"https:\/\/externalia.lebranders.es\/en\/el-resurgir-de-la-silicosis\/#Incremento_de_casos_y_sectores_afectados\" >Incremento de casos y sectores afectados&nbsp;<\/a><\/li><li class='ez-toc-page-1 ez-toc-heading-level-2'><a class=\"ez-toc-link ez-toc-heading-4\" href=\"https:\/\/externalia.lebranders.es\/en\/el-resurgir-de-la-silicosis\/#Afectacion_a_trabajadores_jovenes\" >Afectaci\u00f3n a trabajadores j\u00f3venes&nbsp;<\/a><\/li><li class='ez-toc-page-1 ez-toc-heading-level-2'><a class=\"ez-toc-link ez-toc-heading-5\" href=\"https:\/\/externalia.lebranders.es\/en\/el-resurgir-de-la-silicosis\/#Costos_sanitarios_y_carga_al_sistema_publico\" >Costos sanitarios y carga al sistema p\u00fablico&nbsp;<\/a><\/li><li class='ez-toc-page-1 ez-toc-heading-level-2'><a class=\"ez-toc-link ez-toc-heading-6\" href=\"https:\/\/externalia.lebranders.es\/en\/el-resurgir-de-la-silicosis\/#Respuesta_institucional_y_medidas_preventivas\" >Respuesta institucional y medidas preventivas&nbsp;<\/a><\/li><li class='ez-toc-page-1 ez-toc-heading-level-2'><a class=\"ez-toc-link ez-toc-heading-7\" href=\"https:\/\/externalia.lebranders.es\/en\/el-resurgir-de-la-silicosis\/#Recomendaciones_para_la_proteccion_laboral\" >Recomendaciones para la protecci\u00f3n laboral&nbsp;<\/a><\/li><li class='ez-toc-page-1 ez-toc-heading-level-2'><a class=\"ez-toc-link ez-toc-heading-8\" href=\"https:\/\/externalia.lebranders.es\/en\/el-resurgir-de-la-silicosis\/#Conclusiones\" >Conclusiones&nbsp;<\/a><\/li><\/ul><\/nav><\/div>\n<h2 class=\"wp-block-heading\"><span class=\"ez-toc-section\" id=\"%C2%BFQue_es_la_silicosis\"><\/span>\u00bfQu\u00e9 es la silicosis?&nbsp;&nbsp;<span class=\"ez-toc-section-end\"><\/span><\/h2>\n\n\n\n<p class=\"wp-block-paragraph\">Se trata de una enfermedad pulmonar irreversible causada por la inhalaci\u00f3n de s\u00edlice cristalina, la cual, ha resurgido en Espa\u00f1a en el siglo XXI, afectando principalmente a trabajadores de sectores como la construcci\u00f3n, la fabricaci\u00f3n de aglomerados de cuarzo y la miner\u00eda. Este resurgimiento ha sido objeto de estudio y preocupaci\u00f3n por parte de instituciones como el Instituto Nacional de Seguridad y Salud en el Trabajo (INSST).&nbsp;&nbsp;<\/p>\n\n\n\n<h2 class=\"wp-block-heading\"><span class=\"ez-toc-section\" id=\"%C2%BFPor_que_ha_vuelto\"><\/span>\u00bfPor qu\u00e9 ha vuelto?&nbsp;<span class=\"ez-toc-section-end\"><\/span><\/h2>\n\n\n\n<p class=\"wp-block-paragraph\">\u2022 Manipulaci\u00f3n de aglomerados de cuarzo (muy comunes en encimeras) que contienen altos niveles de s\u00edlice cristalina.&nbsp;<\/p>\n\n\n\n<p class=\"wp-block-paragraph\">\u2022 Falta de aplicaci\u00f3n real de medidas preventivas en muchas empresas.&nbsp;<\/p>\n\n\n\n<p class=\"wp-block-paragraph\">\u2022 Ausencia de una cultura de prevenci\u00f3n s\u00f3lida en sectores de alto riesgo.&nbsp;<\/p>\n\n\n\n<p class=\"wp-block-paragraph\">\u00bfLa causa? Jornadas prolongadas, exposici\u00f3n continua al polvo de s\u00edlice y falta de protecci\u00f3n adecuada.&nbsp;<\/p>\n\n\n\n<h2 class=\"wp-block-heading\"><span class=\"ez-toc-section\" id=\"Incremento_de_casos_y_sectores_afectados\"><\/span>Incremento de casos y sectores afectados&nbsp;<span class=\"ez-toc-section-end\"><\/span><\/h2>\n\n\n\n<p class=\"wp-block-paragraph\">Entre 2007 y 2024, se registraron 5.900 casos de silicosis en Espa\u00f1a, con 520 notificados solo en 2024, la cifra anual m\u00e1s alta hasta la fecha. Hist\u00f3ricamente asociada a la miner\u00eda, la silicosis ha afectado en a\u00f1os recientes a trabajadores de la construcci\u00f3n, extracci\u00f3n de minerales no energ\u00e9ticos y metalurgia.&nbsp;&nbsp;<\/p>\n\n\n\n<h2 class=\"wp-block-heading\"><span class=\"ez-toc-section\" id=\"Afectacion_a_trabajadores_jovenes\"><\/span>Afectaci\u00f3n a trabajadores j\u00f3venes&nbsp;<span class=\"ez-toc-section-end\"><\/span><\/h2>\n\n\n\n<p class=\"wp-block-paragraph\">Una tendencia preocupante es la mayor incidencia de la enfermedad entre los trabajadores m\u00e1s j\u00f3venes. Entre 2017 y 2019, m\u00e1s de la mitad de los casos correspondieron a hombres de entre 30 y 49 a\u00f1os. Esta informaci\u00f3n subraya la necesidad de reforzar las medidas preventivas en estos sectores.\u202f&nbsp;&nbsp;<\/p>\n\n\n\n<h2 class=\"wp-block-heading\"><span class=\"ez-toc-section\" id=\"Costos_sanitarios_y_carga_al_sistema_publico\"><\/span>Costos sanitarios y carga al sistema p\u00fablico&nbsp;<span class=\"ez-toc-section-end\"><\/span><\/h2>\n\n\n\n<p class=\"wp-block-paragraph\">La silicosis ha generado una carga significativa al Sistema Nacional de Salud, que financi\u00f3 el 97,5% de los procesos asistenciales entre 1997 y 2020. Los costos sanitarios asociados var\u00edan seg\u00fan la edad del paciente, siendo m\u00e1s elevados en aquellos de 40 a 49 a\u00f1os.\u202f\u202f&nbsp;&nbsp;<\/p>\n\n\n\n<h2 class=\"wp-block-heading\"><span class=\"ez-toc-section\" id=\"Respuesta_institucional_y_medidas_preventivas\"><\/span>Respuesta institucional y medidas preventivas&nbsp;<span class=\"ez-toc-section-end\"><\/span><\/h2>\n\n\n\n<p class=\"wp-block-paragraph\">En respuesta a este resurgimiento, el INSST organiz\u00f3 la \u00abJornada T\u00e9cnica: La reemergencia de la silicosis el siglo XXI, retos y actuaciones\u00bb, donde se discutieron estrategias para abordar este problema. Adem\u00e1s, se han implementado cambios normativos, como la inclusi\u00f3n de la s\u00edlice cristalina respirable en el listado de agentes cancer\u00edgenos, reforzando la necesidad de medidas preventivas m\u00e1s estrictas en los lugares de trabajo.&nbsp;&nbsp;<\/p>\n\n\n\n<h2 class=\"wp-block-heading\"><span class=\"ez-toc-section\" id=\"Recomendaciones_para_la_proteccion_laboral\"><\/span>Recomendaciones para la protecci\u00f3n laboral&nbsp;<span class=\"ez-toc-section-end\"><\/span><\/h2>\n\n\n\n<p class=\"wp-block-paragraph\">Organizaciones sindicales han solicitado regulaciones espec\u00edficas para sectores afectados, abogando por el uso de mascarillas motorizadas con filtros HEPA y protecci\u00f3n d\u00e9rmica adecuada. Tambi\u00e9n se ha propuesto establecer registros de trabajadores expuestos a agentes cancer\u00edgenos para garantizar su vigilancia m\u00e9dica postocupacional, as\u00ed como formaci\u00f3n continua para empleadores y empleados sobre esta materia y la implantaci\u00f3n de sanciones efectivas para empresas que no cumplan.&nbsp;&nbsp;<\/p>\n\n\n\n<h2 class=\"wp-block-heading\"><span class=\"ez-toc-section\" id=\"Conclusiones\"><\/span>Conclusiones&nbsp;<span class=\"ez-toc-section-end\"><\/span><\/h2>\n\n\n\n<p class=\"wp-block-paragraph\">Esta noticia es preocupante y evidencia una regresi\u00f3n en materia de salud laboral que no deber\u00eda estar ocurriendo en pleno siglo XXI. La reaparici\u00f3n de la silicosis, especialmente en trabajadores j\u00f3venes, muestra que los controles de prevenci\u00f3n y seguridad no est\u00e1n siendo suficientes en sectores como la construcci\u00f3n y la fabricaci\u00f3n de encimeras de cuarzo.&nbsp;<\/p>\n\n\n\n<p class=\"wp-block-paragraph\">Que en 2024 se haya alcanzado la cifra m\u00e1s alta de casos notificados (520) revela una grave falta de control, pese a que ya se conoce desde hace d\u00e9cadas la peligrosidad del polvo de s\u00edlice. Es especialmente alarmante que, a pesar de los avances tecnol\u00f3gicos y las normativas laborales, haya industrias que todav\u00eda no apliquen adecuadamente las medidas preventivas disponibles.&nbsp;<\/p>\n\n\n\n<p class=\"wp-block-paragraph\">Resulta positivo que, instituciones como el INSST, est\u00e9n tomando cartas en el asunto, organizando jornadas t\u00e9cnicas y revisando normativas. Esto deber\u00eda acompa\u00f1arse de inspecciones, sanciones y formaci\u00f3n continua para los trabajadores y empleadores para hacer frente a este grave problema de salud laboral.&nbsp;&nbsp;<\/p>\n\n\n\n<p class=\"wp-block-paragraph\">Es necesario el compromiso por parte de todos, trabajadores y empleadores para luchar contra la silicosis.&nbsp;&nbsp;<\/p>\n\n\n\n<p class=\"wp-block-paragraph\"><strong><em>Cu\u00e9ntamelo en comentarios.<\/em><\/strong>&nbsp;<\/p>\n\n\n\n<p class=\"wp-block-paragraph\"><strong><em>\u00bfTu sector est\u00e1 expuesto a polvo de s\u00edlice? \u00bfSe est\u00e1n aplicando medidas reales de prevenci\u00f3n?<\/em><\/strong>&nbsp;<\/p>\n\n\n\n<p class=\"wp-block-paragraph\"><\/p>\n\n\n\n<p class=\"wp-block-paragraph\"><strong>Gemma Jansen Meseguer<\/strong><\/p>\n\n\n\n<p class=\"wp-block-paragraph\"><strong>T\u00e9cnico superior de Prevenci\u00f3n<\/strong><\/p>\n\n\n\n<p class=\"wp-block-paragraph\"><\/p>","protected":false},"excerpt":{"rendered":"<p>La silicosis reaparece con fuerza en Espa\u00f1a, afectando cada vez m\u00e1s a trabajadores j\u00f3venes de sectores como la construcci\u00f3n y la fabricaci\u00f3n de encimeras. Descubre por qu\u00e9 esta enfermedad pulmonar irreversible causada por la exposici\u00f3n al polvo de s\u00edlice est\u00e1 en auge, qu\u00e9 medidas preventivas se est\u00e1n tomando y c\u00f3mo proteger la salud laboral frente a este riesgo creciente.<\/p>","protected":false},"author":3,"featured_media":4115,"comment_status":"open","ping_status":"open","sticky":false,"template":"","format":"standard","meta":{"_et_pb_use_builder":"off","_et_pb_old_content":"","_et_gb_content_width":"","_uag_custom_page_level_css":"","footnotes":""},"categories":[183],"tags":[184,28,185,187,34,35,37,188,40,189],"class_list":["post-4111","post","type-post","status-publish","format-standard","has-post-thumbnail","hentry","category-actualidad","tag-actualidad","tag-egestiona","tag-medidas-preventivas","tag-noticias","tag-prevencion-de-riesgos","tag-prevencion-de-riesgos-laborales","tag-prl","tag-proteccion-laboral","tag-seguridad","tag-silicosis"],"uagb_featured_image_src":{"full":["https:\/\/externalia.lebranders.es\/wp-content\/uploads\/2025\/05\/Silicosis-eGestiona.png",1536,1024,false],"thumbnail":["https:\/\/externalia.lebranders.es\/wp-content\/uploads\/2025\/05\/Silicosis-eGestiona-150x150.png",150,150,true],"medium":["https:\/\/externalia.lebranders.es\/wp-content\/uploads\/2025\/05\/Silicosis-eGestiona-300x200.png",300,200,true],"medium_large":["https:\/\/externalia.lebranders.es\/wp-content\/uploads\/2025\/05\/Silicosis-eGestiona-768x512.png",768,512,true],"large":["https:\/\/externalia.lebranders.es\/wp-content\/uploads\/2025\/05\/Silicosis-eGestiona-1024x683.png",1024,683,true],"1536x1536":["https:\/\/externalia.lebranders.es\/wp-content\/uploads\/2025\/05\/Silicosis-eGestiona.png",1536,1024,false],"2048x2048":["https:\/\/externalia.lebranders.es\/wp-content\/uploads\/2025\/05\/Silicosis-eGestiona.png",1536,1024,false],"trp-custom-language-flag":["https:\/\/externalia.lebranders.es\/wp-content\/uploads\/2025\/05\/Silicosis-eGestiona-18x12.png",18,12,true],"et-pb-post-main-image":["https:\/\/externalia.lebranders.es\/wp-content\/uploads\/2025\/05\/Silicosis-eGestiona-400x250.png",400,250,true],"et-pb-post-main-image-fullwidth":["https:\/\/externalia.lebranders.es\/wp-content\/uploads\/2025\/05\/Silicosis-eGestiona-1080x675.png",1080,675,true],"et-pb-portfolio-image":["https:\/\/externalia.lebranders.es\/wp-content\/uploads\/2025\/05\/Silicosis-eGestiona-400x284.png",400,284,true],"et-pb-portfolio-module-image":["https:\/\/externalia.lebranders.es\/wp-content\/uploads\/2025\/05\/Silicosis-eGestiona-510x382.png",510,382,true],"et-pb-portfolio-image-single":["https:\/\/externalia.lebranders.es\/wp-content\/uploads\/2025\/05\/Silicosis-eGestiona-1080x720.png",1080,720,true],"et-pb-gallery-module-image-portrait":["https:\/\/externalia.lebranders.es\/wp-content\/uploads\/2025\/05\/Silicosis-eGestiona-400x516.png",400,516,true],"et-pb-post-main-image-fullwidth-large":["https:\/\/externalia.lebranders.es\/wp-content\/uploads\/2025\/05\/Silicosis-eGestiona.png",1536,1024,false],"et-pb-image--responsive--desktop":["https:\/\/externalia.lebranders.es\/wp-content\/uploads\/2025\/05\/Silicosis-eGestiona-1280x853.png",1080,720,true],"et-pb-image--responsive--tablet":["https:\/\/externalia.lebranders.es\/wp-content\/uploads\/2025\/05\/Silicosis-eGestiona-980x653.png",827,551,true],"et-pb-image--responsive--phone":["https:\/\/externalia.lebranders.es\/wp-content\/uploads\/2025\/05\/Silicosis-eGestiona-480x320.png",405,270,true]},"uagb_author_info":{"display_name":"Silvia Martorell","author_link":"https:\/\/externalia.lebranders.es\/en\/author\/silvia\/"},"uagb_comment_info":0,"uagb_excerpt":"La silicosis reaparece con fuerza en Espa\u00f1a, afectando cada vez m\u00e1s a trabajadores j\u00f3venes de sectores como la construcci\u00f3n y la fabricaci\u00f3n de encimeras. Descubre por qu\u00e9 esta enfermedad pulmonar irreversible causada por la exposici\u00f3n al polvo de s\u00edlice est\u00e1 en auge, qu\u00e9 medidas preventivas se est\u00e1n tomando y c\u00f3mo proteger la salud laboral frente&hellip;","_links":{"self":[{"href":"https:\/\/externalia.lebranders.es\/en\/wp-json\/wp\/v2\/posts\/4111","targetHints":{"allow":["GET"]}}],"collection":[{"href":"https:\/\/externalia.lebranders.es\/en\/wp-json\/wp\/v2\/posts"}],"about":[{"href":"https:\/\/externalia.lebranders.es\/en\/wp-json\/wp\/v2\/types\/post"}],"author":[{"embeddable":true,"href":"https:\/\/externalia.lebranders.es\/en\/wp-json\/wp\/v2\/users\/3"}],"replies":[{"embeddable":true,"href":"https:\/\/externalia.lebranders.es\/en\/wp-json\/wp\/v2\/comments?post=4111"}],"version-history":[{"count":1,"href":"https:\/\/externalia.lebranders.es\/en\/wp-json\/wp\/v2\/posts\/4111\/revisions"}],"predecessor-version":[{"id":4899,"href":"https:\/\/externalia.lebranders.es\/en\/wp-json\/wp\/v2\/posts\/4111\/revisions\/4899"}],"wp:featuredmedia":[{"embeddable":true,"href":"https:\/\/externalia.lebranders.es\/en\/wp-json\/wp\/v2\/media\/4115"}],"wp:attachment":[{"href":"https:\/\/externalia.lebranders.es\/en\/wp-json\/wp\/v2\/media?parent=4111"}],"wp:term":[{"taxonomy":"category","embeddable":true,"href":"https:\/\/externalia.lebranders.es\/en\/wp-json\/wp\/v2\/categories?post=4111"},{"taxonomy":"post_tag","embeddable":true,"href":"https:\/\/externalia.lebranders.es\/en\/wp-json\/wp\/v2\/tags?post=4111"}],"curies":[{"name":"wp","href":"https:\/\/api.w.org\/{rel}","templated":true}]}}