{"id":4125,"date":"2025-05-14T08:34:46","date_gmt":"2025-05-14T08:34:46","guid":{"rendered":"https:\/\/egestiona.com\/?p=4125"},"modified":"2025-05-14T08:34:46","modified_gmt":"2025-05-14T08:34:46","slug":"digitalizacion-salud-laboral-gestion-preventiva-cae","status":"publish","type":"post","link":"https:\/\/externalia.lebranders.es\/en\/digitalizacion-salud-laboral-gestion-preventiva-cae\/","title":{"rendered":"Digitalizaci\u00f3n y salud laboral: Claves para una gesti\u00f3n preventiva moderna"},"content":{"rendered":"<p class=\"wp-block-paragraph\">La salud laboral ha evolucionado m\u00e1s en la \u00faltima d\u00e9cada que en los 50 a\u00f1os anteriores. Factores como la digitalizaci\u00f3n de los entornos de trabajo, la automatizaci\u00f3n de procesos, la aparici\u00f3n de nuevos riesgos psicosociales y la externalizaci\u00f3n de servicios han transformado por completo el concepto de prevenci\u00f3n.<\/p>\n\n\n\n<p class=\"wp-block-paragraph\">En este nuevo escenario, las organizaciones deben adaptar sus estrategias preventivas para garantizar entornos seguros y saludables, no solo para su personal interno, sino tambi\u00e9n para las contratas y subcontratas que forman parte del d\u00eda a d\u00eda operativo.<\/p>\n\n\n\n<div id=\"ez-toc-container\" class=\"ez-toc-v2_0_87 ez-toc-wrap-left counter-hierarchy ez-toc-counter ez-toc-grey ez-toc-container-direction\">\n<div class=\"ez-toc-title-container\">\n<p class=\"ez-toc-title\" style=\"cursor:inherit\">Tabla de contenido<\/p>\n<span class=\"ez-toc-title-toggle\"><a href=\"#\" class=\"ez-toc-pull-right ez-toc-btn ez-toc-btn-xs ez-toc-btn-default ez-toc-toggle\" aria-label=\"Toggle Table of Content\"><span class=\"ez-toc-js-icon-con\"><span class=\"\"><span class=\"eztoc-hide\" style=\"display:none;\">Toggle<\/span><span class=\"ez-toc-icon-toggle-span\"><svg style=\"fill: #999;color:#999\" xmlns=\"http:\/\/www.w3.org\/2000\/svg\" class=\"list-377408\" width=\"20px\" height=\"20px\" viewbox=\"0 0 24 24\" fill=\"none\"><path d=\"M6 6H4v2h2V6zm14 0H8v2h12V6zM4 11h2v2H4v-2zm16 0H8v2h12v-2zM4 16h2v2H4v-2zm16 0H8v2h12v-2z\" fill=\"currentColor\"><\/path><\/svg><svg style=\"fill: #999;color:#999\" class=\"arrow-unsorted-368013\" xmlns=\"http:\/\/www.w3.org\/2000\/svg\" width=\"10px\" height=\"10px\" viewbox=\"0 0 24 24\" version=\"1.2\" baseprofile=\"tiny\"><path d=\"M18.2 9.3l-6.2-6.3-6.2 6.3c-.2.2-.3.4-.3.7s.1.5.3.7c.2.2.4.3.7.3h11c.3 0 .5-.1.7-.3.2-.2.3-.5.3-.7s-.1-.5-.3-.7zM5.8 14.7l6.2 6.3 6.2-6.3c.2-.2.3-.5.3-.7s-.1-.5-.3-.7c-.2-.2-.4-.3-.7-.3h-11c-.3 0-.5.1-.7.3-.2.2-.3.5-.3.7s.1.5.3.7z\"\/><\/svg><\/span><\/span><\/span><\/a><\/span><\/div>\n<nav><ul class='ez-toc-list ez-toc-list-level-1' ><li class='ez-toc-page-1 ez-toc-heading-level-2'><a class=\"ez-toc-link ez-toc-heading-1\" href=\"https:\/\/externalia.lebranders.es\/en\/digitalizacion-salud-laboral-gestion-preventiva-cae\/#La_transformacion_digital_de_la_prevencion\" >La transformaci\u00f3n digital de la prevenci\u00f3n<\/a><\/li><li class='ez-toc-page-1 ez-toc-heading-level-2'><a class=\"ez-toc-link ez-toc-heading-2\" href=\"https:\/\/externalia.lebranders.es\/en\/digitalizacion-salud-laboral-gestion-preventiva-cae\/#Nuevos_riesgos_nuevas_respuestas\" >Nuevos riesgos, nuevas respuestas<\/a><\/li><li class='ez-toc-page-1 ez-toc-heading-level-2'><a class=\"ez-toc-link ez-toc-heading-3\" href=\"https:\/\/externalia.lebranders.es\/en\/digitalizacion-salud-laboral-gestion-preventiva-cae\/#Sostenibilidad_y_salud_laboral_dos_caras_de_la_misma_moneda\" >Sostenibilidad y salud laboral: dos caras de la misma moneda<\/a><\/li><li class='ez-toc-page-1 ez-toc-heading-level-2'><a class=\"ez-toc-link ez-toc-heading-4\" href=\"https:\/\/externalia.lebranders.es\/en\/digitalizacion-salud-laboral-gestion-preventiva-cae\/#Avanzar_con_inteligencia_digital\" >Avanzar con inteligencia digital<\/a><\/li><\/ul><\/nav><\/div>\n<h2 class=\"wp-block-heading\"><span class=\"ez-toc-section\" id=\"La_transformacion_digital_de_la_prevencion\"><\/span>La transformaci\u00f3n digital de la prevenci\u00f3n<span class=\"ez-toc-section-end\"><\/span><\/h2>\n\n\n\n<p class=\"wp-block-paragraph\">La llegada de plataformas tecnol\u00f3gicas como <strong><a href=\"https:\/\/externalia.lebranders.es\/\" target=\"_blank\" rel=\"noreferrer noopener\">eGestiona<\/a> <\/strong>ha marcado un antes y un despu\u00e9s en la forma de abordar la <a href=\"https:\/\/externalia.lebranders.es\/prevencion-de-riesgos-laborales\/\" target=\"_blank\" rel=\"noreferrer noopener\">Prevenci\u00f3n de Riesgos Laborales (PRL)<\/a>, la<a href=\"https:\/\/externalia.lebranders.es\/gestion-documental-de-contratas-y-subcontratas-cae\/\" target=\"_blank\" rel=\"noreferrer noopener\"> validaci\u00f3n documental y la Coordinaci\u00f3n de Actividades Empresariales (CAE)<\/a>.<\/p>\n\n\n\n<p class=\"wp-block-paragraph\">Ya no se trata \u00fanicamente de cumplir con la normativa. Ahora, lo esencial es:<\/p>\n\n\n\n<ul class=\"wp-block-list\">\n<li><strong>Tener trazabilidad de cada documento y trabajador.<\/strong><\/li>\n\n\n\n<li><strong>Gestionar la PRL en tiempo real y de forma colaborativa.<\/strong><\/li>\n\n\n\n<li><strong>Automatizar procesos preventivos.<\/strong><\/li>\n\n\n\n<li><strong>Disponer de indicadores clave de desempe\u00f1o (KPI) para evaluar la eficacia del sistema.<\/strong><\/li>\n\n\n\n<li><strong>Detectar desviaciones de forma proactiva.<\/strong><\/li>\n<\/ul>\n\n\n\n<p class=\"wp-block-paragraph\">En este contexto, plataformas como <strong>eGestiona <\/strong>permiten a las empresas centralizar toda la gesti\u00f3n documental, incluyendo contratas, certificaciones, reconocimientos m\u00e9dicos, formaciones PRL, controles de acceso y mucho m\u00e1s, en un \u00fanico entorno digital seguro, accesible y conforme a normativa.<\/p>\n\n\n\n<h2 class=\"wp-block-heading\"><span class=\"ez-toc-section\" id=\"Nuevos_riesgos_nuevas_respuestas\"><\/span>Nuevos riesgos, nuevas respuestas<span class=\"ez-toc-section-end\"><\/span><\/h2>\n\n\n\n<p class=\"wp-block-paragraph\">The <a href=\"https:\/\/externalia.lebranders.es\/prevencion-de-riesgos-laborales-en-la-era-digital-retos-y-soluciones\/\" target=\"_blank\" rel=\"noreferrer noopener\">digitalizaci\u00f3n del trabajo<\/a> ha tra\u00eddo ventajas, pero tambi\u00e9n desaf\u00edos importantes:<\/p>\n\n\n\n<ul class=\"wp-block-list\">\n<li><strong>Aumento de los riesgos psicosociales (estr\u00e9s, fatiga digital, aislamiento).<\/strong><\/li>\n\n\n\n<li><strong>Mayor dispersi\u00f3n geogr\u00e1fica de los equipos.<\/strong><\/li>\n\n\n\n<li><strong>Proveedores externos que operan en m\u00faltiples ubicaciones.<\/strong><\/li>\n\n\n\n<li><strong>Documentaci\u00f3n m\u00e1s compleja, en mayor volumen y con vencimientos constantes.<\/strong><\/li>\n<\/ul>\n\n\n\n<p class=\"wp-block-paragraph\">Frente a ello, las empresas necesitan una gesti\u00f3n preventiva moderna, capaz de adaptarse a entornos cambiantes, con herramientas flexibles y automatizadas. Aqu\u00ed es donde entra el valor diferencial de <strong>eGestiona<\/strong>.<\/p>\n\n\n\n<h2 class=\"wp-block-heading\"><span class=\"ez-toc-section\" id=\"Sostenibilidad_y_salud_laboral_dos_caras_de_la_misma_moneda\"><\/span>Sostenibilidad y salud laboral: dos caras de la misma moneda<span class=\"ez-toc-section-end\"><\/span><\/h2>\n\n\n\n<p class=\"wp-block-paragraph\">Cada vez m\u00e1s organizaciones est\u00e1n alineando sus pol\u00edticas de <a href=\"https:\/\/externalia.lebranders.es\/indicadores-clave-prl-kpi\/\" target=\"_blank\" rel=\"noreferrer noopener\">salud y seguridad en el trabajo<\/a> con sus estrategias de <a href=\"https:\/\/externalia.lebranders.es\/transformacion-digital-en-la-gestion-de-riesgos-seguridad-y-sostenibilidad-en-2025\/\" target=\"_blank\" rel=\"noreferrer noopener\">sostenibilidad corporativa<\/a>. La seguridad laboral no es solo una obligaci\u00f3n legal, sino una expresi\u00f3n del compromiso \u00e9tico y social de la empresa con las personas.<\/p>\n\n\n\n<p class=\"wp-block-paragraph\">Una gesti\u00f3n preventiva s\u00f3lida y digitalizada ayuda a:<\/p>\n\n\n\n<ul class=\"wp-block-list\">\n<li><strong>Reducir la siniestralidad.<\/strong><\/li>\n\n\n\n<li><strong>Mejorar el clima laboral.<\/strong><\/li>\n\n\n\n<li><strong>Aumentar la productividad.<\/strong><\/li>\n\n\n\n<li><strong>Cumplir con los ODS relacionados con el trabajo decente y el bienestar.<\/strong><\/li>\n\n\n\n<li><strong>Prepararse para auditor\u00edas ESG.<\/strong><\/li>\n<\/ul>\n\n\n\n<p class=\"wp-block-paragraph\"><strong>eGestiona <\/strong>permite conectar todas estas dimensiones en un \u00fanico sistema, integrando la prevenci\u00f3n, la sostenibilidad y la trazabilidad documental de forma estructurada.<\/p>\n\n\n\n<h2 class=\"wp-block-heading\"><span class=\"ez-toc-section\" id=\"Avanzar_con_inteligencia_digital\"><\/span>Avanzar con inteligencia digital<span class=\"ez-toc-section-end\"><\/span><\/h2>\n\n\n\n<p class=\"wp-block-paragraph\">La salud laboral en la era digital ya no es solo una cuesti\u00f3n de prevenci\u00f3n, sino de visi\u00f3n estrat\u00e9gica. Las empresas que invierten en plataformas como <strong>eGestiona <\/strong>no solo cumplen con la normativa: optimizan recursos, reducen riesgos y refuerzan su cultura preventiva. En un momento donde la flexibilidad y la capacidad de adaptaci\u00f3n son claves, contar con una soluci\u00f3n digital para gestionar CAE, PRL y documentaci\u00f3n ya no es una ventaja competitiva, es una necesidad operativa.<\/p>\n\n\n\n<p class=\"wp-block-paragraph\"><\/p>\n\n\n\n<p class=\"wp-block-paragraph\">Si tu organizaci\u00f3n quiere avanzar hacia una prevenci\u00f3n m\u00e1s inteligente, automatizada y sostenible, <strong>eGestiona <\/strong>puede ser tu mejor aliada.<\/p>\n\n\n\n<p class=\"wp-block-paragraph\">\u00bfQuieres saber c\u00f3mo podemos ayudarte?&nbsp;<a href=\"https:\/\/externalia.lebranders.es\/quieres-ver-una-demo\/\" target=\"_blank\" rel=\"noreferrer noopener\">Solicita una demo gratuita<\/a>&nbsp;o habla con nuestro equipo:&nbsp;<strong>hablamos@egestiona.com<\/strong><\/p>\n\n\n\n<p class=\"wp-block-paragraph\"><\/p>","protected":false},"excerpt":{"rendered":"<p>La digitalizaci\u00f3n ha cambiado por completo la forma de gestionar la salud laboral. En este art\u00edculo exploramos c\u00f3mo las plataformas como eGestiona permiten a las empresas adaptarse a los nuevos desaf\u00edos de la prevenci\u00f3n, mejorar el control de contratas y avanzar hacia una gesti\u00f3n CAE, PRL y documental m\u00e1s eficiente y sostenible.<\/p>","protected":false},"author":3,"featured_media":4126,"comment_status":"open","ping_status":"open","sticky":false,"template":"","format":"standard","meta":{"_et_pb_use_builder":"off","_et_pb_old_content":"","_et_gb_content_width":"","_uag_custom_page_level_css":"","footnotes":""},"categories":[31,57,162],"tags":[23,24,25,190,26,27,191,28,29,192,193,30,37,194,38,195,40,170,196,41,197,42,43,198],"class_list":["post-4125","post","type-post","status-publish","format-standard","has-post-thumbnail","hentry","category-control-operativo-y-gestion-de-contratistas","category-operaciones-y-eficiencia","category-prl","tag-auditorias","tag-cae","tag-coordinacion-de-actividades-empresariales","tag-cultura-preventiva-en-empresas","tag-cumplimiento","tag-cumplimiento-normativo","tag-digitalizacion-salud-laboral","tag-egestiona","tag-gestion-documental","tag-gestion-documental-contratas","tag-gestion-preventiva-digital","tag-plataforma-de-gestion-documental","tag-prl","tag-prl-moderna","tag-reduccion-de-riesgos","tag-riesgos-laborales-digitales","tag-seguridad","tag-software-prevencion-de-riesgos-laborales","tag-sostenibilidad-y-seguridad-laboral","tag-transparencia","tag-trazabilidad-documental","tag-validacion","tag-validacion-documental","tag-validacion-documental-cae"],"uagb_featured_image_src":{"full":["https:\/\/externalia.lebranders.es\/wp-content\/uploads\/2025\/05\/Digitalizacion-y-salud-laboral-eGestiona.png",2240,1260,false],"thumbnail":["https:\/\/externalia.lebranders.es\/wp-content\/uploads\/2025\/05\/Digitalizacion-y-salud-laboral-eGestiona-150x150.png",150,150,true],"medium":["https:\/\/externalia.lebranders.es\/wp-content\/uploads\/2025\/05\/Digitalizacion-y-salud-laboral-eGestiona-300x169.png",300,169,true],"medium_large":["https:\/\/externalia.lebranders.es\/wp-content\/uploads\/2025\/05\/Digitalizacion-y-salud-laboral-eGestiona-768x432.png",768,432,true],"large":["https:\/\/externalia.lebranders.es\/wp-content\/uploads\/2025\/05\/Digitalizacion-y-salud-laboral-eGestiona-1024x576.png",1024,576,true],"1536x1536":["https:\/\/externalia.lebranders.es\/wp-content\/uploads\/2025\/05\/Digitalizacion-y-salud-laboral-eGestiona-1536x864.png",1536,864,true],"2048x2048":["https:\/\/externalia.lebranders.es\/wp-content\/uploads\/2025\/05\/Digitalizacion-y-salud-laboral-eGestiona-2048x1152.png",2048,1152,true],"trp-custom-language-flag":["https:\/\/externalia.lebranders.es\/wp-content\/uploads\/2025\/05\/Digitalizacion-y-salud-laboral-eGestiona-18x10.png",18,10,true],"et-pb-post-main-image":["https:\/\/externalia.lebranders.es\/wp-content\/uploads\/2025\/05\/Digitalizacion-y-salud-laboral-eGestiona-400x250.png",400,250,true],"et-pb-post-main-image-fullwidth":["https:\/\/externalia.lebranders.es\/wp-content\/uploads\/2025\/05\/Digitalizacion-y-salud-laboral-eGestiona-1080x675.png",1080,675,true],"et-pb-portfolio-image":["https:\/\/externalia.lebranders.es\/wp-content\/uploads\/2025\/05\/Digitalizacion-y-salud-laboral-eGestiona-400x284.png",400,284,true],"et-pb-portfolio-module-image":["https:\/\/externalia.lebranders.es\/wp-content\/uploads\/2025\/05\/Digitalizacion-y-salud-laboral-eGestiona-510x382.png",510,382,true],"et-pb-portfolio-image-single":["https:\/\/externalia.lebranders.es\/wp-content\/uploads\/2025\/05\/Digitalizacion-y-salud-laboral-eGestiona-1080x608.png",1080,608,true],"et-pb-gallery-module-image-portrait":["https:\/\/externalia.lebranders.es\/wp-content\/uploads\/2025\/05\/Digitalizacion-y-salud-laboral-eGestiona-400x516.png",400,516,true],"et-pb-post-main-image-fullwidth-large":["https:\/\/externalia.lebranders.es\/wp-content\/uploads\/2025\/05\/Digitalizacion-y-salud-laboral-eGestiona.png",2240,1260,false],"et-pb-image--responsive--desktop":["https:\/\/externalia.lebranders.es\/wp-content\/uploads\/2025\/05\/Digitalizacion-y-salud-laboral-eGestiona-1280x720.png",1280,720,true],"et-pb-image--responsive--tablet":["https:\/\/externalia.lebranders.es\/wp-content\/uploads\/2025\/05\/Digitalizacion-y-salud-laboral-eGestiona-980x551.png",980,551,true],"et-pb-image--responsive--phone":["https:\/\/externalia.lebranders.es\/wp-content\/uploads\/2025\/05\/Digitalizacion-y-salud-laboral-eGestiona-480x270.png",480,270,true]},"uagb_author_info":{"display_name":"Silvia Martorell","author_link":"https:\/\/externalia.lebranders.es\/en\/author\/silvia\/"},"uagb_comment_info":0,"uagb_excerpt":"La digitalizaci\u00f3n ha cambiado por completo la forma de gestionar la salud laboral. En este art\u00edculo exploramos c\u00f3mo las plataformas como eGestiona permiten a las empresas adaptarse a los nuevos desaf\u00edos de la prevenci\u00f3n, mejorar el control de contratas y avanzar hacia una gesti\u00f3n CAE, PRL y documental m\u00e1s eficiente y sostenible.","_links":{"self":[{"href":"https:\/\/externalia.lebranders.es\/en\/wp-json\/wp\/v2\/posts\/4125","targetHints":{"allow":["GET"]}}],"collection":[{"href":"https:\/\/externalia.lebranders.es\/en\/wp-json\/wp\/v2\/posts"}],"about":[{"href":"https:\/\/externalia.lebranders.es\/en\/wp-json\/wp\/v2\/types\/post"}],"author":[{"embeddable":true,"href":"https:\/\/externalia.lebranders.es\/en\/wp-json\/wp\/v2\/users\/3"}],"replies":[{"embeddable":true,"href":"https:\/\/externalia.lebranders.es\/en\/wp-json\/wp\/v2\/comments?post=4125"}],"version-history":[{"count":0,"href":"https:\/\/externalia.lebranders.es\/en\/wp-json\/wp\/v2\/posts\/4125\/revisions"}],"wp:featuredmedia":[{"embeddable":true,"href":"https:\/\/externalia.lebranders.es\/en\/wp-json\/wp\/v2\/media\/4126"}],"wp:attachment":[{"href":"https:\/\/externalia.lebranders.es\/en\/wp-json\/wp\/v2\/media?parent=4125"}],"wp:term":[{"taxonomy":"category","embeddable":true,"href":"https:\/\/externalia.lebranders.es\/en\/wp-json\/wp\/v2\/categories?post=4125"},{"taxonomy":"post_tag","embeddable":true,"href":"https:\/\/externalia.lebranders.es\/en\/wp-json\/wp\/v2\/tags?post=4125"}],"curies":[{"name":"wp","href":"https:\/\/api.w.org\/{rel}","templated":true}]}}