{"id":4138,"date":"2025-05-16T09:33:28","date_gmt":"2025-05-16T09:33:28","guid":{"rendered":"https:\/\/egestiona.com\/?p=4138"},"modified":"2026-06-09T11:51:34","modified_gmt":"2026-06-09T11:51:34","slug":"externalia-solutions-invitada-al-dia-de-la-seguridad-y-salud-de-acciona-en-sao-paulo","status":"publish","type":"post","link":"https:\/\/externalia.lebranders.es\/en\/externalia-solutions-invitada-al-dia-de-la-seguridad-y-salud-de-acciona-en-sao-paulo\/","title":{"rendered":"Externalia Solutions, invitada al D\u00eda de la Seguridad y Salud de ACCIONA en S\u00e3o Paulo"},"content":{"rendered":"<div id=\"ez-toc-container\" class=\"ez-toc-v2_0_87 ez-toc-wrap-left counter-hierarchy ez-toc-counter ez-toc-grey ez-toc-container-direction\">\n<div class=\"ez-toc-title-container\">\n<p class=\"ez-toc-title\" style=\"cursor:inherit\">Tabla de contenido<\/p>\n<span class=\"ez-toc-title-toggle\"><a href=\"#\" class=\"ez-toc-pull-right ez-toc-btn ez-toc-btn-xs ez-toc-btn-default ez-toc-toggle\" aria-label=\"Toggle Table of Content\"><span class=\"ez-toc-js-icon-con\"><span class=\"\"><span class=\"eztoc-hide\" style=\"display:none;\">Toggle<\/span><span class=\"ez-toc-icon-toggle-span\"><svg style=\"fill: #999;color:#999\" xmlns=\"http:\/\/www.w3.org\/2000\/svg\" class=\"list-377408\" width=\"20px\" height=\"20px\" viewbox=\"0 0 24 24\" fill=\"none\"><path d=\"M6 6H4v2h2V6zm14 0H8v2h12V6zM4 11h2v2H4v-2zm16 0H8v2h12v-2zM4 16h2v2H4v-2zm16 0H8v2h12v-2z\" fill=\"currentColor\"><\/path><\/svg><svg style=\"fill: #999;color:#999\" class=\"arrow-unsorted-368013\" xmlns=\"http:\/\/www.w3.org\/2000\/svg\" width=\"10px\" height=\"10px\" viewbox=\"0 0 24 24\" version=\"1.2\" baseprofile=\"tiny\"><path d=\"M18.2 9.3l-6.2-6.3-6.2 6.3c-.2.2-.3.4-.3.7s.1.5.3.7c.2.2.4.3.7.3h11c.3 0 .5-.1.7-.3.2-.2.3-.5.3-.7s-.1-.5-.3-.7zM5.8 14.7l6.2 6.3 6.2-6.3c.2-.2.3-.5.3-.7s-.1-.5-.3-.7c-.2-.2-.4-.3-.7-.3h-11c-.3 0-.5.1-.7.3-.2.2-.3.5-.3.7s.1.5.3.7z\"\/><\/svg><\/span><\/span><\/span><\/a><\/span><\/div>\n<nav><ul class='ez-toc-list ez-toc-list-level-1' ><li class='ez-toc-page-1 ez-toc-heading-level-2'><a class=\"ez-toc-link ez-toc-heading-1\" href=\"https:\/\/externalia.lebranders.es\/en\/externalia-solutions-invitada-al-dia-de-la-seguridad-y-salud-de-acciona-en-sao-paulo\/#Una_colaboracion_estrategica_en_uno_de_los_proyectos_mas_emblematicos_del_mundo\" >Una colaboraci\u00f3n estrat\u00e9gica en uno de los proyectos m\u00e1s emblem\u00e1ticos del mundo<\/a><\/li><li class='ez-toc-page-1 ez-toc-heading-level-2'><a class=\"ez-toc-link ez-toc-heading-2\" href=\"https:\/\/externalia.lebranders.es\/en\/externalia-solutions-invitada-al-dia-de-la-seguridad-y-salud-de-acciona-en-sao-paulo\/#Externalia_proveedor_clave_en_la_digitalizacion_de_procesos\" >Externalia, proveedor clave en la digitalizaci\u00f3n de procesos<\/a><\/li><li class='ez-toc-page-1 ez-toc-heading-level-2'><a class=\"ez-toc-link ez-toc-heading-3\" href=\"https:\/\/externalia.lebranders.es\/en\/externalia-solutions-invitada-al-dia-de-la-seguridad-y-salud-de-acciona-en-sao-paulo\/#Integracion_en_el_nuevo_Centro_Inteligente_de_Datos\" >Integraci\u00f3n en el nuevo Centro Inteligente de Datos<\/a><\/li><li class='ez-toc-page-1 ez-toc-heading-level-2'><a class=\"ez-toc-link ez-toc-heading-4\" href=\"https:\/\/externalia.lebranders.es\/en\/externalia-solutions-invitada-al-dia-de-la-seguridad-y-salud-de-acciona-en-sao-paulo\/#Agradecimientos_y_presencia_institucional\" >Agradecimientos y presencia institucional<\/a><\/li><\/ul><\/nav><\/div>\n<h2 class=\"wp-block-heading\"><span class=\"ez-toc-section\" id=\"Una_colaboracion_estrategica_en_uno_de_los_proyectos_mas_emblematicos_del_mundo\"><\/span>Una colaboraci\u00f3n estrat\u00e9gica en uno de los proyectos m\u00e1s emblem\u00e1ticos del mundo<span class=\"ez-toc-section-end\"><\/span><\/h2>\n\n\n\n<p class=\"wp-block-paragraph\">El pasado 7 de mayo, Externalia Solutions tuvo el honor de participar en el evento organizado por <strong>ACCIONA Brasil<\/strong> con motivo del <strong>D\u00eda de la Seguridad y Salud<\/strong>, celebrado en las oficinas de la compa\u00f1\u00eda en S\u00e3o Paulo.<\/p>\n\n\n\n<p class=\"wp-block-paragraph\">Se trat\u00f3 de una jornada de gran relevancia, no solo por la presencia de toda la c\u00fapula directiva de ACCIONA en Brasil, sino tambi\u00e9n por el escenario en el que se enmarca: la <strong>L\u00ednea 6 del metro de S\u00e3o Paulo<\/strong>, considerada actualmente como uno de los proyectos de infraestructura m\u00e1s emblem\u00e1ticos del mundo, donde trabajan diariamente m\u00e1s de <strong>13.000 personas<\/strong>.<\/p>\n\n\n\n<h2 class=\"wp-block-heading\"><span class=\"ez-toc-section\" id=\"Externalia_proveedor_clave_en_la_digitalizacion_de_procesos\"><\/span>Externalia, proveedor clave en la digitalizaci\u00f3n de procesos<span class=\"ez-toc-section-end\"><\/span><\/h2>\n\n\n\n<p class=\"wp-block-paragraph\"><a href=\"https:\/\/externalia.lebranders.es\/\"><strong>Externalia Solutions<\/strong><\/a> es <strong>proveedor clave en este megaproyecto desde hace m\u00e1s de cinco a\u00f1os<\/strong>, aportando su tecnolog\u00eda para la <strong>gesti\u00f3n de contratas y el control de accesos en toda la obra<\/strong>, con una soluci\u00f3n digital que permite optimizar y garantizar la trazabilidad en los procesos de seguridad y cumplimiento.<\/p>\n\n\n\n<h2 class=\"wp-block-heading\"><span class=\"ez-toc-section\" id=\"Integracion_en_el_nuevo_Centro_Inteligente_de_Datos\"><\/span>Integraci\u00f3n en el nuevo Centro Inteligente de Datos<span class=\"ez-toc-section-end\"><\/span><\/h2>\n\n\n\n<p class=\"wp-block-paragraph\">Durante el evento, <strong>ACCIONA <\/strong>present\u00f3 su nuevo <strong>Centro Inteligente de Datos<\/strong>, una apuesta estrat\u00e9gica para la digitalizaci\u00f3n de la seguridad y salud en sus proyectos. <strong>Externalia <\/strong>ha trabajado intensamente para <strong>integrar todos sus datos operativos en este centro<\/strong>, lo que permite a <strong>ACCIONA <\/strong>visualizar en tiempo real la informaci\u00f3n recogida a trav\u00e9s de nuestras aplicaciones, tanto desde Brasil como desde su sede central en Madrid.<\/p>\n\n\n\n<h2 class=\"wp-block-heading\"><span class=\"ez-toc-section\" id=\"Agradecimientos_y_presencia_institucional\"><\/span>Agradecimientos y presencia institucional<span class=\"ez-toc-section-end\"><\/span><\/h2>\n\n\n\n<p class=\"wp-block-paragraph\">Queremos <strong>agradecer a ACCIONA<\/strong> por invitarnos como uno de sus principales colaboradores tecnol\u00f3gicos en este importante evento, y por contar con nosotros como aliado en su estrategia de digitalizaci\u00f3n. Seguiremos trabajando juntos para impulsar la innovaci\u00f3n en proyectos futuros en Brasil y en otros mercados.<\/p>\n\n\n\n<p class=\"wp-block-paragraph\">En representaci\u00f3n de<strong> Externalia Solutions Brasil<\/strong> asistieron:<\/p>\n\n\n\n<ul class=\"wp-block-list\">\n<li>Ot\u00e1vio Pepe, <em>Country Business Manager<\/em><\/li>\n\n\n\n<li>Amanda Liberato, <em>Operations Director for Brazil<\/em><\/li>\n\n\n\n<li>Julio Valseca, <em>International Expansion Director<\/em><\/li>\n<\/ul>\n\n\n\n<p class=\"wp-block-paragraph\"><\/p>\n\n\n\n<figure class=\"wp-block-image alignwide size-large\"><img loading=\"lazy\" decoding=\"async\" width=\"1024\" height=\"768\" src=\"https:\/\/externalia.lebranders.es\/wp-content\/uploads\/2025\/05\/ExternaliaSolutions_ACCIONABrasil-1-1024x768.png\" alt=\"\" class=\"wp-image-4143\" srcset=\"https:\/\/externalia.lebranders.es\/wp-content\/uploads\/2025\/05\/ExternaliaSolutions_ACCIONABrasil-1-980x735.png 980w, https:\/\/externalia.lebranders.es\/wp-content\/uploads\/2025\/05\/ExternaliaSolutions_ACCIONABrasil-1-480x360.png 480w\" sizes=\"(min-width: 0px) and (max-width: 480px) 480px, (min-width: 481px) and (max-width: 980px) 980px, (min-width: 981px) 1024px, 100vw\" \/><\/figure>\n\n\n\n<p class=\"wp-block-paragraph\"><em>En la imagen: Julio Valseca junto a Pablo Ya\u00f1ez Rodr\u00edguez, Director de Prevenci\u00f3n de Riesgos Laborales de ACCIONA.<\/em><\/p>\n\n\n\n<p class=\"wp-block-paragraph\"><\/p>\n\n\n\n<figure class=\"wp-block-gallery aligncenter has-nested-images columns-default is-cropped wp-block-gallery-1 is-layout-flex wp-block-gallery-is-layout-flex\">\n<figure class=\"wp-block-image alignwide size-large\"><img loading=\"lazy\" decoding=\"async\" width=\"1024\" height=\"768\" data-id=\"4142\" src=\"https:\/\/externalia.lebranders.es\/wp-content\/uploads\/2025\/05\/ACCIONABrasil_ExternaliaSolutions-1-1024x768.png\" alt=\"\" class=\"wp-image-4142\" srcset=\"https:\/\/externalia.lebranders.es\/wp-content\/uploads\/2025\/05\/ACCIONABrasil_ExternaliaSolutions-1-980x735.png 980w, https:\/\/externalia.lebranders.es\/wp-content\/uploads\/2025\/05\/ACCIONABrasil_ExternaliaSolutions-1-480x360.png 480w\" sizes=\"(min-width: 0px) and (max-width: 480px) 480px, (min-width: 481px) and (max-width: 980px) 980px, (min-width: 981px) 1024px, 100vw\" \/><\/figure>\n<\/figure>\n\n\n\n<p class=\"wp-block-paragraph\"><\/p>\n\n\n\n<p class=\"wp-block-paragraph\"><em>En la imagen: Julio Valseca,&nbsp; Amanda Liberato y Ot\u00e1vio Pepe, representantes de Externalia Solutions en el evento de ACCIONA en Brasil<\/em><\/p>","protected":false},"excerpt":{"rendered":"<p>Externalia colabora en la L\u00ednea 6 del metro de S\u00e3o Paulo y participa en el evento de Seguridad y Salud de ACCIONA con su soluci\u00f3n de digitalizaci\u00f3n.<\/p>","protected":false},"author":3,"featured_media":4141,"comment_status":"open","ping_status":"open","sticky":false,"template":"","format":"standard","meta":{"_et_pb_use_builder":"off","_et_pb_old_content":"","_et_gb_content_width":"","_uag_custom_page_level_css":"","footnotes":""},"categories":[183,17],"tags":[199,200,44,201,73,74,26,27,202,56,203,143,204,40,205,85,62,63],"class_list":["post-4138","post","type-post","status-publish","format-standard","has-post-thumbnail","hentry","category-actualidad","category-eventos","tag-acciona","tag-brasil","tag-colaboracion","tag-colaborador-tecnologico","tag-contratas","tag-control-de-acceso","tag-cumplimiento","tag-cumplimiento-normativo","tag-dia-de-la-seguridad-y-salud","tag-digitalizacion","tag-externalia-solutions","tag-innovacion","tag-megaproyecto","tag-seguridad","tag-solucion-digital","tag-subcontratas","tag-transformacion-digital","tag-trazabilidad"],"uagb_featured_image_src":{"full":["https:\/\/externalia.lebranders.es\/wp-content\/uploads\/2025\/05\/Dia-Da-Seguranca-e-Saude-ACCIONA-Brasil.png",1600,1200,false],"thumbnail":["https:\/\/externalia.lebranders.es\/wp-content\/uploads\/2025\/05\/Dia-Da-Seguranca-e-Saude-ACCIONA-Brasil-150x150.png",150,150,true],"medium":["https:\/\/externalia.lebranders.es\/wp-content\/uploads\/2025\/05\/Dia-Da-Seguranca-e-Saude-ACCIONA-Brasil-300x225.png",300,225,true],"medium_large":["https:\/\/externalia.lebranders.es\/wp-content\/uploads\/2025\/05\/Dia-Da-Seguranca-e-Saude-ACCIONA-Brasil-768x576.png",768,576,true],"large":["https:\/\/externalia.lebranders.es\/wp-content\/uploads\/2025\/05\/Dia-Da-Seguranca-e-Saude-ACCIONA-Brasil-1024x768.png",1024,768,true],"1536x1536":["https:\/\/externalia.lebranders.es\/wp-content\/uploads\/2025\/05\/Dia-Da-Seguranca-e-Saude-ACCIONA-Brasil-1536x1152.png",1536,1152,true],"2048x2048":["https:\/\/externalia.lebranders.es\/wp-content\/uploads\/2025\/05\/Dia-Da-Seguranca-e-Saude-ACCIONA-Brasil.png",1600,1200,false],"trp-custom-language-flag":["https:\/\/externalia.lebranders.es\/wp-content\/uploads\/2025\/05\/Dia-Da-Seguranca-e-Saude-ACCIONA-Brasil-16x12.png",16,12,true],"et-pb-post-main-image":["https:\/\/externalia.lebranders.es\/wp-content\/uploads\/2025\/05\/Dia-Da-Seguranca-e-Saude-ACCIONA-Brasil-400x250.png",400,250,true],"et-pb-post-main-image-fullwidth":["https:\/\/externalia.lebranders.es\/wp-content\/uploads\/2025\/05\/Dia-Da-Seguranca-e-Saude-ACCIONA-Brasil-1080x675.png",1080,675,true],"et-pb-portfolio-image":["https:\/\/externalia.lebranders.es\/wp-content\/uploads\/2025\/05\/Dia-Da-Seguranca-e-Saude-ACCIONA-Brasil-400x284.png",400,284,true],"et-pb-portfolio-module-image":["https:\/\/externalia.lebranders.es\/wp-content\/uploads\/2025\/05\/Dia-Da-Seguranca-e-Saude-ACCIONA-Brasil-510x382.png",510,382,true],"et-pb-portfolio-image-single":["https:\/\/externalia.lebranders.es\/wp-content\/uploads\/2025\/05\/Dia-Da-Seguranca-e-Saude-ACCIONA-Brasil-1080x810.png",1080,810,true],"et-pb-gallery-module-image-portrait":["https:\/\/externalia.lebranders.es\/wp-content\/uploads\/2025\/05\/Dia-Da-Seguranca-e-Saude-ACCIONA-Brasil-400x516.png",400,516,true],"et-pb-post-main-image-fullwidth-large":["https:\/\/externalia.lebranders.es\/wp-content\/uploads\/2025\/05\/Dia-Da-Seguranca-e-Saude-ACCIONA-Brasil.png",1600,1200,false],"et-pb-image--responsive--desktop":["https:\/\/externalia.lebranders.es\/wp-content\/uploads\/2025\/05\/Dia-Da-Seguranca-e-Saude-ACCIONA-Brasil-1280x960.png",960,720,true],"et-pb-image--responsive--tablet":["https:\/\/externalia.lebranders.es\/wp-content\/uploads\/2025\/05\/Dia-Da-Seguranca-e-Saude-ACCIONA-Brasil-980x735.png",735,551,true],"et-pb-image--responsive--phone":["https:\/\/externalia.lebranders.es\/wp-content\/uploads\/2025\/05\/Dia-Da-Seguranca-e-Saude-ACCIONA-Brasil-480x360.png",360,270,true]},"uagb_author_info":{"display_name":"Silvia Martorell","author_link":"https:\/\/externalia.lebranders.es\/en\/author\/silvia\/"},"uagb_comment_info":0,"uagb_excerpt":"Externalia colabora en la L\u00ednea 6 del metro de S\u00e3o Paulo y participa en el evento de Seguridad y Salud de ACCIONA con su soluci\u00f3n de digitalizaci\u00f3n.","_links":{"self":[{"href":"https:\/\/externalia.lebranders.es\/en\/wp-json\/wp\/v2\/posts\/4138","targetHints":{"allow":["GET"]}}],"collection":[{"href":"https:\/\/externalia.lebranders.es\/en\/wp-json\/wp\/v2\/posts"}],"about":[{"href":"https:\/\/externalia.lebranders.es\/en\/wp-json\/wp\/v2\/types\/post"}],"author":[{"embeddable":true,"href":"https:\/\/externalia.lebranders.es\/en\/wp-json\/wp\/v2\/users\/3"}],"replies":[{"embeddable":true,"href":"https:\/\/externalia.lebranders.es\/en\/wp-json\/wp\/v2\/comments?post=4138"}],"version-history":[{"count":1,"href":"https:\/\/externalia.lebranders.es\/en\/wp-json\/wp\/v2\/posts\/4138\/revisions"}],"predecessor-version":[{"id":4883,"href":"https:\/\/externalia.lebranders.es\/en\/wp-json\/wp\/v2\/posts\/4138\/revisions\/4883"}],"wp:featuredmedia":[{"embeddable":true,"href":"https:\/\/externalia.lebranders.es\/en\/wp-json\/wp\/v2\/media\/4141"}],"wp:attachment":[{"href":"https:\/\/externalia.lebranders.es\/en\/wp-json\/wp\/v2\/media?parent=4138"}],"wp:term":[{"taxonomy":"category","embeddable":true,"href":"https:\/\/externalia.lebranders.es\/en\/wp-json\/wp\/v2\/categories?post=4138"},{"taxonomy":"post_tag","embeddable":true,"href":"https:\/\/externalia.lebranders.es\/en\/wp-json\/wp\/v2\/tags?post=4138"}],"curies":[{"name":"wp","href":"https:\/\/api.w.org\/{rel}","templated":true}]}}