{"id":4290,"date":"2025-07-02T08:31:34","date_gmt":"2025-07-02T08:31:34","guid":{"rendered":"https:\/\/egestiona.com\/?p=4290"},"modified":"2025-07-02T08:31:34","modified_gmt":"2025-07-02T08:31:34","slug":"obligaciones-prl-contratista-subcontratista","status":"publish","type":"post","link":"https:\/\/externalia.lebranders.es\/en\/obligaciones-prl-contratista-subcontratista\/","title":{"rendered":"Obligaciones del contratista y el subcontratista en prevenci\u00f3n de riesgos laborales"},"content":{"rendered":"<p class=\"wp-block-paragraph\">The <strong><a href=\"https:\/\/externalia.lebranders.es\/prevencion-de-riesgos-laborales\/\" target=\"_blank\" rel=\"noreferrer noopener\">prevenci\u00f3n de riesgos laborales (PRL)<\/a><\/strong> cobra una especial relevancia en aquellos entornos donde conviven m\u00faltiples empresas: <a href=\"https:\/\/externalia.lebranders.es\/coste-oculto-mala-gestion-documental-obra\/\" target=\"_blank\" rel=\"noreferrer noopener\">obras de construcci\u00f3n<\/a>, proyectos de ingenier\u00eda civil, actividades industriales o <a href=\"https:\/\/externalia.lebranders.es\/checklist-validacion-documental-cae\/\" target=\"_blank\" rel=\"noreferrer noopener\">explotaciones mineras<\/a>. En estos contextos, tanto el <strong>contratista principal<\/strong> como las <strong>empresas subcontratadas<\/strong> deben asumir sus responsabilidades para garantizar un entorno seguro y cumplir con lo establecido en la normativa vigente.<\/p>\n\n\n\n<p class=\"wp-block-paragraph\">Desde el enfoque de la <strong><a href=\"https:\/\/externalia.lebranders.es\/que-es-la-coordinacion-de-actividades-empresariales\/\" target=\"_blank\" rel=\"noreferrer noopener\">Coordinaci\u00f3n de Actividades Empresariales (CAE)<\/a><\/strong>, analizamos en este art\u00edculo las <strong>obligaciones clave de cada actor<\/strong>, as\u00ed como los aspectos legales que deben tenerse en cuenta en caso de accidente laboral.<\/p>\n\n\n\n<div id=\"ez-toc-container\" class=\"ez-toc-v2_0_87 ez-toc-wrap-left counter-hierarchy ez-toc-counter ez-toc-grey ez-toc-container-direction\">\n<div class=\"ez-toc-title-container\">\n<p class=\"ez-toc-title\" style=\"cursor:inherit\">Tabla de contenido<\/p>\n<span class=\"ez-toc-title-toggle\"><a href=\"#\" class=\"ez-toc-pull-right ez-toc-btn ez-toc-btn-xs ez-toc-btn-default ez-toc-toggle\" aria-label=\"Toggle Table of Content\"><span class=\"ez-toc-js-icon-con\"><span class=\"\"><span class=\"eztoc-hide\" style=\"display:none;\">Toggle<\/span><span class=\"ez-toc-icon-toggle-span\"><svg style=\"fill: #999;color:#999\" xmlns=\"http:\/\/www.w3.org\/2000\/svg\" class=\"list-377408\" width=\"20px\" height=\"20px\" viewbox=\"0 0 24 24\" fill=\"none\"><path d=\"M6 6H4v2h2V6zm14 0H8v2h12V6zM4 11h2v2H4v-2zm16 0H8v2h12v-2zM4 16h2v2H4v-2zm16 0H8v2h12v-2z\" fill=\"currentColor\"><\/path><\/svg><svg style=\"fill: #999;color:#999\" class=\"arrow-unsorted-368013\" xmlns=\"http:\/\/www.w3.org\/2000\/svg\" width=\"10px\" height=\"10px\" viewbox=\"0 0 24 24\" version=\"1.2\" baseprofile=\"tiny\"><path d=\"M18.2 9.3l-6.2-6.3-6.2 6.3c-.2.2-.3.4-.3.7s.1.5.3.7c.2.2.4.3.7.3h11c.3 0 .5-.1.7-.3.2-.2.3-.5.3-.7s-.1-.5-.3-.7zM5.8 14.7l6.2 6.3 6.2-6.3c.2-.2.3-.5.3-.7s-.1-.5-.3-.7c-.2-.2-.4-.3-.7-.3h-11c-.3 0-.5.1-.7.3-.2.2-.3.5-.3.7s.1.5.3.7z\"\/><\/svg><\/span><\/span><\/span><\/a><\/span><\/div>\n<nav><ul class='ez-toc-list ez-toc-list-level-1' ><li class='ez-toc-page-1 ez-toc-heading-level-2'><a class=\"ez-toc-link ez-toc-heading-1\" href=\"https:\/\/externalia.lebranders.es\/en\/obligaciones-prl-contratista-subcontratista\/#Obligaciones_comunes_en_PRL_contratistas_y_subcontratistas\" >Obligaciones comunes en PRL: contratistas y subcontratistas<\/a><\/li><li class='ez-toc-page-1 ez-toc-heading-level-2'><a class=\"ez-toc-link ez-toc-heading-2\" href=\"https:\/\/externalia.lebranders.es\/en\/obligaciones-prl-contratista-subcontratista\/#Obligaciones_del_contratista_principal\" >Obligaciones del contratista principal<\/a><\/li><li class='ez-toc-page-1 ez-toc-heading-level-2'><a class=\"ez-toc-link ez-toc-heading-3\" href=\"https:\/\/externalia.lebranders.es\/en\/obligaciones-prl-contratista-subcontratista\/#Obligaciones_de_la_empresa_subcontratada\" >Obligaciones de la empresa subcontratada<\/a><\/li><li class='ez-toc-page-1 ez-toc-heading-level-2'><a class=\"ez-toc-link ez-toc-heading-4\" href=\"https:\/\/externalia.lebranders.es\/en\/obligaciones-prl-contratista-subcontratista\/#%C2%BFQuien_responde_en_caso_de_accidente_laboral\" >\u00bfQui\u00e9n responde en caso de accidente laboral?<\/a><\/li><li class='ez-toc-page-1 ez-toc-heading-level-2'><a class=\"ez-toc-link ez-toc-heading-5\" href=\"https:\/\/externalia.lebranders.es\/en\/obligaciones-prl-contratista-subcontratista\/#Gestion_eficaz_de_la_PRL_y_la_CAE_automatizacion_y_control\" >Gesti\u00f3n eficaz de la PRL y la CAE: automatizaci\u00f3n y control<\/a><\/li><\/ul><\/nav><\/div>\n<h2 class=\"wp-block-heading\"><span class=\"ez-toc-section\" id=\"Obligaciones_comunes_en_PRL_contratistas_y_subcontratistas\"><\/span><strong>Obligaciones comunes en PRL: contratistas y subcontratistas<\/strong><span class=\"ez-toc-section-end\"><\/span><\/h2>\n\n\n\n<p class=\"wp-block-paragraph\"><\/p>\n\n\n\n<p class=\"wp-block-paragraph\">Ambas figuras deben cumplir con lo estipulado en la <strong><a href=\"https:\/\/www.boe.es\/buscar\/act.php?id=BOE-A-1995-24292\" target=\"_blank\" rel=\"noreferrer noopener nofollow\">Ley 31\/1995 de Prevenci\u00f3n de Riesgos Laborales<\/a><\/strong> y el <strong><a href=\"https:\/\/www.boe.es\/buscar\/act.php?id=BOE-A-2004-1848\" target=\"_blank\" rel=\"noreferrer noopener nofollow\">Real Decreto 171\/2004<\/a><\/strong>, entre otras disposiciones normativas. Entre sus responsabilidades compartidas destacan:<\/p>\n\n\n\n<ul class=\"wp-block-list\">\n<li><strong>Evaluaci\u00f3n de riesgos:<\/strong> Toda empresa debe identificar los riesgos derivados de su actividad y establecer medidas preventivas adecuadas.<\/li>\n\n\n\n<li><strong>Formaci\u00f3n e informaci\u00f3n:<\/strong> Los trabajadores deben estar formados e informados sobre los riesgos espec\u00edficos de su puesto y sobre el uso correcto de los equipos de protecci\u00f3n.<\/li>\n\n\n\n<li><strong>Coordinaci\u00f3n entre empresas:<\/strong> Cuando varias empresas operan en un mismo centro de trabajo, deben intercambiar informaci\u00f3n sobre los riesgos que puedan afectar a terceros y coordinar sus actuaciones preventivas.<\/li>\n\n\n\n<li><strong>Vigilancia de la salud:<\/strong> Las empresas deben garantizar que sus trabajadores se someten a reconocimientos m\u00e9dicos peri\u00f3dicos, en funci\u00f3n de los riesgos a los que est\u00e9n expuestos.<\/li>\n\n\n\n<li><strong>Suministro y uso de EPIs:<\/strong> Cada empresa es responsable de proporcionar los equipos de protecci\u00f3n individual adecuados y de garantizar su uso correcto.<\/li>\n<\/ul>\n\n\n\n<h2 class=\"wp-block-heading\"><span class=\"ez-toc-section\" id=\"Obligaciones_del_contratista_principal\"><\/span><strong>Obligaciones del contratista principal<\/strong><span class=\"ez-toc-section-end\"><\/span><\/h2>\n\n\n\n<p class=\"wp-block-paragraph\"><\/p>\n\n\n\n<p class=\"wp-block-paragraph\">El <strong>contratista<\/strong>, como empresa que asume la ejecuci\u00f3n global del proyecto o parte sustancial del mismo, tiene responsabilidades adicionales:<\/p>\n\n\n\n<ul class=\"wp-block-list\">\n<li><strong>Designar a un coordinador de seguridad y salud<\/strong> (cuando proceda), especialmente en obras de construcci\u00f3n con m\u00faltiples intervinientes.<\/li>\n\n\n\n<li><strong>Supervisar a las empresas subcontratadas<\/strong>, asegurando que cumplen los requisitos legales en materia de PRL.<\/li>\n\n\n\n<li><strong><a href=\"https:\/\/externalia.lebranders.es\/gestion-documental-de-contratas-y-subcontratas-cae\/\" target=\"_blank\" rel=\"noreferrer noopener\">Verificar la documentaci\u00f3n CAE<\/a><\/strong> de las empresas colaboradoras y sus trabajadores antes del inicio de la actividad.<\/li>\n\n\n\n<li><strong>Garantizar condiciones seguras en la obra<\/strong>, desde se\u00f1alizaci\u00f3n hasta control de accesos, pasando por protocolos de emergencia.<\/li>\n<\/ul>\n\n\n\n<h2 class=\"wp-block-heading\"><span class=\"ez-toc-section\" id=\"Obligaciones_de_la_empresa_subcontratada\"><\/span><strong>Obligaciones de la empresa subcontratada<\/strong><span class=\"ez-toc-section-end\"><\/span><\/h2>\n\n\n\n<p class=\"wp-block-paragraph\"><\/p>\n\n\n\n<p class=\"wp-block-paragraph\">The <strong>empresa subcontratada<\/strong> tiene la obligaci\u00f3n de:<\/p>\n\n\n\n<ul class=\"wp-block-list\">\n<li>Cumplir con las medidas preventivas y los procedimientos definidos por el contratista.<\/li>\n\n\n\n<li>Formar adecuadamente a su plantilla en los riesgos espec\u00edficos del proyecto.<\/li>\n\n\n\n<li>Informar de los riesgos derivados de su actividad al resto de intervinientes.<\/li>\n\n\n\n<li>Asegurar la vigilancia de la salud y el uso correcto de los EPI.<\/li>\n<\/ul>\n\n\n\n<p class=\"wp-block-paragraph\">Aunque su posici\u00f3n sea subordinada al contratista, es plenamente responsable de la seguridad de sus trabajadores y del cumplimiento normativo.<\/p>\n\n\n\n<h2 class=\"wp-block-heading\"><span class=\"ez-toc-section\" id=\"%C2%BFQuien_responde_en_caso_de_accidente_laboral\"><\/span><strong>\u00bfQui\u00e9n responde en caso de accidente laboral?<\/strong><span class=\"ez-toc-section-end\"><\/span><\/h2>\n\n\n\n<p class=\"wp-block-paragraph\"><\/p>\n\n\n\n<p class=\"wp-block-paragraph\">La responsabilidad puede ser compartida o individual, dependiendo de:<\/p>\n\n\n\n<ul class=\"wp-block-list\">\n<li><strong>Si hubo negligencia en la formaci\u00f3n, supervisi\u00f3n o medidas de seguridad.<\/strong><\/li>\n\n\n\n<li><strong>Si se incumpli\u00f3 la obligaci\u00f3n de coordinar actividades entre empresas.<\/strong><\/li>\n\n\n\n<li><strong>Si no se valid\u00f3 adecuadamente la documentaci\u00f3n de trabajadores o maquinaria.<\/strong><\/li>\n<\/ul>\n\n\n\n<p class=\"wp-block-paragraph\">En general:<\/p>\n\n\n\n<ul class=\"wp-block-list\">\n<li>El <strong>empresario principal<\/strong> puede ser responsable solidario si no garantiz\u00f3 la coordinaci\u00f3n preventiva ni exigi\u00f3 el cumplimiento de los requisitos.<\/li>\n<\/ul>\n\n\n\n<p class=\"wp-block-paragraph\">The <strong>empresa subcontratada<\/strong> puede ser directamente responsable si no aplic\u00f3 las medidas preventivas necesarias o no form\u00f3 adecuadamente a sus trabajadores.<\/p>\n\n\n\n<h2 class=\"wp-block-heading\"><span class=\"ez-toc-section\" id=\"Gestion_eficaz_de_la_PRL_y_la_CAE_automatizacion_y_control\"><\/span><strong>Gesti\u00f3n eficaz de la PRL y la CAE: automatizaci\u00f3n y control<\/strong><span class=\"ez-toc-section-end\"><\/span><\/h2>\n\n\n\n<p class=\"wp-block-paragraph\"><\/p>\n\n\n\n<p class=\"wp-block-paragraph\"><a href=\"https:\/\/externalia.lebranders.es\/control-documental-proyectos-alto-riesgo\/\" target=\"_blank\" rel=\"noreferrer noopener\">En proyectos con m\u00faltiples actores y entornos de riesgo<\/a>, es indispensable disponer de un <strong>sistema digital de gesti\u00f3n documental y control CAE<\/strong> que permita:<\/p>\n\n\n\n<ul class=\"wp-block-list\">\n<li>Validar documentaci\u00f3n de forma automatizada.<\/li>\n\n\n\n<li>Bloquear accesos por incumplimiento.<\/li>\n\n\n\n<li>Notificar caducidades y no conformidades.<\/li>\n\n\n\n<li>Mantener un historial trazable para inspecciones o auditor\u00edas.<\/li>\n<\/ul>\n\n\n\n<p class=\"wp-block-paragraph\">Una soluci\u00f3n como <strong><a href=\"https:\/\/externalia.lebranders.es\/\">eGestiona<\/a><\/strong> permite a contratistas y subcontratistas <strong>cumplir con sus obligaciones legales<\/strong>, optimizar tiempos y prevenir riesgos con garant\u00edas.<\/p>\n\n\n\n<p class=\"wp-block-paragraph\">\u00bfQuieres ver c\u00f3mo controlar la documentaci\u00f3n PRL y CAE de forma sencilla, segura y profesional? <a href=\"https:\/\/externalia.lebranders.es\/quieres-ver-una-demo\/\"><strong>Solicita una demo personalizada<\/strong><\/a> o contacta con nosotros en <strong>hablamos@egestiona.com<\/strong>.<\/p>\n\n\n\n<p class=\"wp-block-paragraph\">Nos adaptamos a las necesidades reales de tu sector.<\/p>","protected":false},"excerpt":{"rendered":"<p>En proyectos con m\u00faltiples empresas participantes, como obras de construcci\u00f3n o explotaciones mineras, conocer las obligaciones de contratistas y subcontratistas en materia de prevenci\u00f3n de riesgos laborales es clave para evitar sanciones, accidentes y conflictos legales. En este art\u00edculo explicamos las responsabilidades compartidas y espec\u00edficas de cada figura en el marco de la normativa vigente, y c\u00f3mo una buena gesti\u00f3n documental y de CAE puede marcar la diferencia en seguridad, cumplimiento y eficiencia.<\/p>","protected":false},"author":3,"featured_media":4291,"comment_status":"open","ping_status":"open","sticky":false,"template":"","format":"standard","meta":{"_et_pb_use_builder":"off","_et_pb_old_content":"","_et_gb_content_width":"","_uag_custom_page_level_css":"","footnotes":""},"categories":[126,31,162,124],"tags":[23,238,25,26,27,28,29,239,240,30,241,38,242,40,41,42,43],"class_list":["post-4290","post","type-post","status-publish","format-standard","has-post-thumbnail","hentry","category-compliance-y-normativa","category-control-operativo-y-gestion-de-contratistas","category-prl","category-software-cae","tag-auditorias","tag-cae-en-obra","tag-coordinacion-de-actividades-empresariales","tag-cumplimiento","tag-cumplimiento-normativo","tag-egestiona","tag-gestion-documental","tag-normativa-prl-construccion","tag-obligaciones-legales-prl","tag-plataforma-de-gestion-documental","tag-prevencion-de-riesgos-laborales-en-subcontratas","tag-reduccion-de-riesgos","tag-responsabilidades-en-prl","tag-seguridad","tag-transparencia","tag-validacion","tag-validacion-documental"],"uagb_featured_image_src":{"full":["https:\/\/externalia.lebranders.es\/wp-content\/uploads\/2025\/07\/Responsable-de-PRL-supervisando-documentacion-en-obra-con-contratistas-y-subcontratistaso.png",1536,1024,false],"thumbnail":["https:\/\/externalia.lebranders.es\/wp-content\/uploads\/2025\/07\/Responsable-de-PRL-supervisando-documentacion-en-obra-con-contratistas-y-subcontratistaso-150x150.png",150,150,true],"medium":["https:\/\/externalia.lebranders.es\/wp-content\/uploads\/2025\/07\/Responsable-de-PRL-supervisando-documentacion-en-obra-con-contratistas-y-subcontratistaso-300x200.png",300,200,true],"medium_large":["https:\/\/externalia.lebranders.es\/wp-content\/uploads\/2025\/07\/Responsable-de-PRL-supervisando-documentacion-en-obra-con-contratistas-y-subcontratistaso-768x512.png",768,512,true],"large":["https:\/\/externalia.lebranders.es\/wp-content\/uploads\/2025\/07\/Responsable-de-PRL-supervisando-documentacion-en-obra-con-contratistas-y-subcontratistaso-1024x683.png",1024,683,true],"1536x1536":["https:\/\/externalia.lebranders.es\/wp-content\/uploads\/2025\/07\/Responsable-de-PRL-supervisando-documentacion-en-obra-con-contratistas-y-subcontratistaso.png",1536,1024,false],"2048x2048":["https:\/\/externalia.lebranders.es\/wp-content\/uploads\/2025\/07\/Responsable-de-PRL-supervisando-documentacion-en-obra-con-contratistas-y-subcontratistaso.png",1536,1024,false],"trp-custom-language-flag":["https:\/\/externalia.lebranders.es\/wp-content\/uploads\/2025\/07\/Responsable-de-PRL-supervisando-documentacion-en-obra-con-contratistas-y-subcontratistaso-18x12.png",18,12,true],"et-pb-post-main-image":["https:\/\/externalia.lebranders.es\/wp-content\/uploads\/2025\/07\/Responsable-de-PRL-supervisando-documentacion-en-obra-con-contratistas-y-subcontratistaso-400x250.png",400,250,true],"et-pb-post-main-image-fullwidth":["https:\/\/externalia.lebranders.es\/wp-content\/uploads\/2025\/07\/Responsable-de-PRL-supervisando-documentacion-en-obra-con-contratistas-y-subcontratistaso-1080x675.png",1080,675,true],"et-pb-portfolio-image":["https:\/\/externalia.lebranders.es\/wp-content\/uploads\/2025\/07\/Responsable-de-PRL-supervisando-documentacion-en-obra-con-contratistas-y-subcontratistaso-400x284.png",400,284,true],"et-pb-portfolio-module-image":["https:\/\/externalia.lebranders.es\/wp-content\/uploads\/2025\/07\/Responsable-de-PRL-supervisando-documentacion-en-obra-con-contratistas-y-subcontratistaso-510x382.png",510,382,true],"et-pb-portfolio-image-single":["https:\/\/externalia.lebranders.es\/wp-content\/uploads\/2025\/07\/Responsable-de-PRL-supervisando-documentacion-en-obra-con-contratistas-y-subcontratistaso-1080x720.png",1080,720,true],"et-pb-gallery-module-image-portrait":["https:\/\/externalia.lebranders.es\/wp-content\/uploads\/2025\/07\/Responsable-de-PRL-supervisando-documentacion-en-obra-con-contratistas-y-subcontratistaso-400x516.png",400,516,true],"et-pb-post-main-image-fullwidth-large":["https:\/\/externalia.lebranders.es\/wp-content\/uploads\/2025\/07\/Responsable-de-PRL-supervisando-documentacion-en-obra-con-contratistas-y-subcontratistaso.png",1536,1024,false],"et-pb-image--responsive--desktop":["https:\/\/externalia.lebranders.es\/wp-content\/uploads\/2025\/07\/Responsable-de-PRL-supervisando-documentacion-en-obra-con-contratistas-y-subcontratistaso-1280x853.png",1080,720,true],"et-pb-image--responsive--tablet":["https:\/\/externalia.lebranders.es\/wp-content\/uploads\/2025\/07\/Responsable-de-PRL-supervisando-documentacion-en-obra-con-contratistas-y-subcontratistaso-980x653.png",827,551,true],"et-pb-image--responsive--phone":["https:\/\/externalia.lebranders.es\/wp-content\/uploads\/2025\/07\/Responsable-de-PRL-supervisando-documentacion-en-obra-con-contratistas-y-subcontratistaso-480x320.png",405,270,true]},"uagb_author_info":{"display_name":"Silvia Martorell","author_link":"https:\/\/externalia.lebranders.es\/en\/author\/silvia\/"},"uagb_comment_info":0,"uagb_excerpt":"En proyectos con m\u00faltiples empresas participantes, como obras de construcci\u00f3n o explotaciones mineras, conocer las obligaciones de contratistas y subcontratistas en materia de prevenci\u00f3n de riesgos laborales es clave para evitar sanciones, accidentes y conflictos legales. En este art\u00edculo explicamos las responsabilidades compartidas y espec\u00edficas de cada figura en el marco de la normativa vigente,&hellip;","_links":{"self":[{"href":"https:\/\/externalia.lebranders.es\/en\/wp-json\/wp\/v2\/posts\/4290","targetHints":{"allow":["GET"]}}],"collection":[{"href":"https:\/\/externalia.lebranders.es\/en\/wp-json\/wp\/v2\/posts"}],"about":[{"href":"https:\/\/externalia.lebranders.es\/en\/wp-json\/wp\/v2\/types\/post"}],"author":[{"embeddable":true,"href":"https:\/\/externalia.lebranders.es\/en\/wp-json\/wp\/v2\/users\/3"}],"replies":[{"embeddable":true,"href":"https:\/\/externalia.lebranders.es\/en\/wp-json\/wp\/v2\/comments?post=4290"}],"version-history":[{"count":0,"href":"https:\/\/externalia.lebranders.es\/en\/wp-json\/wp\/v2\/posts\/4290\/revisions"}],"wp:featuredmedia":[{"embeddable":true,"href":"https:\/\/externalia.lebranders.es\/en\/wp-json\/wp\/v2\/media\/4291"}],"wp:attachment":[{"href":"https:\/\/externalia.lebranders.es\/en\/wp-json\/wp\/v2\/media?parent=4290"}],"wp:term":[{"taxonomy":"category","embeddable":true,"href":"https:\/\/externalia.lebranders.es\/en\/wp-json\/wp\/v2\/categories?post=4290"},{"taxonomy":"post_tag","embeddable":true,"href":"https:\/\/externalia.lebranders.es\/en\/wp-json\/wp\/v2\/tags?post=4290"}],"curies":[{"name":"wp","href":"https:\/\/api.w.org\/{rel}","templated":true}]}}