{"id":4309,"date":"2025-07-16T08:56:30","date_gmt":"2025-07-16T08:56:30","guid":{"rendered":"https:\/\/egestiona.com\/?p=4309"},"modified":"2025-07-16T08:56:30","modified_gmt":"2025-07-16T08:56:30","slug":"tendencias-seguridad-salud-trabajo","status":"publish","type":"post","link":"https:\/\/externalia.lebranders.es\/en\/tendencias-seguridad-salud-trabajo\/","title":{"rendered":"Lo que viene en Seguridad y Salud en el Trabajo: tendencias que ya est\u00e1n cambiando el sector"},"content":{"rendered":"<p class=\"wp-block-paragraph\">The<strong> Seguridad y Salud en el Trabajo<\/strong> est\u00e1 evolucionando a un ritmo acelerado. Si trabajas en prevenci\u00f3n, <strong><a href=\"https:\/\/externalia.lebranders.es\/que-es-la-coordinacion-de-actividades-empresariales\/\" target=\"_blank\" rel=\"noreferrer noopener\">coordinaci\u00f3n de actividades empresariales<\/a><\/strong> o <a href=\"https:\/\/externalia.lebranders.es\/principales-requisitos-para-la-seleccion-de-plataformas-de-gestion-documental\/\" target=\"_blank\" rel=\"noreferrer noopener\">gesti\u00f3n documental<\/a>, seguro que lo est\u00e1s notando: los retos no son los mismos que hace cinco a\u00f1os\u2026 ni siquiera que el a\u00f1o pasado.<\/p>\n\n\n\n<p class=\"wp-block-paragraph\">En este art\u00edculo repasamos <strong>las 8 principales tendencias<\/strong> que ya est\u00e1n marcando la <a href=\"https:\/\/externalia.lebranders.es\/prl-cae-adaptar-procesos-cambios-normativos\/\" target=\"_blank\" rel=\"noreferrer noopener\">PRL<\/a> actualmente, con una mirada operativa y pegada a la realidad de los equipos t\u00e9cnicos que deben garantizar el cumplimiento y proteger a sus trabajadores cada d\u00eda.<\/p>\n\n\n\n<div id=\"ez-toc-container\" class=\"ez-toc-v2_0_87 ez-toc-wrap-left counter-hierarchy ez-toc-counter ez-toc-grey ez-toc-container-direction\">\n<div class=\"ez-toc-title-container\">\n<p class=\"ez-toc-title\" style=\"cursor:inherit\">Tabla de contenido<\/p>\n<span class=\"ez-toc-title-toggle\"><a href=\"#\" class=\"ez-toc-pull-right ez-toc-btn ez-toc-btn-xs ez-toc-btn-default ez-toc-toggle\" aria-label=\"Toggle Table of Content\"><span class=\"ez-toc-js-icon-con\"><span class=\"\"><span class=\"eztoc-hide\" style=\"display:none;\">Toggle<\/span><span class=\"ez-toc-icon-toggle-span\"><svg style=\"fill: #999;color:#999\" xmlns=\"http:\/\/www.w3.org\/2000\/svg\" class=\"list-377408\" width=\"20px\" height=\"20px\" viewbox=\"0 0 24 24\" fill=\"none\"><path d=\"M6 6H4v2h2V6zm14 0H8v2h12V6zM4 11h2v2H4v-2zm16 0H8v2h12v-2zM4 16h2v2H4v-2zm16 0H8v2h12v-2z\" fill=\"currentColor\"><\/path><\/svg><svg style=\"fill: #999;color:#999\" class=\"arrow-unsorted-368013\" xmlns=\"http:\/\/www.w3.org\/2000\/svg\" width=\"10px\" height=\"10px\" viewbox=\"0 0 24 24\" version=\"1.2\" baseprofile=\"tiny\"><path d=\"M18.2 9.3l-6.2-6.3-6.2 6.3c-.2.2-.3.4-.3.7s.1.5.3.7c.2.2.4.3.7.3h11c.3 0 .5-.1.7-.3.2-.2.3-.5.3-.7s-.1-.5-.3-.7zM5.8 14.7l6.2 6.3 6.2-6.3c.2-.2.3-.5.3-.7s-.1-.5-.3-.7c-.2-.2-.4-.3-.7-.3h-11c-.3 0-.5.1-.7.3-.2.2-.3.5-.3.7s.1.5.3.7z\"\/><\/svg><\/span><\/span><\/span><\/a><\/span><\/div>\n<nav><ul class='ez-toc-list ez-toc-list-level-1' ><li class='ez-toc-page-1 ez-toc-heading-level-2'><a class=\"ez-toc-link ez-toc-heading-1\" href=\"https:\/\/externalia.lebranders.es\/en\/tendencias-seguridad-salud-trabajo\/#Gestion_preventiva_digital_y_trazable_por_necesidad_no_por_moda\" >Gesti\u00f3n preventiva digital y trazable (por necesidad, no por moda)<\/a><\/li><li class='ez-toc-page-1 ez-toc-heading-level-2'><a class=\"ez-toc-link ez-toc-heading-2\" href=\"https:\/\/externalia.lebranders.es\/en\/tendencias-seguridad-salud-trabajo\/#Prevencion_que_tambien_cuida_la_salud_mental\" >Prevenci\u00f3n que tambi\u00e9n cuida la salud mental<\/a><\/li><li class='ez-toc-page-1 ez-toc-heading-level-2'><a class=\"ez-toc-link ez-toc-heading-3\" href=\"https:\/\/externalia.lebranders.es\/en\/tendencias-seguridad-salud-trabajo\/#Nuevas_tecnologias_para_un_control_mas_preciso_y_util\" >Nuevas tecnolog\u00edas para un control m\u00e1s preciso (y \u00fatil)<\/a><\/li><li class='ez-toc-page-1 ez-toc-heading-level-2'><a class=\"ez-toc-link ez-toc-heading-4\" href=\"https:\/\/externalia.lebranders.es\/en\/tendencias-seguridad-salud-trabajo\/#Coordinacion_mas_compleja_necesidad_de_mas_control\" >Coordinaci\u00f3n m\u00e1s compleja, necesidad de m\u00e1s control<\/a><\/li><li class='ez-toc-page-1 ez-toc-heading-level-2'><a class=\"ez-toc-link ez-toc-heading-5\" href=\"https:\/\/externalia.lebranders.es\/en\/tendencias-seguridad-salud-trabajo\/#Formacion_continua_y_a_medida\" >Formaci\u00f3n continua y a medida<\/a><\/li><li class='ez-toc-page-1 ez-toc-heading-level-2'><a class=\"ez-toc-link ez-toc-heading-6\" href=\"https:\/\/externalia.lebranders.es\/en\/tendencias-seguridad-salud-trabajo\/#Sostenibilidad_aplicada_tambien_a_la_prevencion\" >Sostenibilidad aplicada tambi\u00e9n a la prevenci\u00f3n<\/a><\/li><li class='ez-toc-page-1 ez-toc-heading-level-2'><a class=\"ez-toc-link ez-toc-heading-7\" href=\"https:\/\/externalia.lebranders.es\/en\/tendencias-seguridad-salud-trabajo\/#Gestion_del_conocimiento_y_transicion_generacional\" >Gesti\u00f3n del conocimiento y transici\u00f3n generacional<\/a><\/li><li class='ez-toc-page-1 ez-toc-heading-level-2'><a class=\"ez-toc-link ez-toc-heading-8\" href=\"https:\/\/externalia.lebranders.es\/en\/tendencias-seguridad-salud-trabajo\/#Cumplimiento_normativo_automatizado_ante_la_hiperregulacion\" >Cumplimiento normativo automatizado ante la hiperregulaci\u00f3n<\/a><\/li><\/ul><\/nav><\/div>\n<h2 class=\"wp-block-heading\"><span class=\"ez-toc-section\" id=\"Gestion_preventiva_digital_y_trazable_por_necesidad_no_por_moda\"><\/span><strong>Gesti\u00f3n preventiva digital y trazable (por necesidad, no por moda)<\/strong><span class=\"ez-toc-section-end\"><\/span><\/h2>\n\n\n\n<p class=\"wp-block-paragraph\"><\/p>\n\n\n\n<p class=\"wp-block-paragraph\">The <a href=\"https:\/\/externalia.lebranders.es\/digitalizacion-salud-laboral-gestion-preventiva-cae\/\" target=\"_blank\" rel=\"noreferrer noopener\">digitalizaci\u00f3n<\/a> ya no es una opci\u00f3n. En sectores como <a href=\"https:\/\/externalia.lebranders.es\/checklist-validacion-documental-cae\/\" target=\"_blank\" rel=\"noreferrer noopener\">la construcci\u00f3n, la miner\u00eda<\/a>, la industria o los servicios t\u00e9cnicos, <strong>seguir trabajando con papel o carpetas compartidas genera ineficiencias y riesgo legal<\/strong>.<\/p>\n\n\n\n<p class=\"wp-block-paragraph\">Las plataformas especializadas como <strong><a href=\"https:\/\/externalia.lebranders.es\/\" target=\"_blank\" rel=\"noreferrer noopener\">eGestiona<\/a><\/strong> permiten:<\/p>\n\n\n\n<ul class=\"wp-block-list\">\n<li><a href=\"https:\/\/externalia.lebranders.es\/gestion-documental-de-contratas-y-subcontratas-cae\/\" target=\"_blank\" rel=\"noreferrer noopener\">Validar documentaci\u00f3n<\/a> en tiempo real.<\/li>\n\n\n\n<li>Configurar requisitos por centro, tarea o perfil.<\/li>\n\n\n\n<li>Automatizar alertas de caducidad.<\/li>\n\n\n\n<li>Controlar accesos conforme al estado documental.<\/li>\n\n\n\n<li>Asegurar trazabilidad ante inspecciones o auditor\u00edas.<\/li>\n<\/ul>\n\n\n\n<h2 class=\"wp-block-heading\"><span class=\"ez-toc-section\" id=\"Prevencion_que_tambien_cuida_la_salud_mental\"><\/span><strong>Prevenci\u00f3n que tambi\u00e9n cuida la salud mental<\/strong><span class=\"ez-toc-section-end\"><\/span><\/h2>\n\n\n\n<p class=\"wp-block-paragraph\"><\/p>\n\n\n\n<p class=\"wp-block-paragraph\">Cada vez m\u00e1s empresas integran los riesgos psicosociales como parte esencial de su estrategia preventiva:<\/p>\n\n\n\n<ul class=\"wp-block-list\">\n<li>Evaluaci\u00f3n estructurada de factores como estr\u00e9s o carga mental.<\/li>\n\n\n\n<li>Formaci\u00f3n en gesti\u00f3n emocional, especialmente para mandos.<\/li>\n\n\n\n<li>Protocolos de prevenci\u00f3n del burnout.<\/li>\n\n\n\n<li>Espacios de escucha activa y desconexi\u00f3n digital.<\/li>\n<\/ul>\n\n\n\n<p class=\"wp-block-paragraph\">La salud mental ya no es un tema tab\u00fa en prevenci\u00f3n. Es parte del enfoque integral que exige el presente.<\/p>\n\n\n\n<h2 class=\"wp-block-heading\"><span class=\"ez-toc-section\" id=\"Nuevas_tecnologias_para_un_control_mas_preciso_y_util\"><\/span><strong>Nuevas tecnolog\u00edas para un control m\u00e1s preciso (y \u00fatil)<\/strong><span class=\"ez-toc-section-end\"><\/span><\/h2>\n\n\n\n<p class=\"wp-block-paragraph\"><\/p>\n\n\n\n<p class=\"wp-block-paragraph\">La tecnolog\u00eda multiplica la capacidad de los equipos t\u00e9cnicos:<\/p>\n\n\n\n<ul class=\"wp-block-list\">\n<li>Dispositivos IoT para monitorizar condiciones ambientales.<\/li>\n\n\n\n<li>IA que analiza patrones de riesgo o incumplimiento.<\/li>\n\n\n\n<li>Simuladores de realidad virtual para formaciones seguras.<\/li>\n\n\n\n<li><em>Wearables <\/em>que alertan de fatiga o malas posturas.<\/li>\n\n\n\n<li>Drones para inspecciones en altura o espacios confinados.<\/li>\n<\/ul>\n\n\n\n<p class=\"wp-block-paragraph\">Y lo importante es que <strong>ya est\u00e1n en uso<\/strong>, no son una promesa a futuro.<\/p>\n\n\n\n<h2 class=\"wp-block-heading\"><span class=\"ez-toc-section\" id=\"Coordinacion_mas_compleja_necesidad_de_mas_control\"><\/span><strong>Coordinaci\u00f3n m\u00e1s compleja, necesidad de m\u00e1s control<\/strong><span class=\"ez-toc-section-end\"><\/span><\/h2>\n\n\n\n<p class=\"wp-block-paragraph\"><\/p>\n\n\n\n<p class=\"wp-block-paragraph\">Con m\u00faltiples contratas, tareas y centros en marcha, la <strong>CAE requiere mucho m\u00e1s que archivar documentaci\u00f3n<\/strong>.<\/p>\n\n\n\n<p class=\"wp-block-paragraph\">Las mejores pr\u00e1cticas actuales se basan en:<\/p>\n\n\n\n<ul class=\"wp-block-list\">\n<li>Validaci\u00f3n anticipada de empresas, personal y maquinaria.<\/li>\n\n\n\n<li><a href=\"https:\/\/externalia.lebranders.es\/control-de-accesos-y-marcajes\/\" target=\"_blank\" rel=\"noreferrer noopener\">Control de accesos automatizado<\/a> y en tiempo real.<\/li>\n\n\n\n<li>Paneles de control que centralizan el cumplimiento documental.<\/li>\n\n\n\n<li>Informes autom\u00e1ticos para seguimiento y auditor\u00eda.<\/li>\n<\/ul>\n\n\n\n<p class=\"wp-block-paragraph\"><strong>eGestiona<\/strong> facilita todo esto con un sistema de validaci\u00f3n configurable y accesible para todas las partes.<\/p>\n\n\n\n<h2 class=\"wp-block-heading\"><span class=\"ez-toc-section\" id=\"Formacion_continua_y_a_medida\"><\/span><strong>Formaci\u00f3n continua y a medida<\/strong><span class=\"ez-toc-section-end\"><\/span><\/h2>\n\n\n\n<p class=\"wp-block-paragraph\"><\/p>\n\n\n\n<p class=\"wp-block-paragraph\">La tendencia es clara: <strong>m\u00e1s formaci\u00f3n, pero m\u00e1s adaptada<\/strong>.<\/p>\n\n\n\n<ul class=\"wp-block-list\">\n<li>Microlearning para mejorar la retenci\u00f3n.<\/li>\n\n\n\n<li>Formaci\u00f3n espec\u00edfica seg\u00fan el riesgo del puesto.<\/li>\n\n\n\n<li>Registro digital y trazabilidad en auditor\u00edas.<\/li>\n\n\n\n<li>Automatizaci\u00f3n del control de caducidad formativa.<\/li>\n<\/ul>\n\n\n\n<p class=\"wp-block-paragraph\">Integrar la formaci\u00f3n dentro del sistema de gesti\u00f3n documental agiliza procesos y garantiza cumplimiento.<\/p>\n\n\n\n<h2 class=\"wp-block-heading\"><span class=\"ez-toc-section\" id=\"Sostenibilidad_aplicada_tambien_a_la_prevencion\"><\/span><strong>Sostenibilidad aplicada tambi\u00e9n a la prevenci\u00f3n<\/strong><span class=\"ez-toc-section-end\"><\/span><\/h2>\n\n\n\n<p class=\"wp-block-paragraph\"><\/p>\n\n\n\n<p class=\"wp-block-paragraph\">La prevenci\u00f3n tambi\u00e9n se alinea con los objetivos ESG:<\/p>\n\n\n\n<ul class=\"wp-block-list\">\n<li>EPIs reutilizables o con menor impacto ambiental.<\/li>\n\n\n\n<li>Planes de movilidad sostenible y segura.<\/li>\n\n\n\n<li>Gesti\u00f3n responsable de residuos en obra.<\/li>\n\n\n\n<li>Evaluaci\u00f3n del impacto ambiental de las medidas preventivas.<\/li>\n<\/ul>\n\n\n\n<p class=\"wp-block-paragraph\">Muchas empresas ya integran estos aspectos en sus protocolos PRL. <a href=\"https:\/\/externalia.lebranders.es\/transformacion-digital-en-la-gestion-de-riesgos-seguridad-y-sostenibilidad-en-2025\/\" target=\"_blank\" rel=\"noreferrer noopener\"><strong>La sostenibilidad<\/strong><\/a> ha dejado de ser un extra.<\/p>\n\n\n\n<h2 class=\"wp-block-heading\"><span class=\"ez-toc-section\" id=\"Gestion_del_conocimiento_y_transicion_generacional\"><\/span><strong>Gesti\u00f3n del conocimiento y transici\u00f3n generacional<\/strong><span class=\"ez-toc-section-end\"><\/span><\/h2>\n\n\n\n<p class=\"wp-block-paragraph\"><\/p>\n\n\n\n<p class=\"wp-block-paragraph\">Con jubilaciones masivas y alta rotaci\u00f3n, <strong>conservar el conocimiento preventivo<\/strong> se ha convertido en una prioridad:<\/p>\n\n\n\n<ul class=\"wp-block-list\">\n<li>Procedimientos documentados y accesibles.<\/li>\n\n\n\n<li>Mentor\u00edas para perfiles junior.<\/li>\n\n\n\n<li>Comunidades internas de pr\u00e1ctica.<\/li>\n\n\n\n<li>Uso de plataformas como <strong>eGestiona <\/strong>para centralizar todo el conocimiento y documentaci\u00f3n CAE.<\/li>\n<\/ul>\n\n\n\n<h2 class=\"wp-block-heading\"><span class=\"ez-toc-section\" id=\"Cumplimiento_normativo_automatizado_ante_la_hiperregulacion\"><\/span><strong>Cumplimiento normativo automatizado ante la hiperregulaci\u00f3n<\/strong><span class=\"ez-toc-section-end\"><\/span><\/h2>\n\n\n\n<p class=\"wp-block-paragraph\"><\/p>\n\n\n\n<p class=\"wp-block-paragraph\">El aumento de requisitos legales y la aparici\u00f3n constante de nuevos <a href=\"https:\/\/externalia.lebranders.es\/normativa-compliance-en-la-gestion-de-la-coordinacion-de-actividades-empresariales-cae\/\" target=\"_blank\" rel=\"noreferrer noopener\">marcos normativos<\/a> hacen que <strong>gestionar el cumplimiento a mano ya no sea viable<\/strong>.<\/p>\n\n\n\n<p class=\"wp-block-paragraph\">Por eso, cada vez m\u00e1s organizaciones utilizan herramientas para:<\/p>\n\n\n\n<ul class=\"wp-block-list\">\n<li>Mantener requisitos actualizados por centro o cliente.<\/li>\n\n\n\n<li>Evaluar el impacto de los cambios legales.<\/li>\n\n\n\n<li>Vincular requisitos a perfiles y validaciones concretas.<\/li>\n\n\n\n<li>Evitar sanciones por incumplimientos documentales o formales.<\/li>\n<\/ul>\n\n\n\n<p class=\"wp-block-paragraph\">Actualmente la prevenci\u00f3n no se parece en nada a la de hace una d\u00e9cada. Ya no basta con \u201ccumplir\u201d sobre el papel. Los entornos laborales son m\u00e1s din\u00e1micos, las exigencias normativas mayores, y las expectativas sociales m\u00e1s altas.<\/p>\n\n\n\n<p class=\"wp-block-paragraph\">Con una plataforma como<strong> eGestiona<\/strong>, las empresas pueden ir un paso por delante: automatizando, adaptando y conectando todos los elementos de la gesti\u00f3n preventiva para que realmente funcione. Porque al final, <strong>la mejor prevenci\u00f3n es la que no deja lugar a improvisaciones<\/strong>.<\/p>\n\n\n\n<p class=\"wp-block-paragraph\">\u00bfQuieres ver c\u00f3mo funciona <strong>eGestiona <\/strong>en tu sector?&nbsp;<strong><a href=\"https:\/\/externalia.lebranders.es\/quieres-ver-una-demo\/\">Solicita una demo personalizada<\/a><\/strong>&nbsp;o contacta con nosotros en&nbsp;<strong>hablamos@egestiona.com<\/strong>&nbsp;y descubre c\u00f3mo automatizar tu gesti\u00f3n CAE y PRL con garant\u00edas.<\/p>","protected":false},"excerpt":{"rendered":"<p>El a\u00f1o 2025 trae consigo una evoluci\u00f3n profunda en c\u00f3mo entendemos y aplicamos la Seguridad y Salud en el Trabajo. En este art\u00edculo analizamos las 8 tendencias clave que est\u00e1n transformando la prevenci\u00f3n en las organizaciones: desde la digitalizaci\u00f3n completa de la gesti\u00f3n documental hasta la integraci\u00f3n de la salud mental, la sostenibilidad o el cumplimiento normativo automatizado. Una gu\u00eda pr\u00e1ctica y operativa para responsables de PRL, t\u00e9cnicos de CAE y profesionales de seguridad que quieren anticiparse y adaptarse con \u00e9xito.<\/p>","protected":false},"author":3,"featured_media":4313,"comment_status":"open","ping_status":"open","sticky":false,"template":"","format":"standard","meta":{"_et_pb_use_builder":"off","_et_pb_old_content":"","_et_gb_content_width":"","_uag_custom_page_level_css":"","footnotes":""},"categories":[126,31,57,162,124],"tags":[23,250,251,26,27,252,28,253,254,29,207,255,30,256,38,257,40,41,42,43],"class_list":["post-4309","post","type-post","status-publish","format-standard","has-post-thumbnail","hentry","category-compliance-y-normativa","category-control-operativo-y-gestion-de-contratistas","category-operaciones-y-eficiencia","category-prl","category-software-cae","tag-auditorias","tag-automatizacion-prevencion-2","tag-cae-y-sst-2","tag-cumplimiento","tag-cumplimiento-normativo","tag-cumplimiento-normativo-prevencion","tag-egestiona","tag-egestiona-prevencion-2","tag-formacion-continua-prl-2","tag-gestion-documental","tag-gestion-documental-prl","tag-nuevas-tecnologias-en-prl-2","tag-plataforma-de-gestion-documental","tag-prl-2025","tag-reduccion-de-riesgos","tag-salud-mental-trabajo-2","tag-seguridad","tag-transparencia","tag-validacion","tag-validacion-documental"],"uagb_featured_image_src":{"full":["https:\/\/externalia.lebranders.es\/wp-content\/uploads\/2025\/07\/tendencias-eGestiona-PRL-2025.png",1536,1024,false],"thumbnail":["https:\/\/externalia.lebranders.es\/wp-content\/uploads\/2025\/07\/tendencias-eGestiona-PRL-2025-150x150.png",150,150,true],"medium":["https:\/\/externalia.lebranders.es\/wp-content\/uploads\/2025\/07\/tendencias-eGestiona-PRL-2025-300x200.png",300,200,true],"medium_large":["https:\/\/externalia.lebranders.es\/wp-content\/uploads\/2025\/07\/tendencias-eGestiona-PRL-2025-768x512.png",768,512,true],"large":["https:\/\/externalia.lebranders.es\/wp-content\/uploads\/2025\/07\/tendencias-eGestiona-PRL-2025-1024x683.png",1024,683,true],"1536x1536":["https:\/\/externalia.lebranders.es\/wp-content\/uploads\/2025\/07\/tendencias-eGestiona-PRL-2025.png",1536,1024,false],"2048x2048":["https:\/\/externalia.lebranders.es\/wp-content\/uploads\/2025\/07\/tendencias-eGestiona-PRL-2025.png",1536,1024,false],"trp-custom-language-flag":["https:\/\/externalia.lebranders.es\/wp-content\/uploads\/2025\/07\/tendencias-eGestiona-PRL-2025-18x12.png",18,12,true],"et-pb-post-main-image":["https:\/\/externalia.lebranders.es\/wp-content\/uploads\/2025\/07\/tendencias-eGestiona-PRL-2025-400x250.png",400,250,true],"et-pb-post-main-image-fullwidth":["https:\/\/externalia.lebranders.es\/wp-content\/uploads\/2025\/07\/tendencias-eGestiona-PRL-2025-1080x675.png",1080,675,true],"et-pb-portfolio-image":["https:\/\/externalia.lebranders.es\/wp-content\/uploads\/2025\/07\/tendencias-eGestiona-PRL-2025-400x284.png",400,284,true],"et-pb-portfolio-module-image":["https:\/\/externalia.lebranders.es\/wp-content\/uploads\/2025\/07\/tendencias-eGestiona-PRL-2025-510x382.png",510,382,true],"et-pb-portfolio-image-single":["https:\/\/externalia.lebranders.es\/wp-content\/uploads\/2025\/07\/tendencias-eGestiona-PRL-2025-1080x720.png",1080,720,true],"et-pb-gallery-module-image-portrait":["https:\/\/externalia.lebranders.es\/wp-content\/uploads\/2025\/07\/tendencias-eGestiona-PRL-2025-400x516.png",400,516,true],"et-pb-post-main-image-fullwidth-large":["https:\/\/externalia.lebranders.es\/wp-content\/uploads\/2025\/07\/tendencias-eGestiona-PRL-2025.png",1536,1024,false],"et-pb-image--responsive--desktop":["https:\/\/externalia.lebranders.es\/wp-content\/uploads\/2025\/07\/tendencias-eGestiona-PRL-2025-1280x853.png",1080,720,true],"et-pb-image--responsive--tablet":["https:\/\/externalia.lebranders.es\/wp-content\/uploads\/2025\/07\/tendencias-eGestiona-PRL-2025-980x653.png",827,551,true],"et-pb-image--responsive--phone":["https:\/\/externalia.lebranders.es\/wp-content\/uploads\/2025\/07\/tendencias-eGestiona-PRL-2025-480x320.png",405,270,true]},"uagb_author_info":{"display_name":"Silvia Martorell","author_link":"https:\/\/externalia.lebranders.es\/en\/author\/silvia\/"},"uagb_comment_info":0,"uagb_excerpt":"El a\u00f1o 2025 trae consigo una evoluci\u00f3n profunda en c\u00f3mo entendemos y aplicamos la Seguridad y Salud en el Trabajo. En este art\u00edculo analizamos las 8 tendencias clave que est\u00e1n transformando la prevenci\u00f3n en las organizaciones: desde la digitalizaci\u00f3n completa de la gesti\u00f3n documental hasta la integraci\u00f3n de la salud mental, la sostenibilidad o el&hellip;","_links":{"self":[{"href":"https:\/\/externalia.lebranders.es\/en\/wp-json\/wp\/v2\/posts\/4309","targetHints":{"allow":["GET"]}}],"collection":[{"href":"https:\/\/externalia.lebranders.es\/en\/wp-json\/wp\/v2\/posts"}],"about":[{"href":"https:\/\/externalia.lebranders.es\/en\/wp-json\/wp\/v2\/types\/post"}],"author":[{"embeddable":true,"href":"https:\/\/externalia.lebranders.es\/en\/wp-json\/wp\/v2\/users\/3"}],"replies":[{"embeddable":true,"href":"https:\/\/externalia.lebranders.es\/en\/wp-json\/wp\/v2\/comments?post=4309"}],"version-history":[{"count":0,"href":"https:\/\/externalia.lebranders.es\/en\/wp-json\/wp\/v2\/posts\/4309\/revisions"}],"wp:featuredmedia":[{"embeddable":true,"href":"https:\/\/externalia.lebranders.es\/en\/wp-json\/wp\/v2\/media\/4313"}],"wp:attachment":[{"href":"https:\/\/externalia.lebranders.es\/en\/wp-json\/wp\/v2\/media?parent=4309"}],"wp:term":[{"taxonomy":"category","embeddable":true,"href":"https:\/\/externalia.lebranders.es\/en\/wp-json\/wp\/v2\/categories?post=4309"},{"taxonomy":"post_tag","embeddable":true,"href":"https:\/\/externalia.lebranders.es\/en\/wp-json\/wp\/v2\/tags?post=4309"}],"curies":[{"name":"wp","href":"https:\/\/api.w.org\/{rel}","templated":true}]}}