{"id":4339,"date":"2025-08-04T09:34:09","date_gmt":"2025-08-04T09:34:09","guid":{"rendered":"https:\/\/egestiona.com\/?p=4339"},"modified":"2025-08-04T09:34:09","modified_gmt":"2025-08-04T09:34:09","slug":"prl-maternidad-embarazo-lactancia","status":"publish","type":"post","link":"https:\/\/externalia.lebranders.es\/en\/prl-maternidad-embarazo-lactancia\/","title":{"rendered":"Prevenci\u00f3n de riesgos laborales en la maternidad, el posparto y la lactancia: compromiso m\u00e1s all\u00e1 de la legalidad"},"content":{"rendered":"\n[et_pb_section][et_pb_row][et_pb_column type=\u00bb4_4&#8243;][et_pb_text]<!-- divi:paragraph -->\n<p>La <strong>salud y seguridad en el trabajo<\/strong> deben adaptarse a las diferentes etapas de la vida de las personas. En el caso de la maternidad, el postparto y la lactancia, este principio cobra a\u00fan m\u00e1s relevancia.<\/p>\n<!-- \/divi:paragraph -->\n\n<!-- divi:heading -->\n<div id=\"ez-toc-container\" class=\"ez-toc-v2_0_87 ez-toc-wrap-left counter-hierarchy ez-toc-counter ez-toc-grey ez-toc-container-direction\">\n<div class=\"ez-toc-title-container\">\n<p class=\"ez-toc-title\" style=\"cursor:inherit\">Tabla de contenido<\/p>\n<span class=\"ez-toc-title-toggle\"><a href=\"#\" class=\"ez-toc-pull-right ez-toc-btn ez-toc-btn-xs ez-toc-btn-default ez-toc-toggle\" aria-label=\"Toggle Table of Content\"><span class=\"ez-toc-js-icon-con\"><span class=\"\"><span class=\"eztoc-hide\" style=\"display:none;\">Toggle<\/span><span class=\"ez-toc-icon-toggle-span\"><svg style=\"fill: #999;color:#999\" xmlns=\"http:\/\/www.w3.org\/2000\/svg\" class=\"list-377408\" width=\"20px\" height=\"20px\" viewBox=\"0 0 24 24\" fill=\"none\"><path d=\"M6 6H4v2h2V6zm14 0H8v2h12V6zM4 11h2v2H4v-2zm16 0H8v2h12v-2zM4 16h2v2H4v-2zm16 0H8v2h12v-2z\" fill=\"currentColor\"><\/path><\/svg><svg style=\"fill: #999;color:#999\" class=\"arrow-unsorted-368013\" xmlns=\"http:\/\/www.w3.org\/2000\/svg\" width=\"10px\" height=\"10px\" viewBox=\"0 0 24 24\" version=\"1.2\" baseProfile=\"tiny\"><path d=\"M18.2 9.3l-6.2-6.3-6.2 6.3c-.2.2-.3.4-.3.7s.1.5.3.7c.2.2.4.3.7.3h11c.3 0 .5-.1.7-.3.2-.2.3-.5.3-.7s-.1-.5-.3-.7zM5.8 14.7l6.2 6.3 6.2-6.3c.2-.2.3-.5.3-.7s-.1-.5-.3-.7c-.2-.2-.4-.3-.7-.3h-11c-.3 0-.5.1-.7.3-.2.2-.3.5-.3.7s.1.5.3.7z\"\/><\/svg><\/span><\/span><\/span><\/a><\/span><\/div>\n<nav><ul class='ez-toc-list ez-toc-list-level-1 ' ><li class='ez-toc-page-1 ez-toc-heading-level-2'><a class=\"ez-toc-link ez-toc-heading-1\" href=\"https:\/\/externalia.lebranders.es\/en\/prl-maternidad-embarazo-lactancia\/#Riesgos_laborales_durante_el_embarazo\" >Riesgos laborales durante el embarazo<\/a><\/li><li class='ez-toc-page-1 ez-toc-heading-level-2'><a class=\"ez-toc-link ez-toc-heading-2\" href=\"https:\/\/externalia.lebranders.es\/en\/prl-maternidad-embarazo-lactancia\/#Prevencion_en_el_postparto_un_enfoque_que_muchas_veces_se_pasa_por_alto\" >Prevenci\u00f3n en el postparto: un enfoque que muchas veces se pasa por alto<\/a><\/li><li class='ez-toc-page-1 ez-toc-heading-level-2'><a class=\"ez-toc-link ez-toc-heading-3\" href=\"https:\/\/externalia.lebranders.es\/en\/prl-maternidad-embarazo-lactancia\/#Lactancia_y_entorno_laboral_barreras_evitables\" >Lactancia y entorno laboral: barreras evitables<\/a><\/li><li class='ez-toc-page-1 ez-toc-heading-level-2'><a class=\"ez-toc-link ez-toc-heading-4\" href=\"https:\/\/externalia.lebranders.es\/en\/prl-maternidad-embarazo-lactancia\/#Reflexion_final\" >Reflexi\u00f3n final<\/a><\/li><\/ul><\/nav><\/div>\n<h2 class=\"wp-block-heading\"><span class=\"ez-toc-section\" id=\"Riesgos_laborales_durante_el_embarazo\"><\/span><strong>Riesgos laborales durante el embarazo<\/strong><span class=\"ez-toc-section-end\"><\/span><\/h2>\n<!-- \/divi:heading -->\n\n<!-- divi:paragraph -->\n<p><\/p>\n<!-- \/divi:paragraph -->\n\n<!-- divi:paragraph -->\n<p>Durante el embarazo, algunas tareas o condiciones laborales pueden implicar riesgos para la madre o el feto. Entre los factores m\u00e1s comunes se encuentran:<\/p>\n<!-- \/divi:paragraph -->\n\n<!-- divi:list -->\n<ul class=\"wp-block-list\"><!-- divi:list-item -->\n<li>Exposici\u00f3n a sustancias qu\u00edmicas o biol\u00f3gicas.<\/li>\n<!-- \/divi:list-item -->\n\n<!-- divi:list-item -->\n<li>Manipulaci\u00f3n de cargas o posturas forzadas.<\/li>\n<!-- \/divi:list-item -->\n\n<!-- divi:list-item -->\n<li>Ruido, temperaturas extremas o radiaciones.<\/li>\n<!-- \/divi:list-item -->\n\n<!-- divi:list-item -->\n<li>Estr\u00e9s psicosocial elevado.<\/li>\n<!-- \/divi:list-item --><\/ul>\n<!-- \/divi:list -->\n\n<!-- divi:paragraph -->\n<p>Un plan de prevenci\u00f3n efectivo no puede ignorar estas variables. Es necesario revisar el puesto de trabajo, adaptar tareas y garantizar que las condiciones no comprometan la salud.<\/p>\n<!-- \/divi:paragraph -->\n\n<!-- divi:heading -->\n<h2 class=\"wp-block-heading\"><span class=\"ez-toc-section\" id=\"Prevencion_en_el_postparto_un_enfoque_que_muchas_veces_se_pasa_por_alto\"><\/span><strong>Prevenci\u00f3n en el postparto: un enfoque que muchas veces se pasa por alto<\/strong><span class=\"ez-toc-section-end\"><\/span><\/h2>\n<!-- \/divi:heading -->\n\n<!-- divi:paragraph -->\n<p><\/p>\n<!-- \/divi:paragraph -->\n\n<!-- divi:paragraph -->\n<p>Tras el parto, la reincorporaci\u00f3n al entorno laboral requiere especial atenci\u00f3n. Fatiga, alteraciones f\u00edsicas, cambios emocionales y la necesidad de adaptaci\u00f3n a la nueva realidad familiar son elementos que deben ser considerados.<\/p>\n<!-- \/divi:paragraph -->\n\n<!-- divi:list -->\n<ul class=\"wp-block-list\"><!-- divi:list-item -->\n<li>La incorporaci\u00f3n progresiva es fundamental.<\/li>\n<!-- \/divi:list-item -->\n\n<!-- divi:list-item -->\n<li>Se deben evitar tareas f\u00edsicamente exigentes.<\/li>\n<!-- \/divi:list-item -->\n\n<!-- divi:list-item -->\n<li>El acompa\u00f1amiento emocional o psicol\u00f3gico puede ser clave.<\/li>\n<!-- \/divi:list-item --><\/ul>\n<!-- \/divi:list -->\n\n<!-- divi:heading -->\n<h2 class=\"wp-block-heading\"><span class=\"ez-toc-section\" id=\"Lactancia_y_entorno_laboral_barreras_evitables\"><\/span><strong>Lactancia y entorno laboral: barreras evitables<\/strong><span class=\"ez-toc-section-end\"><\/span><\/h2>\n<!-- \/divi:heading -->\n\n<!-- divi:paragraph -->\n<p><\/p>\n<!-- \/divi:paragraph -->\n\n<!-- divi:paragraph -->\n<p>Muchas madres encuentran dificultades para continuar la lactancia una vez que se reincorporan al trabajo. Algunas de las barreras m\u00e1s comunes:<\/p>\n<!-- \/divi:paragraph -->\n\n<!-- divi:list -->\n<ul class=\"wp-block-list\"><!-- divi:list-item -->\n<li>Falta de espacios habilitados para extraer y conservar la leche.<\/li>\n<!-- \/divi:list-item -->\n\n<!-- divi:list-item -->\n<li>Jornadas r\u00edgidas o sin pausas compatibles.<\/li>\n<!-- \/divi:list-item -->\n\n<!-- divi:list-item -->\n<li>Exposici\u00f3n a sustancias que podr\u00edan transmitirse a trav\u00e9s de la leche.<\/li>\n<!-- \/divi:list-item --><\/ul>\n<!-- \/divi:list -->\n\n<!-- divi:paragraph -->\n<p><strong>Contar con salas de lactancia, horarios flexibles y entornos seguros no deber\u00eda ser la excepci\u00f3n<\/strong>.<\/p>\n<!-- \/divi:paragraph -->\n\n<!-- divi:heading -->\n<h2 class=\"wp-block-heading\"><span class=\"ez-toc-section\" id=\"Reflexion_final\"><\/span><strong>Reflexi\u00f3n final<\/strong><span class=\"ez-toc-section-end\"><\/span><\/h2>\n<!-- \/divi:heading -->\n\n<!-- divi:paragraph -->\n<p><\/p>\n<!-- \/divi:paragraph -->\n\n<!-- divi:paragraph -->\n<p>Cumplir con la ley es el punto de partida, no el objetivo final. Dise\u00f1ar planes de prevenci\u00f3n que contemplen de forma realista y eficaz estas etapas vitales demuestra compromiso social, madurez empresarial y respeto hacia las trabajadoras.<\/p>\n<!-- \/divi:paragraph -->\n\n<!-- divi:paragraph -->\n<p><strong><em>\u00bfC\u00f3mo lo est\u00e1 gestionando tu organizaci\u00f3n?<\/em><\/strong><em><\/em><\/p>\n<!-- \/divi:paragraph -->\n\n<!-- divi:paragraph -->\n<p><strong><em>\u00bfSe eval\u00faan los riesgos con perspectiva de g\u00e9nero y de ciclo vital?<\/em><\/strong><em><\/em><\/p>\n<!-- \/divi:paragraph -->\n\n<!-- divi:paragraph -->\n<p><strong><em>\u00bfSe adapta el trabajo a la persona o se espera que la persona se adapte al trabajo, incluso en circunstancias excepcionales?<\/em><\/strong><\/p>\n<!-- \/divi:paragraph -->\n\n<!-- divi:paragraph -->\n<p><\/p>\n<!-- \/divi:paragraph -->\n\n<!-- divi:paragraph -->\n<p><strong>GEMMA JANSEN MESEGUER<\/strong><\/p>\n<!-- \/divi:paragraph -->\n\n<!-- divi:paragraph -->\n<p><strong>T\u00e9cnico Superior de Prevenci\u00f3n<\/strong><\/p>\n<!-- \/divi:paragraph -->[\/et_pb_text][\/et_pb_column][\/et_pb_row][\/et_pb_section]\n","protected":false},"excerpt":{"rendered":"<p>La prevenci\u00f3n de riesgos laborales durante la maternidad, el postparto y la lactancia requiere un enfoque adaptado a cada etapa. Cumplir con la ley es solo el inicio. Apuesta por una cultura laboral que proteja y respete a las trabajadoras en su ciclo vital.<\/p>","protected":false},"author":3,"featured_media":4340,"comment_status":"open","ping_status":"open","sticky":false,"template":"","format":"standard","meta":{"_et_pb_use_builder":"on","_et_pb_old_content":"<!-- wp:paragraph -->\n<p>La <strong>salud y seguridad en el trabajo<\/strong> deben adaptarse a las diferentes etapas de la vida de las personas. En el caso de la maternidad, el postparto y la lactancia, este principio cobra a\u00fan m\u00e1s relevancia.<\/p>\n<!-- \/wp:paragraph -->\n\n<!-- wp:heading -->\n<h2 class=\"wp-block-heading\"><strong>Riesgos laborales durante el embarazo<\/strong><\/h2>\n<!-- \/wp:heading -->\n\n<!-- wp:paragraph -->\n<p><\/p>\n<!-- \/wp:paragraph -->\n\n<!-- wp:paragraph -->\n<p>Durante el embarazo, algunas tareas o condiciones laborales pueden implicar riesgos para la madre o el feto. Entre los factores m\u00e1s comunes se encuentran:<\/p>\n<!-- \/wp:paragraph -->\n\n<!-- wp:list -->\n<ul class=\"wp-block-list\"><!-- wp:list-item -->\n<li>Exposici\u00f3n a sustancias qu\u00edmicas o biol\u00f3gicas.<\/li>\n<!-- \/wp:list-item -->\n\n<!-- wp:list-item -->\n<li>Manipulaci\u00f3n de cargas o posturas forzadas.<\/li>\n<!-- \/wp:list-item -->\n\n<!-- wp:list-item -->\n<li>Ruido, temperaturas extremas o radiaciones.<\/li>\n<!-- \/wp:list-item -->\n\n<!-- wp:list-item -->\n<li>Estr\u00e9s psicosocial elevado.<\/li>\n<!-- \/wp:list-item --><\/ul>\n<!-- \/wp:list -->\n\n<!-- wp:paragraph -->\n<p>Un plan de prevenci\u00f3n efectivo no puede ignorar estas variables. Es necesario revisar el puesto de trabajo, adaptar tareas y garantizar que las condiciones no comprometan la salud.<\/p>\n<!-- \/wp:paragraph -->\n\n<!-- wp:heading -->\n<h2 class=\"wp-block-heading\"><strong>Prevenci\u00f3n en el postparto: un enfoque que muchas veces se pasa por alto<\/strong><\/h2>\n<!-- \/wp:heading -->\n\n<!-- wp:paragraph -->\n<p><\/p>\n<!-- \/wp:paragraph -->\n\n<!-- wp:paragraph -->\n<p>Tras el parto, la reincorporaci\u00f3n al entorno laboral requiere especial atenci\u00f3n. Fatiga, alteraciones f\u00edsicas, cambios emocionales y la necesidad de adaptaci\u00f3n a la nueva realidad familiar son elementos que deben ser considerados.<\/p>\n<!-- \/wp:paragraph -->\n\n<!-- wp:list -->\n<ul class=\"wp-block-list\"><!-- wp:list-item -->\n<li>La incorporaci\u00f3n progresiva es fundamental.<\/li>\n<!-- \/wp:list-item -->\n\n<!-- wp:list-item -->\n<li>Se deben evitar tareas f\u00edsicamente exigentes.<\/li>\n<!-- \/wp:list-item -->\n\n<!-- wp:list-item -->\n<li>El acompa\u00f1amiento emocional o psicol\u00f3gico puede ser clave.<\/li>\n<!-- \/wp:list-item --><\/ul>\n<!-- \/wp:list -->\n\n<!-- wp:heading -->\n<h2 class=\"wp-block-heading\"><strong>Lactancia y entorno laboral: barreras evitables<\/strong><\/h2>\n<!-- \/wp:heading -->\n\n<!-- wp:paragraph -->\n<p><\/p>\n<!-- \/wp:paragraph -->\n\n<!-- wp:paragraph -->\n<p>Muchas madres encuentran dificultades para continuar la lactancia una vez que se reincorporan al trabajo. Algunas de las barreras m\u00e1s comunes:<\/p>\n<!-- \/wp:paragraph -->\n\n<!-- wp:list -->\n<ul class=\"wp-block-list\"><!-- wp:list-item -->\n<li>Falta de espacios habilitados para extraer y conservar la leche.<\/li>\n<!-- \/wp:list-item -->\n\n<!-- wp:list-item -->\n<li>Jornadas r\u00edgidas o sin pausas compatibles.<\/li>\n<!-- \/wp:list-item -->\n\n<!-- wp:list-item -->\n<li>Exposici\u00f3n a sustancias que podr\u00edan transmitirse a trav\u00e9s de la leche.<\/li>\n<!-- \/wp:list-item --><\/ul>\n<!-- \/wp:list -->\n\n<!-- wp:paragraph -->\n<p><strong>Contar con salas de lactancia, horarios flexibles y entornos seguros no deber\u00eda ser la excepci\u00f3n<\/strong>.<\/p>\n<!-- \/wp:paragraph -->\n\n<!-- wp:heading -->\n<h2 class=\"wp-block-heading\"><strong>Reflexi\u00f3n final<\/strong><\/h2>\n<!-- \/wp:heading -->\n\n<!-- wp:paragraph -->\n<p><\/p>\n<!-- \/wp:paragraph -->\n\n<!-- wp:paragraph -->\n<p>Cumplir con la ley es el punto de partida, no el objetivo final. Dise\u00f1ar planes de prevenci\u00f3n que contemplen de forma realista y eficaz estas etapas vitales demuestra compromiso social, madurez empresarial y respeto hacia las trabajadoras.<\/p>\n<!-- \/wp:paragraph -->\n\n<!-- wp:paragraph -->\n<p><strong><em>\u00bfC\u00f3mo lo est\u00e1 gestionando tu organizaci\u00f3n?<\/em><\/strong><em><\/em><\/p>\n<!-- \/wp:paragraph -->\n\n<!-- wp:paragraph -->\n<p><strong><em>\u00bfSe eval\u00faan los riesgos con perspectiva de g\u00e9nero y de ciclo vital?<\/em><\/strong><em><\/em><\/p>\n<!-- \/wp:paragraph -->\n\n<!-- wp:paragraph -->\n<p><strong><em>\u00bfSe adapta el trabajo a la persona o se espera que la persona se adapte al trabajo, incluso en circunstancias excepcionales?<\/em><\/strong><\/p>\n<!-- \/wp:paragraph -->\n\n<!-- wp:paragraph -->\n<p><\/p>\n<!-- \/wp:paragraph -->\n\n<!-- wp:paragraph -->\n<p><strong>GEMMA JANSEN MESEGUER<\/strong><\/p>\n<!-- \/wp:paragraph -->\n\n<!-- wp:paragraph -->\n<p><strong>T\u00e9cnico Superior de Prevenci\u00f3n<\/strong><\/p>\n<!-- \/wp:paragraph -->","_et_gb_content_width":"","_uag_custom_page_level_css":"","footnotes":""},"categories":[183,162],"tags":[268,26,27,269,270,271,272,273,38,274,67,275,276,40],"class_list":["post-4339","post","type-post","status-publish","format-standard","has-post-thumbnail","hentry","category-actualidad","category-prl","tag-condiciones-laborales-durante-la-lactancia","tag-cumplimiento","tag-cumplimiento-normativo","tag-derechos-laborales-durante-la-maternidad","tag-lactancia-trabajo","tag-postparto-laboral","tag-prevencion-embarazo-trabajo","tag-prevencion-riesgos-laborales-en-el-embarazo","tag-reduccion-de-riesgos","tag-reincorporacion-postparto-al-trabajo","tag-riesgos-laborales","tag-riesgos-laborales-en-mujeres-embarazadas","tag-salud-laboral-embarazo","tag-seguridad"],"uagb_featured_image_src":{"full":["https:\/\/externalia.lebranders.es\/wp-content\/uploads\/2025\/08\/Prevencion-laboral-en-la-maternidad-\u00bfestamos-haciendo-lo-suficiente.png",2240,1260,false],"thumbnail":["https:\/\/externalia.lebranders.es\/wp-content\/uploads\/2025\/08\/Prevencion-laboral-en-la-maternidad-\u00bfestamos-haciendo-lo-suficiente-150x150.png",150,150,true],"medium":["https:\/\/externalia.lebranders.es\/wp-content\/uploads\/2025\/08\/Prevencion-laboral-en-la-maternidad-\u00bfestamos-haciendo-lo-suficiente-300x169.png",300,169,true],"medium_large":["https:\/\/externalia.lebranders.es\/wp-content\/uploads\/2025\/08\/Prevencion-laboral-en-la-maternidad-\u00bfestamos-haciendo-lo-suficiente-768x432.png",768,432,true],"large":["https:\/\/externalia.lebranders.es\/wp-content\/uploads\/2025\/08\/Prevencion-laboral-en-la-maternidad-\u00bfestamos-haciendo-lo-suficiente-1024x576.png",1024,576,true],"1536x1536":["https:\/\/externalia.lebranders.es\/wp-content\/uploads\/2025\/08\/Prevencion-laboral-en-la-maternidad-\u00bfestamos-haciendo-lo-suficiente-1536x864.png",1536,864,true],"2048x2048":["https:\/\/externalia.lebranders.es\/wp-content\/uploads\/2025\/08\/Prevencion-laboral-en-la-maternidad-\u00bfestamos-haciendo-lo-suficiente-2048x1152.png",2048,1152,true],"trp-custom-language-flag":["https:\/\/externalia.lebranders.es\/wp-content\/uploads\/2025\/08\/Prevencion-laboral-en-la-maternidad-\u00bfestamos-haciendo-lo-suficiente-18x10.png",18,10,true],"et-pb-post-main-image":["https:\/\/externalia.lebranders.es\/wp-content\/uploads\/2025\/08\/Prevencion-laboral-en-la-maternidad-\u00bfestamos-haciendo-lo-suficiente-400x250.png",400,250,true],"et-pb-post-main-image-fullwidth":["https:\/\/externalia.lebranders.es\/wp-content\/uploads\/2025\/08\/Prevencion-laboral-en-la-maternidad-\u00bfestamos-haciendo-lo-suficiente-1080x675.png",1080,675,true],"et-pb-portfolio-image":["https:\/\/externalia.lebranders.es\/wp-content\/uploads\/2025\/08\/Prevencion-laboral-en-la-maternidad-\u00bfestamos-haciendo-lo-suficiente-400x284.png",400,284,true],"et-pb-portfolio-module-image":["https:\/\/externalia.lebranders.es\/wp-content\/uploads\/2025\/08\/Prevencion-laboral-en-la-maternidad-\u00bfestamos-haciendo-lo-suficiente-510x382.png",510,382,true],"et-pb-portfolio-image-single":["https:\/\/externalia.lebranders.es\/wp-content\/uploads\/2025\/08\/Prevencion-laboral-en-la-maternidad-\u00bfestamos-haciendo-lo-suficiente-1080x608.png",1080,608,true],"et-pb-gallery-module-image-portrait":["https:\/\/externalia.lebranders.es\/wp-content\/uploads\/2025\/08\/Prevencion-laboral-en-la-maternidad-\u00bfestamos-haciendo-lo-suficiente-400x516.png",400,516,true],"et-pb-post-main-image-fullwidth-large":["https:\/\/externalia.lebranders.es\/wp-content\/uploads\/2025\/08\/Prevencion-laboral-en-la-maternidad-\u00bfestamos-haciendo-lo-suficiente.png",2240,1260,false],"et-pb-image--responsive--desktop":["https:\/\/externalia.lebranders.es\/wp-content\/uploads\/2025\/08\/Prevencion-laboral-en-la-maternidad-\u00bfestamos-haciendo-lo-suficiente-1280x720.png",1280,720,true],"et-pb-image--responsive--tablet":["https:\/\/externalia.lebranders.es\/wp-content\/uploads\/2025\/08\/Prevencion-laboral-en-la-maternidad-\u00bfestamos-haciendo-lo-suficiente-980x551.png",980,551,true],"et-pb-image--responsive--phone":["https:\/\/externalia.lebranders.es\/wp-content\/uploads\/2025\/08\/Prevencion-laboral-en-la-maternidad-\u00bfestamos-haciendo-lo-suficiente-480x270.png",480,270,true]},"uagb_author_info":{"display_name":"Silvia Martorell","author_link":"https:\/\/externalia.lebranders.es\/en\/author\/silvia\/"},"uagb_comment_info":0,"uagb_excerpt":"La prevenci\u00f3n de riesgos laborales durante la maternidad, el postparto y la lactancia requiere un enfoque adaptado a cada etapa. Cumplir con la ley es solo el inicio. Apuesta por una cultura laboral que proteja y respete a las trabajadoras en su ciclo vital.","_links":{"self":[{"href":"https:\/\/externalia.lebranders.es\/en\/wp-json\/wp\/v2\/posts\/4339","targetHints":{"allow":["GET"]}}],"collection":[{"href":"https:\/\/externalia.lebranders.es\/en\/wp-json\/wp\/v2\/posts"}],"about":[{"href":"https:\/\/externalia.lebranders.es\/en\/wp-json\/wp\/v2\/types\/post"}],"author":[{"embeddable":true,"href":"https:\/\/externalia.lebranders.es\/en\/wp-json\/wp\/v2\/users\/3"}],"replies":[{"embeddable":true,"href":"https:\/\/externalia.lebranders.es\/en\/wp-json\/wp\/v2\/comments?post=4339"}],"version-history":[{"count":0,"href":"https:\/\/externalia.lebranders.es\/en\/wp-json\/wp\/v2\/posts\/4339\/revisions"}],"wp:featuredmedia":[{"embeddable":true,"href":"https:\/\/externalia.lebranders.es\/en\/wp-json\/wp\/v2\/media\/4340"}],"wp:attachment":[{"href":"https:\/\/externalia.lebranders.es\/en\/wp-json\/wp\/v2\/media?parent=4339"}],"wp:term":[{"taxonomy":"category","embeddable":true,"href":"https:\/\/externalia.lebranders.es\/en\/wp-json\/wp\/v2\/categories?post=4339"},{"taxonomy":"post_tag","embeddable":true,"href":"https:\/\/externalia.lebranders.es\/en\/wp-json\/wp\/v2\/tags?post=4339"}],"curies":[{"name":"wp","href":"https:\/\/api.w.org\/{rel}","templated":true}]}}