{"id":4403,"date":"2025-09-16T08:49:28","date_gmt":"2025-09-16T08:49:28","guid":{"rendered":"https:\/\/egestiona.com\/?p=4403"},"modified":"2026-06-16T09:07:15","modified_gmt":"2026-06-16T09:07:15","slug":"iso-45001-iso-14001-integracion-cae-mineria-industria","status":"publish","type":"post","link":"https:\/\/externalia.lebranders.es\/en\/iso-45001-iso-14001-integracion-cae-mineria-industria\/","title":{"rendered":"ISO 45001 e ISO 14001: integraci\u00f3n con sistemas de CAE para contratistas en miner\u00eda e industria"},"content":{"rendered":"<p class=\"wp-block-paragraph\">La gesti\u00f3n de la <strong>seguridad, la salud y el medio ambiente<\/strong> en entornos de <strong>miner\u00eda e industria<\/strong> exige coordinar a m\u00faltiples actores (empresa principal, contratistas y subcontratas) y consolidar evidencias documentales dispersas. Integrar los <strong>sistemas ISO 45001 (Seguridad y Salud en el Trabajo)<\/strong> e <strong>ISO 14001 (Gesti\u00f3n Ambiental)<\/strong> con un <strong>sistema de Coordinaci\u00f3n de Actividades Empresariales (CAE)<\/strong> permite convertir requisitos normativos en procesos operativos controlados, trazables y auditables. <\/p>\n\n\n\n<p class=\"wp-block-paragraph\">A continuaci\u00f3n se describen los fundamentos normativos, los puntos de integraci\u00f3n m\u00e1s relevantes y una gu\u00eda pr\u00e1ctica de implantaci\u00f3n enfocada a contratistas.<\/p>\n\n\n\n<div id=\"ez-toc-container\" class=\"ez-toc-v2_0_87 ez-toc-wrap-left counter-hierarchy ez-toc-counter ez-toc-grey ez-toc-container-direction\">\n<div class=\"ez-toc-title-container\">\n<p class=\"ez-toc-title\" style=\"cursor:inherit\">Tabla de contenido<\/p>\n<span class=\"ez-toc-title-toggle\"><a href=\"#\" class=\"ez-toc-pull-right ez-toc-btn ez-toc-btn-xs ez-toc-btn-default ez-toc-toggle\" aria-label=\"Toggle Table of Content\"><span class=\"ez-toc-js-icon-con\"><span class=\"\"><span class=\"eztoc-hide\" style=\"display:none;\">Toggle<\/span><span class=\"ez-toc-icon-toggle-span\"><svg style=\"fill: #999;color:#999\" xmlns=\"http:\/\/www.w3.org\/2000\/svg\" class=\"list-377408\" width=\"20px\" height=\"20px\" viewbox=\"0 0 24 24\" fill=\"none\"><path d=\"M6 6H4v2h2V6zm14 0H8v2h12V6zM4 11h2v2H4v-2zm16 0H8v2h12v-2zM4 16h2v2H4v-2zm16 0H8v2h12v-2z\" fill=\"currentColor\"><\/path><\/svg><svg style=\"fill: #999;color:#999\" class=\"arrow-unsorted-368013\" xmlns=\"http:\/\/www.w3.org\/2000\/svg\" width=\"10px\" height=\"10px\" viewbox=\"0 0 24 24\" version=\"1.2\" baseprofile=\"tiny\"><path d=\"M18.2 9.3l-6.2-6.3-6.2 6.3c-.2.2-.3.4-.3.7s.1.5.3.7c.2.2.4.3.7.3h11c.3 0 .5-.1.7-.3.2-.2.3-.5.3-.7s-.1-.5-.3-.7zM5.8 14.7l6.2 6.3 6.2-6.3c.2-.2.3-.5.3-.7s-.1-.5-.3-.7c-.2-.2-.4-.3-.7-.3h-11c-.3 0-.5.1-.7.3-.2.2-.3.5-.3.7s.1.5.3.7z\"\/><\/svg><\/span><\/span><\/span><\/a><\/span><\/div>\n<nav><ul class='ez-toc-list ez-toc-list-level-1' ><li class='ez-toc-page-1 ez-toc-heading-level-2'><a class=\"ez-toc-link ez-toc-heading-1\" href=\"https:\/\/externalia.lebranders.es\/en\/iso-45001-iso-14001-integracion-cae-mineria-industria\/#Marco_normativo_y_alcance\" >Marco normativo y alcance<\/a><\/li><li class='ez-toc-page-1 ez-toc-heading-level-2'><a class=\"ez-toc-link ez-toc-heading-2\" href=\"https:\/\/externalia.lebranders.es\/en\/iso-45001-iso-14001-integracion-cae-mineria-industria\/#Por_que_integrar_ISO_45001_ISO_14001_con_CAE\" >Por qu\u00e9 integrar ISO 45001 + ISO 14001 con CAE<\/a><\/li><li class='ez-toc-page-1 ez-toc-heading-level-2'><a class=\"ez-toc-link ez-toc-heading-3\" href=\"https:\/\/externalia.lebranders.es\/en\/iso-45001-iso-14001-integracion-cae-mineria-industria\/#Que_integrar_mapa_de_requisitos_%E2%86%92_controles_CAE\" >Qu\u00e9 integrar (mapa de requisitos \u2192 controles CAE)<\/a><\/li><li class='ez-toc-page-1 ez-toc-heading-level-2'><a class=\"ez-toc-link ez-toc-heading-4\" href=\"https:\/\/externalia.lebranders.es\/en\/iso-45001-iso-14001-integracion-cae-mineria-industria\/#Particularidades_en_mineria_e_industria\" >Particularidades en miner\u00eda e industria<\/a><\/li><li class='ez-toc-page-1 ez-toc-heading-level-2'><a class=\"ez-toc-link ez-toc-heading-5\" href=\"https:\/\/externalia.lebranders.es\/en\/iso-45001-iso-14001-integracion-cae-mineria-industria\/#Flujo_recomendado_de_gestion_del_contratista\" >Flujo recomendado de gesti\u00f3n del contratista<\/a><\/li><li class='ez-toc-page-1 ez-toc-heading-level-2'><a class=\"ez-toc-link ez-toc-heading-6\" href=\"https:\/\/externalia.lebranders.es\/en\/iso-45001-iso-14001-integracion-cae-mineria-industria\/#Indicadores_de_desempeno_KPI_utiles\" >Indicadores de desempe\u00f1o (KPI) \u00fatiles<\/a><\/li><li class='ez-toc-page-1 ez-toc-heading-level-2'><a class=\"ez-toc-link ez-toc-heading-7\" href=\"https:\/\/externalia.lebranders.es\/en\/iso-45001-iso-14001-integracion-cae-mineria-industria\/#Guia_de_implantacion_pasos_practicos\" >Gu\u00eda de implantaci\u00f3n (pasos pr\u00e1cticos)<\/a><\/li><li class='ez-toc-page-1 ez-toc-heading-level-2'><a class=\"ez-toc-link ez-toc-heading-8\" href=\"https:\/\/externalia.lebranders.es\/en\/iso-45001-iso-14001-integracion-cae-mineria-industria\/#Buenas_practicas_de_datos_y_cumplimiento\" >Buenas pr\u00e1cticas de datos y cumplimiento<\/a><ul class='ez-toc-list-level-3' ><li class='ez-toc-heading-level-3'><a class=\"ez-toc-link ez-toc-heading-9\" href=\"https:\/\/externalia.lebranders.es\/en\/iso-45001-iso-14001-integracion-cae-mineria-industria\/#Solicita_una_demo_gratuita\" >Solicita una demo gratuita<\/a><\/li><\/ul><\/li><\/ul><\/nav><\/div>\n<h2 class=\"wp-block-heading\"><span class=\"ez-toc-section\" id=\"Marco_normativo_y_alcance\"><\/span><strong>Marco normativo y alcance<\/strong><span class=\"ez-toc-section-end\"><\/span><\/h2>\n\n\n\n<p class=\"wp-block-paragraph\"><\/p>\n\n\n\n<ul class=\"wp-block-list\">\n<li><strong><a href=\"https:\/\/www.iso.org\/obp\/ui\/en\/#iso:std:iso:45001:ed-1:v1:es\" target=\"_blank\" rel=\"noreferrer noopener nofollow\">ISO 45001:2018<\/a><\/strong> establece los requisitos de un sistema de gesti\u00f3n de SST basado en el ciclo <strong>PDCA<\/strong> (planificar-hacer-verificar-actuar). Entre otros, aborda la identificaci\u00f3n de peligros y evaluaci\u00f3n de riesgos, competencias y formaci\u00f3n, control operacional y <strong>gesti\u00f3n de contratistas<\/strong> dentro de la operaci\u00f3n.<\/li>\n\n\n\n<li><strong><a href=\"https:\/\/www.iso.org\/obp\/ui\/en\/#iso:std:iso:14001:ed-3:v1:es\" target=\"_blank\" rel=\"noreferrer noopener nofollow\">ISO 14001:2015<\/a><\/strong> estructura el sistema de gesti\u00f3n ambiental: <strong>aspectos e impactos<\/strong>, controles operacionales, cumplimiento legal, preparaci\u00f3n ante emergencias y evaluaci\u00f3n del desempe\u00f1o ambiental.<\/li>\n\n\n\n<li><strong>CAE en Espa\u00f1a:<\/strong> el <strong><a href=\"https:\/\/www.boe.es\/buscar\/act.php?id=BOE-A-2004-1848\" target=\"_blank\" rel=\"noreferrer noopener nofollow\">RD 171\/2004<\/a><\/strong> desarrolla la <strong><a href=\"https:\/\/www.boe.es\/buscar\/act.php?id=BOE-A-1995-24292\" target=\"_blank\" rel=\"noreferrer noopener nofollow\">Ley 31\/1995<\/a><\/strong> y fija el deber de cooperaci\u00f3n e intercambio de informaci\u00f3n cuando concurren varias empresas en un mismo centro de trabajo (empresa titular, principal, contratistas, subcontratistas y aut\u00f3nomos).<\/li>\n<\/ul>\n\n\n\n<p class=\"wp-block-paragraph\"><strong>Objetivo de la integraci\u00f3n:<\/strong> que los controles y evidencias exigidos por ISO 45001\/14001 se gestionen, verifiquen y demuestren dentro del flujo CAE para todo el personal externo.<\/p>\n\n\n\n<h2 class=\"wp-block-heading\"><span class=\"ez-toc-section\" id=\"Por_que_integrar_ISO_45001_ISO_14001_con_CAE\"><\/span><strong>Por qu\u00e9 integrar ISO 45001 + ISO 14001 con CAE<\/strong><span class=\"ez-toc-section-end\"><\/span><\/h2>\n\n\n\n<p class=\"wp-block-paragraph\"><\/p>\n\n\n\n<ul class=\"wp-block-list\">\n<li><strong>Trazabilidad \u00fanica:<\/strong> un solo expediente por empresa y por trabajador externo que agrupe requisitos de SST y ambientales.<\/li>\n\n\n\n<li><strong>Coherencia operativa:<\/strong> lo que se exige en el sistema ISO se convierte en reglas de <strong>validaci\u00f3n documental y de acceso<\/strong> en el CAE.<\/li>\n\n\n\n<li><strong>Cumplimiento demostrable:<\/strong> facilidad para auditor\u00edas internas\/externas, inspecciones y revisiones por la direcci\u00f3n.<\/li>\n\n\n\n<li><strong>Prevenci\u00f3n pr\u00e1ctica:<\/strong> el control no se queda en el papel; condiciona permisos de trabajo, accesos y actividades.<\/li>\n<\/ul>\n\n\n\n<h2 class=\"wp-block-heading\"><span class=\"ez-toc-section\" id=\"Que_integrar_mapa_de_requisitos_%E2%86%92_controles_CAE\"><\/span><strong>Qu\u00e9 integrar (mapa de requisitos \u2192 controles CAE)<\/strong><span class=\"ez-toc-section-end\"><\/span><\/h2>\n\n\n\n<p class=\"wp-block-paragraph\"><\/p>\n\n\n\n<figure class=\"wp-block-table\"><table class=\"has-fixed-layout\"><thead><tr><td class=\"has-text-align-center\" data-align=\"center\"><strong>Requisito del sistema<\/strong><\/td><td class=\"has-text-align-center\" data-align=\"center\"><strong>Ejemplo de evidencia<\/strong><\/td><td class=\"has-text-align-center\" data-align=\"center\"><strong>Control en CAE\/contratistas<\/strong><\/td><\/tr><\/thead><tbody><tr><td class=\"has-text-align-center\" data-align=\"center\"><strong>Identificaci\u00f3n de peligros y evaluaci\u00f3n de riesgos (ISO 45001)<\/strong><\/td><td class=\"has-text-align-center\" data-align=\"center\">Evaluaciones por tarea\/puesto, procedimientos de trabajo seguro<\/td><td class=\"has-text-align-center\" data-align=\"center\">Carga y validaci\u00f3n por actividad; verificaci\u00f3n de vigencia antes de autorizar trabajos<\/td><\/tr><tr><td class=\"has-text-align-center\" data-align=\"center\"><strong>Competencia y formaci\u00f3n (ISO 45001)<\/strong><\/td><td class=\"has-text-align-center\" data-align=\"center\">Cursos espec\u00edficos (trabajos en altura, espacios confinados, equipos m\u00f3viles), aptitud m\u00e9dica<\/td><td class=\"has-text-align-center\" data-align=\"center\">Regla documental por perfil; <strong>bloqueo de acceso<\/strong> si no cumple<\/td><\/tr><tr><td class=\"has-text-align-center\" data-align=\"center\"><strong>Control operacional (ISO 45001 \/ ISO 14001)<\/strong><\/td><td class=\"has-text-align-center\" data-align=\"center\">Instrucciones y permisos de trabajo<\/td><td class=\"has-text-align-center\" data-align=\"center\">Generaci\u00f3n\/registro de <strong>permiso de trabajo<\/strong> vinculado a documentaci\u00f3n v\u00e1lida<\/td><\/tr><tr><td class=\"has-text-align-center\" data-align=\"center\"><strong>Preparaci\u00f3n y respuesta ante emergencias (ambas normas)<\/strong><\/td><td class=\"has-text-align-center\" data-align=\"center\">Planes y simulacros<\/td><td class=\"has-text-align-center\" data-align=\"center\">Registro de simulacros y comunicaci\u00f3n a contratistas; aceptaci\u00f3n de normas del centro<\/td><\/tr><tr><td class=\"has-text-align-center\" data-align=\"center\"><strong>Cumplimiento legal ambiental (ISO 14001)<\/strong><\/td><td class=\"has-text-align-center\" data-align=\"center\">Autorizaciones, gesti\u00f3n de residuos, control de vertidos\/emisiones<\/td><td class=\"has-text-align-center\" data-align=\"center\">Requisitos documentales por centro y actividad; registros de retirada\/gesti\u00f3n de residuos<\/td><\/tr><tr><td class=\"has-text-align-center\" data-align=\"center\"><strong>Seguimiento y medici\u00f3n (ambas normas)<\/strong><\/td><td class=\"has-text-align-center\" data-align=\"center\">Inspecciones, observaciones preventivas, mediciones ambientales<\/td><td class=\"has-text-align-center\" data-align=\"center\">Checklists y partes asociados a contratistas; indicadores y alertas<\/td><\/tr><tr><td class=\"has-text-align-center\" data-align=\"center\"><strong>Gesti\u00f3n de cambios (ISO 45001)<\/strong><\/td><td class=\"has-text-align-center\" data-align=\"center\">Evaluaci\u00f3n previa de cambios significativos<\/td><td class=\"has-text-align-center\" data-align=\"center\">Flujo de aprobaci\u00f3n en CAE antes de ejecutar trabajos modificados<\/td><\/tr><tr><td class=\"has-text-align-center\" data-align=\"center\"><strong>No conformidades y acciones (ambas normas)<\/strong><\/td><td class=\"has-text-align-center\" data-align=\"center\">NC, acciones correctivas, verificaci\u00f3n de eficacia<\/td><td class=\"has-text-align-center\" data-align=\"center\">Alta de NC por contratista; fechas compromiso y evidencias de cierre<\/td><\/tr><\/tbody><\/table><\/figure>\n\n\n\n<p class=\"wp-block-paragraph\"><\/p>\n\n\n\n<h2 class=\"wp-block-heading\"><span class=\"ez-toc-section\" id=\"Particularidades_en_mineria_e_industria\"><\/span><strong>Particularidades en miner\u00eda e industria<\/strong><span class=\"ez-toc-section-end\"><\/span><\/h2>\n\n\n\n<p class=\"wp-block-paragraph\"><\/p>\n\n\n\n<ul class=\"wp-block-list\">\n<li><strong>Riesgos cr\u00edticos frecuentes (SST):<\/strong> interacci\u00f3n con <strong>equipos m\u00f3viles y maquinaria pesada<\/strong>, <strong>atm\u00f3sferas con polvo respirable<\/strong> (p. ej., s\u00edlice), <strong>trabajos en altura<\/strong>, <strong>espacios confinados<\/strong>, <strong>energ\u00edas peligrosas<\/strong> (bloqueo\/etiquetado), explosivos\/blasting, manipulaci\u00f3n de sustancias peligrosas.<\/li>\n\n\n\n<li><strong>Aspectos ambientales relevantes:<\/strong> gesti\u00f3n de <strong>residuos peligrosos<\/strong>, <strong>emisiones<\/strong> (fugitivas\/de proceso), <strong>ruido y vibraciones<\/strong>, <strong>vertidos y control de aguas<\/strong>, derrames, consumo de recursos y restauraci\u00f3n de \u00e1reas.<\/li>\n\n\n\n<li><strong>Implicaci\u00f3n pr\u00e1ctica:<\/strong> los requisitos espec\u00edficos (formaci\u00f3n, permisos, EPIs, evaluaciones ATEX\/espacios confinados, planes de gesti\u00f3n de residuos, protocolos de derrames, etc.) deben transformarse en <strong>reglas documentales y operativas<\/strong> dentro del CAE y condicionar la ejecuci\u00f3n y el acceso al \u00e1rea.<\/li>\n<\/ul>\n\n\n\n<h2 class=\"wp-block-heading\"><span class=\"ez-toc-section\" id=\"Flujo_recomendado_de_gestion_del_contratista\"><\/span><strong>Flujo recomendado de gesti\u00f3n del contratista <\/strong><span class=\"ez-toc-section-end\"><\/span><\/h2>\n\n\n\n<p class=\"wp-block-paragraph\"><\/p>\n\n\n\n<ol start=\"1\" class=\"wp-block-list\">\n<li><strong><a href=\"https:\/\/qsuitepro.com\/eprovider\/\" target=\"_blank\" rel=\"noreferrer noopener\">Homologaci\u00f3n\/Pre-calificaci\u00f3n<\/a><\/strong> del proveedor: criterios legales, t\u00e9cnicos, preventivos y ambientales.<\/li>\n\n\n\n<li><strong>Plan de trabajo<\/strong> del contratista: actividades, riesgos, controles y aspectos ambientales aplicables.<\/li>\n\n\n\n<li><strong>Validaci\u00f3n documental<\/strong> (empresa y personas): formaci\u00f3n, aptitudes, seguros, procedimientos, autorizaciones ambientales, etc.<\/li>\n\n\n\n<li><strong>Permisos de trabajo<\/strong>: por tarea\/zona\/fecha, con requisitos previos autom\u00e1ticos.<\/li>\n\n\n\n<li><strong><a href=\"https:\/\/externalia.lebranders.es\/control-accesos-cumplimiento-documental-prl-cae\/\" target=\"_blank\" rel=\"noreferrer noopener\">Control de accesos<\/a><\/strong>: integraci\u00f3n con el estado documental y permisos vigentes.<\/li>\n\n\n\n<li><strong>Seguimiento en campo<\/strong>: inspecciones, observaciones, mediciones ambientales, registros de residuos.<\/li>\n\n\n\n<li><strong>Gesti\u00f3n de incidentes\/NC<\/strong>: investigaci\u00f3n, acciones y verificaci\u00f3n de eficacia.<\/li>\n\n\n\n<li><strong>Cierre y archivo<\/strong>: actas de recepci\u00f3n, evaluaci\u00f3n de desempe\u00f1o del contratista y conservaci\u00f3n de evidencias.<\/li>\n<\/ol>\n\n\n\n<h2 class=\"wp-block-heading\"><span class=\"ez-toc-section\" id=\"Indicadores_de_desempeno_KPI_utiles\"><\/span><strong>Indicadores de desempe\u00f1o (KPI) \u00fatiles<\/strong><span class=\"ez-toc-section-end\"><\/span><\/h2>\n\n\n\n<p class=\"wp-block-paragraph\"><\/p>\n\n\n\n<ul class=\"wp-block-list\">\n<li><strong>% contratistas homologados<\/strong> vs. totales.<\/li>\n\n\n\n<li><strong>% personal apto y formado<\/strong> por perfil cr\u00edtico.<\/li>\n\n\n\n<li><strong>Tiempo medio de validaci\u00f3n<\/strong> documental.<\/li>\n\n\n\n<li><strong>Accesos bloqueados por incumplimiento<\/strong> (tendencia).<\/li>\n\n\n\n<li><strong>Inspecciones\/observaciones realizadas<\/strong> vs. plan.<\/li>\n\n\n\n<li><strong>NC de contratistas<\/strong> (SST\/ambientales) y <strong>tiempo de cierre<\/strong>.<\/li>\n\n\n\n<li><strong>Trazabilidad de residuos<\/strong> generados por contratistas (albaranes, gestores, destinos).<\/li>\n<\/ul>\n\n\n\n<p class=\"wp-block-paragraph\">Los <strong><a href=\"https:\/\/externalia.lebranders.es\/indicadores-clave-prl-kpi\/\" target=\"_blank\" rel=\"noreferrer noopener\">KPI<\/a> <\/strong>deben visualizarse por <strong>centro, contratista, actividad y periodo<\/strong> para facilitar la toma de decisiones y la mejora continua.<\/p>\n\n\n\n<h2 class=\"wp-block-heading\"><span class=\"ez-toc-section\" id=\"Guia_de_implantacion_pasos_practicos\"><\/span><strong>Gu\u00eda de implantaci\u00f3n (pasos pr\u00e1cticos)<\/strong><span class=\"ez-toc-section-end\"><\/span><\/h2>\n\n\n\n<p class=\"wp-block-paragraph\"><\/p>\n\n\n\n<ol start=\"1\" class=\"wp-block-list\">\n<li><strong><a href=\"https:\/\/externalia.lebranders.es\/diagnostico-legislativo-cae-prl\/\" target=\"_blank\" rel=\"noreferrer noopener\">Diagn\u00f3stico legal y de sistema<\/a><\/strong>: determinar requisitos ISO 45001\/14001 aplicables y obligaciones CAE\/sectoriales.<\/li>\n\n\n\n<li><strong>Dise\u00f1o de reglas<\/strong>: traducir requisitos a <strong>listas documentales<\/strong> y <strong>condiciones de permiso\/acceso<\/strong> por actividad y zona.<\/li>\n\n\n\n<li><strong>Gobernanza y roles<\/strong>: definir responsables (empresa titular, PRL, medio ambiente, supervisores de obra, contratistas).<\/li>\n\n\n\n<li><strong>Configuraci\u00f3n de <a href=\"https:\/\/externalia.lebranders.es\/que-es-la-coordinacion-de-actividades-empresariales\/\" target=\"_blank\" rel=\"noreferrer noopener\">plataforma CAE<\/a><\/strong>: flujos, perfiles, metadatos, caducidades, planes de inspecci\u00f3n y registros.<\/li>\n\n\n\n<li><strong>Integraciones t\u00e9cnicas<\/strong>: control de accesos, registro de residuos, BI\/indicadores, notificaciones.<\/li>\n\n\n\n<li><strong>Piloto y despliegue<\/strong>: formaci\u00f3n a empresas colaboradoras, revisi\u00f3n de KPIs, ajustes y escalado.<\/li>\n\n\n\n<li><strong>Auditor\u00eda y mejora<\/strong>: revisi\u00f3n por la direcci\u00f3n, acciones correctivas y actualizaci\u00f3n de requisitos.<\/li>\n<\/ol>\n\n\n\n<p class=\"wp-block-paragraph\"><\/p>\n\n\n\n<h2 class=\"wp-block-heading\"><span class=\"ez-toc-section\" id=\"Buenas_practicas_de_datos_y_cumplimiento\"><\/span><strong>Buenas pr\u00e1cticas de datos y cumplimiento<\/strong><span class=\"ez-toc-section-end\"><\/span><\/h2>\n\n\n\n<p class=\"wp-block-paragraph\"><\/p>\n\n\n\n<ul class=\"wp-block-list\">\n<li><strong>Minimizaci\u00f3n y necesidad<\/strong> (RGPD): solicitar solo la informaci\u00f3n imprescindible.<\/li>\n\n\n\n<li><strong>Segregaci\u00f3n de funciones y perfiles<\/strong>: acceso \u201cneed-to-know\u201d.<\/li>\n\n\n\n<li><strong>Caducidades y conservaci\u00f3n<\/strong>: reglas de retenci\u00f3n; archivo legal y borrado seguro.<\/li>\n\n\n\n<li><strong>Trazabilidad<\/strong>: qui\u00e9n sube, valida, cambia o descarga cada documento.<\/li>\n\n\n\n<li><strong>Comunicaci\u00f3n clara al contratista<\/strong>: requisitos por actividad y motivos de rechazo.<\/li>\n<\/ul>\n\n\n\n<p class=\"wp-block-paragraph\"><\/p>\n\n\n\n<p class=\"wp-block-paragraph\">La integraci\u00f3n de <strong>ISO 45001<\/strong> e <strong>ISO 14001<\/strong> con los procesos y herramientas de <strong>CAE para contratistas<\/strong> permite pasar del cumplimiento te\u00f3rico a un <strong>control operativo real<\/strong>: lo que exigen los sistemas se convierte en reglas, permisos y accesos; lo que se hace en campo vuelve como evidencia y dato para decidir.<\/p>\n\n\n\n<p class=\"wp-block-paragraph\">Para sectores de <strong>miner\u00eda e industria<\/strong>, donde los riesgos y aspectos ambientales son cr\u00edticos y la subcontrataci\u00f3n es la norma, esta integraci\u00f3n es la v\u00eda m\u00e1s eficaz para <strong>proteger a las personas, prevenir impactos ambientales y demostrar cumplimiento<\/strong> ante clientes, auditor\u00edas e inspecciones.<\/p>\n\n\n\n<p class=\"wp-block-paragraph\">Si buscas estructurar este enfoque de forma pr\u00e1ctica, una plataforma CAE como <a href=\"https:\/\/egestiona.com\" target=\"_blank\" rel=\"noopener\"><strong>eGestiona<\/strong><\/a> te permite <strong>centralizar documentaci\u00f3n, estandarizar reglas, condicionar permisos y medir resultados<\/strong> con trazabilidad completa en todo el ciclo del contratista.<\/p>\n\n\n\n<div style=\"height:46px\" aria-hidden=\"true\" class=\"wp-block-spacer\"><\/div>\n\n\n\n<p class=\"has-text-align-center wp-block-paragraph\"><strong>\u00bfQuieres saber c\u00f3mo podemos ayudarte?\u00a0<\/strong><\/p>\n\n\n\n<p class=\"has-text-align-center wp-block-paragraph\"><strong><em>Control y trazabilidad en tiempo real. Solo accede quien cumple.<\/em><\/strong><\/p>\n\n\n\n<div class=\"wp-block-uagb-call-to-action uagb-block-5cea22f9 wp-block-button\"><div class=\"uagb-cta__wrap\"><h3 class=\"uagb-cta__title\"><span class=\"ez-toc-section\" id=\"Solicita_una_demo_gratuita\"><\/span><strong>Solicita una demo gratuita<\/strong><span class=\"ez-toc-section-end\"><\/span><\/h3><p class=\"uagb-cta__desc\">Verificaci\u00f3n ITA diaria \u00b7 Certificados AEAT\/TGSS \u00b7 Control de accesos \u00b7 Trazabilidad documental CAE<\/p><\/div><div class=\"uagb-cta__buttons\"><a href=\"https:\/\/externalia.lebranders.es\/solicitar-demo\/\" class=\"uagb-cta__button-link-wrapper wp-block-button__link\" target=\"_self\" rel=\"noopener noreferrer\">DEMO<\/a><\/div><\/div>\n\n\n\n<div style=\"height:46px\" aria-hidden=\"true\" class=\"wp-block-spacer\"><\/div>\n\n\n\n\t\t\t<div class=\"wp-block-uagb-post-carousel uagb-post-grid  uagb-post__image-position-top uagb-post__image-enabled uagb-block-0fe33198     uagb-post__arrow-outside uagb-slick-carousel uagb-post__items uagb-post__columns-3 is-carousel uagb-post__columns-tablet-2 uagb-post__columns-mobile-1\" data-total=\"3\" style=\"\">\n\n\t\t\t\t\t\t\t\t\t\t\t\t<article class=\"uagb-post__inner-wrap\">\t\t\t\t\t\t\t\t<div class='uagb-post__image'>\n\t\t\t\t\t\t\t\t\t<a href=\"https:\/\/externalia.lebranders.es\/en\/registro-electronico-jornada-laboral-mexico-2027\/\" target=\"_self\" rel=\"bookmark noopener noreferrer\"><img loading=\"lazy\" decoding=\"async\" width=\"1024\" height=\"576\" src=\"https:\/\/externalia.lebranders.es\/wp-content\/uploads\/2026\/07\/Registro-electronico-de-jornada-laboral-Mexico-1024x576.png\" class=\"attachment-large size-large\" alt=\"registro electr\u00f3nico jornada laboral M\u00e9xico reforma 2027 eGestiona\" srcset=\"https:\/\/externalia.lebranders.es\/wp-content\/uploads\/2026\/07\/Registro-electronico-de-jornada-laboral-Mexico-980x552.png 980w, https:\/\/externalia.lebranders.es\/wp-content\/uploads\/2026\/07\/Registro-electronico-de-jornada-laboral-Mexico-480x270.png 480w\" sizes=\"(min-width: 0px) and (max-width: 480px) 480px, (min-width: 481px) and (max-width: 980px) 980px, (min-width: 981px) 1024px, 100vw\" \/>\t\t\t\t\t<\/a>\n\t\t\t\t\t\t\t\t\t<\/div>\n\t\t\t\t\t\t<h4 class=\"uagb-post__title uagb-post__text\">\n\t\t\t\t<a href=\"https:\/\/externalia.lebranders.es\/en\/registro-electronico-jornada-laboral-mexico-2027\/\" target=\"_self\" rel=\"bookmark noopener noreferrer\">Registro electr\u00f3nico de jornada laboral en M\u00e9xico: la gu\u00eda completa de la reforma que entra en vigor el 1 de enero de 2027<\/a>\n\t\t\t<\/h4>\n\t\t\t\t\t\t<div class='uagb-post__text uagb-post-grid-byline'>\n\t\t\t\t\t\t\t\t<div class=\"uagb-post__text\">\n\t\t\t\t\t<span class='uagb-post__taxonomy'>\n\t\t\t\t\t\t\t\t\t\t\t\t<a href=\"https:\/\/externalia.lebranders.es\/en\/software-cae\/compliance-y-normativa\/\">Compliance &amp; normativa\u00a0<\/a>,&nbsp;<a href=\"https:\/\/externalia.lebranders.es\/en\/software-cae\/\">Software CAE<\/a>\t\t\t\t\t<\/span>\n\t\t\t\t<\/div>\n\t\t\t\t\t\t\t<\/div>\n\t\t\t\t\t\t\t<div class='uagb-post__text uagb-post__excerpt'>\n\t\t\t\t\tEl registro electr\u00f3nico de jornada ya es ley en M\u00e9xico. Te contamos qu\u00e9 exige la reforma a la LFT, desde cu\u00e1ndo se sanciona&#8230;\t\t\t\t<\/div>\n\t\t\t\t\t\t<div class=\"uagb-post__text uagb-post__cta wp-block-button\">\n\t\t\t\t<a class=\"wp-block-button__link uagb-text-link\" style=\"\" href=\"https:\/\/externalia.lebranders.es\/en\/registro-electronico-jornada-laboral-mexico-2027\/\" target=\"_self\" rel=\"bookmark noopener noreferrer\">Read More<\/a>\n\t\t\t<\/div>\n\t\t\t\n\t\t\t\t\t\t\t\t\t<\/article>\n\t\t\t\t\t\t\t\t\t\t\t\t\t\t\t\t<article class=\"uagb-post__inner-wrap\">\t\t\t\t\t\t\t\t<div class='uagb-post__image'>\n\t\t\t\t\t\t\t\t\t<a href=\"https:\/\/externalia.lebranders.es\/en\/checklist-cumplimiento-cae-2026-inspeccion-trabajo\/\" target=\"_self\" rel=\"bookmark noopener noreferrer\"><img loading=\"lazy\" decoding=\"async\" width=\"1024\" height=\"576\" src=\"https:\/\/externalia.lebranders.es\/wp-content\/uploads\/2026\/07\/Checklist-de-cumplimiento-CAE-2026-1024x576.png\" class=\"attachment-large size-large\" alt=\"Checklist CAE cumplimiento 2026\" srcset=\"https:\/\/externalia.lebranders.es\/wp-content\/uploads\/2026\/07\/Checklist-de-cumplimiento-CAE-2026-980x552.png 980w, https:\/\/externalia.lebranders.es\/wp-content\/uploads\/2026\/07\/Checklist-de-cumplimiento-CAE-2026-480x270.png 480w\" sizes=\"(min-width: 0px) and (max-width: 480px) 480px, (min-width: 481px) and (max-width: 980px) 980px, (min-width: 981px) 1024px, 100vw\" \/>\t\t\t\t\t<\/a>\n\t\t\t\t\t\t\t\t\t<\/div>\n\t\t\t\t\t\t<h4 class=\"uagb-post__title uagb-post__text\">\n\t\t\t\t<a href=\"https:\/\/externalia.lebranders.es\/en\/checklist-cumplimiento-cae-2026-inspeccion-trabajo\/\" target=\"_self\" rel=\"bookmark noopener noreferrer\">CHECKLIST DE CUMPLIMIENTO CAE 2026: lo que Inspecci\u00f3n de Trabajo comprueba en cada visita<\/a>\n\t\t\t<\/h4>\n\t\t\t\t\t\t<div class='uagb-post__text uagb-post-grid-byline'>\n\t\t\t\t\t\t\t\t<div class=\"uagb-post__text\">\n\t\t\t\t\t<span class='uagb-post__taxonomy'>\n\t\t\t\t\t\t\t\t\t\t\t\t<a href=\"https:\/\/externalia.lebranders.es\/en\/software-cae\/\">Software CAE<\/a>,&nbsp;<a href=\"https:\/\/externalia.lebranders.es\/en\/software-cae\/compliance-y-normativa\/\">Compliance &amp; normativa\u00a0<\/a>,&nbsp;<a href=\"https:\/\/externalia.lebranders.es\/en\/software-cae\/control-operativo-y-gestion-de-contratistas\/\">Control operativo &amp; gesti\u00f3n de contratistas<\/a>,&nbsp;<a href=\"https:\/\/externalia.lebranders.es\/en\/software-cae\/prl\/\">PRL<\/a>\t\t\t\t\t<\/span>\n\t\t\t\t<\/div>\n\t\t\t\t\t\t\t<\/div>\n\t\t\t\t\t\t\t<div class='uagb-post__text uagb-post__excerpt'>\n\t\t\t\t\tGu\u00eda pr\u00e1ctica con el checklist de los 10 puntos que Inspecci\u00f3n de Trabajo verifica en materia de CAE en 2026: acreditaci\u00f3n de contratistas,&#8230;\t\t\t\t<\/div>\n\t\t\t\t\t\t<div class=\"uagb-post__text uagb-post__cta wp-block-button\">\n\t\t\t\t<a class=\"wp-block-button__link uagb-text-link\" style=\"\" href=\"https:\/\/externalia.lebranders.es\/en\/checklist-cumplimiento-cae-2026-inspeccion-trabajo\/\" target=\"_self\" rel=\"bookmark noopener noreferrer\">Read More<\/a>\n\t\t\t<\/div>\n\t\t\t\n\t\t\t\t\t\t\t\t\t<\/article>\n\t\t\t\t\t\t\t\t\t\t\t\t\t\t\t\t<article class=\"uagb-post__inner-wrap\">\t\t\t\t\t\t\t\t<div class='uagb-post__image'>\n\t\t\t\t\t\t\t\t\t<a href=\"https:\/\/externalia.lebranders.es\/en\/software-cae-plataforma-contratas-subcontratas\/\" target=\"_self\" rel=\"bookmark noopener noreferrer\"><img loading=\"lazy\" decoding=\"async\" width=\"1024\" height=\"576\" src=\"https:\/\/externalia.lebranders.es\/wp-content\/uploads\/2026\/06\/Software-CAE-eGestiona--1024x576.png\" class=\"attachment-large size-large\" alt=\"Software CAE eGestiona \u2014 Panel de control operativo de contratistas y coordinaci\u00f3n de actividades empresariales en plataforma SaaS en nube\" srcset=\"https:\/\/externalia.lebranders.es\/wp-content\/uploads\/2026\/06\/Software-CAE-eGestiona--980x552.png 980w, https:\/\/externalia.lebranders.es\/wp-content\/uploads\/2026\/06\/Software-CAE-eGestiona--480x270.png 480w\" sizes=\"(min-width: 0px) and (max-width: 480px) 480px, (min-width: 481px) and (max-width: 980px) 980px, (min-width: 981px) 1024px, 100vw\" \/>\t\t\t\t\t<\/a>\n\t\t\t\t\t\t\t\t\t<\/div>\n\t\t\t\t\t\t<h4 class=\"uagb-post__title uagb-post__text\">\n\t\t\t\t<a href=\"https:\/\/externalia.lebranders.es\/en\/software-cae-plataforma-contratas-subcontratas\/\" target=\"_self\" rel=\"bookmark noopener noreferrer\">Software CAE en 2026: digitalizaci\u00f3n obligatoria de la coordinaci\u00f3n de actividades empresariales<\/a>\n\t\t\t<\/h4>\n\t\t\t\t\t\t<div class='uagb-post__text uagb-post-grid-byline'>\n\t\t\t\t\t\t\t\t<div class=\"uagb-post__text\">\n\t\t\t\t\t<span class='uagb-post__taxonomy'>\n\t\t\t\t\t\t\t\t\t\t\t\t<a href=\"https:\/\/externalia.lebranders.es\/en\/software-cae\/\">Software CAE<\/a>,&nbsp;<a href=\"https:\/\/externalia.lebranders.es\/en\/software-cae\/compliance-y-normativa\/\">Compliance &amp; normativa\u00a0<\/a>,&nbsp;<a href=\"https:\/\/externalia.lebranders.es\/en\/software-cae\/control-operativo-y-gestion-de-contratistas\/\">Control operativo &amp; gesti\u00f3n de contratistas<\/a>\t\t\t\t\t<\/span>\n\t\t\t\t<\/div>\n\t\t\t\t\t\t\t<\/div>\n\t\t\t\t\t\t\t<div class='uagb-post__text uagb-post__excerpt'>\n\t\t\t\t\tLa revista del INSST de febrero de 2026 lo confirma: gestionar la coordinaci\u00f3n de actividades empresariales sin software CAE genera riesgos de incumplimiento&#8230;\t\t\t\t<\/div>\n\t\t\t\t\t\t<div class=\"uagb-post__text uagb-post__cta wp-block-button\">\n\t\t\t\t<a class=\"wp-block-button__link uagb-text-link\" style=\"\" href=\"https:\/\/externalia.lebranders.es\/en\/software-cae-plataforma-contratas-subcontratas\/\" target=\"_self\" rel=\"bookmark noopener noreferrer\">Read More<\/a>\n\t\t\t<\/div>\n\t\t\t\n\t\t\t\t\t\t\t\t\t<\/article>\n\t\t\t\t\t\t\t\t\t\t\t\t\t\t\t\t<article class=\"uagb-post__inner-wrap\">\t\t\t\t\t\t\t\t<div class='uagb-post__image'>\n\t\t\t\t\t\t\t\t\t<a href=\"https:\/\/externalia.lebranders.es\/en\/responsabilidad-solidaria-subsidiaria-cae\/\" target=\"_self\" rel=\"bookmark noopener noreferrer\"><img loading=\"lazy\" decoding=\"async\" width=\"1024\" height=\"683\" src=\"https:\/\/externalia.lebranders.es\/wp-content\/uploads\/2026\/05\/CAE-cuando-responde-la-empresa-principal-por-sus-contratas-eGestiona-1-1024x683.png\" class=\"attachment-large size-large\" alt=\"Responsabilidad solidaria y subsidiaria de la empresa principal en la CAE \u2014 coordinaci\u00f3n de actividades empresariales\" srcset=\"https:\/\/externalia.lebranders.es\/wp-content\/uploads\/2026\/05\/CAE-cuando-responde-la-empresa-principal-por-sus-contratas-eGestiona-1-980x653.png 980w, https:\/\/externalia.lebranders.es\/wp-content\/uploads\/2026\/05\/CAE-cuando-responde-la-empresa-principal-por-sus-contratas-eGestiona-1-480x320.png 480w\" sizes=\"(min-width: 0px) and (max-width: 480px) 480px, (min-width: 481px) and (max-width: 980px) 980px, (min-width: 981px) 1024px, 100vw\" \/>\t\t\t\t\t<\/a>\n\t\t\t\t\t\t\t\t\t<\/div>\n\t\t\t\t\t\t<h4 class=\"uagb-post__title uagb-post__text\">\n\t\t\t\t<a href=\"https:\/\/externalia.lebranders.es\/en\/responsabilidad-solidaria-subsidiaria-cae\/\" target=\"_self\" rel=\"bookmark noopener noreferrer\">Responsabilidad solidaria y subsidiaria en la CAE: cu\u00e1ndo responde la empresa principal<\/a>\n\t\t\t<\/h4>\n\t\t\t\t\t\t<div class='uagb-post__text uagb-post-grid-byline'>\n\t\t\t\t\t\t\t\t<div class=\"uagb-post__text\">\n\t\t\t\t\t<span class='uagb-post__taxonomy'>\n\t\t\t\t\t\t\t\t\t\t\t\t<a href=\"https:\/\/externalia.lebranders.es\/en\/software-cae\/control-operativo-y-gestion-de-contratistas\/\">Control operativo &amp; gesti\u00f3n de contratistas<\/a>,&nbsp;<a href=\"https:\/\/externalia.lebranders.es\/en\/software-cae\/compliance-y-normativa\/\">Compliance &amp; normativa\u00a0<\/a>,&nbsp;<a href=\"https:\/\/externalia.lebranders.es\/en\/software-cae\/prl\/\">PRL<\/a>,&nbsp;<a href=\"https:\/\/externalia.lebranders.es\/en\/software-cae\/\">Software CAE<\/a>\t\t\t\t\t<\/span>\n\t\t\t\t<\/div>\n\t\t\t\t\t\t\t<\/div>\n\t\t\t\t\t\t\t<div class='uagb-post__text uagb-post__excerpt'>\n\t\t\t\t\tLa empresa principal puede responder solidariamente por las infracciones de sus contratas en materia de PRL y Seguridad Social. Analizamos cu\u00e1ndo, en qu\u00e9&#8230;\t\t\t\t<\/div>\n\t\t\t\t\t\t<div class=\"uagb-post__text uagb-post__cta wp-block-button\">\n\t\t\t\t<a class=\"wp-block-button__link uagb-text-link\" style=\"\" href=\"https:\/\/externalia.lebranders.es\/en\/responsabilidad-solidaria-subsidiaria-cae\/\" target=\"_self\" rel=\"bookmark noopener noreferrer\">Read More<\/a>\n\t\t\t<\/div>\n\t\t\t\n\t\t\t\t\t\t\t\t\t<\/article>\n\t\t\t\t\t\t\t\t\t\t\t\t\t\t\t\t<article class=\"uagb-post__inner-wrap\">\t\t\t\t\t\t\t\t<div class='uagb-post__image'>\n\t\t\t\t\t\t\t\t\t<a href=\"https:\/\/externalia.lebranders.es\/en\/riesgos-psicosociales-obligaciones-reforma-prl-2026\/\" target=\"_self\" rel=\"bookmark noopener noreferrer\"><img loading=\"lazy\" decoding=\"async\" width=\"1024\" height=\"683\" src=\"https:\/\/externalia.lebranders.es\/wp-content\/uploads\/2026\/05\/Riesgos-psicosociales-PRL-Externalia-Solutions-1024x683.png\" class=\"attachment-large size-large\" alt=\"Evaluaci\u00f3n de riesgos psicosociales en la empresa \u2013 nuevas obligaciones reforma Ley PRL 2026\" srcset=\"https:\/\/externalia.lebranders.es\/wp-content\/uploads\/2026\/05\/Riesgos-psicosociales-PRL-Externalia-Solutions-980x653.png 980w, https:\/\/externalia.lebranders.es\/wp-content\/uploads\/2026\/05\/Riesgos-psicosociales-PRL-Externalia-Solutions-480x320.png 480w\" sizes=\"(min-width: 0px) and (max-width: 480px) 480px, (min-width: 481px) and (max-width: 980px) 980px, (min-width: 981px) 1024px, 100vw\" \/>\t\t\t\t\t<\/a>\n\t\t\t\t\t\t\t\t\t<\/div>\n\t\t\t\t\t\t<h4 class=\"uagb-post__title uagb-post__text\">\n\t\t\t\t<a href=\"https:\/\/externalia.lebranders.es\/en\/riesgos-psicosociales-obligaciones-reforma-prl-2026\/\" target=\"_self\" rel=\"bookmark noopener noreferrer\">Riesgos psicosociales en la empresa: nuevas obligaciones legales tras la reforma de la Ley PRL 2026<\/a>\n\t\t\t<\/h4>\n\t\t\t\t\t\t<div class='uagb-post__text uagb-post-grid-byline'>\n\t\t\t\t\t\t\t\t<div class=\"uagb-post__text\">\n\t\t\t\t\t<span class='uagb-post__taxonomy'>\n\t\t\t\t\t\t\t\t\t\t\t\t<a href=\"https:\/\/externalia.lebranders.es\/en\/software-cae\/prl\/\">PRL<\/a>,&nbsp;<a href=\"https:\/\/externalia.lebranders.es\/en\/software-cae\/compliance-y-normativa\/\">Compliance &amp; normativa\u00a0<\/a>\t\t\t\t\t<\/span>\n\t\t\t\t<\/div>\n\t\t\t\t\t\t\t<\/div>\n\t\t\t\t\t\t\t<div class='uagb-post__text uagb-post__excerpt'>\n\t\t\t\t\tEl nuevo art\u00edculo 16.2 de la Ley 31\/1995 convierte la evaluaci\u00f3n de riesgos psicosociales en obligaci\u00f3n legal expresa. Descubre qu\u00e9 debe hacer tu&#8230;\t\t\t\t<\/div>\n\t\t\t\t\t\t<div class=\"uagb-post__text uagb-post__cta wp-block-button\">\n\t\t\t\t<a class=\"wp-block-button__link uagb-text-link\" style=\"\" href=\"https:\/\/externalia.lebranders.es\/en\/riesgos-psicosociales-obligaciones-reforma-prl-2026\/\" target=\"_self\" rel=\"bookmark noopener noreferrer\">Read More<\/a>\n\t\t\t<\/div>\n\t\t\t\n\t\t\t\t\t\t\t\t\t<\/article>\n\t\t\t\t\t\t\t\t\t\t\t\t\t\t\t\t<article class=\"uagb-post__inner-wrap\">\t\t\t\t\t\t\t\t<div class='uagb-post__image'>\n\t\t\t\t\t\t\t\t\t<a href=\"https:\/\/externalia.lebranders.es\/en\/obligaciones-contratista-subcontratista-prl-cae\/\" target=\"_self\" rel=\"bookmark noopener noreferrer\"><img loading=\"lazy\" decoding=\"async\" width=\"1024\" height=\"683\" src=\"https:\/\/externalia.lebranders.es\/wp-content\/uploads\/2026\/05\/Obligaciones-del-contratista-Externalia-Solutions-1024x683.png\" class=\"attachment-large size-large\" alt=\"T\u00e9cnico de PRL supervisando documentaci\u00f3n CAE de contratistas y subcontratistas en obra de construcci\u00f3n con plataforma eGestiona\" srcset=\"https:\/\/externalia.lebranders.es\/wp-content\/uploads\/2026\/05\/Obligaciones-del-contratista-Externalia-Solutions-980x653.png 980w, https:\/\/externalia.lebranders.es\/wp-content\/uploads\/2026\/05\/Obligaciones-del-contratista-Externalia-Solutions-480x320.png 480w\" sizes=\"(min-width: 0px) and (max-width: 480px) 480px, (min-width: 481px) and (max-width: 980px) 980px, (min-width: 981px) 1024px, 100vw\" \/>\t\t\t\t\t<\/a>\n\t\t\t\t\t\t\t\t\t<\/div>\n\t\t\t\t\t\t<h4 class=\"uagb-post__title uagb-post__text\">\n\t\t\t\t<a href=\"https:\/\/externalia.lebranders.es\/en\/obligaciones-contratista-subcontratista-prl-cae\/\" target=\"_self\" rel=\"bookmark noopener noreferrer\">Obligaciones del contratista y subcontratista en PRL y CAE: la gu\u00eda definitiva para empresas en entornos de riesgo<\/a>\n\t\t\t<\/h4>\n\t\t\t\t\t\t<div class='uagb-post__text uagb-post-grid-byline'>\n\t\t\t\t\t\t\t\t<div class=\"uagb-post__text\">\n\t\t\t\t\t<span class='uagb-post__taxonomy'>\n\t\t\t\t\t\t\t\t\t\t\t\t<a href=\"https:\/\/externalia.lebranders.es\/en\/software-cae\/\">Software CAE<\/a>,&nbsp;<a href=\"https:\/\/externalia.lebranders.es\/en\/software-cae\/compliance-y-normativa\/\">Compliance &amp; normativa\u00a0<\/a>,&nbsp;<a href=\"https:\/\/externalia.lebranders.es\/en\/software-cae\/prl\/\">PRL<\/a>\t\t\t\t\t<\/span>\n\t\t\t\t<\/div>\n\t\t\t\t\t\t\t<\/div>\n\t\t\t\t\t\t\t<div class='uagb-post__text uagb-post__excerpt'>\n\t\t\t\t\t\u00bfCu\u00e1les son las obligaciones del contratista y el subcontratista en PRL y CAE? Esta gu\u00eda completa analiza la normativa vigente, la responsabilidad solidaria,&#8230;\t\t\t\t<\/div>\n\t\t\t\t\t\t<div class=\"uagb-post__text uagb-post__cta wp-block-button\">\n\t\t\t\t<a class=\"wp-block-button__link uagb-text-link\" style=\"\" href=\"https:\/\/externalia.lebranders.es\/en\/obligaciones-contratista-subcontratista-prl-cae\/\" target=\"_self\" rel=\"bookmark noopener noreferrer\">Read More<\/a>\n\t\t\t<\/div>\n\t\t\t\n\t\t\t\t\t\t\t\t\t<\/article>\n\t\t\t\t\t\t\t\t\t\t\t\t\t\t\t\t<article class=\"uagb-post__inner-wrap\">\t\t\t\t\t\t\t\t<div class='uagb-post__image'>\n\t\t\t\t\t\t\t\t\t<a href=\"https:\/\/externalia.lebranders.es\/en\/verificacion-ita-diaria-cae-contratistas\/\" target=\"_self\" rel=\"bookmark noopener noreferrer\"><img loading=\"lazy\" decoding=\"async\" width=\"1024\" height=\"683\" src=\"https:\/\/externalia.lebranders.es\/wp-content\/uploads\/2026\/04\/Verificacion-ITA-diaria-CAE-Externalia-Solutions-1024x683.png\" class=\"attachment-large size-large\" alt=\"Verificaci\u00f3n-ITA-diaria-CAE-Externalia\" srcset=\"https:\/\/externalia.lebranders.es\/wp-content\/uploads\/2026\/04\/Verificacion-ITA-diaria-CAE-Externalia-Solutions-980x653.png 980w, https:\/\/externalia.lebranders.es\/wp-content\/uploads\/2026\/04\/Verificacion-ITA-diaria-CAE-Externalia-Solutions-480x320.png 480w\" sizes=\"(min-width: 0px) and (max-width: 480px) 480px, (min-width: 481px) and (max-width: 980px) 980px, (min-width: 981px) 1024px, 100vw\" \/>\t\t\t\t\t<\/a>\n\t\t\t\t\t\t\t\t\t<\/div>\n\t\t\t\t\t\t<h4 class=\"uagb-post__title uagb-post__text\">\n\t\t\t\t<a href=\"https:\/\/externalia.lebranders.es\/en\/verificacion-ita-diaria-cae-contratistas\/\" target=\"_self\" rel=\"bookmark noopener noreferrer\">Verificaci\u00f3n ITA diaria en la CAE: por qu\u00e9 el documento mensual ya no es suficiente para controlar el alta de tus contratistas en la Seguridad Social<\/a>\n\t\t\t<\/h4>\n\t\t\t\t\t\t<div class='uagb-post__text uagb-post-grid-byline'>\n\t\t\t\t\t\t\t\t<div class=\"uagb-post__text\">\n\t\t\t\t\t<span class='uagb-post__taxonomy'>\n\t\t\t\t\t\t\t\t\t\t\t\t<a href=\"https:\/\/externalia.lebranders.es\/en\/software-cae\/control-operativo-y-gestion-de-contratistas\/\">Control operativo &amp; gesti\u00f3n de contratistas<\/a>,&nbsp;<a href=\"https:\/\/externalia.lebranders.es\/en\/software-cae\/compliance-y-normativa\/\">Compliance &amp; normativa\u00a0<\/a>,&nbsp;<a href=\"https:\/\/externalia.lebranders.es\/en\/software-cae\/prl\/\">PRL<\/a>,&nbsp;<a href=\"https:\/\/externalia.lebranders.es\/en\/software-cae\/\">Software CAE<\/a>\t\t\t\t\t<\/span>\n\t\t\t\t<\/div>\n\t\t\t\t\t\t\t<\/div>\n\t\t\t\t\t\t\t<div class='uagb-post__text uagb-post__excerpt'>\n\t\t\t\t\tLa coordinaci\u00f3n de actividades empresariales ha evolucionado significativamente en los \u00faltimos a\u00f1os. Sin embargo, uno de los puntos cr\u00edticos que contin\u00faa generando incidencias&#8230;\t\t\t\t<\/div>\n\t\t\t\t\t\t<div class=\"uagb-post__text uagb-post__cta wp-block-button\">\n\t\t\t\t<a class=\"wp-block-button__link uagb-text-link\" style=\"\" href=\"https:\/\/externalia.lebranders.es\/en\/verificacion-ita-diaria-cae-contratistas\/\" target=\"_self\" rel=\"bookmark noopener noreferrer\">Read More<\/a>\n\t\t\t<\/div>\n\t\t\t\n\t\t\t\t\t\t\t\t\t<\/article>\n\t\t\t\t\t\t\t\t\t\t\t\t\t\t\t\t<article class=\"uagb-post__inner-wrap\">\t\t\t\t\t\t\t\t<div class='uagb-post__image'>\n\t\t\t\t\t\t\t\t\t<a href=\"https:\/\/externalia.lebranders.es\/en\/esg-prl-sst-reporting-cadena-suministro\/\" target=\"_self\" rel=\"bookmark noopener noreferrer\"><img loading=\"lazy\" decoding=\"async\" width=\"1024\" height=\"683\" src=\"https:\/\/externalia.lebranders.es\/wp-content\/uploads\/2026\/03\/ESG-Externalia-Sostenibilidad-1024x683.png\" class=\"attachment-large size-large\" alt=\"t\u00e9cnico con tablet en entorno industrial \/ reuni\u00f3n de auditor\u00eda con documentaci\u00f3n \/ infograf\u00eda ESG-PRL\" srcset=\"https:\/\/externalia.lebranders.es\/wp-content\/uploads\/2026\/03\/ESG-Externalia-Sostenibilidad-980x653.png 980w, https:\/\/externalia.lebranders.es\/wp-content\/uploads\/2026\/03\/ESG-Externalia-Sostenibilidad-480x320.png 480w\" sizes=\"(min-width: 0px) and (max-width: 480px) 480px, (min-width: 481px) and (max-width: 980px) 980px, (min-width: 981px) 1024px, 100vw\" \/>\t\t\t\t\t<\/a>\n\t\t\t\t\t\t\t\t\t<\/div>\n\t\t\t\t\t\t<h4 class=\"uagb-post__title uagb-post__text\">\n\t\t\t\t<a href=\"https:\/\/externalia.lebranders.es\/en\/esg-prl-sst-reporting-cadena-suministro\/\" target=\"_self\" rel=\"bookmark noopener noreferrer\">ESG y PRL: por qu\u00e9 la Seguridad y Salud en el Trabajo ya se audita como parte de la sostenibilidad (CSRD, CSDDD y cadena de suministro)<\/a>\n\t\t\t<\/h4>\n\t\t\t\t\t\t<div class='uagb-post__text uagb-post-grid-byline'>\n\t\t\t\t\t\t\t\t<div class=\"uagb-post__text\">\n\t\t\t\t\t<span class='uagb-post__taxonomy'>\n\t\t\t\t\t\t\t\t\t\t\t\t<a href=\"https:\/\/externalia.lebranders.es\/en\/software-cae\/prl\/\">PRL<\/a>,&nbsp;<a href=\"https:\/\/externalia.lebranders.es\/en\/software-cae\/compliance-y-normativa\/\">Compliance &amp; normativa\u00a0<\/a>,&nbsp;<a href=\"https:\/\/externalia.lebranders.es\/en\/software-cae\/sostenibilidad\/\">Sostenibilidad<\/a>\t\t\t\t\t<\/span>\n\t\t\t\t<\/div>\n\t\t\t\t\t\t\t<\/div>\n\t\t\t\t\t\t\t<div class='uagb-post__text uagb-post__excerpt'>\n\t\t\t\t\t<p>Durante a\u00f1os, la Prevenci\u00f3n de Riesgos Laborales (PRL) y los departamentos de sostenibilidad de las empresas han transitado por caminos paralelos, raramente convergentes&#8230;.\t\t\t\t<\/div>\n\t\t\t\t\t\t<div class=\"uagb-post__text uagb-post__cta wp-block-button\">\n\t\t\t\t<a class=\"wp-block-button__link uagb-text-link\" style=\"\" href=\"https:\/\/externalia.lebranders.es\/en\/esg-prl-sst-reporting-cadena-suministro\/\" target=\"_self\" rel=\"bookmark noopener noreferrer\">Read More<\/a>\n\t\t\t<\/div>\n\t\t\t\n\t\t\t\t\t\t\t\t\t<\/article>\n\t\t\t\t\t\t\t\t\t\t\t<\/div>\n\t\t\t\n\n\n<p class=\"wp-block-paragraph\"><\/p>","protected":false},"excerpt":{"rendered":"<p>Integrar ISO 45001 e ISO 14001 con la CAE permite convertir requisitos de seguridad y medio ambiente en reglas operativas: validaci\u00f3n documental, permisos de trabajo, control de accesos y evidencias auditables. Gu\u00eda pr\u00e1ctica para contratistas en miner\u00eda e industria y KPIs clave, con enfoque de plataforma eGestiona.<\/p>","protected":false},"author":3,"featured_media":5031,"comment_status":"open","ping_status":"open","sticky":false,"template":"","format":"standard","meta":{"_et_pb_use_builder":"off","_et_pb_old_content":"","_et_gb_content_width":"","_uag_custom_page_level_css":"","footnotes":""},"categories":[124,126],"tags":[23,293,294,295,26,27,28,296,297,298,299,300,302,222,30,40,303,41,43],"class_list":["post-4403","post","type-post","status-publish","format-standard","has-post-thumbnail","hentry","category-software-cae","category-compliance-y-normativa","tag-auditorias","tag-cae-industria","tag-cae-mineria","tag-control-de-accesos-prl","tag-cumplimiento","tag-cumplimiento-normativo","tag-egestiona","tag-evidencias-auditoria-iso","tag-gestion-documental-contratistas","tag-iso-14001-contratistas","tag-iso-45001-cae","tag-kpis-prl-ambientales","tag-permisos-de-trabajo-contratistas","tag-plataforma-cae-egestiona","tag-plataforma-de-gestion-documental","tag-seguridad","tag-sst","tag-transparencia","tag-validacion-documental"],"uagb_featured_image_src":{"full":["https:\/\/externalia.lebranders.es\/wp-content\/uploads\/2025\/09\/Externalia-Solutions-ISO-45001.png",1536,1024,false],"thumbnail":["https:\/\/externalia.lebranders.es\/wp-content\/uploads\/2025\/09\/Externalia-Solutions-ISO-45001-150x150.png",150,150,true],"medium":["https:\/\/externalia.lebranders.es\/wp-content\/uploads\/2025\/09\/Externalia-Solutions-ISO-45001-300x200.png",300,200,true],"medium_large":["https:\/\/externalia.lebranders.es\/wp-content\/uploads\/2025\/09\/Externalia-Solutions-ISO-45001-768x512.png",768,512,true],"large":["https:\/\/externalia.lebranders.es\/wp-content\/uploads\/2025\/09\/Externalia-Solutions-ISO-45001-1024x683.png",1024,683,true],"1536x1536":["https:\/\/externalia.lebranders.es\/wp-content\/uploads\/2025\/09\/Externalia-Solutions-ISO-45001.png",1536,1024,false],"2048x2048":["https:\/\/externalia.lebranders.es\/wp-content\/uploads\/2025\/09\/Externalia-Solutions-ISO-45001.png",1536,1024,false],"trp-custom-language-flag":["https:\/\/externalia.lebranders.es\/wp-content\/uploads\/2025\/09\/Externalia-Solutions-ISO-45001-18x12.png",18,12,true],"et-pb-post-main-image":["https:\/\/externalia.lebranders.es\/wp-content\/uploads\/2025\/09\/Externalia-Solutions-ISO-45001-400x250.png",400,250,true],"et-pb-post-main-image-fullwidth":["https:\/\/externalia.lebranders.es\/wp-content\/uploads\/2025\/09\/Externalia-Solutions-ISO-45001-1080x675.png",1080,675,true],"et-pb-portfolio-image":["https:\/\/externalia.lebranders.es\/wp-content\/uploads\/2025\/09\/Externalia-Solutions-ISO-45001-400x284.png",400,284,true],"et-pb-portfolio-module-image":["https:\/\/externalia.lebranders.es\/wp-content\/uploads\/2025\/09\/Externalia-Solutions-ISO-45001-510x382.png",510,382,true],"et-pb-portfolio-image-single":["https:\/\/externalia.lebranders.es\/wp-content\/uploads\/2025\/09\/Externalia-Solutions-ISO-45001-1080x720.png",1080,720,true],"et-pb-gallery-module-image-portrait":["https:\/\/externalia.lebranders.es\/wp-content\/uploads\/2025\/09\/Externalia-Solutions-ISO-45001-400x516.png",400,516,true],"et-pb-post-main-image-fullwidth-large":["https:\/\/externalia.lebranders.es\/wp-content\/uploads\/2025\/09\/Externalia-Solutions-ISO-45001.png",1536,1024,false],"et-pb-image--responsive--desktop":["https:\/\/externalia.lebranders.es\/wp-content\/uploads\/2025\/09\/Externalia-Solutions-ISO-45001-1280x853.png",1080,720,true],"et-pb-image--responsive--tablet":["https:\/\/externalia.lebranders.es\/wp-content\/uploads\/2025\/09\/Externalia-Solutions-ISO-45001-980x653.png",827,551,true],"et-pb-image--responsive--phone":["https:\/\/externalia.lebranders.es\/wp-content\/uploads\/2025\/09\/Externalia-Solutions-ISO-45001-480x320.png",405,270,true]},"uagb_author_info":{"display_name":"Silvia Martorell","author_link":"https:\/\/externalia.lebranders.es\/en\/author\/silvia\/"},"uagb_comment_info":0,"uagb_excerpt":"Integrar ISO 45001 e ISO 14001 con la CAE permite convertir requisitos de seguridad y medio ambiente en reglas operativas: validaci\u00f3n documental, permisos de trabajo, control de accesos y evidencias auditables. Gu\u00eda pr\u00e1ctica para contratistas en miner\u00eda e industria y KPIs clave, con enfoque de plataforma eGestiona.","_links":{"self":[{"href":"https:\/\/externalia.lebranders.es\/en\/wp-json\/wp\/v2\/posts\/4403","targetHints":{"allow":["GET"]}}],"collection":[{"href":"https:\/\/externalia.lebranders.es\/en\/wp-json\/wp\/v2\/posts"}],"about":[{"href":"https:\/\/externalia.lebranders.es\/en\/wp-json\/wp\/v2\/types\/post"}],"author":[{"embeddable":true,"href":"https:\/\/externalia.lebranders.es\/en\/wp-json\/wp\/v2\/users\/3"}],"replies":[{"embeddable":true,"href":"https:\/\/externalia.lebranders.es\/en\/wp-json\/wp\/v2\/comments?post=4403"}],"version-history":[{"count":2,"href":"https:\/\/externalia.lebranders.es\/en\/wp-json\/wp\/v2\/posts\/4403\/revisions"}],"predecessor-version":[{"id":5032,"href":"https:\/\/externalia.lebranders.es\/en\/wp-json\/wp\/v2\/posts\/4403\/revisions\/5032"}],"wp:featuredmedia":[{"embeddable":true,"href":"https:\/\/externalia.lebranders.es\/en\/wp-json\/wp\/v2\/media\/5031"}],"wp:attachment":[{"href":"https:\/\/externalia.lebranders.es\/en\/wp-json\/wp\/v2\/media?parent=4403"}],"wp:term":[{"taxonomy":"category","embeddable":true,"href":"https:\/\/externalia.lebranders.es\/en\/wp-json\/wp\/v2\/categories?post=4403"},{"taxonomy":"post_tag","embeddable":true,"href":"https:\/\/externalia.lebranders.es\/en\/wp-json\/wp\/v2\/tags?post=4403"}],"curies":[{"name":"wp","href":"https:\/\/api.w.org\/{rel}","templated":true}]}}