{"id":4433,"date":"2025-10-06T10:55:50","date_gmt":"2025-10-06T10:55:50","guid":{"rendered":"https:\/\/egestiona.com\/?p=4433"},"modified":"2026-06-12T10:40:24","modified_gmt":"2026-06-12T10:40:24","slug":"riesgos-construccion-metal-prl-cae","status":"publish","type":"post","link":"https:\/\/externalia.lebranders.es\/en\/riesgos-construccion-metal-prl-cae\/","title":{"rendered":"Riesgos m\u00e1s comunes de seguridad en construcci\u00f3n y metal (y c\u00f3mo controlarlos con CAE y PRL)"},"content":{"rendered":"<p class=\"wp-block-paragraph\"><strong>Los riesgos<\/strong> en los sectores de la <strong>construcci\u00f3n y el metal <\/strong>son una consecuencia inherente de su actividad y representan uno de los principales desaf\u00edos para empresas y trabajadores. Aunque ambas industrias sostienen una parte clave de la econom\u00eda en Espa\u00f1a y Latinoam\u00e9rica, operan en entornos complejos donde confluyen trabajos en altura, equipos m\u00f3viles, herramientas de corte, soldadura, sustancias peligrosas, cambios frecuentes de frente de trabajo y una elevada subcontrataci\u00f3n. Sin una gesti\u00f3n preventiva s\u00f3lida y trazable, aumenta la probabilidad de accidentes y no conformidades.<\/p>\n\n\n\n<p class=\"wp-block-paragraph\">Este art\u00edculo resume los riesgos m\u00e1s habituales y ofrece pautas aplicables para equipos de PRL, Seguridad y RR. HH., integrando la <strong><a href=\"https:\/\/externalia.lebranders.es\/software-cae-plataforma-contratas-subcontratas\/\" target=\"_blank\" rel=\"noreferrer noopener\">Coordinaci\u00f3n de Actividades Empresariales (CAE)<\/a><\/strong>, la <strong>validaci\u00f3n documental<\/strong> y el <strong>control operativo<\/strong>.<\/p>\n\n\n\n<div id=\"ez-toc-container\" class=\"ez-toc-v2_0_87 ez-toc-wrap-left counter-hierarchy ez-toc-counter ez-toc-grey ez-toc-container-direction\">\n<div class=\"ez-toc-title-container\">\n<p class=\"ez-toc-title\" style=\"cursor:inherit\">Tabla de contenido<\/p>\n<span class=\"ez-toc-title-toggle\"><a href=\"#\" class=\"ez-toc-pull-right ez-toc-btn ez-toc-btn-xs ez-toc-btn-default ez-toc-toggle\" aria-label=\"Toggle Table of Content\"><span class=\"ez-toc-js-icon-con\"><span class=\"\"><span class=\"eztoc-hide\" style=\"display:none;\">Toggle<\/span><span class=\"ez-toc-icon-toggle-span\"><svg style=\"fill: #999;color:#999\" xmlns=\"http:\/\/www.w3.org\/2000\/svg\" class=\"list-377408\" width=\"20px\" height=\"20px\" viewbox=\"0 0 24 24\" fill=\"none\"><path d=\"M6 6H4v2h2V6zm14 0H8v2h12V6zM4 11h2v2H4v-2zm16 0H8v2h12v-2zM4 16h2v2H4v-2zm16 0H8v2h12v-2z\" fill=\"currentColor\"><\/path><\/svg><svg style=\"fill: #999;color:#999\" class=\"arrow-unsorted-368013\" xmlns=\"http:\/\/www.w3.org\/2000\/svg\" width=\"10px\" height=\"10px\" viewbox=\"0 0 24 24\" version=\"1.2\" baseprofile=\"tiny\"><path d=\"M18.2 9.3l-6.2-6.3-6.2 6.3c-.2.2-.3.4-.3.7s.1.5.3.7c.2.2.4.3.7.3h11c.3 0 .5-.1.7-.3.2-.2.3-.5.3-.7s-.1-.5-.3-.7zM5.8 14.7l6.2 6.3 6.2-6.3c.2-.2.3-.5.3-.7s-.1-.5-.3-.7c-.2-.2-.4-.3-.7-.3h-11c-.3 0-.5.1-.7.3-.2.2-.3.5-.3.7s.1.5.3.7z\"\/><\/svg><\/span><\/span><\/span><\/a><\/span><\/div>\n<nav><ul class='ez-toc-list ez-toc-list-level-1' ><li class='ez-toc-page-1 ez-toc-heading-level-2'><a class=\"ez-toc-link ez-toc-heading-1\" href=\"https:\/\/externalia.lebranders.es\/en\/riesgos-construccion-metal-prl-cae\/#Construccion_riesgos_criticos_y_controles\" >Construcci\u00f3n: riesgos cr\u00edticos y controles<\/a><ul class='ez-toc-list-level-3' ><li class='ez-toc-heading-level-3'><a class=\"ez-toc-link ez-toc-heading-2\" href=\"https:\/\/externalia.lebranders.es\/en\/riesgos-construccion-metal-prl-cae\/#Caidas_a_distinto_nivel\" >Ca\u00eddas a distinto nivel<\/a><\/li><li class='ez-toc-page-1 ez-toc-heading-level-3'><a class=\"ez-toc-link ez-toc-heading-3\" href=\"https:\/\/externalia.lebranders.es\/en\/riesgos-construccion-metal-prl-cae\/#Golpes_atrapamientos_y_cortes\" >Golpes, atrapamientos y cortes<\/a><\/li><li class='ez-toc-page-1 ez-toc-heading-level-3'><a class=\"ez-toc-link ez-toc-heading-4\" href=\"https:\/\/externalia.lebranders.es\/en\/riesgos-construccion-metal-prl-cae\/#Contactos_electricos\" >Contactos el\u00e9ctricos<\/a><\/li><li class='ez-toc-page-1 ez-toc-heading-level-3'><a class=\"ez-toc-link ez-toc-heading-5\" href=\"https:\/\/externalia.lebranders.es\/en\/riesgos-construccion-metal-prl-cae\/#Caida_de_objetos\" >Ca\u00edda de objetos<\/a><\/li><li class='ez-toc-page-1 ez-toc-heading-level-3'><a class=\"ez-toc-link ez-toc-heading-6\" href=\"https:\/\/externalia.lebranders.es\/en\/riesgos-construccion-metal-prl-cae\/#Manipulacion_manual_de_cargas\" >Manipulaci\u00f3n manual de cargas<\/a><\/li><\/ul><\/li><li class='ez-toc-page-1 ez-toc-heading-level-2'><a class=\"ez-toc-link ez-toc-heading-7\" href=\"https:\/\/externalia.lebranders.es\/en\/riesgos-construccion-metal-prl-cae\/#Metal_riesgos_criticos_y_controles\" >Metal: riesgos cr\u00edticos y controles<\/a><ul class='ez-toc-list-level-3' ><li class='ez-toc-heading-level-3'><a class=\"ez-toc-link ez-toc-heading-8\" href=\"https:\/\/externalia.lebranders.es\/en\/riesgos-construccion-metal-prl-cae\/#Cortes_y_amputaciones_en_maquinas\" >Cortes y amputaciones en m\u00e1quinas<\/a><\/li><li class='ez-toc-page-1 ez-toc-heading-level-3'><a class=\"ez-toc-link ez-toc-heading-9\" href=\"https:\/\/externalia.lebranders.es\/en\/riesgos-construccion-metal-prl-cae\/#Proyeccion_de_particulas_y_radiacion_optica\" >Proyecci\u00f3n de part\u00edculas y radiaci\u00f3n \u00f3ptica<\/a><\/li><li class='ez-toc-page-1 ez-toc-heading-level-3'><a class=\"ez-toc-link ez-toc-heading-10\" href=\"https:\/\/externalia.lebranders.es\/en\/riesgos-construccion-metal-prl-cae\/#Sustancias_peligrosas_y_humos\" >Sustancias peligrosas y humos<\/a><\/li><li class='ez-toc-page-1 ez-toc-heading-level-3'><a class=\"ez-toc-link ez-toc-heading-11\" href=\"https:\/\/externalia.lebranders.es\/en\/riesgos-construccion-metal-prl-cae\/#Ruido_y_vibracion\" >Ruido y vibraci\u00f3n<\/a><\/li><li class='ez-toc-page-1 ez-toc-heading-level-3'><a class=\"ez-toc-link ez-toc-heading-12\" href=\"https:\/\/externalia.lebranders.es\/en\/riesgos-construccion-metal-prl-cae\/#Fatigaposturas_forzadas\" >Fatiga\/posturas forzadas<\/a><\/li><\/ul><\/li><li class='ez-toc-page-1 ez-toc-heading-level-2'><a class=\"ez-toc-link ez-toc-heading-13\" href=\"https:\/\/externalia.lebranders.es\/en\/riesgos-construccion-metal-prl-cae\/#De_la_teoria_a_la_practica_PRL_CAE_integradas\" >De la teor\u00eda a la pr\u00e1ctica: PRL + CAE integradas<\/a><ul class='ez-toc-list-level-3' ><li class='ez-toc-heading-level-3'><a class=\"ez-toc-link ez-toc-heading-14\" href=\"https:\/\/externalia.lebranders.es\/en\/riesgos-construccion-metal-prl-cae\/#Solicita_una_demo_gratuita\" >Solicita una demo gratuita<\/a><\/li><\/ul><\/li><\/ul><\/nav><\/div>\n<h2 class=\"wp-block-heading\"><span class=\"ez-toc-section\" id=\"Construccion_riesgos_criticos_y_controles\"><\/span><strong>Construcci\u00f3n: riesgos cr\u00edticos y controles<\/strong><span class=\"ez-toc-section-end\"><\/span><\/h2>\n\n\n\n<p class=\"wp-block-paragraph\"><\/p>\n\n\n\n<h3 class=\"wp-block-heading\"><span class=\"ez-toc-section\" id=\"Caidas_a_distinto_nivel\"><\/span><strong>Ca\u00eddas a distinto nivel<\/strong><span class=\"ez-toc-section-end\"><\/span><\/h3>\n\n\n\n<ul class=\"wp-block-list\">\n<li><em>Controles:<\/em> l\u00ednea de vida\/andamios certificados, barandillas, redes, <strong>arn\u00e9s y formaci\u00f3n espec\u00edfica<\/strong>; permisos de trabajo en altura y <strong><a href=\"https:\/\/externalia.lebranders.es\/control-accesos-cumplimiento-documental-prl-cae\/\" target=\"_blank\" rel=\"noreferrer noopener\">bloqueo de accesos<\/a><\/strong> si la formaci\u00f3n\/EPIs est\u00e1n caducados.<\/li>\n<\/ul>\n\n\n\n<h3 class=\"wp-block-heading\"><span class=\"ez-toc-section\" id=\"Golpes_atrapamientos_y_cortes\"><\/span><strong>Golpes, atrapamientos y cortes<\/strong><span class=\"ez-toc-section-end\"><\/span><\/h3>\n\n\n\n<ul class=\"wp-block-list\">\n<li><em>Controles:<\/em> resguardos, bloqueo\/etiquetado (LOTO), se\u00f1alizaci\u00f3n, checklists diarios de equipos y <strong>mantenimiento preventivo<\/strong>.<\/li>\n<\/ul>\n\n\n\n<h3 class=\"wp-block-heading\"><span class=\"ez-toc-section\" id=\"Contactos_electricos\"><\/span><strong>Contactos el\u00e9ctricos<\/strong><span class=\"ez-toc-section-end\"><\/span><\/h3>\n\n\n\n<ul class=\"wp-block-list\">\n<li><em>Controles:<\/em> evaluaci\u00f3n previa de instalaciones, protecciones diferenciales, autorizaci\u00f3n de trabajos, consignaciones y verificaci\u00f3n por personal cualificado.<\/li>\n<\/ul>\n\n\n\n<h3 class=\"wp-block-heading\"><span class=\"ez-toc-section\" id=\"Caida_de_objetos\"><\/span><strong>Ca\u00edda de objetos<\/strong><span class=\"ez-toc-section-end\"><\/span><\/h3>\n\n\n\n<ul class=\"wp-block-list\">\n<li><em>Controles:<\/em> orden y limpieza, redes antica\u00eddas, zonas acotadas, prohibici\u00f3n de paso y <strong>control de cargas<\/strong>.<\/li>\n<\/ul>\n\n\n\n<h3 class=\"wp-block-heading\"><span class=\"ez-toc-section\" id=\"Manipulacion_manual_de_cargas\"><\/span><strong>Manipulaci\u00f3n manual de cargas<\/strong><span class=\"ez-toc-section-end\"><\/span><\/h3>\n\n\n\n<ul class=\"wp-block-list\">\n<li><em>Controles:<\/em> ayudas mec\u00e1nicas, t\u00e9cnica de levantamiento, rotaci\u00f3n de tareas y evaluaci\u00f3n ergon\u00f3mica.<\/li>\n<\/ul>\n\n\n\n<h2 class=\"wp-block-heading\"><span class=\"ez-toc-section\" id=\"Metal_riesgos_criticos_y_controles\"><\/span><strong>Metal: riesgos cr\u00edticos y controles<\/strong><span class=\"ez-toc-section-end\"><\/span><\/h2>\n\n\n\n<p class=\"wp-block-paragraph\"><\/p>\n\n\n\n<h3 class=\"wp-block-heading\"><span class=\"ez-toc-section\" id=\"Cortes_y_amputaciones_en_maquinas\"><\/span><strong>Cortes y amputaciones en m\u00e1quinas<\/strong><span class=\"ez-toc-section-end\"><\/span><\/h3>\n\n\n\n<ul class=\"wp-block-list\">\n<li><em>Controles:<\/em> resguardos y enclavamientos, botoneras de emergencia, <strong>autorizaciones internas por equipo<\/strong> y formaci\u00f3n espec\u00edfica.<\/li>\n<\/ul>\n\n\n\n<h3 class=\"wp-block-heading\"><span class=\"ez-toc-section\" id=\"Proyeccion_de_particulas_y_radiacion_optica\"><\/span><strong>Proyecci\u00f3n de part\u00edculas y radiaci\u00f3n \u00f3ptica<\/strong><span class=\"ez-toc-section-end\"><\/span><\/h3>\n\n\n\n<ul class=\"wp-block-list\">\n<li><em>Controles:<\/em> pantallas, cortinas, <strong>EPI ocular\/facial<\/strong>, extracci\u00f3n localizada.<\/li>\n<\/ul>\n\n\n\n<h3 class=\"wp-block-heading\"><span class=\"ez-toc-section\" id=\"Sustancias_peligrosas_y_humos\"><\/span><strong>Sustancias peligrosas y humos<\/strong><span class=\"ez-toc-section-end\"><\/span><\/h3>\n\n\n\n<ul class=\"wp-block-list\">\n<li><em>Controles:<\/em> inventario CLP, FDS accesibles, ventilaci\u00f3n, sustituci\u00f3n cuando sea viable, almacenamiento segregado, vigilancia de la salud.<\/li>\n<\/ul>\n\n\n\n<h3 class=\"wp-block-heading\"><span class=\"ez-toc-section\" id=\"Ruido_y_vibracion\"><\/span><strong>Ruido y vibraci\u00f3n<\/strong><span class=\"ez-toc-section-end\"><\/span><\/h3>\n\n\n\n<ul class=\"wp-block-list\">\n<li><em>Controles:<\/em> mediciones, encierres ac\u00fasticos, selecci\u00f3n de equipos menos ruidosos, protectores auditivos adecuados y seguimiento audiom\u00e9trico.<\/li>\n<\/ul>\n\n\n\n<h3 class=\"wp-block-heading\"><span class=\"ez-toc-section\" id=\"Fatigaposturas_forzadas\"><\/span><strong>Fatiga\/posturas forzadas<\/strong><span class=\"ez-toc-section-end\"><\/span><\/h3>\n\n\n\n<ul class=\"wp-block-list\">\n<li><em>Controles:<\/em> redise\u00f1o de puestos, ayudas mec\u00e1nicas, pausas y rotaci\u00f3n.<\/li>\n<\/ul>\n\n\n\n<h2 class=\"wp-block-heading\"><span class=\"ez-toc-section\" id=\"De_la_teoria_a_la_practica_PRL_CAE_integradas\"><\/span><strong>De la teor\u00eda a la pr\u00e1ctica: PRL + CAE integradas<\/strong><span class=\"ez-toc-section-end\"><\/span><\/h2>\n\n\n\n<p class=\"wp-block-paragraph\"><\/p>\n\n\n\n<p class=\"wp-block-paragraph\">En obras y plantas conviven <strong>empresa principal, contratistas y subcontratas<\/strong>. Para que la prevenci\u00f3n sea efectiva:<\/p>\n\n\n\n<ol start=\"1\" class=\"wp-block-list\">\n<li><strong>Homologaci\u00f3n documental<\/strong> del proveedor (plan de prevenci\u00f3n, seguros, procedimientos cr\u00edticos, autorizaciones ambientales, experiencia).<\/li>\n\n\n\n<li><strong>Validaci\u00f3n del personal<\/strong> (identidad, formaci\u00f3n por riesgo, aptitud m\u00e9dica, autorizaciones internas).<\/li>\n\n\n\n<li><strong>Permisos de trabajo<\/strong> (altura, espacios confinados, izado, LOTO, soldadura, ATEX\u2026).<\/li>\n\n\n\n<li><strong>Control de accesos vinculado al cumplimiento<\/strong>: si falta un requisito cr\u00edtico, no se accede.<\/li>\n\n\n\n<li><strong>Inspecciones y observaciones en campo<\/strong>, con no conformidades, acciones y verificaci\u00f3n de eficacia.<\/li>\n\n\n\n<li><strong>KPIs<\/strong>: % de personal apto y formado, accesos bloqueados por incumplimiento, tiempo medio de validaci\u00f3n, NC y tiempos de cierre, incidencias por actividad\/contratista.<\/li>\n<\/ol>\n\n\n\n<p class=\"wp-block-paragraph\"><strong>C\u00f3mo ayuda eGestiona<\/strong>: checklist din\u00e1mico por actividad y centro, <strong>validaci\u00f3n documental<\/strong> y alertas de caducidad, permisos condicionados, <strong><a href=\"https:\/\/externalia.lebranders.es\/control-acceso-marcajes-prl-egestiona\/\" target=\"_blank\" rel=\"noreferrer noopener\">control de accesos<\/a><\/strong> integrado, registro de EPIs (NFC), gesti\u00f3n de qu\u00edmicos conforme a <strong>CLP<\/strong>, y <strong>cuadros de mando<\/strong> por obra\/planta y contratista.<\/p>\n\n\n\n<p class=\"wp-block-paragraph\"><\/p>\n\n\n\n<p class=\"wp-block-paragraph\">Conocer los riesgos es el primer paso; <strong>vincularlos a reglas operativas<\/strong> y a la <strong>trazabilidad documental<\/strong> es lo que reduce accidentes, evita sanciones y asegura la continuidad. La integraci\u00f3n de PRL y CAE en una plataforma como <strong><a href=\"https:\/\/egestiona.com\" target=\"_blank\" rel=\"noopener\">eGestiona<\/a><\/strong> convierte la prevenci\u00f3n en un sistema <strong>medible, auditable y eficaz<\/strong>.<\/p>\n\n\n\n<div style=\"height:39px\" aria-hidden=\"true\" class=\"wp-block-spacer\"><\/div>\n\n\n\n<p class=\"has-text-align-center wp-block-paragraph\"><strong>\u00bfQuieres saber c\u00f3mo podemos ayudarte?<\/strong><\/p>\n\n\n\n<div style=\"height:25px\" aria-hidden=\"true\" class=\"wp-block-spacer\"><\/div>\n\n\n\n<div class=\"wp-block-uagb-call-to-action uagb-block-8d392a3d wp-block-button\"><div class=\"uagb-cta__wrap\"><h3 class=\"uagb-cta__title\"><span class=\"ez-toc-section\" id=\"Solicita_una_demo_gratuita\"><\/span><strong>Solicita una demo gratuita<\/strong><span class=\"ez-toc-section-end\"><\/span><\/h3><p class=\"uagb-cta__desc\">Verificaci\u00f3n ITA diaria \u00b7 Certificados AEAT\/TGSS \u00b7 Control de accesos \u00b7 Trazabilidad documental CAE<\/p><\/div><div class=\"uagb-cta__buttons\"><a href=\"https:\/\/externalia.lebranders.es\/solicitar-demo\/\" class=\"uagb-cta__button-link-wrapper wp-block-button__link\" target=\"_self\" rel=\"noopener noreferrer\">DEMO<\/a><\/div><\/div>\n\n\n\n<div style=\"height:50px\" aria-hidden=\"true\" class=\"wp-block-spacer\"><\/div>\n\n\n\n<h4 class=\"wp-block-heading\"><strong>Otros art\u00edculos de inter\u00e9s<\/strong><\/h4>\n\n\n\n\t\t\t<div class=\"wp-block-uagb-post-carousel uagb-post-grid  uagb-post__image-position-top uagb-post__image-enabled uagb-block-2f08976c     uagb-post__arrow-outside uagb-slick-carousel uagb-post__items uagb-post__columns-3 is-carousel uagb-post__columns-tablet-2 uagb-post__columns-mobile-1\" data-total=\"6\" style=\"\">\n\n\t\t\t\t\t\t\t\t\t\t\t\t<article class=\"uagb-post__inner-wrap\">\t\t\t\t\t\t\t\t<div class='uagb-post__image'>\n\t\t\t\t\t\t\t\t\t<a href=\"https:\/\/externalia.lebranders.es\/en\/checklist-cumplimiento-cae-2026-inspeccion-trabajo\/\" target=\"_self\" rel=\"bookmark noopener noreferrer\"><img loading=\"lazy\" decoding=\"async\" width=\"1024\" height=\"576\" src=\"https:\/\/externalia.lebranders.es\/wp-content\/uploads\/2026\/07\/Checklist-de-cumplimiento-CAE-2026-1024x576.png\" class=\"attachment-large size-large\" alt=\"Checklist CAE cumplimiento 2026\" srcset=\"https:\/\/externalia.lebranders.es\/wp-content\/uploads\/2026\/07\/Checklist-de-cumplimiento-CAE-2026-980x552.png 980w, https:\/\/externalia.lebranders.es\/wp-content\/uploads\/2026\/07\/Checklist-de-cumplimiento-CAE-2026-480x270.png 480w\" sizes=\"(min-width: 0px) and (max-width: 480px) 480px, (min-width: 481px) and (max-width: 980px) 980px, (min-width: 981px) 1024px, 100vw\" \/>\t\t\t\t\t<\/a>\n\t\t\t\t\t\t\t\t\t<\/div>\n\t\t\t\t\t\t<h4 class=\"uagb-post__title uagb-post__text\">\n\t\t\t\t<a href=\"https:\/\/externalia.lebranders.es\/en\/checklist-cumplimiento-cae-2026-inspeccion-trabajo\/\" target=\"_self\" rel=\"bookmark noopener noreferrer\">CHECKLIST DE CUMPLIMIENTO CAE 2026: lo que Inspecci\u00f3n de Trabajo comprueba en cada visita<\/a>\n\t\t\t<\/h4>\n\t\t\t\t\t\t<div class='uagb-post__text uagb-post-grid-byline'>\n\t\t\t\t\t\t\t\t<div class=\"uagb-post__text\">\n\t\t\t\t\t<span class='uagb-post__taxonomy'>\n\t\t\t\t\t\t\t\t\t\t\t\t<a href=\"https:\/\/externalia.lebranders.es\/en\/software-cae\/\">Software CAE<\/a>,&nbsp;<a href=\"https:\/\/externalia.lebranders.es\/en\/software-cae\/compliance-y-normativa\/\">Compliance &amp; normativa\u00a0<\/a>,&nbsp;<a href=\"https:\/\/externalia.lebranders.es\/en\/software-cae\/control-operativo-y-gestion-de-contratistas\/\">Control operativo &amp; gesti\u00f3n de contratistas<\/a>,&nbsp;<a href=\"https:\/\/externalia.lebranders.es\/en\/software-cae\/prl\/\">PRL<\/a>\t\t\t\t\t<\/span>\n\t\t\t\t<\/div>\n\t\t\t\t\t\t\t<\/div>\n\t\t\t\t\t\t\t<div class='uagb-post__text uagb-post__excerpt'>\n\t\t\t\t\tGu\u00eda pr\u00e1ctica con el checklist de los 10 puntos que Inspecci\u00f3n de Trabajo verifica en materia de CAE en 2026: acreditaci\u00f3n de contratistas,&#8230;\t\t\t\t<\/div>\n\t\t\t\t\t\t<div class=\"uagb-post__text uagb-post__cta wp-block-button\">\n\t\t\t\t<a class=\"wp-block-button__link uagb-text-link\" style=\"\" href=\"https:\/\/externalia.lebranders.es\/en\/checklist-cumplimiento-cae-2026-inspeccion-trabajo\/\" target=\"_self\" rel=\"bookmark noopener noreferrer\">Read More<\/a>\n\t\t\t<\/div>\n\t\t\t\n\t\t\t\t\t\t\t\t\t<\/article>\n\t\t\t\t\t\t\t\t\t\t\t\t\t\t\t\t<article class=\"uagb-post__inner-wrap\">\t\t\t\t\t\t\t\t<div class='uagb-post__image'>\n\t\t\t\t\t\t\t\t\t<a href=\"https:\/\/externalia.lebranders.es\/en\/2026-ano-seguridad-salud-trabajo-software-cae\/\" target=\"_self\" rel=\"bookmark noopener noreferrer\"><img loading=\"lazy\" decoding=\"async\" width=\"1024\" height=\"683\" src=\"https:\/\/externalia.lebranders.es\/wp-content\/uploads\/2026\/06\/2026-Ano-de-la-SST-Externalia-Solutions-1024x683.png\" class=\"attachment-large size-large\" alt=\"2026 A\u00f1o de la Seguridad y Salud en el Trabajo \u2014 30 aniversario Ley 31\/1995 \u2014 software CAE Externalia Solutions\" srcset=\"https:\/\/externalia.lebranders.es\/wp-content\/uploads\/2026\/06\/2026-Ano-de-la-SST-Externalia-Solutions-980x653.png 980w, https:\/\/externalia.lebranders.es\/wp-content\/uploads\/2026\/06\/2026-Ano-de-la-SST-Externalia-Solutions-480x320.png 480w\" sizes=\"(min-width: 0px) and (max-width: 480px) 480px, (min-width: 481px) and (max-width: 980px) 980px, (min-width: 981px) 1024px, 100vw\" \/>\t\t\t\t\t<\/a>\n\t\t\t\t\t\t\t\t\t<\/div>\n\t\t\t\t\t\t<h4 class=\"uagb-post__title uagb-post__text\">\n\t\t\t\t<a href=\"https:\/\/externalia.lebranders.es\/en\/2026-ano-seguridad-salud-trabajo-software-cae\/\" target=\"_self\" rel=\"bookmark noopener noreferrer\">2026, A\u00f1o de la SST: qu\u00e9 implica para tu empresa la Ley 31\/1995 a los 30 a\u00f1os<\/a>\n\t\t\t<\/h4>\n\t\t\t\t\t\t<div class='uagb-post__text uagb-post-grid-byline'>\n\t\t\t\t\t\t\t\t<div class=\"uagb-post__text\">\n\t\t\t\t\t<span class='uagb-post__taxonomy'>\n\t\t\t\t\t\t\t\t\t\t\t\t<a href=\"https:\/\/externalia.lebranders.es\/en\/software-cae\/\">Software CAE<\/a>,&nbsp;<a href=\"https:\/\/externalia.lebranders.es\/en\/software-cae\/prl\/\">PRL<\/a>\t\t\t\t\t<\/span>\n\t\t\t\t<\/div>\n\t\t\t\t\t\t\t<\/div>\n\t\t\t\t\t\t\t<div class='uagb-post__text uagb-post__excerpt'>\n\t\t\t\t\tEl Gobierno declara 2026 A\u00f1o de la SST coincidiendo con los 30 a\u00f1os de la Ley 31\/1995. Con 796 fallecidos en 2024 y&#8230;\t\t\t\t<\/div>\n\t\t\t\t\t\t<div class=\"uagb-post__text uagb-post__cta wp-block-button\">\n\t\t\t\t<a class=\"wp-block-button__link uagb-text-link\" style=\"\" href=\"https:\/\/externalia.lebranders.es\/en\/2026-ano-seguridad-salud-trabajo-software-cae\/\" target=\"_self\" rel=\"bookmark noopener noreferrer\">Read More<\/a>\n\t\t\t<\/div>\n\t\t\t\n\t\t\t\t\t\t\t\t\t<\/article>\n\t\t\t\t\t\t\t\t\t\t\t\t\t\t\t\t<article class=\"uagb-post__inner-wrap\">\t\t\t\t\t\t\t\t<div class='uagb-post__image'>\n\t\t\t\t\t\t\t\t\t<a href=\"https:\/\/externalia.lebranders.es\/en\/responsabilidad-solidaria-subsidiaria-cae\/\" target=\"_self\" rel=\"bookmark noopener noreferrer\"><img loading=\"lazy\" decoding=\"async\" width=\"1024\" height=\"683\" src=\"https:\/\/externalia.lebranders.es\/wp-content\/uploads\/2026\/05\/CAE-cuando-responde-la-empresa-principal-por-sus-contratas-eGestiona-1-1024x683.png\" class=\"attachment-large size-large\" alt=\"Responsabilidad solidaria y subsidiaria de la empresa principal en la CAE \u2014 coordinaci\u00f3n de actividades empresariales\" srcset=\"https:\/\/externalia.lebranders.es\/wp-content\/uploads\/2026\/05\/CAE-cuando-responde-la-empresa-principal-por-sus-contratas-eGestiona-1-980x653.png 980w, https:\/\/externalia.lebranders.es\/wp-content\/uploads\/2026\/05\/CAE-cuando-responde-la-empresa-principal-por-sus-contratas-eGestiona-1-480x320.png 480w\" sizes=\"(min-width: 0px) and (max-width: 480px) 480px, (min-width: 481px) and (max-width: 980px) 980px, (min-width: 981px) 1024px, 100vw\" \/>\t\t\t\t\t<\/a>\n\t\t\t\t\t\t\t\t\t<\/div>\n\t\t\t\t\t\t<h4 class=\"uagb-post__title uagb-post__text\">\n\t\t\t\t<a href=\"https:\/\/externalia.lebranders.es\/en\/responsabilidad-solidaria-subsidiaria-cae\/\" target=\"_self\" rel=\"bookmark noopener noreferrer\">Responsabilidad solidaria y subsidiaria en la CAE: cu\u00e1ndo responde la empresa principal<\/a>\n\t\t\t<\/h4>\n\t\t\t\t\t\t<div class='uagb-post__text uagb-post-grid-byline'>\n\t\t\t\t\t\t\t\t<div class=\"uagb-post__text\">\n\t\t\t\t\t<span class='uagb-post__taxonomy'>\n\t\t\t\t\t\t\t\t\t\t\t\t<a href=\"https:\/\/externalia.lebranders.es\/en\/software-cae\/control-operativo-y-gestion-de-contratistas\/\">Control operativo &amp; gesti\u00f3n de contratistas<\/a>,&nbsp;<a href=\"https:\/\/externalia.lebranders.es\/en\/software-cae\/compliance-y-normativa\/\">Compliance &amp; normativa\u00a0<\/a>,&nbsp;<a href=\"https:\/\/externalia.lebranders.es\/en\/software-cae\/prl\/\">PRL<\/a>,&nbsp;<a href=\"https:\/\/externalia.lebranders.es\/en\/software-cae\/\">Software CAE<\/a>\t\t\t\t\t<\/span>\n\t\t\t\t<\/div>\n\t\t\t\t\t\t\t<\/div>\n\t\t\t\t\t\t\t<div class='uagb-post__text uagb-post__excerpt'>\n\t\t\t\t\tLa empresa principal puede responder solidariamente por las infracciones de sus contratas en materia de PRL y Seguridad Social. Analizamos cu\u00e1ndo, en qu\u00e9&#8230;\t\t\t\t<\/div>\n\t\t\t\t\t\t<div class=\"uagb-post__text uagb-post__cta wp-block-button\">\n\t\t\t\t<a class=\"wp-block-button__link uagb-text-link\" style=\"\" href=\"https:\/\/externalia.lebranders.es\/en\/responsabilidad-solidaria-subsidiaria-cae\/\" target=\"_self\" rel=\"bookmark noopener noreferrer\">Read More<\/a>\n\t\t\t<\/div>\n\t\t\t\n\t\t\t\t\t\t\t\t\t<\/article>\n\t\t\t\t\t\t\t\t\t\t\t\t\t\t\t\t<article class=\"uagb-post__inner-wrap\">\t\t\t\t\t\t\t\t<div class='uagb-post__image'>\n\t\t\t\t\t\t\t\t\t<a href=\"https:\/\/externalia.lebranders.es\/en\/riesgos-psicosociales-obligaciones-reforma-prl-2026\/\" target=\"_self\" rel=\"bookmark noopener noreferrer\"><img loading=\"lazy\" decoding=\"async\" width=\"1024\" height=\"683\" src=\"https:\/\/externalia.lebranders.es\/wp-content\/uploads\/2026\/05\/Riesgos-psicosociales-PRL-Externalia-Solutions-1024x683.png\" class=\"attachment-large size-large\" alt=\"Evaluaci\u00f3n de riesgos psicosociales en la empresa \u2013 nuevas obligaciones reforma Ley PRL 2026\" srcset=\"https:\/\/externalia.lebranders.es\/wp-content\/uploads\/2026\/05\/Riesgos-psicosociales-PRL-Externalia-Solutions-980x653.png 980w, https:\/\/externalia.lebranders.es\/wp-content\/uploads\/2026\/05\/Riesgos-psicosociales-PRL-Externalia-Solutions-480x320.png 480w\" sizes=\"(min-width: 0px) and (max-width: 480px) 480px, (min-width: 481px) and (max-width: 980px) 980px, (min-width: 981px) 1024px, 100vw\" \/>\t\t\t\t\t<\/a>\n\t\t\t\t\t\t\t\t\t<\/div>\n\t\t\t\t\t\t<h4 class=\"uagb-post__title uagb-post__text\">\n\t\t\t\t<a href=\"https:\/\/externalia.lebranders.es\/en\/riesgos-psicosociales-obligaciones-reforma-prl-2026\/\" target=\"_self\" rel=\"bookmark noopener noreferrer\">Riesgos psicosociales en la empresa: nuevas obligaciones legales tras la reforma de la Ley PRL 2026<\/a>\n\t\t\t<\/h4>\n\t\t\t\t\t\t<div class='uagb-post__text uagb-post-grid-byline'>\n\t\t\t\t\t\t\t\t<div class=\"uagb-post__text\">\n\t\t\t\t\t<span class='uagb-post__taxonomy'>\n\t\t\t\t\t\t\t\t\t\t\t\t<a href=\"https:\/\/externalia.lebranders.es\/en\/software-cae\/prl\/\">PRL<\/a>,&nbsp;<a href=\"https:\/\/externalia.lebranders.es\/en\/software-cae\/compliance-y-normativa\/\">Compliance &amp; normativa\u00a0<\/a>\t\t\t\t\t<\/span>\n\t\t\t\t<\/div>\n\t\t\t\t\t\t\t<\/div>\n\t\t\t\t\t\t\t<div class='uagb-post__text uagb-post__excerpt'>\n\t\t\t\t\tEl nuevo art\u00edculo 16.2 de la Ley 31\/1995 convierte la evaluaci\u00f3n de riesgos psicosociales en obligaci\u00f3n legal expresa. Descubre qu\u00e9 debe hacer tu&#8230;\t\t\t\t<\/div>\n\t\t\t\t\t\t<div class=\"uagb-post__text uagb-post__cta wp-block-button\">\n\t\t\t\t<a class=\"wp-block-button__link uagb-text-link\" style=\"\" href=\"https:\/\/externalia.lebranders.es\/en\/riesgos-psicosociales-obligaciones-reforma-prl-2026\/\" target=\"_self\" rel=\"bookmark noopener noreferrer\">Read More<\/a>\n\t\t\t<\/div>\n\t\t\t\n\t\t\t\t\t\t\t\t\t<\/article>\n\t\t\t\t\t\t\t\t\t\t\t\t\t\t\t\t<article class=\"uagb-post__inner-wrap\">\t\t\t\t\t\t\t\t<div class='uagb-post__image'>\n\t\t\t\t\t\t\t\t\t<a href=\"https:\/\/externalia.lebranders.es\/en\/obligaciones-contratista-subcontratista-prl-cae\/\" target=\"_self\" rel=\"bookmark noopener noreferrer\"><img loading=\"lazy\" decoding=\"async\" width=\"1024\" height=\"683\" src=\"https:\/\/externalia.lebranders.es\/wp-content\/uploads\/2026\/05\/Obligaciones-del-contratista-Externalia-Solutions-1024x683.png\" class=\"attachment-large size-large\" alt=\"T\u00e9cnico de PRL supervisando documentaci\u00f3n CAE de contratistas y subcontratistas en obra de construcci\u00f3n con plataforma eGestiona\" srcset=\"https:\/\/externalia.lebranders.es\/wp-content\/uploads\/2026\/05\/Obligaciones-del-contratista-Externalia-Solutions-980x653.png 980w, https:\/\/externalia.lebranders.es\/wp-content\/uploads\/2026\/05\/Obligaciones-del-contratista-Externalia-Solutions-480x320.png 480w\" sizes=\"(min-width: 0px) and (max-width: 480px) 480px, (min-width: 481px) and (max-width: 980px) 980px, (min-width: 981px) 1024px, 100vw\" \/>\t\t\t\t\t<\/a>\n\t\t\t\t\t\t\t\t\t<\/div>\n\t\t\t\t\t\t<h4 class=\"uagb-post__title uagb-post__text\">\n\t\t\t\t<a href=\"https:\/\/externalia.lebranders.es\/en\/obligaciones-contratista-subcontratista-prl-cae\/\" target=\"_self\" rel=\"bookmark noopener noreferrer\">Obligaciones del contratista y subcontratista en PRL y CAE: la gu\u00eda definitiva para empresas en entornos de riesgo<\/a>\n\t\t\t<\/h4>\n\t\t\t\t\t\t<div class='uagb-post__text uagb-post-grid-byline'>\n\t\t\t\t\t\t\t\t<div class=\"uagb-post__text\">\n\t\t\t\t\t<span class='uagb-post__taxonomy'>\n\t\t\t\t\t\t\t\t\t\t\t\t<a href=\"https:\/\/externalia.lebranders.es\/en\/software-cae\/\">Software CAE<\/a>,&nbsp;<a href=\"https:\/\/externalia.lebranders.es\/en\/software-cae\/compliance-y-normativa\/\">Compliance &amp; normativa\u00a0<\/a>,&nbsp;<a href=\"https:\/\/externalia.lebranders.es\/en\/software-cae\/prl\/\">PRL<\/a>\t\t\t\t\t<\/span>\n\t\t\t\t<\/div>\n\t\t\t\t\t\t\t<\/div>\n\t\t\t\t\t\t\t<div class='uagb-post__text uagb-post__excerpt'>\n\t\t\t\t\t\u00bfCu\u00e1les son las obligaciones del contratista y el subcontratista en PRL y CAE? Esta gu\u00eda completa analiza la normativa vigente, la responsabilidad solidaria,&#8230;\t\t\t\t<\/div>\n\t\t\t\t\t\t<div class=\"uagb-post__text uagb-post__cta wp-block-button\">\n\t\t\t\t<a class=\"wp-block-button__link uagb-text-link\" style=\"\" href=\"https:\/\/externalia.lebranders.es\/en\/obligaciones-contratista-subcontratista-prl-cae\/\" target=\"_self\" rel=\"bookmark noopener noreferrer\">Read More<\/a>\n\t\t\t<\/div>\n\t\t\t\n\t\t\t\t\t\t\t\t\t<\/article>\n\t\t\t\t\t\t\t\t\t\t\t\t\t\t\t\t<article class=\"uagb-post__inner-wrap\">\t\t\t\t\t\t\t\t<div class='uagb-post__image'>\n\t\t\t\t\t\t\t\t\t<a href=\"https:\/\/externalia.lebranders.es\/en\/gestion-contratistas-construccion-industria-2026\/\" target=\"_self\" rel=\"bookmark noopener noreferrer\"><img loading=\"lazy\" decoding=\"async\" width=\"1024\" height=\"683\" src=\"https:\/\/externalia.lebranders.es\/wp-content\/uploads\/2026\/05\/Gestion-de-contratistas-Externalia-Solutions-1024x683.png\" class=\"attachment-large size-large\" alt=\"Gesti\u00f3n de contratistas en obras de construcci\u00f3n 2026 con plataforma eGestiona\" srcset=\"https:\/\/externalia.lebranders.es\/wp-content\/uploads\/2026\/05\/Gestion-de-contratistas-Externalia-Solutions-980x653.png 980w, https:\/\/externalia.lebranders.es\/wp-content\/uploads\/2026\/05\/Gestion-de-contratistas-Externalia-Solutions-480x320.png 480w\" sizes=\"(min-width: 0px) and (max-width: 480px) 480px, (min-width: 481px) and (max-width: 980px) 980px, (min-width: 981px) 1024px, 100vw\" \/>\t\t\t\t\t<\/a>\n\t\t\t\t\t\t\t\t\t<\/div>\n\t\t\t\t\t\t<h4 class=\"uagb-post__title uagb-post__text\">\n\t\t\t\t<a href=\"https:\/\/externalia.lebranders.es\/en\/gestion-contratistas-construccion-industria-2026\/\" target=\"_self\" rel=\"bookmark noopener noreferrer\">Los grandes desaf\u00edos de la gesti\u00f3n de contratistas en 2026 y c\u00f3mo superarlos<\/a>\n\t\t\t<\/h4>\n\t\t\t\t\t\t<div class='uagb-post__text uagb-post-grid-byline'>\n\t\t\t\t\t\t\t\t<div class=\"uagb-post__text\">\n\t\t\t\t\t<span class='uagb-post__taxonomy'>\n\t\t\t\t\t\t\t\t\t\t\t\t<a href=\"https:\/\/externalia.lebranders.es\/en\/software-cae\/control-operativo-y-gestion-de-contratistas\/\">Control operativo &amp; gesti\u00f3n de contratistas<\/a>,&nbsp;<a href=\"https:\/\/externalia.lebranders.es\/en\/software-cae\/prl\/\">PRL<\/a>,&nbsp;<a href=\"https:\/\/externalia.lebranders.es\/en\/software-cae\/\">Software CAE<\/a>\t\t\t\t\t<\/span>\n\t\t\t\t<\/div>\n\t\t\t\t\t\t\t<\/div>\n\t\t\t\t\t\t\t<div class='uagb-post__text uagb-post__excerpt'>\n\t\t\t\t\tEn 2026, gestionar contratistas en construcci\u00f3n e industria es m\u00e1s exigente que nunca. Descubre los 6 principales desaf\u00edos \u2014control documental, CAE, homologaci\u00f3n, visibilidad&#8230;\t\t\t\t<\/div>\n\t\t\t\t\t\t<div class=\"uagb-post__text uagb-post__cta wp-block-button\">\n\t\t\t\t<a class=\"wp-block-button__link uagb-text-link\" style=\"\" href=\"https:\/\/externalia.lebranders.es\/en\/gestion-contratistas-construccion-industria-2026\/\" target=\"_self\" rel=\"bookmark noopener noreferrer\">Read More<\/a>\n\t\t\t<\/div>\n\t\t\t\n\t\t\t\t\t\t\t\t\t<\/article>\n\t\t\t\t\t\t\t\t\t\t\t\t\t\t\t\t<article class=\"uagb-post__inner-wrap\">\t\t\t\t\t\t\t\t<div class='uagb-post__image'>\n\t\t\t\t\t\t\t\t\t<a href=\"https:\/\/externalia.lebranders.es\/en\/iso-45001-cae-coordinacion-contratas-sst\/\" target=\"_self\" rel=\"bookmark noopener noreferrer\"><img loading=\"lazy\" decoding=\"async\" width=\"1024\" height=\"683\" src=\"https:\/\/externalia.lebranders.es\/wp-content\/uploads\/2026\/04\/Coordinacion-de-contratas-en-entorno-industrial-con-sistema-de-gestion-ISO-45001-1-1024x683.png\" class=\"attachment-large size-large\" alt=\"&quot;Coordinaci\u00f3n de contratas en entorno industrial con sistema de gesti\u00f3n ISO 45001\" srcset=\"https:\/\/externalia.lebranders.es\/wp-content\/uploads\/2026\/04\/Coordinacion-de-contratas-en-entorno-industrial-con-sistema-de-gestion-ISO-45001-1-980x653.png 980w, https:\/\/externalia.lebranders.es\/wp-content\/uploads\/2026\/04\/Coordinacion-de-contratas-en-entorno-industrial-con-sistema-de-gestion-ISO-45001-1-480x320.png 480w\" sizes=\"(min-width: 0px) and (max-width: 480px) 480px, (min-width: 481px) and (max-width: 980px) 980px, (min-width: 981px) 1024px, 100vw\" \/>\t\t\t\t\t<\/a>\n\t\t\t\t\t\t\t\t\t<\/div>\n\t\t\t\t\t\t<h4 class=\"uagb-post__title uagb-post__text\">\n\t\t\t\t<a href=\"https:\/\/externalia.lebranders.es\/en\/iso-45001-cae-coordinacion-contratas-sst\/\" target=\"_self\" rel=\"bookmark noopener noreferrer\">ISO 45001 y CAE: c\u00f3mo integrar la coordinaci\u00f3n de contratas en tu sistema de gesti\u00f3n SST<\/a>\n\t\t\t<\/h4>\n\t\t\t\t\t\t<div class='uagb-post__text uagb-post-grid-byline'>\n\t\t\t\t\t\t\t\t<div class=\"uagb-post__text\">\n\t\t\t\t\t<span class='uagb-post__taxonomy'>\n\t\t\t\t\t\t\t\t\t\t\t\t<a href=\"https:\/\/externalia.lebranders.es\/en\/software-cae\/control-operativo-y-gestion-de-contratistas\/\">Control operativo &amp; gesti\u00f3n de contratistas<\/a>,&nbsp;<a href=\"https:\/\/externalia.lebranders.es\/en\/software-cae\/prl\/\">PRL<\/a>,&nbsp;<a href=\"https:\/\/externalia.lebranders.es\/en\/software-cae\/\">Software CAE<\/a>\t\t\t\t\t<\/span>\n\t\t\t\t<\/div>\n\t\t\t\t\t\t\t<\/div>\n\t\t\t\t\t\t\t<div class='uagb-post__text uagb-post__excerpt'>\n\t\t\t\t\tGu\u00eda experta para integrar la CAE en tu sistema de gesti\u00f3n ISO 45001 en sectores industriales y de construcci\u00f3n. Conoce c\u00f3mo eGestiona resuelve&#8230;\t\t\t\t<\/div>\n\t\t\t\t\t\t<div class=\"uagb-post__text uagb-post__cta wp-block-button\">\n\t\t\t\t<a class=\"wp-block-button__link uagb-text-link\" style=\"\" href=\"https:\/\/externalia.lebranders.es\/en\/iso-45001-cae-coordinacion-contratas-sst\/\" target=\"_self\" rel=\"bookmark noopener noreferrer\">Read More<\/a>\n\t\t\t<\/div>\n\t\t\t\n\t\t\t\t\t\t\t\t\t<\/article>\n\t\t\t\t\t\t\t\t\t\t\t<\/div>","protected":false},"excerpt":{"rendered":"<p>Resumen de los riesgos cr\u00edticos en construcci\u00f3n y metal (alturas, atrapamientos, el\u00e9ctricos, qu\u00edmicos, ruido, ergonom\u00eda) y las medidas para controlarlos integrando PRL y CAE: homologaci\u00f3n de contratistas, validaci\u00f3n del personal, permisos de trabajo, control de accesos y KPIs. C\u00f3mo eGestiona convierte la prevenci\u00f3n en un sistema trazable y auditable.<\/p>","protected":false},"author":3,"featured_media":5021,"comment_status":"open","ping_status":"open","sticky":false,"template":"","format":"standard","meta":{"_et_pb_use_builder":"off","_et_pb_old_content":"","_et_gb_content_width":"","_uag_custom_page_level_css":"","footnotes":""},"categories":[31,162,124],"tags":[24,72,73,64,309,26,310,29,311,312,160,313,307,30,35,37,38,314,315,40,85,42,316,43],"class_list":["post-4433","post","type-post","status-publish","format-standard","has-post-thumbnail","hentry","category-control-operativo-y-gestion-de-contratistas","category-prl","category-software-cae","tag-cae","tag-construccion","tag-contratas","tag-control-de-accesos","tag-control-operativo","tag-cumplimiento","tag-epis","tag-gestion-documental","tag-homologacion-documental","tag-inspecciones","tag-kpis","tag-metal","tag-permisos-de-trabajo","tag-plataforma-de-gestion-documental","tag-prevencion-de-riesgos-laborales","tag-prl","tag-reduccion-de-riesgos","tag-riesgos-sector-construccion","tag-riesgos-sector-metal","tag-seguridad","tag-subcontratas","tag-validacion","tag-validacion-del-personal","tag-validacion-documental"],"uagb_featured_image_src":{"full":["https:\/\/externalia.lebranders.es\/wp-content\/uploads\/2025\/10\/riesgos-seguridad-metal-construccion-Externalia-Solutions.png",1536,1024,false],"thumbnail":["https:\/\/externalia.lebranders.es\/wp-content\/uploads\/2025\/10\/riesgos-seguridad-metal-construccion-Externalia-Solutions-150x150.png",150,150,true],"medium":["https:\/\/externalia.lebranders.es\/wp-content\/uploads\/2025\/10\/riesgos-seguridad-metal-construccion-Externalia-Solutions-300x200.png",300,200,true],"medium_large":["https:\/\/externalia.lebranders.es\/wp-content\/uploads\/2025\/10\/riesgos-seguridad-metal-construccion-Externalia-Solutions-768x512.png",768,512,true],"large":["https:\/\/externalia.lebranders.es\/wp-content\/uploads\/2025\/10\/riesgos-seguridad-metal-construccion-Externalia-Solutions-1024x683.png",1024,683,true],"1536x1536":["https:\/\/externalia.lebranders.es\/wp-content\/uploads\/2025\/10\/riesgos-seguridad-metal-construccion-Externalia-Solutions.png",1536,1024,false],"2048x2048":["https:\/\/externalia.lebranders.es\/wp-content\/uploads\/2025\/10\/riesgos-seguridad-metal-construccion-Externalia-Solutions.png",1536,1024,false],"trp-custom-language-flag":["https:\/\/externalia.lebranders.es\/wp-content\/uploads\/2025\/10\/riesgos-seguridad-metal-construccion-Externalia-Solutions-18x12.png",18,12,true],"et-pb-post-main-image":["https:\/\/externalia.lebranders.es\/wp-content\/uploads\/2025\/10\/riesgos-seguridad-metal-construccion-Externalia-Solutions-400x250.png",400,250,true],"et-pb-post-main-image-fullwidth":["https:\/\/externalia.lebranders.es\/wp-content\/uploads\/2025\/10\/riesgos-seguridad-metal-construccion-Externalia-Solutions-1080x675.png",1080,675,true],"et-pb-portfolio-image":["https:\/\/externalia.lebranders.es\/wp-content\/uploads\/2025\/10\/riesgos-seguridad-metal-construccion-Externalia-Solutions-400x284.png",400,284,true],"et-pb-portfolio-module-image":["https:\/\/externalia.lebranders.es\/wp-content\/uploads\/2025\/10\/riesgos-seguridad-metal-construccion-Externalia-Solutions-510x382.png",510,382,true],"et-pb-portfolio-image-single":["https:\/\/externalia.lebranders.es\/wp-content\/uploads\/2025\/10\/riesgos-seguridad-metal-construccion-Externalia-Solutions-1080x720.png",1080,720,true],"et-pb-gallery-module-image-portrait":["https:\/\/externalia.lebranders.es\/wp-content\/uploads\/2025\/10\/riesgos-seguridad-metal-construccion-Externalia-Solutions-400x516.png",400,516,true],"et-pb-post-main-image-fullwidth-large":["https:\/\/externalia.lebranders.es\/wp-content\/uploads\/2025\/10\/riesgos-seguridad-metal-construccion-Externalia-Solutions.png",1536,1024,false],"et-pb-image--responsive--desktop":["https:\/\/externalia.lebranders.es\/wp-content\/uploads\/2025\/10\/riesgos-seguridad-metal-construccion-Externalia-Solutions-1280x853.png",1080,720,true],"et-pb-image--responsive--tablet":["https:\/\/externalia.lebranders.es\/wp-content\/uploads\/2025\/10\/riesgos-seguridad-metal-construccion-Externalia-Solutions-980x653.png",827,551,true],"et-pb-image--responsive--phone":["https:\/\/externalia.lebranders.es\/wp-content\/uploads\/2025\/10\/riesgos-seguridad-metal-construccion-Externalia-Solutions-480x320.png",405,270,true]},"uagb_author_info":{"display_name":"Silvia Martorell","author_link":"https:\/\/externalia.lebranders.es\/en\/author\/silvia\/"},"uagb_comment_info":0,"uagb_excerpt":"Resumen de los riesgos cr\u00edticos en construcci\u00f3n y metal (alturas, atrapamientos, el\u00e9ctricos, qu\u00edmicos, ruido, ergonom\u00eda) y las medidas para controlarlos integrando PRL y CAE: homologaci\u00f3n de contratistas, validaci\u00f3n del personal, permisos de trabajo, control de accesos y KPIs. C\u00f3mo eGestiona convierte la prevenci\u00f3n en un sistema trazable y auditable.","_links":{"self":[{"href":"https:\/\/externalia.lebranders.es\/en\/wp-json\/wp\/v2\/posts\/4433","targetHints":{"allow":["GET"]}}],"collection":[{"href":"https:\/\/externalia.lebranders.es\/en\/wp-json\/wp\/v2\/posts"}],"about":[{"href":"https:\/\/externalia.lebranders.es\/en\/wp-json\/wp\/v2\/types\/post"}],"author":[{"embeddable":true,"href":"https:\/\/externalia.lebranders.es\/en\/wp-json\/wp\/v2\/users\/3"}],"replies":[{"embeddable":true,"href":"https:\/\/externalia.lebranders.es\/en\/wp-json\/wp\/v2\/comments?post=4433"}],"version-history":[{"count":2,"href":"https:\/\/externalia.lebranders.es\/en\/wp-json\/wp\/v2\/posts\/4433\/revisions"}],"predecessor-version":[{"id":5023,"href":"https:\/\/externalia.lebranders.es\/en\/wp-json\/wp\/v2\/posts\/4433\/revisions\/5023"}],"wp:featuredmedia":[{"embeddable":true,"href":"https:\/\/externalia.lebranders.es\/en\/wp-json\/wp\/v2\/media\/5021"}],"wp:attachment":[{"href":"https:\/\/externalia.lebranders.es\/en\/wp-json\/wp\/v2\/media?parent=4433"}],"wp:term":[{"taxonomy":"category","embeddable":true,"href":"https:\/\/externalia.lebranders.es\/en\/wp-json\/wp\/v2\/categories?post=4433"},{"taxonomy":"post_tag","embeddable":true,"href":"https:\/\/externalia.lebranders.es\/en\/wp-json\/wp\/v2\/tags?post=4433"}],"curies":[{"name":"wp","href":"https:\/\/api.w.org\/{rel}","templated":true}]}}