{"id":4586,"date":"2026-01-21T10:59:34","date_gmt":"2026-01-21T10:59:34","guid":{"rendered":"https:\/\/egestiona.com\/?p=4586"},"modified":"2026-06-12T07:28:10","modified_gmt":"2026-06-12T07:28:10","slug":"modulo-calidad-prl-incidencias-planes-accion","status":"publish","type":"post","link":"https:\/\/externalia.lebranders.es\/en\/modulo-calidad-prl-incidencias-planes-accion\/","title":{"rendered":"M\u00f3dulo de Calidad en eGestiona: c\u00f3mo convertir incidencias y auditor\u00edas en mejora continua tambi\u00e9n para PRL"},"content":{"rendered":"<p class=\"wp-block-paragraph\">En muchas organizaciones, <strong>Calidad y PRL<\/strong> conviven\u2026 pero no siempre se hablan. Y cuando no se conectan, pasa lo de siempre: incidencias registradas en un sitio, acciones correctivas en otro, auditor\u00edas en un tercero, y el equipo de PRL reconstruyendo evidencias \u201ca mano\u201d cada vez que hay una visita, una inspecci\u00f3n o una desviaci\u00f3n relevante con contratas.<\/p>\n\n\n\n<p class=\"wp-block-paragraph\">El enfoque modular de <strong><a href=\"https:\/\/egestiona.com\" target=\"_blank\" rel=\"noopener\">eGestiona<\/a> <\/strong>parte de una idea sencilla: <strong>si los procesos est\u00e1n relacionados (Calidad, <a href=\"https:\/\/externalia.lebranders.es\/prevencion-de-riesgos-laborales\/\" target=\"_blank\" rel=\"noreferrer noopener\">PRL<\/a>, CAE, <a href=\"https:\/\/externalia.lebranders.es\/integracion-de-sistemas-de-gestion\/\" target=\"_blank\" rel=\"noreferrer noopener\">Medioambiente<\/a>), la informaci\u00f3n deber\u00eda estar conectada<\/strong>. La plataforma se presenta como un SaaS modular que automatiza procesos y se integra con sistemas internos, incluyendo el \u00e1mbito de <strong>Calidad<\/strong>.<\/p>\n\n\n\n<p class=\"wp-block-paragraph\">Y, en concreto, el <strong><a href=\"https:\/\/externalia.lebranders.es\/modulo-calidad\/\" target=\"_blank\" rel=\"noreferrer noopener\">M\u00f3dulo de Calidad<\/a><\/strong> de <strong>eGestiona <\/strong>se orienta a adaptarse a necesidades como la <strong>gesti\u00f3n de incidencias<\/strong>, los <strong>planes de acci\u00f3n<\/strong> y la <strong>legislaci\u00f3n<\/strong>.<\/p>\n\n\n\n<div id=\"ez-toc-container\" class=\"ez-toc-v2_0_87 ez-toc-wrap-left counter-hierarchy ez-toc-counter ez-toc-grey ez-toc-container-direction\">\n<div class=\"ez-toc-title-container\">\n<p class=\"ez-toc-title\" style=\"cursor:inherit\">Tabla de contenido<\/p>\n<span class=\"ez-toc-title-toggle\"><a href=\"#\" class=\"ez-toc-pull-right ez-toc-btn ez-toc-btn-xs ez-toc-btn-default ez-toc-toggle\" aria-label=\"Toggle Table of Content\"><span class=\"ez-toc-js-icon-con\"><span class=\"\"><span class=\"eztoc-hide\" style=\"display:none;\">Toggle<\/span><span class=\"ez-toc-icon-toggle-span\"><svg style=\"fill: #999;color:#999\" xmlns=\"http:\/\/www.w3.org\/2000\/svg\" class=\"list-377408\" width=\"20px\" height=\"20px\" viewbox=\"0 0 24 24\" fill=\"none\"><path d=\"M6 6H4v2h2V6zm14 0H8v2h12V6zM4 11h2v2H4v-2zm16 0H8v2h12v-2zM4 16h2v2H4v-2zm16 0H8v2h12v-2z\" fill=\"currentColor\"><\/path><\/svg><svg style=\"fill: #999;color:#999\" class=\"arrow-unsorted-368013\" xmlns=\"http:\/\/www.w3.org\/2000\/svg\" width=\"10px\" height=\"10px\" viewbox=\"0 0 24 24\" version=\"1.2\" baseprofile=\"tiny\"><path d=\"M18.2 9.3l-6.2-6.3-6.2 6.3c-.2.2-.3.4-.3.7s.1.5.3.7c.2.2.4.3.7.3h11c.3 0 .5-.1.7-.3.2-.2.3-.5.3-.7s-.1-.5-.3-.7zM5.8 14.7l6.2 6.3 6.2-6.3c.2-.2.3-.5.3-.7s-.1-.5-.3-.7c-.2-.2-.4-.3-.7-.3h-11c-.3 0-.5.1-.7.3-.2.2-.3.5-.3.7s.1.5.3.7z\"\/><\/svg><\/span><\/span><\/span><\/a><\/span><\/div>\n<nav><ul class='ez-toc-list ez-toc-list-level-1' ><li class='ez-toc-page-1 ez-toc-heading-level-2'><a class=\"ez-toc-link ez-toc-heading-1\" href=\"https:\/\/externalia.lebranders.es\/en\/modulo-calidad-prl-incidencias-planes-accion\/#Por_que_Calidad_importa_a_PRL\" >Por qu\u00e9 Calidad importa a PRL<\/a><\/li><li class='ez-toc-page-1 ez-toc-heading-level-2'><a class=\"ez-toc-link ez-toc-heading-2\" href=\"https:\/\/externalia.lebranders.es\/en\/modulo-calidad-prl-incidencias-planes-accion\/#Que_aporta_el_Modulo_de_Calidad_de_eGestiona_a_un_entorno_con_contratas\" >Qu\u00e9 aporta el M\u00f3dulo de Calidad de eGestiona a un entorno con contratas<\/a><ul class='ez-toc-list-level-3' ><li class='ez-toc-heading-level-3'><a class=\"ez-toc-link ez-toc-heading-3\" href=\"https:\/\/externalia.lebranders.es\/en\/modulo-calidad-prl-incidencias-planes-accion\/#Gestion_de_incidencias_con_enfoque_operativo\" >Gesti\u00f3n de incidencias con enfoque operativo<\/a><\/li><li class='ez-toc-page-1 ez-toc-heading-level-3'><a class=\"ez-toc-link ez-toc-heading-4\" href=\"https:\/\/externalia.lebranders.es\/en\/modulo-calidad-prl-incidencias-planes-accion\/#Planes_de_accion_del_%E2%80%9Cpendiente%E2%80%9D_al_cierre_demostrable\" >Planes de acci\u00f3n: del \u201cpendiente\u201d al cierre demostrable<\/a><\/li><li class='ez-toc-page-1 ez-toc-heading-level-3'><a class=\"ez-toc-link ez-toc-heading-5\" href=\"https:\/\/externalia.lebranders.es\/en\/modulo-calidad-prl-incidencias-planes-accion\/#Auditorias_e_inspecciones_plantillas_y_formularios_configurables\" >Auditor\u00edas e inspecciones: plantillas y formularios configurables<\/a><\/li><li class='ez-toc-page-1 ez-toc-heading-level-3'><a class=\"ez-toc-link ez-toc-heading-6\" href=\"https:\/\/externalia.lebranders.es\/en\/modulo-calidad-prl-incidencias-planes-accion\/#Reporting_cuando_el_dato_sirve_para_decidir\" >Reporting: cuando el dato sirve para decidir<\/a><\/li><\/ul><\/li><li class='ez-toc-page-1 ez-toc-heading-level-2'><a class=\"ez-toc-link ez-toc-heading-7\" href=\"https:\/\/externalia.lebranders.es\/en\/modulo-calidad-prl-incidencias-planes-accion\/#Como_usar_Calidad_para_reforzar_PRL_sin_duplicar_trabajo\" >C\u00f3mo usar Calidad para reforzar PRL sin duplicar trabajo<\/a><\/li><li class='ez-toc-page-1 ez-toc-heading-level-2'><a class=\"ez-toc-link ez-toc-heading-8\" href=\"https:\/\/externalia.lebranders.es\/en\/modulo-calidad-prl-incidencias-planes-accion\/#KPIs_recomendados_para_PRL_cuando_incorporas_un_modulo_de_Calidad\" >KPIs recomendados para PRL cuando incorporas un m\u00f3dulo de Calidad<\/a><ul class='ez-toc-list-level-3' ><li class='ez-toc-heading-level-3'><a class=\"ez-toc-link ez-toc-heading-9\" href=\"https:\/\/externalia.lebranders.es\/en\/modulo-calidad-prl-incidencias-planes-accion\/#Solicita_una_demo_gratuita\" >Solicita una demo gratuita<\/a><\/li><\/ul><\/li><li class='ez-toc-page-1 ez-toc-heading-level-2'><a class=\"ez-toc-link ez-toc-heading-10\" href=\"https:\/\/externalia.lebranders.es\/en\/modulo-calidad-prl-incidencias-planes-accion\/#Preguntas_frecuentes_sobre_el_Modulo_de_Calidad\" >Preguntas frecuentes sobre el M\u00f3dulo de Calidad<\/a><ul class='ez-toc-list-level-3' ><li class='ez-toc-heading-level-3'><a class=\"ez-toc-link ez-toc-heading-11\" href=\"https:\/\/externalia.lebranders.es\/en\/modulo-calidad-prl-incidencias-planes-accion\/#%C2%BFPara_que_sirve_el_Modulo_de_Calidad_de_eGestiona_en_PRL\" >\u00bfPara qu\u00e9 sirve el M\u00f3dulo de Calidad de eGestiona en PRL?<\/a><\/li><li class='ez-toc-page-1 ez-toc-heading-level-3'><a class=\"ez-toc-link ez-toc-heading-12\" href=\"https:\/\/externalia.lebranders.es\/en\/modulo-calidad-prl-incidencias-planes-accion\/#%C2%BFQue_diferencia_hay_entre_registrar_una_incidencia_y_gestionarla\" >\u00bfQu\u00e9 diferencia hay entre registrar una incidencia y gestionarla?<\/a><\/li><li class='ez-toc-page-1 ez-toc-heading-level-3'><a class=\"ez-toc-link ez-toc-heading-13\" href=\"https:\/\/externalia.lebranders.es\/en\/modulo-calidad-prl-incidencias-planes-accion\/#%C2%BFComo_ayuda_en_el_control_de_contratas_y_subcontratas\" >\u00bfC\u00f3mo ayuda en el control de contratas y subcontratas?<\/a><\/li><li class='ez-toc-page-1 ez-toc-heading-level-3'><a class=\"ez-toc-link ez-toc-heading-14\" href=\"https:\/\/externalia.lebranders.es\/en\/modulo-calidad-prl-incidencias-planes-accion\/#%C2%BFQue_KPIs_deberia_seguir_un_responsable_de_PRL\" >\u00bfQu\u00e9 KPIs deber\u00eda seguir un responsable de PRL?<\/a><\/li><li class='ez-toc-page-1 ez-toc-heading-level-3'><a class=\"ez-toc-link ez-toc-heading-15\" href=\"https:\/\/externalia.lebranders.es\/en\/modulo-calidad-prl-incidencias-planes-accion\/#%C2%BFComo_implantarlo_sin_anadir_burocracia\" >\u00bfC\u00f3mo implantarlo sin a\u00f1adir burocracia?<\/a><\/li><\/ul><\/li><\/ul><\/nav><\/div>\n<h2 class=\"wp-block-heading\"><span class=\"ez-toc-section\" id=\"Por_que_Calidad_importa_a_PRL\"><\/span><strong>Por qu\u00e9 Calidad importa a PRL<\/strong><span class=\"ez-toc-section-end\"><\/span><\/h2>\n\n\n\n<p class=\"wp-block-paragraph\"><\/p>\n\n\n\n<p class=\"wp-block-paragraph\">Para un responsable de PRL, la calidad no es solo \u201cproducto\u201d o \u201cservicio\u201d. Es, sobre todo, <strong>calidad del proceso<\/strong>: c\u00f3mo se planifica, c\u00f3mo se ejecuta, c\u00f3mo se verifica y c\u00f3mo se corrige. Ese ciclo (planificar\u2013hacer\u2013verificar\u2013actuar) es el mismo que sostiene una prevenci\u00f3n madura.<\/p>\n\n\n\n<p class=\"wp-block-paragraph\">Cuando Calidad est\u00e1 bien implantada, PRL gana:<\/p>\n\n\n\n<ul class=\"wp-block-list\">\n<li><strong>Trazabilidad de decisiones<\/strong>: qu\u00e9 se detect\u00f3, qui\u00e9n lo evalu\u00f3, qu\u00e9 se decidi\u00f3 y c\u00f3mo se cerr\u00f3.<\/li>\n\n\n\n<li><strong>Capacidad de aprender de fallos<\/strong>: sin depender de la memoria del equipo o de correos dispersos.<\/li>\n\n\n\n<li><strong>Rigor en auditor\u00edas<\/strong>: evidencias consistentes y recuperables en minutos.<\/li>\n<\/ul>\n\n\n\n<p class=\"wp-block-paragraph\"><strong>Control real sobre contratas<\/strong>: las desviaciones recurrentes dejan de ser \u201cruido\u201d y se convierten en acciones gestionadas.<\/p>\n\n\n\n<h2 class=\"wp-block-heading\"><span class=\"ez-toc-section\" id=\"Que_aporta_el_Modulo_de_Calidad_de_eGestiona_a_un_entorno_con_contratas\"><\/span><strong>Qu\u00e9 aporta el M\u00f3dulo de Calidad de eGestiona a un entorno con contratas<\/strong><span class=\"ez-toc-section-end\"><\/span><\/h2>\n\n\n\n<p class=\"wp-block-paragraph\"><\/p>\n\n\n\n<h3 class=\"wp-block-heading\"><span class=\"ez-toc-section\" id=\"Gestion_de_incidencias_con_enfoque_operativo\"><\/span><strong>Gesti\u00f3n de incidencias con enfoque operativo<\/strong><span class=\"ez-toc-section-end\"><\/span><\/h3>\n\n\n\n<p class=\"wp-block-paragraph\"><a href=\"https:\/\/externalia.lebranders.es\/gestion-de-contratistas-digitalizar-cae\/\" target=\"_blank\" rel=\"noreferrer noopener\">En un entorno CAE (contratas y subcontratas)<\/a>, las incidencias rara vez son \u201csolo calidad\u201d o \u201csolo PRL\u201d: suelen ser mixtas (procedimiento incumplido, documentaci\u00f3n incompleta, se\u00f1alizaci\u00f3n deficiente, desviaci\u00f3n en una tarea cr\u00edtica, etc.).<\/p>\n\n\n\n<p class=\"wp-block-paragraph\">Un m\u00f3dulo centrado en <strong>incidencias<\/strong> permite registrar el hecho con criterio, mantenerlo ordenado y, sobre todo, <strong>convertirlo en acci\u00f3n<\/strong>. eGestiona se\u00f1ala expl\u00edcitamente que el m\u00f3dulo se adapta a \u00e1mbitos como la <strong>gesti\u00f3n de incidencias<\/strong>.<\/p>\n\n\n\n<p class=\"wp-block-paragraph\"><strong>En PRL, esto se traduce en:<\/strong><\/p>\n\n\n\n<ul class=\"wp-block-list\">\n<li>menos p\u00e9rdida de informaci\u00f3n,<\/li>\n\n\n\n<li>priorizaci\u00f3n por criticidad,<\/li>\n\n\n\n<li>y un historial claro ante auditor\u00edas o revisiones internas.<\/li>\n<\/ul>\n\n\n\n<h3 class=\"wp-block-heading\"><span class=\"ez-toc-section\" id=\"Planes_de_accion_del_%E2%80%9Cpendiente%E2%80%9D_al_cierre_demostrable\"><\/span><strong>Planes de acci\u00f3n: del \u201cpendiente\u201d al cierre demostrable<\/strong><span class=\"ez-toc-section-end\"><\/span><\/h3>\n\n\n\n<p class=\"wp-block-paragraph\">Cuando hay contratas, el gran cuello de botella no es detectar un problema: es <strong>conseguir el cierre<\/strong> (y que quede demostrado).<\/p>\n\n\n\n<p class=\"wp-block-paragraph\">El m\u00f3dulo de Calidad de <strong>eGestiona <\/strong>incluye el foco en <strong>planes de acci\u00f3n<\/strong>, lo que encaja con la necesidad preventiva de gestionar acciones correctivas y de mejora con responsable, plazos y seguimiento.<\/p>\n\n\n\n<p class=\"wp-block-paragraph\">Para PRL, esto es clave porque evita que las acciones:<\/p>\n\n\n\n<ul class=\"wp-block-list\">\n<li>se queden en \u201crecomendaciones\u201d,<\/li>\n\n\n\n<li>se pierdan entre \u00e1reas,<\/li>\n\n\n\n<li>o se cierren sin evidencia suficiente.<\/li>\n<\/ul>\n\n\n\n<h3 class=\"wp-block-heading\"><span class=\"ez-toc-section\" id=\"Auditorias_e_inspecciones_plantillas_y_formularios_configurables\"><\/span><strong>Auditor\u00edas e inspecciones: plantillas y formularios configurables<\/strong><span class=\"ez-toc-section-end\"><\/span><\/h3>\n\n\n\n<p class=\"wp-block-paragraph\">En el d\u00eda a d\u00eda de PRL, <strong>inspeccionar<\/strong> (campo\/planta\/obra) es tan importante como evaluar. Y una inspecci\u00f3n sin estructura suele acabar en notas sueltas.<\/p>\n\n\n\n<p class=\"wp-block-paragraph\">En el ecosistema eGestiona se menciona una funcionalidad para <strong>crear plantillas para auditor\u00edas, inspecciones y encuestas<\/strong>, personalizando formularios con preguntas cuantitativas o cualitativas y clasific\u00e1ndolos por \u00e1reas.<\/p>\n\n\n\n<p class=\"wp-block-paragraph\">Esto es especialmente \u00fatil para PRL cuando se quiere:<\/p>\n\n\n\n<ul class=\"wp-block-list\">\n<li>estandarizar inspecciones a contratas,<\/li>\n\n\n\n<li>asegurar que se revisan los mismos puntos cr\u00edticos,<\/li>\n\n\n\n<li>y sacar conclusiones comparables por centro, proveedor o tipo de actividad.<\/li>\n<\/ul>\n\n\n\n<h3 class=\"wp-block-heading\"><span class=\"ez-toc-section\" id=\"Reporting_cuando_el_dato_sirve_para_decidir\"><\/span><strong>Reporting: cuando el dato sirve para decidir<\/strong><span class=\"ez-toc-section-end\"><\/span><\/h3>\n\n\n\n<p class=\"wp-block-paragraph\">La mejora continua no se sostiene solo con registros: necesita visi\u00f3n. En el mismo entorno informativo se menciona la posibilidad de <strong>crear informes personalizados a trav\u00e9s de BI<\/strong>.<\/p>\n\n\n\n<p class=\"wp-block-paragraph\">Para un responsable de PRL, los informes \u00fatiles suelen responder a preguntas concretas:<\/p>\n\n\n\n<ul class=\"wp-block-list\">\n<li>\u00bfQu\u00e9 desviaciones se repiten por contrata?<\/li>\n\n\n\n<li>\u00bfQu\u00e9 centros acumulan m\u00e1s incidencias y por qu\u00e9?<\/li>\n\n\n\n<li>\u00bfQu\u00e9 acciones se quedan abiertas m\u00e1s tiempo?<\/li>\n\n\n\n<li>\u00bfQu\u00e9 hallazgos aparecen siempre en auditor\u00eda?<\/li>\n<\/ul>\n\n\n\n<h2 class=\"wp-block-heading\"><span class=\"ez-toc-section\" id=\"Como_usar_Calidad_para_reforzar_PRL_sin_duplicar_trabajo\"><\/span><strong>C\u00f3mo usar Calidad para reforzar PRL sin duplicar trabajo<\/strong><span class=\"ez-toc-section-end\"><\/span><\/h2>\n\n\n\n<p class=\"wp-block-paragraph\"><\/p>\n\n\n\n<p class=\"wp-block-paragraph\">Si ya gestionas CAE\/PRL, el objetivo no es \u201cmeter m\u00e1s herramientas\u201d, sino <strong>ordenar el flujo<\/strong>:<\/p>\n\n\n\n<ol start=\"1\" class=\"wp-block-list\">\n<li><strong>Detectar<\/strong> (inspecci\u00f3n\/auditor\u00eda\/incidencia)<\/li>\n\n\n\n<li><strong>Clasificar<\/strong> (tipo, criticidad, \u00e1rea, contrata implicada)<\/li>\n\n\n\n<li><strong>Accionar<\/strong> (plan de acci\u00f3n con responsables y plazos)<\/li>\n\n\n\n<li><strong>Verificar<\/strong> (evidencia de cierre)<\/li>\n\n\n\n<li><strong>Aprender<\/strong> (tendencias y medidas preventivas)<\/li>\n<\/ol>\n\n\n\n<p class=\"wp-block-paragraph\">La ventaja de hacerlo en un entorno modular como eGestiona es que la plataforma est\u00e1 pensada para automatizar procesos y conectar m\u00f3dulos (Calidad\/PRL\/CAE) en un mismo marco de trabajo.<\/p>\n\n\n\n<h2 class=\"wp-block-heading\"><span class=\"ez-toc-section\" id=\"KPIs_recomendados_para_PRL_cuando_incorporas_un_modulo_de_Calidad\"><\/span><strong>KPIs recomendados para PRL cuando incorporas un m\u00f3dulo de Calidad<\/strong><span class=\"ez-toc-section-end\"><\/span><\/h2>\n\n\n\n<p class=\"wp-block-paragraph\"><\/p>\n\n\n\n<p class=\"wp-block-paragraph\">Para que el sistema \u201crespire\u201d mejora continua, evita m\u00e9tricas decorativas y prioriza estas:<\/p>\n\n\n\n<ul class=\"wp-block-list\">\n<li><strong>Tiempo medio de cierre<\/strong> de acciones (por \u00e1rea y por contrata).<\/li>\n\n\n\n<li><strong>% de acciones vencidas<\/strong>.<\/li>\n\n\n\n<li><strong>Reincidencia de incidencias<\/strong> (mismo tipo, misma contrata, mismo centro).<\/li>\n\n\n\n<li><strong>Hallazgos de auditor\u00eda por categor\u00eda<\/strong> (organizaci\u00f3n, procedimientos, ejecuci\u00f3n, evidencias).<\/li>\n\n\n\n<li><strong>Top 5 causas ra\u00edz<\/strong> m\u00e1s frecuentes (para priorizar medidas).<\/li>\n<\/ul>\n\n\n\n<p class=\"wp-block-paragraph\">La Calidad bien aplicada no compite con PRL: la <strong>refuerza<\/strong>. Y en un entorno con contratas, donde el riesgo aumenta por concurrencia y variabilidad, la diferencia suele estar en esto: <strong>menos improvisaci\u00f3n y m\u00e1s sistema<\/strong>.<\/p>\n\n\n\n<p class=\"wp-block-paragraph\">El M\u00f3dulo de Calidad de eGestiona pone el foco en <strong>incidencias, planes de acci\u00f3n y legislaci\u00f3n<\/strong>, y puede apoyarse en herramientas de auditor\u00edas\/inspecciones y reporting para convertir la informaci\u00f3n en decisiones y evidencias.<\/p>\n\n\n\n<div style=\"height:27px\" aria-hidden=\"true\" class=\"wp-block-spacer\"><\/div>\n\n\n\n<p class=\"has-text-align-center wp-block-paragraph\"><strong>\u00bfQuieres ver c\u00f3mo aplicar mejora continua en PRL con incidencias y planes de acci\u00f3n trazables?<\/strong><\/p>\n\n\n\n<div style=\"height:27px\" aria-hidden=\"true\" class=\"wp-block-spacer\"><\/div>\n\n\n\n<div class=\"wp-block-uagb-call-to-action uagb-block-8476ac6a wp-block-button\"><div class=\"uagb-cta__wrap\"><h3 class=\"uagb-cta__title\"><span class=\"ez-toc-section\" id=\"Solicita_una_demo_gratuita\"><\/span><strong>Solicita una demo gratuita<\/strong><span class=\"ez-toc-section-end\"><\/span><\/h3><p class=\"uagb-cta__desc\">Verificaci\u00f3n ITA diaria \u00b7 Certificados AEAT\/TGSS \u00b7 Control de accesos \u00b7 Trazabilidad documental CAE<\/p><\/div><div class=\"uagb-cta__buttons\"><a href=\"#\" class=\"uagb-cta__button-link-wrapper wp-block-button__link\" target=\"_self\" rel=\"noopener noreferrer\">DEMO<\/a><\/div><\/div>\n\n\n\n<div style=\"height:48px\" aria-hidden=\"true\" class=\"wp-block-spacer\"><\/div>\n\n\n\n<h2 class=\"wp-block-heading\"><span class=\"ez-toc-section\" id=\"Preguntas_frecuentes_sobre_el_Modulo_de_Calidad\"><\/span><strong>Preguntas frecuentes sobre el M\u00f3dulo de Calidad<\/strong><span class=\"ez-toc-section-end\"><\/span><\/h2>\n\n\n\n<div style=\"height:27px\" aria-hidden=\"true\" class=\"wp-block-spacer\"><\/div>\n\n\n<div class=\"wp-block-uagb-faq uagb-faq__outer-wrap uagb-block-b45fcc2e uagb-faq-icon-row uagb-faq-layout-accordion uagb-faq-expand-first-false uagb-faq-inactive-other-true uagb-faq__wrap uagb-buttons-layout-wrap uagb-faq-equal-height\" data-faqtoggle=\"true\" role=\"tablist\"><div class=\"wp-block-uagb-faq-child uagb-faq-child__outer-wrap uagb-faq-item uagb-block-ba0679a3\" role=\"tab\" tabindex=\"0\"><div class=\"uagb-faq-questions-button uagb-faq-questions\">\t\t\t<span class=\"uagb-icon uagb-faq-icon-wrap\">\n\t\t\t\t\t\t\t\t<svg xmlns=\"https:\/\/www.w3.org\/2000\/svg\" viewbox= \"0 0 448 512\"><path d=\"M432 256c0 17.69-14.33 32.01-32 32.01H256v144c0 17.69-14.33 31.99-32 31.99s-32-14.3-32-31.99v-144H48c-17.67 0-32-14.32-32-32.01s14.33-31.99 32-31.99H192v-144c0-17.69 14.33-32.01 32-32.01s32 14.32 32 32.01v144h144C417.7 224 432 238.3 432 256z\"><\/path><\/svg>\n\t\t\t\t\t\t\t<\/span>\n\t\t\t\t\t\t<span class=\"uagb-icon-active uagb-faq-icon-wrap\">\n\t\t\t\t\t\t\t\t<svg xmlns=\"https:\/\/www.w3.org\/2000\/svg\" viewbox= \"0 0 448 512\"><path d=\"M400 288h-352c-17.69 0-32-14.32-32-32.01s14.31-31.99 32-31.99h352c17.69 0 32 14.3 32 31.99S417.7 288 400 288z\"><\/path><\/svg>\n\t\t\t\t\t\t\t<\/span>\n\t\t\t<h3 class=\"uagb-question\"><span class=\"ez-toc-section\" id=\"%C2%BFPara_que_sirve_el_Modulo_de_Calidad_de_eGestiona_en_PRL\"><\/span><strong>\u00bfPara qu\u00e9 sirve el M\u00f3dulo de Calidad de eGestiona en PRL?<\/strong><span class=\"ez-toc-section-end\"><\/span><\/h3><\/div><div class=\"uagb-faq-content\"><p>Para estructurar incidencias y hallazgos, convertirlos en planes de acci\u00f3n con responsables y plazos, y dejar evidencias verificables para auditor\u00edas e inspecciones.<\/p><\/div><\/div><div class=\"wp-block-uagb-faq-child uagb-faq-child__outer-wrap uagb-faq-item uagb-block-e9f1c6b0\" role=\"tab\" tabindex=\"0\"><div class=\"uagb-faq-questions-button uagb-faq-questions\">\t\t\t<span class=\"uagb-icon uagb-faq-icon-wrap\">\n\t\t\t\t\t\t\t\t<svg xmlns=\"https:\/\/www.w3.org\/2000\/svg\" viewbox= \"0 0 448 512\"><path d=\"M432 256c0 17.69-14.33 32.01-32 32.01H256v144c0 17.69-14.33 31.99-32 31.99s-32-14.3-32-31.99v-144H48c-17.67 0-32-14.32-32-32.01s14.33-31.99 32-31.99H192v-144c0-17.69 14.33-32.01 32-32.01s32 14.32 32 32.01v144h144C417.7 224 432 238.3 432 256z\"><\/path><\/svg>\n\t\t\t\t\t\t\t<\/span>\n\t\t\t\t\t\t<span class=\"uagb-icon-active uagb-faq-icon-wrap\">\n\t\t\t\t\t\t\t\t<svg xmlns=\"https:\/\/www.w3.org\/2000\/svg\" viewbox= \"0 0 448 512\"><path d=\"M400 288h-352c-17.69 0-32-14.32-32-32.01s14.31-31.99 32-31.99h352c17.69 0 32 14.3 32 31.99S417.7 288 400 288z\"><\/path><\/svg>\n\t\t\t\t\t\t\t<\/span>\n\t\t\t<h3 class=\"uagb-question\"><span class=\"ez-toc-section\" id=\"%C2%BFQue_diferencia_hay_entre_registrar_una_incidencia_y_gestionarla\"><\/span><strong>\u00bfQu\u00e9 diferencia hay entre registrar una incidencia y gestionarla?<\/strong><span class=\"ez-toc-section-end\"><\/span><\/h3><\/div><div class=\"uagb-faq-content\"><p>Registrar es documentar el hecho; gestionarla implica asignar una acci\u00f3n, hacer seguimiento, verificar el cierre con evidencia y comprobar que no se repite.<\/p><\/div><\/div><div class=\"wp-block-uagb-faq-child uagb-faq-child__outer-wrap uagb-faq-item uagb-block-3558e4d2\" role=\"tab\" tabindex=\"0\"><div class=\"uagb-faq-questions-button uagb-faq-questions\">\t\t\t<span class=\"uagb-icon uagb-faq-icon-wrap\">\n\t\t\t\t\t\t\t\t<svg xmlns=\"https:\/\/www.w3.org\/2000\/svg\" viewbox= \"0 0 448 512\"><path d=\"M432 256c0 17.69-14.33 32.01-32 32.01H256v144c0 17.69-14.33 31.99-32 31.99s-32-14.3-32-31.99v-144H48c-17.67 0-32-14.32-32-32.01s14.33-31.99 32-31.99H192v-144c0-17.69 14.33-32.01 32-32.01s32 14.32 32 32.01v144h144C417.7 224 432 238.3 432 256z\"><\/path><\/svg>\n\t\t\t\t\t\t\t<\/span>\n\t\t\t\t\t\t<span class=\"uagb-icon-active uagb-faq-icon-wrap\">\n\t\t\t\t\t\t\t\t<svg xmlns=\"https:\/\/www.w3.org\/2000\/svg\" viewbox= \"0 0 448 512\"><path d=\"M400 288h-352c-17.69 0-32-14.32-32-32.01s14.31-31.99 32-31.99h352c17.69 0 32 14.3 32 31.99S417.7 288 400 288z\"><\/path><\/svg>\n\t\t\t\t\t\t\t<\/span>\n\t\t\t<h3 class=\"uagb-question\"><span class=\"ez-toc-section\" id=\"%C2%BFComo_ayuda_en_el_control_de_contratas_y_subcontratas\"><\/span><strong><strong>\u00bfC\u00f3mo ayuda en el control de contratas y subcontratas?<\/strong><\/strong><span class=\"ez-toc-section-end\"><\/span><\/h3><\/div><div class=\"uagb-faq-content\"><p>Permite detectar reincidencias por proveedor, seguir acciones abiertas, y demostrar con trazabilidad qu\u00e9 medidas se implantaron y cu\u00e1ndo.<\/p><\/div><\/div><\/div>\n\n<div class=\"wp-block-uagb-faq uagb-faq__outer-wrap uagb-block-8d8eab95 uagb-faq-icon-row uagb-faq-layout-accordion uagb-faq-expand-first-false uagb-faq-inactive-other-true uagb-faq__wrap uagb-buttons-layout-wrap uagb-faq-equal-height\" data-faqtoggle=\"true\" role=\"tablist\"><div class=\"wp-block-uagb-faq-child uagb-faq-child__outer-wrap uagb-faq-item uagb-block-70c09436\" role=\"tab\" tabindex=\"0\"><div class=\"uagb-faq-questions-button uagb-faq-questions\">\t\t\t<span class=\"uagb-icon uagb-faq-icon-wrap\">\n\t\t\t\t\t\t\t\t<svg xmlns=\"https:\/\/www.w3.org\/2000\/svg\" viewbox= \"0 0 448 512\"><path d=\"M432 256c0 17.69-14.33 32.01-32 32.01H256v144c0 17.69-14.33 31.99-32 31.99s-32-14.3-32-31.99v-144H48c-17.67 0-32-14.32-32-32.01s14.33-31.99 32-31.99H192v-144c0-17.69 14.33-32.01 32-32.01s32 14.32 32 32.01v144h144C417.7 224 432 238.3 432 256z\"><\/path><\/svg>\n\t\t\t\t\t\t\t<\/span>\n\t\t\t\t\t\t<span class=\"uagb-icon-active uagb-faq-icon-wrap\">\n\t\t\t\t\t\t\t\t<svg xmlns=\"https:\/\/www.w3.org\/2000\/svg\" viewbox= \"0 0 448 512\"><path d=\"M400 288h-352c-17.69 0-32-14.32-32-32.01s14.31-31.99 32-31.99h352c17.69 0 32 14.3 32 31.99S417.7 288 400 288z\"><\/path><\/svg>\n\t\t\t\t\t\t\t<\/span>\n\t\t\t<h3 class=\"uagb-question\"><span class=\"ez-toc-section\" id=\"%C2%BFQue_KPIs_deberia_seguir_un_responsable_de_PRL\"><\/span><strong><strong>\u00bfQu\u00e9 KPIs deber\u00eda seguir un responsable de PRL?<\/strong><\/strong><span class=\"ez-toc-section-end\"><\/span><\/h3><\/div><div class=\"uagb-faq-content\"><p>Tiempo medio de cierre, % de acciones vencidas, reincidencia por tipo\/causa, hallazgos por centro\/contrata y tiempos de cierre de no conformidades.<\/p><\/div><\/div><div class=\"wp-block-uagb-faq-child uagb-faq-child__outer-wrap uagb-faq-item uagb-block-ba0a1a61\" role=\"tab\" tabindex=\"0\"><div class=\"uagb-faq-questions-button uagb-faq-questions\">\t\t\t<span class=\"uagb-icon uagb-faq-icon-wrap\">\n\t\t\t\t\t\t\t\t<svg xmlns=\"https:\/\/www.w3.org\/2000\/svg\" viewbox= \"0 0 448 512\"><path d=\"M432 256c0 17.69-14.33 32.01-32 32.01H256v144c0 17.69-14.33 31.99-32 31.99s-32-14.3-32-31.99v-144H48c-17.67 0-32-14.32-32-32.01s14.33-31.99 32-31.99H192v-144c0-17.69 14.33-32.01 32-32.01s32 14.32 32 32.01v144h144C417.7 224 432 238.3 432 256z\"><\/path><\/svg>\n\t\t\t\t\t\t\t<\/span>\n\t\t\t\t\t\t<span class=\"uagb-icon-active uagb-faq-icon-wrap\">\n\t\t\t\t\t\t\t\t<svg xmlns=\"https:\/\/www.w3.org\/2000\/svg\" viewbox= \"0 0 448 512\"><path d=\"M400 288h-352c-17.69 0-32-14.32-32-32.01s14.31-31.99 32-31.99h352c17.69 0 32 14.3 32 31.99S417.7 288 400 288z\"><\/path><\/svg>\n\t\t\t\t\t\t\t<\/span>\n\t\t\t<h3 class=\"uagb-question\"><span class=\"ez-toc-section\" id=\"%C2%BFComo_implantarlo_sin_anadir_burocracia\"><\/span><strong><strong>\u00bfC\u00f3mo implantarlo sin a\u00f1adir burocracia?<\/strong><\/strong><span class=\"ez-toc-section-end\"><\/span><\/h3><\/div><div class=\"uagb-faq-content\"><p>Empezando por pocas tipolog\u00edas cr\u00edticas, usando una clasificaci\u00f3n m\u00ednima com\u00fan, y definiendo reglas claras: sin evidencia no se cierra.<\/p><\/div><\/div><\/div>\n\n\n<div style=\"height:35px\" aria-hidden=\"true\" class=\"wp-block-spacer\"><\/div>\n\n\n\n<h4 class=\"wp-block-heading\"><strong>Otros art\u00edculos de inter\u00e9s<\/strong><\/h4>\n\n\n\n\t\t\t<div class=\"wp-block-uagb-post-carousel uagb-post-grid  uagb-post__image-position-top uagb-post__image-enabled uagb-block-a510a874     uagb-post__arrow-outside uagb-slick-carousel uagb-post__items uagb-post__columns-3 is-carousel uagb-post__columns-tablet-2 uagb-post__columns-mobile-1\" data-total=\"7\" style=\"\">\n\n\t\t\t\t\t\t\t\t\t\t\t\t<article class=\"uagb-post__inner-wrap\">\t\t\t\t\t\t\t\t<div class='uagb-post__image'>\n\t\t\t\t\t\t\t\t\t<a href=\"https:\/\/externalia.lebranders.es\/en\/checklist-cumplimiento-cae-2026-inspeccion-trabajo\/\" target=\"_self\" rel=\"bookmark noopener noreferrer\"><img loading=\"lazy\" decoding=\"async\" width=\"1024\" height=\"576\" src=\"https:\/\/externalia.lebranders.es\/wp-content\/uploads\/2026\/07\/Checklist-de-cumplimiento-CAE-2026-1024x576.png\" class=\"attachment-large size-large\" alt=\"Checklist CAE cumplimiento 2026\" srcset=\"https:\/\/externalia.lebranders.es\/wp-content\/uploads\/2026\/07\/Checklist-de-cumplimiento-CAE-2026-980x552.png 980w, https:\/\/externalia.lebranders.es\/wp-content\/uploads\/2026\/07\/Checklist-de-cumplimiento-CAE-2026-480x270.png 480w\" sizes=\"(min-width: 0px) and (max-width: 480px) 480px, (min-width: 481px) and (max-width: 980px) 980px, (min-width: 981px) 1024px, 100vw\" \/>\t\t\t\t\t<\/a>\n\t\t\t\t\t\t\t\t\t<\/div>\n\t\t\t\t\t\t<h4 class=\"uagb-post__title uagb-post__text\">\n\t\t\t\t<a href=\"https:\/\/externalia.lebranders.es\/en\/checklist-cumplimiento-cae-2026-inspeccion-trabajo\/\" target=\"_self\" rel=\"bookmark noopener noreferrer\">CHECKLIST DE CUMPLIMIENTO CAE 2026: lo que Inspecci\u00f3n de Trabajo comprueba en cada visita<\/a>\n\t\t\t<\/h4>\n\t\t\t\t\t\t<div class='uagb-post__text uagb-post-grid-byline'>\n\t\t\t\t\t\t\t\t<div class=\"uagb-post__text\">\n\t\t\t\t\t<span class='uagb-post__taxonomy'>\n\t\t\t\t\t\t\t\t\t\t\t\t<a href=\"https:\/\/externalia.lebranders.es\/en\/software-cae\/\">Software CAE<\/a>,&nbsp;<a href=\"https:\/\/externalia.lebranders.es\/en\/software-cae\/compliance-y-normativa\/\">Compliance &amp; normativa\u00a0<\/a>,&nbsp;<a href=\"https:\/\/externalia.lebranders.es\/en\/software-cae\/control-operativo-y-gestion-de-contratistas\/\">Control operativo &amp; gesti\u00f3n de contratistas<\/a>,&nbsp;<a href=\"https:\/\/externalia.lebranders.es\/en\/software-cae\/prl\/\">PRL<\/a>\t\t\t\t\t<\/span>\n\t\t\t\t<\/div>\n\t\t\t\t\t\t\t<\/div>\n\t\t\t\t\t\t\t<div class='uagb-post__text uagb-post__excerpt'>\n\t\t\t\t\tGu\u00eda pr\u00e1ctica con el checklist de los 10 puntos que Inspecci\u00f3n de Trabajo verifica en materia de CAE en 2026: acreditaci\u00f3n de contratistas,&#8230;\t\t\t\t<\/div>\n\t\t\t\t\t\t<div class=\"uagb-post__text uagb-post__cta wp-block-button\">\n\t\t\t\t<a class=\"wp-block-button__link uagb-text-link\" style=\"\" href=\"https:\/\/externalia.lebranders.es\/en\/checklist-cumplimiento-cae-2026-inspeccion-trabajo\/\" target=\"_self\" rel=\"bookmark noopener noreferrer\">Read More<\/a>\n\t\t\t<\/div>\n\t\t\t\n\t\t\t\t\t\t\t\t\t<\/article>\n\t\t\t\t\t\t\t\t\t\t\t\t\t\t\t\t<article class=\"uagb-post__inner-wrap\">\t\t\t\t\t\t\t\t<div class='uagb-post__image'>\n\t\t\t\t\t\t\t\t\t<a href=\"https:\/\/externalia.lebranders.es\/en\/software-cae-plataforma-contratas-subcontratas\/\" target=\"_self\" rel=\"bookmark noopener noreferrer\"><img loading=\"lazy\" decoding=\"async\" width=\"1024\" height=\"576\" src=\"https:\/\/externalia.lebranders.es\/wp-content\/uploads\/2026\/06\/Software-CAE-eGestiona--1024x576.png\" class=\"attachment-large size-large\" alt=\"Software CAE eGestiona \u2014 Panel de control operativo de contratistas y coordinaci\u00f3n de actividades empresariales en plataforma SaaS en nube\" srcset=\"https:\/\/externalia.lebranders.es\/wp-content\/uploads\/2026\/06\/Software-CAE-eGestiona--980x552.png 980w, https:\/\/externalia.lebranders.es\/wp-content\/uploads\/2026\/06\/Software-CAE-eGestiona--480x270.png 480w\" sizes=\"(min-width: 0px) and (max-width: 480px) 480px, (min-width: 481px) and (max-width: 980px) 980px, (min-width: 981px) 1024px, 100vw\" \/>\t\t\t\t\t<\/a>\n\t\t\t\t\t\t\t\t\t<\/div>\n\t\t\t\t\t\t<h4 class=\"uagb-post__title uagb-post__text\">\n\t\t\t\t<a href=\"https:\/\/externalia.lebranders.es\/en\/software-cae-plataforma-contratas-subcontratas\/\" target=\"_self\" rel=\"bookmark noopener noreferrer\">Software CAE en 2026: digitalizaci\u00f3n obligatoria de la coordinaci\u00f3n de actividades empresariales<\/a>\n\t\t\t<\/h4>\n\t\t\t\t\t\t<div class='uagb-post__text uagb-post-grid-byline'>\n\t\t\t\t\t\t\t\t<div class=\"uagb-post__text\">\n\t\t\t\t\t<span class='uagb-post__taxonomy'>\n\t\t\t\t\t\t\t\t\t\t\t\t<a href=\"https:\/\/externalia.lebranders.es\/en\/software-cae\/\">Software CAE<\/a>,&nbsp;<a href=\"https:\/\/externalia.lebranders.es\/en\/software-cae\/compliance-y-normativa\/\">Compliance &amp; normativa\u00a0<\/a>,&nbsp;<a href=\"https:\/\/externalia.lebranders.es\/en\/software-cae\/control-operativo-y-gestion-de-contratistas\/\">Control operativo &amp; gesti\u00f3n de contratistas<\/a>\t\t\t\t\t<\/span>\n\t\t\t\t<\/div>\n\t\t\t\t\t\t\t<\/div>\n\t\t\t\t\t\t\t<div class='uagb-post__text uagb-post__excerpt'>\n\t\t\t\t\tLa revista del INSST de febrero de 2026 lo confirma: gestionar la coordinaci\u00f3n de actividades empresariales sin software CAE genera riesgos de incumplimiento&#8230;\t\t\t\t<\/div>\n\t\t\t\t\t\t<div class=\"uagb-post__text uagb-post__cta wp-block-button\">\n\t\t\t\t<a class=\"wp-block-button__link uagb-text-link\" style=\"\" href=\"https:\/\/externalia.lebranders.es\/en\/software-cae-plataforma-contratas-subcontratas\/\" target=\"_self\" rel=\"bookmark noopener noreferrer\">Read More<\/a>\n\t\t\t<\/div>\n\t\t\t\n\t\t\t\t\t\t\t\t\t<\/article>\n\t\t\t\t\t\t\t\t\t\t\t\t\t\t\t\t<article class=\"uagb-post__inner-wrap\">\t\t\t\t\t\t\t\t<div class='uagb-post__image'>\n\t\t\t\t\t\t\t\t\t<a href=\"https:\/\/externalia.lebranders.es\/en\/responsabilidad-solidaria-subsidiaria-cae\/\" target=\"_self\" rel=\"bookmark noopener noreferrer\"><img loading=\"lazy\" decoding=\"async\" width=\"1024\" height=\"683\" src=\"https:\/\/externalia.lebranders.es\/wp-content\/uploads\/2026\/05\/CAE-cuando-responde-la-empresa-principal-por-sus-contratas-eGestiona-1-1024x683.png\" class=\"attachment-large size-large\" alt=\"Responsabilidad solidaria y subsidiaria de la empresa principal en la CAE \u2014 coordinaci\u00f3n de actividades empresariales\" srcset=\"https:\/\/externalia.lebranders.es\/wp-content\/uploads\/2026\/05\/CAE-cuando-responde-la-empresa-principal-por-sus-contratas-eGestiona-1-980x653.png 980w, https:\/\/externalia.lebranders.es\/wp-content\/uploads\/2026\/05\/CAE-cuando-responde-la-empresa-principal-por-sus-contratas-eGestiona-1-480x320.png 480w\" sizes=\"(min-width: 0px) and (max-width: 480px) 480px, (min-width: 481px) and (max-width: 980px) 980px, (min-width: 981px) 1024px, 100vw\" \/>\t\t\t\t\t<\/a>\n\t\t\t\t\t\t\t\t\t<\/div>\n\t\t\t\t\t\t<h4 class=\"uagb-post__title uagb-post__text\">\n\t\t\t\t<a href=\"https:\/\/externalia.lebranders.es\/en\/responsabilidad-solidaria-subsidiaria-cae\/\" target=\"_self\" rel=\"bookmark noopener noreferrer\">Responsabilidad solidaria y subsidiaria en la CAE: cu\u00e1ndo responde la empresa principal<\/a>\n\t\t\t<\/h4>\n\t\t\t\t\t\t<div class='uagb-post__text uagb-post-grid-byline'>\n\t\t\t\t\t\t\t\t<div class=\"uagb-post__text\">\n\t\t\t\t\t<span class='uagb-post__taxonomy'>\n\t\t\t\t\t\t\t\t\t\t\t\t<a href=\"https:\/\/externalia.lebranders.es\/en\/software-cae\/control-operativo-y-gestion-de-contratistas\/\">Control operativo &amp; gesti\u00f3n de contratistas<\/a>,&nbsp;<a href=\"https:\/\/externalia.lebranders.es\/en\/software-cae\/compliance-y-normativa\/\">Compliance &amp; normativa\u00a0<\/a>,&nbsp;<a href=\"https:\/\/externalia.lebranders.es\/en\/software-cae\/prl\/\">PRL<\/a>,&nbsp;<a href=\"https:\/\/externalia.lebranders.es\/en\/software-cae\/\">Software CAE<\/a>\t\t\t\t\t<\/span>\n\t\t\t\t<\/div>\n\t\t\t\t\t\t\t<\/div>\n\t\t\t\t\t\t\t<div class='uagb-post__text uagb-post__excerpt'>\n\t\t\t\t\tLa empresa principal puede responder solidariamente por las infracciones de sus contratas en materia de PRL y Seguridad Social. Analizamos cu\u00e1ndo, en qu\u00e9&#8230;\t\t\t\t<\/div>\n\t\t\t\t\t\t<div class=\"uagb-post__text uagb-post__cta wp-block-button\">\n\t\t\t\t<a class=\"wp-block-button__link uagb-text-link\" style=\"\" href=\"https:\/\/externalia.lebranders.es\/en\/responsabilidad-solidaria-subsidiaria-cae\/\" target=\"_self\" rel=\"bookmark noopener noreferrer\">Read More<\/a>\n\t\t\t<\/div>\n\t\t\t\n\t\t\t\t\t\t\t\t\t<\/article>\n\t\t\t\t\t\t\t\t\t\t\t\t\t\t\t\t<article class=\"uagb-post__inner-wrap\">\t\t\t\t\t\t\t\t<div class='uagb-post__image'>\n\t\t\t\t\t\t\t\t\t<a href=\"https:\/\/externalia.lebranders.es\/en\/gestion-contratistas-construccion-industria-2026\/\" target=\"_self\" rel=\"bookmark noopener noreferrer\"><img loading=\"lazy\" decoding=\"async\" width=\"1024\" height=\"683\" src=\"https:\/\/externalia.lebranders.es\/wp-content\/uploads\/2026\/05\/Gestion-de-contratistas-Externalia-Solutions-1024x683.png\" class=\"attachment-large size-large\" alt=\"Gesti\u00f3n de contratistas en obras de construcci\u00f3n 2026 con plataforma eGestiona\" srcset=\"https:\/\/externalia.lebranders.es\/wp-content\/uploads\/2026\/05\/Gestion-de-contratistas-Externalia-Solutions-980x653.png 980w, https:\/\/externalia.lebranders.es\/wp-content\/uploads\/2026\/05\/Gestion-de-contratistas-Externalia-Solutions-480x320.png 480w\" sizes=\"(min-width: 0px) and (max-width: 480px) 480px, (min-width: 481px) and (max-width: 980px) 980px, (min-width: 981px) 1024px, 100vw\" \/>\t\t\t\t\t<\/a>\n\t\t\t\t\t\t\t\t\t<\/div>\n\t\t\t\t\t\t<h4 class=\"uagb-post__title uagb-post__text\">\n\t\t\t\t<a href=\"https:\/\/externalia.lebranders.es\/en\/gestion-contratistas-construccion-industria-2026\/\" target=\"_self\" rel=\"bookmark noopener noreferrer\">Los grandes desaf\u00edos de la gesti\u00f3n de contratistas en 2026 y c\u00f3mo superarlos<\/a>\n\t\t\t<\/h4>\n\t\t\t\t\t\t<div class='uagb-post__text uagb-post-grid-byline'>\n\t\t\t\t\t\t\t\t<div class=\"uagb-post__text\">\n\t\t\t\t\t<span class='uagb-post__taxonomy'>\n\t\t\t\t\t\t\t\t\t\t\t\t<a href=\"https:\/\/externalia.lebranders.es\/en\/software-cae\/control-operativo-y-gestion-de-contratistas\/\">Control operativo &amp; gesti\u00f3n de contratistas<\/a>,&nbsp;<a href=\"https:\/\/externalia.lebranders.es\/en\/software-cae\/prl\/\">PRL<\/a>,&nbsp;<a href=\"https:\/\/externalia.lebranders.es\/en\/software-cae\/\">Software CAE<\/a>\t\t\t\t\t<\/span>\n\t\t\t\t<\/div>\n\t\t\t\t\t\t\t<\/div>\n\t\t\t\t\t\t\t<div class='uagb-post__text uagb-post__excerpt'>\n\t\t\t\t\tEn 2026, gestionar contratistas en construcci\u00f3n e industria es m\u00e1s exigente que nunca. Descubre los 6 principales desaf\u00edos \u2014control documental, CAE, homologaci\u00f3n, visibilidad&#8230;\t\t\t\t<\/div>\n\t\t\t\t\t\t<div class=\"uagb-post__text uagb-post__cta wp-block-button\">\n\t\t\t\t<a class=\"wp-block-button__link uagb-text-link\" style=\"\" href=\"https:\/\/externalia.lebranders.es\/en\/gestion-contratistas-construccion-industria-2026\/\" target=\"_self\" rel=\"bookmark noopener noreferrer\">Read More<\/a>\n\t\t\t<\/div>\n\t\t\t\n\t\t\t\t\t\t\t\t\t<\/article>\n\t\t\t\t\t\t\t\t\t\t\t\t\t\t\t\t<article class=\"uagb-post__inner-wrap\">\t\t\t\t\t\t\t\t<div class='uagb-post__image'>\n\t\t\t\t\t\t\t\t\t<a href=\"https:\/\/externalia.lebranders.es\/en\/iso-45001-cae-coordinacion-contratas-sst\/\" target=\"_self\" rel=\"bookmark noopener noreferrer\"><img loading=\"lazy\" decoding=\"async\" width=\"1024\" height=\"683\" src=\"https:\/\/externalia.lebranders.es\/wp-content\/uploads\/2026\/04\/Coordinacion-de-contratas-en-entorno-industrial-con-sistema-de-gestion-ISO-45001-1-1024x683.png\" class=\"attachment-large size-large\" alt=\"&quot;Coordinaci\u00f3n de contratas en entorno industrial con sistema de gesti\u00f3n ISO 45001\" srcset=\"https:\/\/externalia.lebranders.es\/wp-content\/uploads\/2026\/04\/Coordinacion-de-contratas-en-entorno-industrial-con-sistema-de-gestion-ISO-45001-1-980x653.png 980w, https:\/\/externalia.lebranders.es\/wp-content\/uploads\/2026\/04\/Coordinacion-de-contratas-en-entorno-industrial-con-sistema-de-gestion-ISO-45001-1-480x320.png 480w\" sizes=\"(min-width: 0px) and (max-width: 480px) 480px, (min-width: 481px) and (max-width: 980px) 980px, (min-width: 981px) 1024px, 100vw\" \/>\t\t\t\t\t<\/a>\n\t\t\t\t\t\t\t\t\t<\/div>\n\t\t\t\t\t\t<h4 class=\"uagb-post__title uagb-post__text\">\n\t\t\t\t<a href=\"https:\/\/externalia.lebranders.es\/en\/iso-45001-cae-coordinacion-contratas-sst\/\" target=\"_self\" rel=\"bookmark noopener noreferrer\">ISO 45001 y CAE: c\u00f3mo integrar la coordinaci\u00f3n de contratas en tu sistema de gesti\u00f3n SST<\/a>\n\t\t\t<\/h4>\n\t\t\t\t\t\t<div class='uagb-post__text uagb-post-grid-byline'>\n\t\t\t\t\t\t\t\t<div class=\"uagb-post__text\">\n\t\t\t\t\t<span class='uagb-post__taxonomy'>\n\t\t\t\t\t\t\t\t\t\t\t\t<a href=\"https:\/\/externalia.lebranders.es\/en\/software-cae\/control-operativo-y-gestion-de-contratistas\/\">Control operativo &amp; gesti\u00f3n de contratistas<\/a>,&nbsp;<a href=\"https:\/\/externalia.lebranders.es\/en\/software-cae\/prl\/\">PRL<\/a>,&nbsp;<a href=\"https:\/\/externalia.lebranders.es\/en\/software-cae\/\">Software CAE<\/a>\t\t\t\t\t<\/span>\n\t\t\t\t<\/div>\n\t\t\t\t\t\t\t<\/div>\n\t\t\t\t\t\t\t<div class='uagb-post__text uagb-post__excerpt'>\n\t\t\t\t\tGu\u00eda experta para integrar la CAE en tu sistema de gesti\u00f3n ISO 45001 en sectores industriales y de construcci\u00f3n. Conoce c\u00f3mo eGestiona resuelve&#8230;\t\t\t\t<\/div>\n\t\t\t\t\t\t<div class=\"uagb-post__text uagb-post__cta wp-block-button\">\n\t\t\t\t<a class=\"wp-block-button__link uagb-text-link\" style=\"\" href=\"https:\/\/externalia.lebranders.es\/en\/iso-45001-cae-coordinacion-contratas-sst\/\" target=\"_self\" rel=\"bookmark noopener noreferrer\">Read More<\/a>\n\t\t\t<\/div>\n\t\t\t\n\t\t\t\t\t\t\t\t\t<\/article>\n\t\t\t\t\t\t\t\t\t\t\t\t\t\t\t\t<article class=\"uagb-post__inner-wrap\">\t\t\t\t\t\t\t\t<div class='uagb-post__image'>\n\t\t\t\t\t\t\t\t\t<a href=\"https:\/\/externalia.lebranders.es\/en\/verificacion-ita-diaria-cae-contratistas\/\" target=\"_self\" rel=\"bookmark noopener noreferrer\"><img loading=\"lazy\" decoding=\"async\" width=\"1024\" height=\"683\" src=\"https:\/\/externalia.lebranders.es\/wp-content\/uploads\/2026\/04\/Verificacion-ITA-diaria-CAE-Externalia-Solutions-1024x683.png\" class=\"attachment-large size-large\" alt=\"Verificaci\u00f3n-ITA-diaria-CAE-Externalia\" srcset=\"https:\/\/externalia.lebranders.es\/wp-content\/uploads\/2026\/04\/Verificacion-ITA-diaria-CAE-Externalia-Solutions-980x653.png 980w, https:\/\/externalia.lebranders.es\/wp-content\/uploads\/2026\/04\/Verificacion-ITA-diaria-CAE-Externalia-Solutions-480x320.png 480w\" sizes=\"(min-width: 0px) and (max-width: 480px) 480px, (min-width: 481px) and (max-width: 980px) 980px, (min-width: 981px) 1024px, 100vw\" \/>\t\t\t\t\t<\/a>\n\t\t\t\t\t\t\t\t\t<\/div>\n\t\t\t\t\t\t<h4 class=\"uagb-post__title uagb-post__text\">\n\t\t\t\t<a href=\"https:\/\/externalia.lebranders.es\/en\/verificacion-ita-diaria-cae-contratistas\/\" target=\"_self\" rel=\"bookmark noopener noreferrer\">Verificaci\u00f3n ITA diaria en la CAE: por qu\u00e9 el documento mensual ya no es suficiente para controlar el alta de tus contratistas en la Seguridad Social<\/a>\n\t\t\t<\/h4>\n\t\t\t\t\t\t<div class='uagb-post__text uagb-post-grid-byline'>\n\t\t\t\t\t\t\t\t<div class=\"uagb-post__text\">\n\t\t\t\t\t<span class='uagb-post__taxonomy'>\n\t\t\t\t\t\t\t\t\t\t\t\t<a href=\"https:\/\/externalia.lebranders.es\/en\/software-cae\/control-operativo-y-gestion-de-contratistas\/\">Control operativo &amp; gesti\u00f3n de contratistas<\/a>,&nbsp;<a href=\"https:\/\/externalia.lebranders.es\/en\/software-cae\/compliance-y-normativa\/\">Compliance &amp; normativa\u00a0<\/a>,&nbsp;<a href=\"https:\/\/externalia.lebranders.es\/en\/software-cae\/prl\/\">PRL<\/a>,&nbsp;<a href=\"https:\/\/externalia.lebranders.es\/en\/software-cae\/\">Software CAE<\/a>\t\t\t\t\t<\/span>\n\t\t\t\t<\/div>\n\t\t\t\t\t\t\t<\/div>\n\t\t\t\t\t\t\t<div class='uagb-post__text uagb-post__excerpt'>\n\t\t\t\t\tLa coordinaci\u00f3n de actividades empresariales ha evolucionado significativamente en los \u00faltimos a\u00f1os. Sin embargo, uno de los puntos cr\u00edticos que contin\u00faa generando incidencias&#8230;\t\t\t\t<\/div>\n\t\t\t\t\t\t<div class=\"uagb-post__text uagb-post__cta wp-block-button\">\n\t\t\t\t<a class=\"wp-block-button__link uagb-text-link\" style=\"\" href=\"https:\/\/externalia.lebranders.es\/en\/verificacion-ita-diaria-cae-contratistas\/\" target=\"_self\" rel=\"bookmark noopener noreferrer\">Read More<\/a>\n\t\t\t<\/div>\n\t\t\t\n\t\t\t\t\t\t\t\t\t<\/article>\n\t\t\t\t\t\t\t\t\t\t\t\t\t\t\t\t<article class=\"uagb-post__inner-wrap\">\t\t\t\t\t\t\t\t<div class='uagb-post__image'>\n\t\t\t\t\t\t\t\t\t<a href=\"https:\/\/externalia.lebranders.es\/en\/homologacion-proveedores-proyectos-criticos\/\" target=\"_self\" rel=\"bookmark noopener noreferrer\"><img loading=\"lazy\" decoding=\"async\" width=\"1024\" height=\"683\" src=\"https:\/\/externalia.lebranders.es\/wp-content\/uploads\/2026\/03\/Homologacion-de-proveedores-Externalia-Solutions-1024x683.png\" class=\"attachment-large size-large\" alt=\"homologacion-proveedores-proyectos-criticos-prl-cae\" srcset=\"https:\/\/externalia.lebranders.es\/wp-content\/uploads\/2026\/03\/Homologacion-de-proveedores-Externalia-Solutions-980x653.png 980w, https:\/\/externalia.lebranders.es\/wp-content\/uploads\/2026\/03\/Homologacion-de-proveedores-Externalia-Solutions-480x320.png 480w\" sizes=\"(min-width: 0px) and (max-width: 480px) 480px, (min-width: 481px) and (max-width: 980px) 980px, (min-width: 981px) 1024px, 100vw\" \/>\t\t\t\t\t<\/a>\n\t\t\t\t\t\t\t\t\t<\/div>\n\t\t\t\t\t\t<h4 class=\"uagb-post__title uagb-post__text\">\n\t\t\t\t<a href=\"https:\/\/externalia.lebranders.es\/en\/homologacion-proveedores-proyectos-criticos\/\" target=\"_self\" rel=\"bookmark noopener noreferrer\">Qu\u00e9 pedir en una homologaci\u00f3n de proveedores en proyectos cr\u00edticos<\/a>\n\t\t\t<\/h4>\n\t\t\t\t\t\t<div class='uagb-post__text uagb-post-grid-byline'>\n\t\t\t\t\t\t\t\t<div class=\"uagb-post__text\">\n\t\t\t\t\t<span class='uagb-post__taxonomy'>\n\t\t\t\t\t\t\t\t\t\t\t\t<a href=\"https:\/\/externalia.lebranders.es\/en\/software-cae\/control-operativo-y-gestion-de-contratistas\/\">Control operativo &amp; gesti\u00f3n de contratistas<\/a>,&nbsp;<a href=\"https:\/\/externalia.lebranders.es\/en\/software-cae\/homologacion-de-proveedores\/\">Homologaci\u00f3n de proveedores<\/a>,&nbsp;<a href=\"https:\/\/externalia.lebranders.es\/en\/software-cae\/prl\/\">PRL<\/a>,&nbsp;<a href=\"https:\/\/externalia.lebranders.es\/en\/software-cae\/\">Software CAE<\/a>\t\t\t\t\t<\/span>\n\t\t\t\t<\/div>\n\t\t\t\t\t\t\t<\/div>\n\t\t\t\t\t\t\t<div class='uagb-post__text uagb-post__excerpt'>\n\t\t\t\t\tEn proyectos cr\u00edticos, homologar proveedores no consiste en pedirlo todo, sino en pedir lo que reduce el riesgo. Esta gu\u00eda de PRL y&#8230;\t\t\t\t<\/div>\n\t\t\t\t\t\t<div class=\"uagb-post__text uagb-post__cta wp-block-button\">\n\t\t\t\t<a class=\"wp-block-button__link uagb-text-link\" style=\"\" href=\"https:\/\/externalia.lebranders.es\/en\/homologacion-proveedores-proyectos-criticos\/\" target=\"_self\" rel=\"bookmark noopener noreferrer\">Read More<\/a>\n\t\t\t<\/div>\n\t\t\t\n\t\t\t\t\t\t\t\t\t<\/article>\n\t\t\t\t\t\t\t\t\t\t\t<\/div>","protected":false},"excerpt":{"rendered":"<p>El M\u00f3dulo de Calidad de eGestiona permite a PRL transformar incidencias y hallazgos en mejora continua: registro estructurado, planes de acci\u00f3n con responsables y plazos, trazabilidad y evidencias para auditor\u00edas. En entornos con contratas, ayuda a reducir reincidencias, controlar acciones vencidas y demostrar diligencia preventiva con informaci\u00f3n ordenada por centro, actividad y proveedor.<\/p>","protected":false},"author":3,"featured_media":4945,"comment_status":"open","ping_status":"open","sticky":false,"template":"","format":"standard","meta":{"_et_pb_use_builder":"off","_et_pb_old_content":"","_et_gb_content_width":"","_uag_custom_page_level_css":"","footnotes":""},"categories":[31,162],"tags":[371,372,373,374,375,376,377,378],"class_list":["post-4586","post","type-post","status-publish","format-standard","has-post-thumbnail","hentry","category-control-operativo-y-gestion-de-contratistas","category-prl","tag-auditorias-prl-e-iso-45001","tag-control-de-contratas-cae","tag-egestiona-calidad","tag-gestion-de-incidencias-prl","tag-mejora-continua-en-prevencion","tag-planes-de-accion-preventivos","tag-software-de-calidad-para-prl","tag-trazabilidad-de-acciones-correctivas"],"uagb_featured_image_src":{"full":["https:\/\/externalia.lebranders.es\/wp-content\/uploads\/2026\/01\/Modulo-calidad-Externalia-Solutions.png",1536,1024,false],"thumbnail":["https:\/\/externalia.lebranders.es\/wp-content\/uploads\/2026\/01\/Modulo-calidad-Externalia-Solutions-150x150.png",150,150,true],"medium":["https:\/\/externalia.lebranders.es\/wp-content\/uploads\/2026\/01\/Modulo-calidad-Externalia-Solutions-300x200.png",300,200,true],"medium_large":["https:\/\/externalia.lebranders.es\/wp-content\/uploads\/2026\/01\/Modulo-calidad-Externalia-Solutions-768x512.png",768,512,true],"large":["https:\/\/externalia.lebranders.es\/wp-content\/uploads\/2026\/01\/Modulo-calidad-Externalia-Solutions-1024x683.png",1024,683,true],"1536x1536":["https:\/\/externalia.lebranders.es\/wp-content\/uploads\/2026\/01\/Modulo-calidad-Externalia-Solutions.png",1536,1024,false],"2048x2048":["https:\/\/externalia.lebranders.es\/wp-content\/uploads\/2026\/01\/Modulo-calidad-Externalia-Solutions.png",1536,1024,false],"trp-custom-language-flag":["https:\/\/externalia.lebranders.es\/wp-content\/uploads\/2026\/01\/Modulo-calidad-Externalia-Solutions-18x12.png",18,12,true],"et-pb-post-main-image":["https:\/\/externalia.lebranders.es\/wp-content\/uploads\/2026\/01\/Modulo-calidad-Externalia-Solutions-400x250.png",400,250,true],"et-pb-post-main-image-fullwidth":["https:\/\/externalia.lebranders.es\/wp-content\/uploads\/2026\/01\/Modulo-calidad-Externalia-Solutions-1080x675.png",1080,675,true],"et-pb-portfolio-image":["https:\/\/externalia.lebranders.es\/wp-content\/uploads\/2026\/01\/Modulo-calidad-Externalia-Solutions-400x284.png",400,284,true],"et-pb-portfolio-module-image":["https:\/\/externalia.lebranders.es\/wp-content\/uploads\/2026\/01\/Modulo-calidad-Externalia-Solutions-510x382.png",510,382,true],"et-pb-portfolio-image-single":["https:\/\/externalia.lebranders.es\/wp-content\/uploads\/2026\/01\/Modulo-calidad-Externalia-Solutions-1080x720.png",1080,720,true],"et-pb-gallery-module-image-portrait":["https:\/\/externalia.lebranders.es\/wp-content\/uploads\/2026\/01\/Modulo-calidad-Externalia-Solutions-400x516.png",400,516,true],"et-pb-post-main-image-fullwidth-large":["https:\/\/externalia.lebranders.es\/wp-content\/uploads\/2026\/01\/Modulo-calidad-Externalia-Solutions.png",1536,1024,false],"et-pb-image--responsive--desktop":["https:\/\/externalia.lebranders.es\/wp-content\/uploads\/2026\/01\/Modulo-calidad-Externalia-Solutions-1280x853.png",1080,720,true],"et-pb-image--responsive--tablet":["https:\/\/externalia.lebranders.es\/wp-content\/uploads\/2026\/01\/Modulo-calidad-Externalia-Solutions-980x653.png",827,551,true],"et-pb-image--responsive--phone":["https:\/\/externalia.lebranders.es\/wp-content\/uploads\/2026\/01\/Modulo-calidad-Externalia-Solutions-480x320.png",405,270,true]},"uagb_author_info":{"display_name":"Silvia Martorell","author_link":"https:\/\/externalia.lebranders.es\/en\/author\/silvia\/"},"uagb_comment_info":0,"uagb_excerpt":"El M\u00f3dulo de Calidad de eGestiona permite a PRL transformar incidencias y hallazgos en mejora continua: registro estructurado, planes de acci\u00f3n con responsables y plazos, trazabilidad y evidencias para auditor\u00edas. En entornos con contratas, ayuda a reducir reincidencias, controlar acciones vencidas y demostrar diligencia preventiva con informaci\u00f3n ordenada por centro, actividad y proveedor.","_links":{"self":[{"href":"https:\/\/externalia.lebranders.es\/en\/wp-json\/wp\/v2\/posts\/4586","targetHints":{"allow":["GET"]}}],"collection":[{"href":"https:\/\/externalia.lebranders.es\/en\/wp-json\/wp\/v2\/posts"}],"about":[{"href":"https:\/\/externalia.lebranders.es\/en\/wp-json\/wp\/v2\/types\/post"}],"author":[{"embeddable":true,"href":"https:\/\/externalia.lebranders.es\/en\/wp-json\/wp\/v2\/users\/3"}],"replies":[{"embeddable":true,"href":"https:\/\/externalia.lebranders.es\/en\/wp-json\/wp\/v2\/comments?post=4586"}],"version-history":[{"count":2,"href":"https:\/\/externalia.lebranders.es\/en\/wp-json\/wp\/v2\/posts\/4586\/revisions"}],"predecessor-version":[{"id":4984,"href":"https:\/\/externalia.lebranders.es\/en\/wp-json\/wp\/v2\/posts\/4586\/revisions\/4984"}],"wp:featuredmedia":[{"embeddable":true,"href":"https:\/\/externalia.lebranders.es\/en\/wp-json\/wp\/v2\/media\/4945"}],"wp:attachment":[{"href":"https:\/\/externalia.lebranders.es\/en\/wp-json\/wp\/v2\/media?parent=4586"}],"wp:term":[{"taxonomy":"category","embeddable":true,"href":"https:\/\/externalia.lebranders.es\/en\/wp-json\/wp\/v2\/categories?post=4586"},{"taxonomy":"post_tag","embeddable":true,"href":"https:\/\/externalia.lebranders.es\/en\/wp-json\/wp\/v2\/tags?post=4586"}],"curies":[{"name":"wp","href":"https:\/\/api.w.org\/{rel}","templated":true}]}}