{"id":4689,"date":"2026-02-25T08:51:10","date_gmt":"2026-02-25T08:51:10","guid":{"rendered":"https:\/\/egestiona.com\/?p=4689"},"modified":"2026-06-12T07:12:24","modified_gmt":"2026-06-12T07:12:24","slug":"salud-laboral-era-digital-prl-cae-egestiona","status":"publish","type":"post","link":"https:\/\/externalia.lebranders.es\/en\/salud-laboral-era-digital-prl-cae-egestiona\/","title":{"rendered":"Salud laboral en la era digital: c\u00f3mo adaptar la PRL y la CAE a los nuevos riesgos"},"content":{"rendered":"<p class=\"wp-block-paragraph\">La digitalizaci\u00f3n ha cambiado <strong>qu\u00e9 entendemos por salud laboral<\/strong> y, sobre todo, <strong>c\u00f3mo se gestiona<\/strong>. Hoy conviven centros f\u00edsicos (planta, obra, log\u00edstica), equipos h\u00edbridos y cadenas de suministro con m\u00faltiples <a href=\"https:\/\/externalia.lebranders.es\/evaluacion-riesgos-laborales-prl-cae\/\" target=\"_blank\" rel=\"noreferrer noopener\"><strong>contratas y subcontratas<\/strong><\/a>. Y con ese nuevo modelo aparecen riesgos emergentes (psicosociales y ergon\u00f3micos), adem\u00e1s de un reto cl\u00e1sico que se ha vuelto m\u00e1s complejo: <strong>coordinar la prevenci\u00f3n cuando intervienen terceros<\/strong>.<\/p>\n\n\n\n<p class=\"wp-block-paragraph\">En este art\u00edculo abordamos los principales desaf\u00edos de la salud laboral en la era digital y c\u00f3mo una plataforma como <strong><a href=\"https:\/\/egestiona.com\" target=\"_blank\" rel=\"noreferrer noopener\">eGestiona<\/a><\/strong> ayuda a pasar de la prevenci\u00f3n \u201cdocumental\u201d a una prevenci\u00f3n <strong>operativa, trazable y medible<\/strong>, especialmente en <a href=\"https:\/\/externalia.lebranders.es\/gestion-de-contratistas-digitalizar-cae\/\" target=\"_blank\" rel=\"noreferrer noopener\">entornos CAE<\/a>.<\/p>\n\n\n\n<div id=\"ez-toc-container\" class=\"ez-toc-v2_0_87 ez-toc-wrap-left counter-hierarchy ez-toc-counter ez-toc-grey ez-toc-container-direction\">\n<div class=\"ez-toc-title-container\">\n<p class=\"ez-toc-title\" style=\"cursor:inherit\">Tabla de contenido<\/p>\n<span class=\"ez-toc-title-toggle\"><a href=\"#\" class=\"ez-toc-pull-right ez-toc-btn ez-toc-btn-xs ez-toc-btn-default ez-toc-toggle\" aria-label=\"Toggle Table of Content\"><span class=\"ez-toc-js-icon-con\"><span class=\"\"><span class=\"eztoc-hide\" style=\"display:none;\">Toggle<\/span><span class=\"ez-toc-icon-toggle-span\"><svg style=\"fill: #999;color:#999\" xmlns=\"http:\/\/www.w3.org\/2000\/svg\" class=\"list-377408\" width=\"20px\" height=\"20px\" viewbox=\"0 0 24 24\" fill=\"none\"><path d=\"M6 6H4v2h2V6zm14 0H8v2h12V6zM4 11h2v2H4v-2zm16 0H8v2h12v-2zM4 16h2v2H4v-2zm16 0H8v2h12v-2z\" fill=\"currentColor\"><\/path><\/svg><svg style=\"fill: #999;color:#999\" class=\"arrow-unsorted-368013\" xmlns=\"http:\/\/www.w3.org\/2000\/svg\" width=\"10px\" height=\"10px\" viewbox=\"0 0 24 24\" version=\"1.2\" baseprofile=\"tiny\"><path d=\"M18.2 9.3l-6.2-6.3-6.2 6.3c-.2.2-.3.4-.3.7s.1.5.3.7c.2.2.4.3.7.3h11c.3 0 .5-.1.7-.3.2-.2.3-.5.3-.7s-.1-.5-.3-.7zM5.8 14.7l6.2 6.3 6.2-6.3c.2-.2.3-.5.3-.7s-.1-.5-.3-.7c-.2-.2-.4-.3-.7-.3h-11c-.3 0-.5.1-.7.3-.2.2-.3.5-.3.7s.1.5.3.7z\"\/><\/svg><\/span><\/span><\/span><\/a><\/span><\/div>\n<nav><ul class='ez-toc-list ez-toc-list-level-1' ><li class='ez-toc-page-1 ez-toc-heading-level-2'><a class=\"ez-toc-link ez-toc-heading-1\" href=\"https:\/\/externalia.lebranders.es\/en\/salud-laboral-era-digital-prl-cae-egestiona\/#Los_nuevos_riesgos_no_han_sustituido_a_los_antiguos_se_han_sumado\" >Los nuevos riesgos no han sustituido a los antiguos: se han sumado<\/a><\/li><li class='ez-toc-page-1 ez-toc-heading-level-2'><a class=\"ez-toc-link ez-toc-heading-2\" href=\"https:\/\/externalia.lebranders.es\/en\/salud-laboral-era-digital-prl-cae-egestiona\/#Salud_laboral_en_entornos_con_contratas_el_punto_ciego_habitual\" >Salud laboral en entornos con contratas: el punto ciego habitual<\/a><\/li><li class='ez-toc-page-1 ez-toc-heading-level-2'><a class=\"ez-toc-link ez-toc-heading-3\" href=\"https:\/\/externalia.lebranders.es\/en\/salud-laboral-era-digital-prl-cae-egestiona\/#Ergonomia_40_el_puesto_de_trabajo_ya_no_es_solo_la_oficina\" >Ergonom\u00eda 4.0: el puesto de trabajo ya no es solo la oficina<\/a><\/li><li class='ez-toc-page-1 ez-toc-heading-level-2'><a class=\"ez-toc-link ez-toc-heading-4\" href=\"https:\/\/externalia.lebranders.es\/en\/salud-laboral-era-digital-prl-cae-egestiona\/#Que_necesitan_los_responsables_de_PRL_menos_friccion_y_mas_control\" >Qu\u00e9 necesitan los responsables de PRL: menos fricci\u00f3n y m\u00e1s control<\/a><ul class='ez-toc-list-level-3' ><li class='ez-toc-heading-level-3'><a class=\"ez-toc-link ez-toc-heading-5\" href=\"https:\/\/externalia.lebranders.es\/en\/salud-laboral-era-digital-prl-cae-egestiona\/#Evidencia_rapida_y_ordenada\" >Evidencia r\u00e1pida y ordenada<\/a><\/li><li class='ez-toc-page-1 ez-toc-heading-level-3'><a class=\"ez-toc-link ez-toc-heading-6\" href=\"https:\/\/externalia.lebranders.es\/en\/salud-laboral-era-digital-prl-cae-egestiona\/#Procesos_que_condicionen_la_realidad\" >Procesos que condicionen la realidad<\/a><\/li><li class='ez-toc-page-1 ez-toc-heading-level-3'><a class=\"ez-toc-link ez-toc-heading-7\" href=\"https:\/\/externalia.lebranders.es\/en\/salud-laboral-era-digital-prl-cae-egestiona\/#Datos_para_priorizar\" >Datos para priorizar<\/a><\/li><\/ul><\/li><li class='ez-toc-page-1 ez-toc-heading-level-2'><a class=\"ez-toc-link ez-toc-heading-8\" href=\"https:\/\/externalia.lebranders.es\/en\/salud-laboral-era-digital-prl-cae-egestiona\/#Como_ayuda_eGestiona_a_aterrizar_la_salud_laboral_digital\" >C\u00f3mo ayuda eGestiona a aterrizar la salud laboral digital<\/a><\/li><li class='ez-toc-page-1 ez-toc-heading-level-2'><a class=\"ez-toc-link ez-toc-heading-9\" href=\"https:\/\/externalia.lebranders.es\/en\/salud-laboral-era-digital-prl-cae-egestiona\/#Checklist_practico_para_empezar_sin_reinventar_tu_PRL\" >Checklist pr\u00e1ctico para empezar (sin reinventar tu PRL)<\/a><ul class='ez-toc-list-level-3' ><li class='ez-toc-heading-level-3'><a class=\"ez-toc-link ez-toc-heading-10\" href=\"https:\/\/externalia.lebranders.es\/en\/salud-laboral-era-digital-prl-cae-egestiona\/#Solicita_una_demo_gratuita\" >Solicita una demo gratuita<\/a><\/li><\/ul><\/li><li class='ez-toc-page-1 ez-toc-heading-level-2'><a class=\"ez-toc-link ez-toc-heading-11\" href=\"https:\/\/externalia.lebranders.es\/en\/salud-laboral-era-digital-prl-cae-egestiona\/#Preguntas_frecuentes_sobre_salud_laboral\" >Preguntas frecuentes sobre salud laboral<\/a><ul class='ez-toc-list-level-3' ><li class='ez-toc-heading-level-3'><a class=\"ez-toc-link ez-toc-heading-12\" href=\"https:\/\/externalia.lebranders.es\/en\/salud-laboral-era-digital-prl-cae-egestiona\/#%C2%BFQue_significa_salud_laboral_en_la_era_digital\" >\u00bfQu\u00e9 significa salud laboral en la era digital?<\/a><\/li><li class='ez-toc-page-1 ez-toc-heading-level-3'><a class=\"ez-toc-link ez-toc-heading-13\" href=\"https:\/\/externalia.lebranders.es\/en\/salud-laboral-era-digital-prl-cae-egestiona\/#%C2%BFQue_papel_juega_la_CAE_en_la_salud_laboral_digital\" >\u00bfQu\u00e9 papel juega la CAE en la salud laboral digital?<\/a><\/li><li class='ez-toc-page-1 ez-toc-heading-level-3'><a class=\"ez-toc-link ez-toc-heading-14\" href=\"https:\/\/externalia.lebranders.es\/en\/salud-laboral-era-digital-prl-cae-egestiona\/#%C2%BFComo_pasar_de_PRL_reactiva_a_PRL_operativa\" >\u00bfC\u00f3mo pasar de PRL reactiva a PRL operativa?<\/a><\/li><li class='ez-toc-page-1 ez-toc-heading-level-3'><a class=\"ez-toc-link ez-toc-heading-15\" href=\"https:\/\/externalia.lebranders.es\/en\/salud-laboral-era-digital-prl-cae-egestiona\/#%C2%BFComo_ayuda_eGestiona_en_este_contexto\" >\u00bfC\u00f3mo ayuda eGestiona en este contexto?<\/a><\/li><li class='ez-toc-page-1 ez-toc-heading-level-3'><a class=\"ez-toc-link ez-toc-heading-16\" href=\"https:\/\/externalia.lebranders.es\/en\/salud-laboral-era-digital-prl-cae-egestiona\/#%C2%BFQue_KPIs_son_utiles_para_medir_la_mejora\" >\u00bfQu\u00e9 KPIs son \u00fatiles para medir la mejora?<\/a><\/li><\/ul><\/li><\/ul><\/nav><\/div>\n<h2 class=\"wp-block-heading\"><span class=\"ez-toc-section\" id=\"Los_nuevos_riesgos_no_han_sustituido_a_los_antiguos_se_han_sumado\"><\/span><strong>Los nuevos riesgos no han sustituido a los antiguos: se han sumado<\/strong><span class=\"ez-toc-section-end\"><\/span><\/h2>\n\n\n\n<p class=\"wp-block-paragraph\"><\/p>\n\n\n\n<p class=\"wp-block-paragraph\">La digitalizaci\u00f3n no elimina riesgos f\u00edsicos (ca\u00eddas, atrapamientos, qu\u00edmicos). Los <strong>ampl\u00eda<\/strong> y a\u00f1ade otros que hace diez a\u00f1os no estaban en el centro del debate:<\/p>\n\n\n\n<ul class=\"wp-block-list\">\n<li><strong>Fatiga digital<\/strong> y sobrecarga informativa en equipos conectados permanentemente.<\/li>\n\n\n\n<li><strong>Aislamiento social<\/strong> y p\u00e9rdida de soporte del equipo en modelos remotos o h\u00edbridos.<\/li>\n\n\n\n<li><strong>Desconexi\u00f3n digital<\/strong>: l\u00edmites difusos entre trabajo y vida personal.<\/li>\n\n\n\n<li><strong>Ciberacoso<\/strong> como riesgo psicosocial con impacto real en salud mental y clima laboral.<\/li>\n\n\n\n<li><strong>Tecnoestr\u00e9s<\/strong>, entendido como un problema de adaptaci\u00f3n al uso de tecnolog\u00edas, con tensi\u00f3n, ansiedad y manifestaciones psicosom\u00e1ticas.<\/li>\n<\/ul>\n\n\n\n<p class=\"wp-block-paragraph\">La clave es que estos riesgos, aunque \u201cdigitales\u201d, <strong>terminan afectando a la operaci\u00f3n<\/strong>: errores, incidentes, baja productividad, absentismo y rotaci\u00f3n.<\/p>\n\n\n\n<h2 class=\"wp-block-heading\"><span class=\"ez-toc-section\" id=\"Salud_laboral_en_entornos_con_contratas_el_punto_ciego_habitual\"><\/span><strong>Salud laboral en entornos con contratas: el punto ciego habitual<\/strong><span class=\"ez-toc-section-end\"><\/span><\/h2>\n\n\n\n<p class=\"wp-block-paragraph\"><\/p>\n\n\n\n<p class=\"wp-block-paragraph\">En muchas organizaciones, la salud laboral se gestiona bien para plantilla propia\u2026 pero se vuelve borrosa con terceros:<\/p>\n\n\n\n<ul class=\"wp-block-list\">\n<li>Formaci\u00f3n y aptitudes m\u00e9dicas en distintos repositorios.<\/li>\n\n\n\n<li>Procedimientos cr\u00edticos que se entregan \u201cpor correo\u201d y nadie puede demostrar si se cumplieron.<\/li>\n\n\n\n<li>Accesos que no siempre est\u00e1n condicionados al estado documental.<\/li>\n\n\n\n<li>Incidencias repetidas por proveedor sin un aprendizaje sistem\u00e1tico.<\/li>\n<\/ul>\n\n\n\n<p class=\"wp-block-paragraph\">Aqu\u00ed es donde la <strong><a href=\"https:\/\/externalia.lebranders.es\/software-cae-que-es-para-que-sirve-egestiona\/\" target=\"_blank\" rel=\"noreferrer noopener\">CAE<\/a><\/strong> deja de ser un requisito normativo y pasa a ser un mecanismo de salud laboral: si no coordinamos bien, el riesgo se multiplica por concurrencia.<\/p>\n\n\n\n<h2 class=\"wp-block-heading\"><span class=\"ez-toc-section\" id=\"Ergonomia_40_el_puesto_de_trabajo_ya_no_es_solo_la_oficina\"><\/span>E<strong>rgonom\u00eda 4.0: el puesto de trabajo ya no es solo la oficina<\/strong><span class=\"ez-toc-section-end\"><\/span><\/h2>\n\n\n\n<p class=\"wp-block-paragraph\"><\/p>\n\n\n\n<p class=\"wp-block-paragraph\">La ergonom\u00eda cl\u00e1sica sigue vigente, pero hoy se aplica en tres escenarios:<\/p>\n\n\n\n<ol start=\"1\" class=\"wp-block-list\">\n<li><strong>Puestos digitalizados<\/strong> (pantallas, tareas repetitivas, micro pausas, iluminaci\u00f3n).<\/li>\n\n\n\n<li><strong>Trabajo h\u00edbrido<\/strong> (domicilio, coworking, movilidad).<\/li>\n\n\n\n<li><strong>Operaci\u00f3n en campo\/planta<\/strong> con tecnolog\u00eda (tablets, handhelds, wearables, checklists).<\/li>\n<\/ol>\n\n\n\n<p class=\"wp-block-paragraph\">El enfoque pr\u00e1ctico: <strong>estandarizar criterios<\/strong> (altura de pantalla, pausas, rotaci\u00f3n, herramientas), medir el cumplimiento y corregir desviaciones.<\/p>\n\n\n\n<h2 class=\"wp-block-heading\"><span class=\"ez-toc-section\" id=\"Que_necesitan_los_responsables_de_PRL_menos_friccion_y_mas_control\"><\/span><strong>Qu\u00e9 necesitan los responsables de PRL: menos fricci\u00f3n y m\u00e1s control<\/strong><span class=\"ez-toc-section-end\"><\/span><\/h2>\n\n\n\n<p class=\"wp-block-paragraph\"><\/p>\n\n\n\n<p class=\"wp-block-paragraph\">En salud laboral \u201cmoderna\u201d, <a href=\"https:\/\/externalia.lebranders.es\/prevencion-de-riesgos-laborales\/\" target=\"_blank\" rel=\"noreferrer noopener\">PRL<\/a> necesita tres cosas:<\/p>\n\n\n\n<h3 class=\"wp-block-heading\"><span class=\"ez-toc-section\" id=\"Evidencia_rapida_y_ordenada\"><\/span><strong>Evidencia r\u00e1pida y ordenada<\/strong><span class=\"ez-toc-section-end\"><\/span><\/h3>\n\n\n\n<p class=\"wp-block-paragraph\">No solo \u201ctener documentos\u201d, sino poder responder: <strong>qui\u00e9n<\/strong>, <strong>cu\u00e1ndo<\/strong>, <strong>con qu\u00e9 formaci\u00f3n\/aptitud<\/strong>, <strong>bajo qu\u00e9 permiso<\/strong> y <strong>qu\u00e9 medidas<\/strong>.<\/p>\n\n\n\n<h3 class=\"wp-block-heading\"><span class=\"ez-toc-section\" id=\"Procesos_que_condicionen_la_realidad\"><\/span><strong>Procesos que condicionen la realidad<\/strong><span class=\"ez-toc-section-end\"><\/span><\/h3>\n\n\n\n<p class=\"wp-block-paragraph\">Si una formaci\u00f3n cr\u00edtica est\u00e1 caducada o falta una aptitud, el sistema debe impedir que el riesgo avance (permiso, acceso, tarea).<\/p>\n\n\n\n<h3 class=\"wp-block-heading\"><span class=\"ez-toc-section\" id=\"Datos_para_priorizar\"><\/span><strong>Datos para priorizar<\/strong><span class=\"ez-toc-section-end\"><\/span><\/h3>\n\n\n\n<p class=\"wp-block-paragraph\">No todo se puede abordar a la vez. La prevenci\u00f3n efectiva prioriza: reincidencias, centros cr\u00edticos, proveedores con desviaciones, tiempos de cierre de acciones correctivas.<\/p>\n\n\n\n<h2 class=\"wp-block-heading\"><span class=\"ez-toc-section\" id=\"Como_ayuda_eGestiona_a_aterrizar_la_salud_laboral_digital\"><\/span><strong>C\u00f3mo ayuda eGestiona a aterrizar la salud laboral digital<\/strong><span class=\"ez-toc-section-end\"><\/span><\/h2>\n\n\n\n<p class=\"wp-block-paragraph\"><\/p>\n\n\n\n<p class=\"wp-block-paragraph\"><strong>eGestiona <\/strong>act\u00faa como una capa de <strong>organizaci\u00f3n y control<\/strong> especialmente \u00fatil en <a href=\"https:\/\/externalia.lebranders.es\/cae-logistica-transporte-egestiona\/\" target=\"_blank\" rel=\"noreferrer noopener\">entornos con contratas<\/a>:<\/p>\n\n\n\n<ul class=\"wp-block-list\">\n<li><strong>Gesti\u00f3n documental CAE\/PRL<\/strong> con requisitos por centro, actividad y riesgo.<\/li>\n\n\n\n<li><strong>Validaci\u00f3n trazable<\/strong>: qui\u00e9n revisa, qu\u00e9 se acepta\/rechaza y por qu\u00e9, con caducidades y alertas.<\/li>\n\n\n\n<li><strong><a href=\"https:\/\/externalia.lebranders.es\/permisos-de-trabajo-cae-prevencion-condiciona-tarea\/\" target=\"_blank\" rel=\"noreferrer noopener\">Permisos de trabajo<\/a><\/strong> para tareas cr\u00edticas (altura, confinados, LOTO, corte en caliente\u2026), condicionados a evidencias previas.<\/li>\n\n\n\n<li><strong><a href=\"https:\/\/externalia.lebranders.es\/control-accesos-cumplimiento-documental-prl-cae\/\" target=\"_blank\" rel=\"noreferrer noopener\">Control de accesos<\/a><\/strong> (si est\u00e1 integrado en tu operativa) vinculado al cumplimiento: sin requisitos vigentes, no se accede.<\/li>\n\n\n\n<li><strong>Inspecciones y auditor\u00edas<\/strong> con plantillas y registros homog\u00e9neos, para detectar patrones y mejorar.<\/li>\n\n\n\n<li><strong><a href=\"https:\/\/externalia.lebranders.es\/indicadores-clave-prl-kpi\/\" target=\"_blank\" rel=\"noreferrer noopener\">Cuadros de mando y KPIs<\/a><\/strong>: tiempos de validaci\u00f3n, accesos bloqueados por incumplimiento, reincidencias, acciones correctivas abiertas, etc.<\/li>\n<\/ul>\n\n\n\n<p class=\"wp-block-paragraph\">El resultado es que la salud laboral deja de depender de esfuerzos heroicos y pasa a apoyarse en un sistema con <strong>trazabilidad y criterio preventivo<\/strong>.<\/p>\n\n\n\n<h2 class=\"wp-block-heading\"><span class=\"ez-toc-section\" id=\"Checklist_practico_para_empezar_sin_reinventar_tu_PRL\"><\/span><strong>Checklist pr\u00e1ctico para empezar (sin reinventar tu PRL)<\/strong><span class=\"ez-toc-section-end\"><\/span><\/h2>\n\n\n\n<p class=\"wp-block-paragraph\"><\/p>\n\n\n\n<p class=\"wp-block-paragraph\">Si quieres dar un salto real en salud laboral digital, empieza por estas 6 acciones:<\/p>\n\n\n\n<ol start=\"1\" class=\"wp-block-list\">\n<li>Definir riesgos emergentes prioritarios: tecnoestr\u00e9s, desconexi\u00f3n, ergonom\u00eda h\u00edbrida, ciberacoso.<\/li>\n\n\n\n<li>Actualizar protocolos y canales (confidenciales) para reporte y actuaci\u00f3n.<\/li>\n\n\n\n<li>Convertir requisitos cr\u00edticos en reglas (documento v\u00e1lido \u2192 permiso\/acceso\/tarea).<\/li>\n\n\n\n<li>Unificar expedientes de contratas y personas (formaci\u00f3n, aptitud, autorizaciones).<\/li>\n\n\n\n<li>Medir 5 KPIs y revisarlos mensualmente (no m\u00e1s): caducidades, acciones vencidas, reincidencias, incidentes por \u00e1rea, tiempo de cierre.<\/li>\n\n\n\n<li>Comunicar y formar: lo digital sin cultura preventiva se queda en herramienta.<\/li>\n<\/ol>\n\n\n\n<p class=\"wp-block-paragraph\"><\/p>\n\n\n\n<p class=\"wp-block-paragraph\">La salud laboral en la era digital no consiste solo en hablar de nuevos riesgos. Consiste en <strong>gestionar mejor<\/strong>: con procesos que no se rompen cuando hay contratas, con evidencias listas para auditor\u00eda y con datos para priorizar.<\/p>\n\n\n\n<p class=\"wp-block-paragraph\">Con eGestiona, la PRL y la CAE pueden evolucionar hacia un modelo m\u00e1s <strong>operativo, conectado y demostrable<\/strong>, donde la documentaci\u00f3n no es un fin, sino el medio para tomar decisiones preventivas en tiempo real.<\/p>\n\n\n\n<p class=\"wp-block-paragraph\"><\/p>\n\n\n\n<p class=\"wp-block-paragraph\"><strong>\u00bfQuieres llevar la salud laboral a un modelo m\u00e1s operativo y trazable, especialmente con contratas y subcontratas?<\/strong><\/p>\n\n\n\n<div style=\"height:38px\" aria-hidden=\"true\" class=\"wp-block-spacer\"><\/div>\n\n\n\n<div class=\"wp-block-uagb-call-to-action uagb-block-cfafcf5a wp-block-button\"><div class=\"uagb-cta__wrap\"><h3 class=\"uagb-cta__title\"><span class=\"ez-toc-section\" id=\"Solicita_una_demo_gratuita\"><\/span><strong>Solicita una demo gratuita<\/strong><span class=\"ez-toc-section-end\"><\/span><\/h3><p class=\"uagb-cta__desc\">Verificaci\u00f3n ITA diaria \u00b7 Certificados AEAT\/TGSS \u00b7 Control de accesos \u00b7 Trazabilidad documental CAE<\/p><\/div><div class=\"uagb-cta__buttons\"><a href=\"https:\/\/externalia.lebranders.es\/solicitar-demo\/\" class=\"uagb-cta__button-link-wrapper wp-block-button__link\" target=\"_self\" rel=\"noopener noreferrer\">DEMO<\/a><\/div><\/div>\n\n\n\n<div style=\"height:38px\" aria-hidden=\"true\" class=\"wp-block-spacer\"><\/div>\n\n\n\n<h2 class=\"wp-block-heading\"><span class=\"ez-toc-section\" id=\"Preguntas_frecuentes_sobre_salud_laboral\"><\/span><strong>Preguntas frecuentes sobre salud laboral <\/strong><span class=\"ez-toc-section-end\"><\/span><\/h2>\n\n\n\n<div style=\"height:38px\" aria-hidden=\"true\" class=\"wp-block-spacer\"><\/div>\n\n\n<div class=\"wp-block-uagb-faq uagb-faq__outer-wrap uagb-block-a2676946 uagb-faq-icon-row uagb-faq-layout-accordion uagb-faq-expand-first-false uagb-faq-inactive-other-true uagb-faq__wrap uagb-buttons-layout-wrap uagb-faq-equal-height\" data-faqtoggle=\"true\" role=\"tablist\"><div class=\"wp-block-uagb-faq-child uagb-faq-child__outer-wrap uagb-faq-item uagb-block-b56cdb42\" role=\"tab\" tabindex=\"0\"><div class=\"uagb-faq-questions-button uagb-faq-questions\">\t\t\t<span class=\"uagb-icon uagb-faq-icon-wrap\">\n\t\t\t\t\t\t\t\t<svg xmlns=\"https:\/\/www.w3.org\/2000\/svg\" viewbox= \"0 0 448 512\"><path d=\"M432 256c0 17.69-14.33 32.01-32 32.01H256v144c0 17.69-14.33 31.99-32 31.99s-32-14.3-32-31.99v-144H48c-17.67 0-32-14.32-32-32.01s14.33-31.99 32-31.99H192v-144c0-17.69 14.33-32.01 32-32.01s32 14.32 32 32.01v144h144C417.7 224 432 238.3 432 256z\"><\/path><\/svg>\n\t\t\t\t\t\t\t<\/span>\n\t\t\t\t\t\t<span class=\"uagb-icon-active uagb-faq-icon-wrap\">\n\t\t\t\t\t\t\t\t<svg xmlns=\"https:\/\/www.w3.org\/2000\/svg\" viewbox= \"0 0 448 512\"><path d=\"M400 288h-352c-17.69 0-32-14.32-32-32.01s14.31-31.99 32-31.99h352c17.69 0 32 14.3 32 31.99S417.7 288 400 288z\"><\/path><\/svg>\n\t\t\t\t\t\t\t<\/span>\n\t\t\t<h3 class=\"uagb-question\"><span class=\"ez-toc-section\" id=\"%C2%BFQue_significa_salud_laboral_en_la_era_digital\"><\/span><strong>\u00bfQu\u00e9 significa salud laboral en la era digital?<\/strong><span class=\"ez-toc-section-end\"><\/span><\/h3><\/div><div class=\"uagb-faq-content\"><p>Incluye riesgos tradicionales y nuevos (tecnoestr\u00e9s, desconexi\u00f3n digital, ergonom\u00eda h\u00edbrida), adem\u00e1s de retos de coordinaci\u00f3n con contratas y trabajo distribuido.<\/p><\/div><\/div><div class=\"wp-block-uagb-faq-child uagb-faq-child__outer-wrap uagb-faq-item uagb-block-51475d8f\" role=\"tab\" tabindex=\"0\"><div class=\"uagb-faq-questions-button uagb-faq-questions\">\t\t\t<span class=\"uagb-icon uagb-faq-icon-wrap\">\n\t\t\t\t\t\t\t\t<svg xmlns=\"https:\/\/www.w3.org\/2000\/svg\" viewbox= \"0 0 448 512\"><path d=\"M432 256c0 17.69-14.33 32.01-32 32.01H256v144c0 17.69-14.33 31.99-32 31.99s-32-14.3-32-31.99v-144H48c-17.67 0-32-14.32-32-32.01s14.33-31.99 32-31.99H192v-144c0-17.69 14.33-32.01 32-32.01s32 14.32 32 32.01v144h144C417.7 224 432 238.3 432 256z\"><\/path><\/svg>\n\t\t\t\t\t\t\t<\/span>\n\t\t\t\t\t\t<span class=\"uagb-icon-active uagb-faq-icon-wrap\">\n\t\t\t\t\t\t\t\t<svg xmlns=\"https:\/\/www.w3.org\/2000\/svg\" viewbox= \"0 0 448 512\"><path d=\"M400 288h-352c-17.69 0-32-14.32-32-32.01s14.31-31.99 32-31.99h352c17.69 0 32 14.3 32 31.99S417.7 288 400 288z\"><\/path><\/svg>\n\t\t\t\t\t\t\t<\/span>\n\t\t\t<h3 class=\"uagb-question\"><span class=\"ez-toc-section\" id=\"%C2%BFQue_papel_juega_la_CAE_en_la_salud_laboral_digital\"><\/span><strong>\u00bfQu\u00e9 papel juega la CAE en la salud laboral digital?<\/strong><span class=\"ez-toc-section-end\"><\/span><\/h3><\/div><div class=\"uagb-faq-content\"><p>Permite coordinar a empresas concurrentes, exigir requisitos preventivos por actividad y asegurar que el acceso y la tarea se realizan con evidencias y control.<\/p><\/div><\/div><div class=\"wp-block-uagb-faq-child uagb-faq-child__outer-wrap uagb-faq-item uagb-block-cc2f9fe3\" role=\"tab\" tabindex=\"0\"><div class=\"uagb-faq-questions-button uagb-faq-questions\">\t\t\t<span class=\"uagb-icon uagb-faq-icon-wrap\">\n\t\t\t\t\t\t\t\t<svg xmlns=\"https:\/\/www.w3.org\/2000\/svg\" viewbox= \"0 0 448 512\"><path d=\"M432 256c0 17.69-14.33 32.01-32 32.01H256v144c0 17.69-14.33 31.99-32 31.99s-32-14.3-32-31.99v-144H48c-17.67 0-32-14.32-32-32.01s14.33-31.99 32-31.99H192v-144c0-17.69 14.33-32.01 32-32.01s32 14.32 32 32.01v144h144C417.7 224 432 238.3 432 256z\"><\/path><\/svg>\n\t\t\t\t\t\t\t<\/span>\n\t\t\t\t\t\t<span class=\"uagb-icon-active uagb-faq-icon-wrap\">\n\t\t\t\t\t\t\t\t<svg xmlns=\"https:\/\/www.w3.org\/2000\/svg\" viewbox= \"0 0 448 512\"><path d=\"M400 288h-352c-17.69 0-32-14.32-32-32.01s14.31-31.99 32-31.99h352c17.69 0 32 14.3 32 31.99S417.7 288 400 288z\"><\/path><\/svg>\n\t\t\t\t\t\t\t<\/span>\n\t\t\t<h3 class=\"uagb-question\"><span class=\"ez-toc-section\" id=\"%C2%BFComo_pasar_de_PRL_reactiva_a_PRL_operativa\"><\/span><strong><strong>\u00bfC\u00f3mo pasar de PRL reactiva a PRL operativa?<\/strong><\/strong><span class=\"ez-toc-section-end\"><\/span><\/h3><\/div><div class=\"uagb-faq-content\"><p>Con reglas que condicionen la operaci\u00f3n: validaci\u00f3n documental, permisos de trabajo, control de accesos por cumplimiento, inspecciones y acciones con trazabilidad.<\/p><\/div><\/div><div class=\"wp-block-uagb-faq-child uagb-faq-child__outer-wrap uagb-faq-item uagb-block-03bbdd22\" role=\"tab\" tabindex=\"0\"><div class=\"uagb-faq-questions-button uagb-faq-questions\">\t\t\t<span class=\"uagb-icon uagb-faq-icon-wrap\">\n\t\t\t\t\t\t\t\t<svg xmlns=\"https:\/\/www.w3.org\/2000\/svg\" viewbox= \"0 0 448 512\"><path d=\"M432 256c0 17.69-14.33 32.01-32 32.01H256v144c0 17.69-14.33 31.99-32 31.99s-32-14.3-32-31.99v-144H48c-17.67 0-32-14.32-32-32.01s14.33-31.99 32-31.99H192v-144c0-17.69 14.33-32.01 32-32.01s32 14.32 32 32.01v144h144C417.7 224 432 238.3 432 256z\"><\/path><\/svg>\n\t\t\t\t\t\t\t<\/span>\n\t\t\t\t\t\t<span class=\"uagb-icon-active uagb-faq-icon-wrap\">\n\t\t\t\t\t\t\t\t<svg xmlns=\"https:\/\/www.w3.org\/2000\/svg\" viewbox= \"0 0 448 512\"><path d=\"M400 288h-352c-17.69 0-32-14.32-32-32.01s14.31-31.99 32-31.99h352c17.69 0 32 14.3 32 31.99S417.7 288 400 288z\"><\/path><\/svg>\n\t\t\t\t\t\t\t<\/span>\n\t\t\t<h3 class=\"uagb-question\"><span class=\"ez-toc-section\" id=\"%C2%BFComo_ayuda_eGestiona_en_este_contexto\"><\/span><strong><strong><strong>\u00bfC\u00f3mo ayuda eGestiona en este contexto?<\/strong><\/strong><\/strong><span class=\"ez-toc-section-end\"><\/span><\/h3><\/div><div class=\"uagb-faq-content\"><p>Centraliza requisitos de CAE\/PRL, valida documentaci\u00f3n con alertas, facilita permisos y control por cumplimiento y ofrece cuadros de mando con KPIs para auditor\u00edas y mejora continua.<\/p><\/div><\/div><div class=\"wp-block-uagb-faq-child uagb-faq-child__outer-wrap uagb-faq-item uagb-block-0a06466e\" role=\"tab\" tabindex=\"0\"><div class=\"uagb-faq-questions-button uagb-faq-questions\">\t\t\t<span class=\"uagb-icon uagb-faq-icon-wrap\">\n\t\t\t\t\t\t\t\t<svg xmlns=\"https:\/\/www.w3.org\/2000\/svg\" viewbox= \"0 0 448 512\"><path d=\"M432 256c0 17.69-14.33 32.01-32 32.01H256v144c0 17.69-14.33 31.99-32 31.99s-32-14.3-32-31.99v-144H48c-17.67 0-32-14.32-32-32.01s14.33-31.99 32-31.99H192v-144c0-17.69 14.33-32.01 32-32.01s32 14.32 32 32.01v144h144C417.7 224 432 238.3 432 256z\"><\/path><\/svg>\n\t\t\t\t\t\t\t<\/span>\n\t\t\t\t\t\t<span class=\"uagb-icon-active uagb-faq-icon-wrap\">\n\t\t\t\t\t\t\t\t<svg xmlns=\"https:\/\/www.w3.org\/2000\/svg\" viewbox= \"0 0 448 512\"><path d=\"M400 288h-352c-17.69 0-32-14.32-32-32.01s14.31-31.99 32-31.99h352c17.69 0 32 14.3 32 31.99S417.7 288 400 288z\"><\/path><\/svg>\n\t\t\t\t\t\t\t<\/span>\n\t\t\t<h3 class=\"uagb-question\"><span class=\"ez-toc-section\" id=\"%C2%BFQue_KPIs_son_utiles_para_medir_la_mejora\"><\/span><strong><strong><strong><strong>\u00bfQu\u00e9 KPIs son \u00fatiles para medir la mejora?<\/strong><\/strong><\/strong><\/strong><span class=\"ez-toc-section-end\"><\/span><\/h3><\/div><div class=\"uagb-faq-content\"><p>Caducidades, acciones vencidas, reincidencias, tiempos de cierre, permisos rechazados y causas, cumplimiento por proveedor\/centro y accesos bloqueados por incumplimiento.<\/p><\/div><\/div><\/div>\n\n\n<div style=\"height:38px\" aria-hidden=\"true\" class=\"wp-block-spacer\"><\/div>\n\n\n\n<h4 class=\"wp-block-heading\"><strong>Otros art\u00edculos de inter\u00e9s<\/strong><\/h4>\n\n\n\n\t\t\t<div class=\"wp-block-uagb-post-carousel uagb-post-grid  uagb-post__image-position-top uagb-post__image-enabled uagb-block-f73ea3dc     uagb-post__arrow-outside uagb-slick-carousel uagb-post__items uagb-post__columns-3 is-carousel uagb-post__columns-tablet-2 uagb-post__columns-mobile-1\" data-total=\"5\" style=\"\">\n\n\t\t\t\t\t\t\t\t\t\t\t\t<article class=\"uagb-post__inner-wrap\">\t\t\t\t\t\t\t\t<div class='uagb-post__image'>\n\t\t\t\t\t\t\t\t\t<a href=\"https:\/\/externalia.lebranders.es\/en\/checklist-cumplimiento-cae-2026-inspeccion-trabajo\/\" target=\"_self\" rel=\"bookmark noopener noreferrer\"><img loading=\"lazy\" decoding=\"async\" width=\"1024\" height=\"576\" src=\"https:\/\/externalia.lebranders.es\/wp-content\/uploads\/2026\/07\/Checklist-de-cumplimiento-CAE-2026-1024x576.png\" class=\"attachment-large size-large\" alt=\"Checklist CAE cumplimiento 2026\" srcset=\"https:\/\/externalia.lebranders.es\/wp-content\/uploads\/2026\/07\/Checklist-de-cumplimiento-CAE-2026-980x552.png 980w, https:\/\/externalia.lebranders.es\/wp-content\/uploads\/2026\/07\/Checklist-de-cumplimiento-CAE-2026-480x270.png 480w\" sizes=\"(min-width: 0px) and (max-width: 480px) 480px, (min-width: 481px) and (max-width: 980px) 980px, (min-width: 981px) 1024px, 100vw\" \/>\t\t\t\t\t<\/a>\n\t\t\t\t\t\t\t\t\t<\/div>\n\t\t\t\t\t\t<h4 class=\"uagb-post__title uagb-post__text\">\n\t\t\t\t<a href=\"https:\/\/externalia.lebranders.es\/en\/checklist-cumplimiento-cae-2026-inspeccion-trabajo\/\" target=\"_self\" rel=\"bookmark noopener noreferrer\">CHECKLIST DE CUMPLIMIENTO CAE 2026: lo que Inspecci\u00f3n de Trabajo comprueba en cada visita<\/a>\n\t\t\t<\/h4>\n\t\t\t\t\t\t<div class='uagb-post__text uagb-post-grid-byline'>\n\t\t\t\t\t\t\t\t<div class=\"uagb-post__text\">\n\t\t\t\t\t<span class='uagb-post__taxonomy'>\n\t\t\t\t\t\t\t\t\t\t\t\t<a href=\"https:\/\/externalia.lebranders.es\/en\/software-cae\/\">Software CAE<\/a>,&nbsp;<a href=\"https:\/\/externalia.lebranders.es\/en\/software-cae\/compliance-y-normativa\/\">Compliance &amp; normativa\u00a0<\/a>,&nbsp;<a href=\"https:\/\/externalia.lebranders.es\/en\/software-cae\/control-operativo-y-gestion-de-contratistas\/\">Control operativo &amp; gesti\u00f3n de contratistas<\/a>,&nbsp;<a href=\"https:\/\/externalia.lebranders.es\/en\/software-cae\/prl\/\">PRL<\/a>\t\t\t\t\t<\/span>\n\t\t\t\t<\/div>\n\t\t\t\t\t\t\t<\/div>\n\t\t\t\t\t\t\t<div class='uagb-post__text uagb-post__excerpt'>\n\t\t\t\t\tGu\u00eda pr\u00e1ctica con el checklist de los 10 puntos que Inspecci\u00f3n de Trabajo verifica en materia de CAE en 2026: acreditaci\u00f3n de contratistas,&#8230;\t\t\t\t<\/div>\n\t\t\t\t\t\t<div class=\"uagb-post__text uagb-post__cta wp-block-button\">\n\t\t\t\t<a class=\"wp-block-button__link uagb-text-link\" style=\"\" href=\"https:\/\/externalia.lebranders.es\/en\/checklist-cumplimiento-cae-2026-inspeccion-trabajo\/\" target=\"_self\" rel=\"bookmark noopener noreferrer\">Read More<\/a>\n\t\t\t<\/div>\n\t\t\t\n\t\t\t\t\t\t\t\t\t<\/article>\n\t\t\t\t\t\t\t\t\t\t\t\t\t\t\t\t<article class=\"uagb-post__inner-wrap\">\t\t\t\t\t\t\t\t<div class='uagb-post__image'>\n\t\t\t\t\t\t\t\t\t<a href=\"https:\/\/externalia.lebranders.es\/en\/2026-ano-seguridad-salud-trabajo-software-cae\/\" target=\"_self\" rel=\"bookmark noopener noreferrer\"><img loading=\"lazy\" decoding=\"async\" width=\"1024\" height=\"683\" src=\"https:\/\/externalia.lebranders.es\/wp-content\/uploads\/2026\/06\/2026-Ano-de-la-SST-Externalia-Solutions-1024x683.png\" class=\"attachment-large size-large\" alt=\"2026 A\u00f1o de la Seguridad y Salud en el Trabajo \u2014 30 aniversario Ley 31\/1995 \u2014 software CAE Externalia Solutions\" srcset=\"https:\/\/externalia.lebranders.es\/wp-content\/uploads\/2026\/06\/2026-Ano-de-la-SST-Externalia-Solutions-980x653.png 980w, https:\/\/externalia.lebranders.es\/wp-content\/uploads\/2026\/06\/2026-Ano-de-la-SST-Externalia-Solutions-480x320.png 480w\" sizes=\"(min-width: 0px) and (max-width: 480px) 480px, (min-width: 481px) and (max-width: 980px) 980px, (min-width: 981px) 1024px, 100vw\" \/>\t\t\t\t\t<\/a>\n\t\t\t\t\t\t\t\t\t<\/div>\n\t\t\t\t\t\t<h4 class=\"uagb-post__title uagb-post__text\">\n\t\t\t\t<a href=\"https:\/\/externalia.lebranders.es\/en\/2026-ano-seguridad-salud-trabajo-software-cae\/\" target=\"_self\" rel=\"bookmark noopener noreferrer\">2026, A\u00f1o de la SST: qu\u00e9 implica para tu empresa la Ley 31\/1995 a los 30 a\u00f1os<\/a>\n\t\t\t<\/h4>\n\t\t\t\t\t\t<div class='uagb-post__text uagb-post-grid-byline'>\n\t\t\t\t\t\t\t\t<div class=\"uagb-post__text\">\n\t\t\t\t\t<span class='uagb-post__taxonomy'>\n\t\t\t\t\t\t\t\t\t\t\t\t<a href=\"https:\/\/externalia.lebranders.es\/en\/software-cae\/\">Software CAE<\/a>,&nbsp;<a href=\"https:\/\/externalia.lebranders.es\/en\/software-cae\/prl\/\">PRL<\/a>\t\t\t\t\t<\/span>\n\t\t\t\t<\/div>\n\t\t\t\t\t\t\t<\/div>\n\t\t\t\t\t\t\t<div class='uagb-post__text uagb-post__excerpt'>\n\t\t\t\t\tEl Gobierno declara 2026 A\u00f1o de la SST coincidiendo con los 30 a\u00f1os de la Ley 31\/1995. Con 796 fallecidos en 2024 y&#8230;\t\t\t\t<\/div>\n\t\t\t\t\t\t<div class=\"uagb-post__text uagb-post__cta wp-block-button\">\n\t\t\t\t<a class=\"wp-block-button__link uagb-text-link\" style=\"\" href=\"https:\/\/externalia.lebranders.es\/en\/2026-ano-seguridad-salud-trabajo-software-cae\/\" target=\"_self\" rel=\"bookmark noopener noreferrer\">Read More<\/a>\n\t\t\t<\/div>\n\t\t\t\n\t\t\t\t\t\t\t\t\t<\/article>\n\t\t\t\t\t\t\t\t\t\t\t\t\t\t\t\t<article class=\"uagb-post__inner-wrap\">\t\t\t\t\t\t\t\t<div class='uagb-post__image'>\n\t\t\t\t\t\t\t\t\t<a href=\"https:\/\/externalia.lebranders.es\/en\/responsabilidad-solidaria-subsidiaria-cae\/\" target=\"_self\" rel=\"bookmark noopener noreferrer\"><img loading=\"lazy\" decoding=\"async\" width=\"1024\" height=\"683\" src=\"https:\/\/externalia.lebranders.es\/wp-content\/uploads\/2026\/05\/CAE-cuando-responde-la-empresa-principal-por-sus-contratas-eGestiona-1-1024x683.png\" class=\"attachment-large size-large\" alt=\"Responsabilidad solidaria y subsidiaria de la empresa principal en la CAE \u2014 coordinaci\u00f3n de actividades empresariales\" srcset=\"https:\/\/externalia.lebranders.es\/wp-content\/uploads\/2026\/05\/CAE-cuando-responde-la-empresa-principal-por-sus-contratas-eGestiona-1-980x653.png 980w, https:\/\/externalia.lebranders.es\/wp-content\/uploads\/2026\/05\/CAE-cuando-responde-la-empresa-principal-por-sus-contratas-eGestiona-1-480x320.png 480w\" sizes=\"(min-width: 0px) and (max-width: 480px) 480px, (min-width: 481px) and (max-width: 980px) 980px, (min-width: 981px) 1024px, 100vw\" \/>\t\t\t\t\t<\/a>\n\t\t\t\t\t\t\t\t\t<\/div>\n\t\t\t\t\t\t<h4 class=\"uagb-post__title uagb-post__text\">\n\t\t\t\t<a href=\"https:\/\/externalia.lebranders.es\/en\/responsabilidad-solidaria-subsidiaria-cae\/\" target=\"_self\" rel=\"bookmark noopener noreferrer\">Responsabilidad solidaria y subsidiaria en la CAE: cu\u00e1ndo responde la empresa principal<\/a>\n\t\t\t<\/h4>\n\t\t\t\t\t\t<div class='uagb-post__text uagb-post-grid-byline'>\n\t\t\t\t\t\t\t\t<div class=\"uagb-post__text\">\n\t\t\t\t\t<span class='uagb-post__taxonomy'>\n\t\t\t\t\t\t\t\t\t\t\t\t<a href=\"https:\/\/externalia.lebranders.es\/en\/software-cae\/control-operativo-y-gestion-de-contratistas\/\">Control operativo &amp; gesti\u00f3n de contratistas<\/a>,&nbsp;<a href=\"https:\/\/externalia.lebranders.es\/en\/software-cae\/compliance-y-normativa\/\">Compliance &amp; normativa\u00a0<\/a>,&nbsp;<a href=\"https:\/\/externalia.lebranders.es\/en\/software-cae\/prl\/\">PRL<\/a>,&nbsp;<a href=\"https:\/\/externalia.lebranders.es\/en\/software-cae\/\">Software CAE<\/a>\t\t\t\t\t<\/span>\n\t\t\t\t<\/div>\n\t\t\t\t\t\t\t<\/div>\n\t\t\t\t\t\t\t<div class='uagb-post__text uagb-post__excerpt'>\n\t\t\t\t\tLa empresa principal puede responder solidariamente por las infracciones de sus contratas en materia de PRL y Seguridad Social. Analizamos cu\u00e1ndo, en qu\u00e9&#8230;\t\t\t\t<\/div>\n\t\t\t\t\t\t<div class=\"uagb-post__text uagb-post__cta wp-block-button\">\n\t\t\t\t<a class=\"wp-block-button__link uagb-text-link\" style=\"\" href=\"https:\/\/externalia.lebranders.es\/en\/responsabilidad-solidaria-subsidiaria-cae\/\" target=\"_self\" rel=\"bookmark noopener noreferrer\">Read More<\/a>\n\t\t\t<\/div>\n\t\t\t\n\t\t\t\t\t\t\t\t\t<\/article>\n\t\t\t\t\t\t\t\t\t\t\t\t\t\t\t\t<article class=\"uagb-post__inner-wrap\">\t\t\t\t\t\t\t\t<div class='uagb-post__image'>\n\t\t\t\t\t\t\t\t\t<a href=\"https:\/\/externalia.lebranders.es\/en\/riesgos-psicosociales-obligaciones-reforma-prl-2026\/\" target=\"_self\" rel=\"bookmark noopener noreferrer\"><img loading=\"lazy\" decoding=\"async\" width=\"1024\" height=\"683\" src=\"https:\/\/externalia.lebranders.es\/wp-content\/uploads\/2026\/05\/Riesgos-psicosociales-PRL-Externalia-Solutions-1024x683.png\" class=\"attachment-large size-large\" alt=\"Evaluaci\u00f3n de riesgos psicosociales en la empresa \u2013 nuevas obligaciones reforma Ley PRL 2026\" srcset=\"https:\/\/externalia.lebranders.es\/wp-content\/uploads\/2026\/05\/Riesgos-psicosociales-PRL-Externalia-Solutions-980x653.png 980w, https:\/\/externalia.lebranders.es\/wp-content\/uploads\/2026\/05\/Riesgos-psicosociales-PRL-Externalia-Solutions-480x320.png 480w\" sizes=\"(min-width: 0px) and (max-width: 480px) 480px, (min-width: 481px) and (max-width: 980px) 980px, (min-width: 981px) 1024px, 100vw\" \/>\t\t\t\t\t<\/a>\n\t\t\t\t\t\t\t\t\t<\/div>\n\t\t\t\t\t\t<h4 class=\"uagb-post__title uagb-post__text\">\n\t\t\t\t<a href=\"https:\/\/externalia.lebranders.es\/en\/riesgos-psicosociales-obligaciones-reforma-prl-2026\/\" target=\"_self\" rel=\"bookmark noopener noreferrer\">Riesgos psicosociales en la empresa: nuevas obligaciones legales tras la reforma de la Ley PRL 2026<\/a>\n\t\t\t<\/h4>\n\t\t\t\t\t\t<div class='uagb-post__text uagb-post-grid-byline'>\n\t\t\t\t\t\t\t\t<div class=\"uagb-post__text\">\n\t\t\t\t\t<span class='uagb-post__taxonomy'>\n\t\t\t\t\t\t\t\t\t\t\t\t<a href=\"https:\/\/externalia.lebranders.es\/en\/software-cae\/prl\/\">PRL<\/a>,&nbsp;<a href=\"https:\/\/externalia.lebranders.es\/en\/software-cae\/compliance-y-normativa\/\">Compliance &amp; normativa\u00a0<\/a>\t\t\t\t\t<\/span>\n\t\t\t\t<\/div>\n\t\t\t\t\t\t\t<\/div>\n\t\t\t\t\t\t\t<div class='uagb-post__text uagb-post__excerpt'>\n\t\t\t\t\tEl nuevo art\u00edculo 16.2 de la Ley 31\/1995 convierte la evaluaci\u00f3n de riesgos psicosociales en obligaci\u00f3n legal expresa. Descubre qu\u00e9 debe hacer tu&#8230;\t\t\t\t<\/div>\n\t\t\t\t\t\t<div class=\"uagb-post__text uagb-post__cta wp-block-button\">\n\t\t\t\t<a class=\"wp-block-button__link uagb-text-link\" style=\"\" href=\"https:\/\/externalia.lebranders.es\/en\/riesgos-psicosociales-obligaciones-reforma-prl-2026\/\" target=\"_self\" rel=\"bookmark noopener noreferrer\">Read More<\/a>\n\t\t\t<\/div>\n\t\t\t\n\t\t\t\t\t\t\t\t\t<\/article>\n\t\t\t\t\t\t\t\t\t\t\t\t\t\t\t\t<article class=\"uagb-post__inner-wrap\">\t\t\t\t\t\t\t\t<div class='uagb-post__image'>\n\t\t\t\t\t\t\t\t\t<a href=\"https:\/\/externalia.lebranders.es\/en\/obligaciones-contratista-subcontratista-prl-cae\/\" target=\"_self\" rel=\"bookmark noopener noreferrer\"><img loading=\"lazy\" decoding=\"async\" width=\"1024\" height=\"683\" src=\"https:\/\/externalia.lebranders.es\/wp-content\/uploads\/2026\/05\/Obligaciones-del-contratista-Externalia-Solutions-1024x683.png\" class=\"attachment-large size-large\" alt=\"T\u00e9cnico de PRL supervisando documentaci\u00f3n CAE de contratistas y subcontratistas en obra de construcci\u00f3n con plataforma eGestiona\" srcset=\"https:\/\/externalia.lebranders.es\/wp-content\/uploads\/2026\/05\/Obligaciones-del-contratista-Externalia-Solutions-980x653.png 980w, https:\/\/externalia.lebranders.es\/wp-content\/uploads\/2026\/05\/Obligaciones-del-contratista-Externalia-Solutions-480x320.png 480w\" sizes=\"(min-width: 0px) and (max-width: 480px) 480px, (min-width: 481px) and (max-width: 980px) 980px, (min-width: 981px) 1024px, 100vw\" \/>\t\t\t\t\t<\/a>\n\t\t\t\t\t\t\t\t\t<\/div>\n\t\t\t\t\t\t<h4 class=\"uagb-post__title uagb-post__text\">\n\t\t\t\t<a href=\"https:\/\/externalia.lebranders.es\/en\/obligaciones-contratista-subcontratista-prl-cae\/\" target=\"_self\" rel=\"bookmark noopener noreferrer\">Obligaciones del contratista y subcontratista en PRL y CAE: la gu\u00eda definitiva para empresas en entornos de riesgo<\/a>\n\t\t\t<\/h4>\n\t\t\t\t\t\t<div class='uagb-post__text uagb-post-grid-byline'>\n\t\t\t\t\t\t\t\t<div class=\"uagb-post__text\">\n\t\t\t\t\t<span class='uagb-post__taxonomy'>\n\t\t\t\t\t\t\t\t\t\t\t\t<a href=\"https:\/\/externalia.lebranders.es\/en\/software-cae\/\">Software CAE<\/a>,&nbsp;<a href=\"https:\/\/externalia.lebranders.es\/en\/software-cae\/compliance-y-normativa\/\">Compliance &amp; normativa\u00a0<\/a>,&nbsp;<a href=\"https:\/\/externalia.lebranders.es\/en\/software-cae\/prl\/\">PRL<\/a>\t\t\t\t\t<\/span>\n\t\t\t\t<\/div>\n\t\t\t\t\t\t\t<\/div>\n\t\t\t\t\t\t\t<div class='uagb-post__text uagb-post__excerpt'>\n\t\t\t\t\t\u00bfCu\u00e1les son las obligaciones del contratista y el subcontratista en PRL y CAE? Esta gu\u00eda completa analiza la normativa vigente, la responsabilidad solidaria,&#8230;\t\t\t\t<\/div>\n\t\t\t\t\t\t<div class=\"uagb-post__text uagb-post__cta wp-block-button\">\n\t\t\t\t<a class=\"wp-block-button__link uagb-text-link\" style=\"\" href=\"https:\/\/externalia.lebranders.es\/en\/obligaciones-contratista-subcontratista-prl-cae\/\" target=\"_self\" rel=\"bookmark noopener noreferrer\">Read More<\/a>\n\t\t\t<\/div>\n\t\t\t\n\t\t\t\t\t\t\t\t\t<\/article>\n\t\t\t\t\t\t\t\t\t\t\t\t\t\t\t\t<article class=\"uagb-post__inner-wrap\">\t\t\t\t\t\t\t\t<div class='uagb-post__image'>\n\t\t\t\t\t\t\t\t\t<a href=\"https:\/\/externalia.lebranders.es\/en\/gestion-contratistas-construccion-industria-2026\/\" target=\"_self\" rel=\"bookmark noopener noreferrer\"><img loading=\"lazy\" decoding=\"async\" width=\"1024\" height=\"683\" src=\"https:\/\/externalia.lebranders.es\/wp-content\/uploads\/2026\/05\/Gestion-de-contratistas-Externalia-Solutions-1024x683.png\" class=\"attachment-large size-large\" alt=\"Gesti\u00f3n de contratistas en obras de construcci\u00f3n 2026 con plataforma eGestiona\" srcset=\"https:\/\/externalia.lebranders.es\/wp-content\/uploads\/2026\/05\/Gestion-de-contratistas-Externalia-Solutions-980x653.png 980w, https:\/\/externalia.lebranders.es\/wp-content\/uploads\/2026\/05\/Gestion-de-contratistas-Externalia-Solutions-480x320.png 480w\" sizes=\"(min-width: 0px) and (max-width: 480px) 480px, (min-width: 481px) and (max-width: 980px) 980px, (min-width: 981px) 1024px, 100vw\" \/>\t\t\t\t\t<\/a>\n\t\t\t\t\t\t\t\t\t<\/div>\n\t\t\t\t\t\t<h4 class=\"uagb-post__title uagb-post__text\">\n\t\t\t\t<a href=\"https:\/\/externalia.lebranders.es\/en\/gestion-contratistas-construccion-industria-2026\/\" target=\"_self\" rel=\"bookmark noopener noreferrer\">Los grandes desaf\u00edos de la gesti\u00f3n de contratistas en 2026 y c\u00f3mo superarlos<\/a>\n\t\t\t<\/h4>\n\t\t\t\t\t\t<div class='uagb-post__text uagb-post-grid-byline'>\n\t\t\t\t\t\t\t\t<div class=\"uagb-post__text\">\n\t\t\t\t\t<span class='uagb-post__taxonomy'>\n\t\t\t\t\t\t\t\t\t\t\t\t<a href=\"https:\/\/externalia.lebranders.es\/en\/software-cae\/control-operativo-y-gestion-de-contratistas\/\">Control operativo &amp; gesti\u00f3n de contratistas<\/a>,&nbsp;<a href=\"https:\/\/externalia.lebranders.es\/en\/software-cae\/prl\/\">PRL<\/a>,&nbsp;<a href=\"https:\/\/externalia.lebranders.es\/en\/software-cae\/\">Software CAE<\/a>\t\t\t\t\t<\/span>\n\t\t\t\t<\/div>\n\t\t\t\t\t\t\t<\/div>\n\t\t\t\t\t\t\t<div class='uagb-post__text uagb-post__excerpt'>\n\t\t\t\t\tEn 2026, gestionar contratistas en construcci\u00f3n e industria es m\u00e1s exigente que nunca. Descubre los 6 principales desaf\u00edos \u2014control documental, CAE, homologaci\u00f3n, visibilidad&#8230;\t\t\t\t<\/div>\n\t\t\t\t\t\t<div class=\"uagb-post__text uagb-post__cta wp-block-button\">\n\t\t\t\t<a class=\"wp-block-button__link uagb-text-link\" style=\"\" href=\"https:\/\/externalia.lebranders.es\/en\/gestion-contratistas-construccion-industria-2026\/\" target=\"_self\" rel=\"bookmark noopener noreferrer\">Read More<\/a>\n\t\t\t<\/div>\n\t\t\t\n\t\t\t\t\t\t\t\t\t<\/article>\n\t\t\t\t\t\t\t\t\t\t\t\t\t\t\t\t<article class=\"uagb-post__inner-wrap\">\t\t\t\t\t\t\t\t<div class='uagb-post__image'>\n\t\t\t\t\t\t\t\t\t<a href=\"https:\/\/externalia.lebranders.es\/en\/iso-45001-cae-coordinacion-contratas-sst\/\" target=\"_self\" rel=\"bookmark noopener noreferrer\"><img loading=\"lazy\" decoding=\"async\" width=\"1024\" height=\"683\" src=\"https:\/\/externalia.lebranders.es\/wp-content\/uploads\/2026\/04\/Coordinacion-de-contratas-en-entorno-industrial-con-sistema-de-gestion-ISO-45001-1-1024x683.png\" class=\"attachment-large size-large\" alt=\"&quot;Coordinaci\u00f3n de contratas en entorno industrial con sistema de gesti\u00f3n ISO 45001\" srcset=\"https:\/\/externalia.lebranders.es\/wp-content\/uploads\/2026\/04\/Coordinacion-de-contratas-en-entorno-industrial-con-sistema-de-gestion-ISO-45001-1-980x653.png 980w, https:\/\/externalia.lebranders.es\/wp-content\/uploads\/2026\/04\/Coordinacion-de-contratas-en-entorno-industrial-con-sistema-de-gestion-ISO-45001-1-480x320.png 480w\" sizes=\"(min-width: 0px) and (max-width: 480px) 480px, (min-width: 481px) and (max-width: 980px) 980px, (min-width: 981px) 1024px, 100vw\" \/>\t\t\t\t\t<\/a>\n\t\t\t\t\t\t\t\t\t<\/div>\n\t\t\t\t\t\t<h4 class=\"uagb-post__title uagb-post__text\">\n\t\t\t\t<a href=\"https:\/\/externalia.lebranders.es\/en\/iso-45001-cae-coordinacion-contratas-sst\/\" target=\"_self\" rel=\"bookmark noopener noreferrer\">ISO 45001 y CAE: c\u00f3mo integrar la coordinaci\u00f3n de contratas en tu sistema de gesti\u00f3n SST<\/a>\n\t\t\t<\/h4>\n\t\t\t\t\t\t<div class='uagb-post__text uagb-post-grid-byline'>\n\t\t\t\t\t\t\t\t<div class=\"uagb-post__text\">\n\t\t\t\t\t<span class='uagb-post__taxonomy'>\n\t\t\t\t\t\t\t\t\t\t\t\t<a href=\"https:\/\/externalia.lebranders.es\/en\/software-cae\/control-operativo-y-gestion-de-contratistas\/\">Control operativo &amp; gesti\u00f3n de contratistas<\/a>,&nbsp;<a href=\"https:\/\/externalia.lebranders.es\/en\/software-cae\/prl\/\">PRL<\/a>,&nbsp;<a href=\"https:\/\/externalia.lebranders.es\/en\/software-cae\/\">Software CAE<\/a>\t\t\t\t\t<\/span>\n\t\t\t\t<\/div>\n\t\t\t\t\t\t\t<\/div>\n\t\t\t\t\t\t\t<div class='uagb-post__text uagb-post__excerpt'>\n\t\t\t\t\tGu\u00eda experta para integrar la CAE en tu sistema de gesti\u00f3n ISO 45001 en sectores industriales y de construcci\u00f3n. Conoce c\u00f3mo eGestiona resuelve&#8230;\t\t\t\t<\/div>\n\t\t\t\t\t\t<div class=\"uagb-post__text uagb-post__cta wp-block-button\">\n\t\t\t\t<a class=\"wp-block-button__link uagb-text-link\" style=\"\" href=\"https:\/\/externalia.lebranders.es\/en\/iso-45001-cae-coordinacion-contratas-sst\/\" target=\"_self\" rel=\"bookmark noopener noreferrer\">Read More<\/a>\n\t\t\t<\/div>\n\t\t\t\n\t\t\t\t\t\t\t\t\t<\/article>\n\t\t\t\t\t\t\t\t\t\t\t\t\t\t\t\t<article class=\"uagb-post__inner-wrap\">\t\t\t\t\t\t\t\t<div class='uagb-post__image'>\n\t\t\t\t\t\t\t\t\t<a href=\"https:\/\/externalia.lebranders.es\/en\/verificacion-ita-diaria-cae-contratistas\/\" target=\"_self\" rel=\"bookmark noopener noreferrer\"><img loading=\"lazy\" decoding=\"async\" width=\"1024\" height=\"683\" src=\"https:\/\/externalia.lebranders.es\/wp-content\/uploads\/2026\/04\/Verificacion-ITA-diaria-CAE-Externalia-Solutions-1024x683.png\" class=\"attachment-large size-large\" alt=\"Verificaci\u00f3n-ITA-diaria-CAE-Externalia\" srcset=\"https:\/\/externalia.lebranders.es\/wp-content\/uploads\/2026\/04\/Verificacion-ITA-diaria-CAE-Externalia-Solutions-980x653.png 980w, https:\/\/externalia.lebranders.es\/wp-content\/uploads\/2026\/04\/Verificacion-ITA-diaria-CAE-Externalia-Solutions-480x320.png 480w\" sizes=\"(min-width: 0px) and (max-width: 480px) 480px, (min-width: 481px) and (max-width: 980px) 980px, (min-width: 981px) 1024px, 100vw\" \/>\t\t\t\t\t<\/a>\n\t\t\t\t\t\t\t\t\t<\/div>\n\t\t\t\t\t\t<h4 class=\"uagb-post__title uagb-post__text\">\n\t\t\t\t<a href=\"https:\/\/externalia.lebranders.es\/en\/verificacion-ita-diaria-cae-contratistas\/\" target=\"_self\" rel=\"bookmark noopener noreferrer\">Verificaci\u00f3n ITA diaria en la CAE: por qu\u00e9 el documento mensual ya no es suficiente para controlar el alta de tus contratistas en la Seguridad Social<\/a>\n\t\t\t<\/h4>\n\t\t\t\t\t\t<div class='uagb-post__text uagb-post-grid-byline'>\n\t\t\t\t\t\t\t\t<div class=\"uagb-post__text\">\n\t\t\t\t\t<span class='uagb-post__taxonomy'>\n\t\t\t\t\t\t\t\t\t\t\t\t<a href=\"https:\/\/externalia.lebranders.es\/en\/software-cae\/control-operativo-y-gestion-de-contratistas\/\">Control operativo &amp; gesti\u00f3n de contratistas<\/a>,&nbsp;<a href=\"https:\/\/externalia.lebranders.es\/en\/software-cae\/compliance-y-normativa\/\">Compliance &amp; normativa\u00a0<\/a>,&nbsp;<a href=\"https:\/\/externalia.lebranders.es\/en\/software-cae\/prl\/\">PRL<\/a>,&nbsp;<a href=\"https:\/\/externalia.lebranders.es\/en\/software-cae\/\">Software CAE<\/a>\t\t\t\t\t<\/span>\n\t\t\t\t<\/div>\n\t\t\t\t\t\t\t<\/div>\n\t\t\t\t\t\t\t<div class='uagb-post__text uagb-post__excerpt'>\n\t\t\t\t\tLa coordinaci\u00f3n de actividades empresariales ha evolucionado significativamente en los \u00faltimos a\u00f1os. Sin embargo, uno de los puntos cr\u00edticos que contin\u00faa generando incidencias&#8230;\t\t\t\t<\/div>\n\t\t\t\t\t\t<div class=\"uagb-post__text uagb-post__cta wp-block-button\">\n\t\t\t\t<a class=\"wp-block-button__link uagb-text-link\" style=\"\" href=\"https:\/\/externalia.lebranders.es\/en\/verificacion-ita-diaria-cae-contratistas\/\" target=\"_self\" rel=\"bookmark noopener noreferrer\">Read More<\/a>\n\t\t\t<\/div>\n\t\t\t\n\t\t\t\t\t\t\t\t\t<\/article>\n\t\t\t\t\t\t\t\t\t\t\t\t\t\t\t\t<article class=\"uagb-post__inner-wrap\">\t\t\t\t\t\t\t\t<div class='uagb-post__image'>\n\t\t\t\t\t\t\t\t\t<a href=\"https:\/\/externalia.lebranders.es\/en\/esg-prl-sst-reporting-cadena-suministro\/\" target=\"_self\" rel=\"bookmark noopener noreferrer\"><img loading=\"lazy\" decoding=\"async\" width=\"1024\" height=\"683\" src=\"https:\/\/externalia.lebranders.es\/wp-content\/uploads\/2026\/03\/ESG-Externalia-Sostenibilidad-1024x683.png\" class=\"attachment-large size-large\" alt=\"t\u00e9cnico con tablet en entorno industrial \/ reuni\u00f3n de auditor\u00eda con documentaci\u00f3n \/ infograf\u00eda ESG-PRL\" srcset=\"https:\/\/externalia.lebranders.es\/wp-content\/uploads\/2026\/03\/ESG-Externalia-Sostenibilidad-980x653.png 980w, https:\/\/externalia.lebranders.es\/wp-content\/uploads\/2026\/03\/ESG-Externalia-Sostenibilidad-480x320.png 480w\" sizes=\"(min-width: 0px) and (max-width: 480px) 480px, (min-width: 481px) and (max-width: 980px) 980px, (min-width: 981px) 1024px, 100vw\" \/>\t\t\t\t\t<\/a>\n\t\t\t\t\t\t\t\t\t<\/div>\n\t\t\t\t\t\t<h4 class=\"uagb-post__title uagb-post__text\">\n\t\t\t\t<a href=\"https:\/\/externalia.lebranders.es\/en\/esg-prl-sst-reporting-cadena-suministro\/\" target=\"_self\" rel=\"bookmark noopener noreferrer\">ESG y PRL: por qu\u00e9 la Seguridad y Salud en el Trabajo ya se audita como parte de la sostenibilidad (CSRD, CSDDD y cadena de suministro)<\/a>\n\t\t\t<\/h4>\n\t\t\t\t\t\t<div class='uagb-post__text uagb-post-grid-byline'>\n\t\t\t\t\t\t\t\t<div class=\"uagb-post__text\">\n\t\t\t\t\t<span class='uagb-post__taxonomy'>\n\t\t\t\t\t\t\t\t\t\t\t\t<a href=\"https:\/\/externalia.lebranders.es\/en\/software-cae\/prl\/\">PRL<\/a>,&nbsp;<a href=\"https:\/\/externalia.lebranders.es\/en\/software-cae\/compliance-y-normativa\/\">Compliance &amp; normativa\u00a0<\/a>,&nbsp;<a href=\"https:\/\/externalia.lebranders.es\/en\/software-cae\/sostenibilidad\/\">Sostenibilidad<\/a>\t\t\t\t\t<\/span>\n\t\t\t\t<\/div>\n\t\t\t\t\t\t\t<\/div>\n\t\t\t\t\t\t\t<div class='uagb-post__text uagb-post__excerpt'>\n\t\t\t\t\t<p>Durante a\u00f1os, la Prevenci\u00f3n de Riesgos Laborales (PRL) y los departamentos de sostenibilidad de las empresas han transitado por caminos paralelos, raramente convergentes&#8230;.\t\t\t\t<\/div>\n\t\t\t\t\t\t<div class=\"uagb-post__text uagb-post__cta wp-block-button\">\n\t\t\t\t<a class=\"wp-block-button__link uagb-text-link\" style=\"\" href=\"https:\/\/externalia.lebranders.es\/en\/esg-prl-sst-reporting-cadena-suministro\/\" target=\"_self\" rel=\"bookmark noopener noreferrer\">Read More<\/a>\n\t\t\t<\/div>\n\t\t\t\n\t\t\t\t\t\t\t\t\t<\/article>\n\t\t\t\t\t\t\t\t\t\t\t<\/div>","protected":false},"excerpt":{"rendered":"<p>La salud laboral ha cambiado: teletrabajo, fatiga digital, riesgos psicosociales y entornos con m\u00faltiples contratas exigen una PRL m\u00e1s operativa. En esta gu\u00eda explicamos c\u00f3mo integrar salud laboral, CAE y gesti\u00f3n documental para pasar de una prevenci\u00f3n reactiva a un control trazable: permisos condicionados, control de accesos, seguimiento de acciones y KPIs con eGestiona.<\/p>","protected":false},"author":3,"featured_media":4927,"comment_status":"open","ping_status":"open","sticky":false,"template":"","format":"standard","meta":{"_et_pb_use_builder":"off","_et_pb_old_content":"","_et_gb_content_width":"","_uag_custom_page_level_css":"","footnotes":""},"categories":[124,57,162],"tags":[399,295,400,28,401,207,307,169,402,403],"class_list":["post-4689","post","type-post","status-publish","format-standard","has-post-thumbnail","hentry","category-software-cae","category-operaciones-y-eficiencia","category-prl","tag-cae-contratas-y-subcontratas","tag-control-de-accesos-prl","tag-desconexion-digital","tag-egestiona","tag-ergonomia-en-teletrabajo","tag-gestion-documental-prl","tag-permisos-de-trabajo","tag-prl-digital","tag-riesgos-psicosociales-tecnoestres","tag-trazabilidad-preventiva"],"uagb_featured_image_src":{"full":["https:\/\/externalia.lebranders.es\/wp-content\/uploads\/2026\/02\/Salud-laboral-en-la-era-digital-Externalia-Solutions.png",1536,1024,false],"thumbnail":["https:\/\/externalia.lebranders.es\/wp-content\/uploads\/2026\/02\/Salud-laboral-en-la-era-digital-Externalia-Solutions-150x150.png",150,150,true],"medium":["https:\/\/externalia.lebranders.es\/wp-content\/uploads\/2026\/02\/Salud-laboral-en-la-era-digital-Externalia-Solutions-300x200.png",300,200,true],"medium_large":["https:\/\/externalia.lebranders.es\/wp-content\/uploads\/2026\/02\/Salud-laboral-en-la-era-digital-Externalia-Solutions-768x512.png",768,512,true],"large":["https:\/\/externalia.lebranders.es\/wp-content\/uploads\/2026\/02\/Salud-laboral-en-la-era-digital-Externalia-Solutions-1024x683.png",1024,683,true],"1536x1536":["https:\/\/externalia.lebranders.es\/wp-content\/uploads\/2026\/02\/Salud-laboral-en-la-era-digital-Externalia-Solutions.png",1536,1024,false],"2048x2048":["https:\/\/externalia.lebranders.es\/wp-content\/uploads\/2026\/02\/Salud-laboral-en-la-era-digital-Externalia-Solutions.png",1536,1024,false],"trp-custom-language-flag":["https:\/\/externalia.lebranders.es\/wp-content\/uploads\/2026\/02\/Salud-laboral-en-la-era-digital-Externalia-Solutions-18x12.png",18,12,true],"et-pb-post-main-image":["https:\/\/externalia.lebranders.es\/wp-content\/uploads\/2026\/02\/Salud-laboral-en-la-era-digital-Externalia-Solutions-400x250.png",400,250,true],"et-pb-post-main-image-fullwidth":["https:\/\/externalia.lebranders.es\/wp-content\/uploads\/2026\/02\/Salud-laboral-en-la-era-digital-Externalia-Solutions-1080x675.png",1080,675,true],"et-pb-portfolio-image":["https:\/\/externalia.lebranders.es\/wp-content\/uploads\/2026\/02\/Salud-laboral-en-la-era-digital-Externalia-Solutions-400x284.png",400,284,true],"et-pb-portfolio-module-image":["https:\/\/externalia.lebranders.es\/wp-content\/uploads\/2026\/02\/Salud-laboral-en-la-era-digital-Externalia-Solutions-510x382.png",510,382,true],"et-pb-portfolio-image-single":["https:\/\/externalia.lebranders.es\/wp-content\/uploads\/2026\/02\/Salud-laboral-en-la-era-digital-Externalia-Solutions-1080x720.png",1080,720,true],"et-pb-gallery-module-image-portrait":["https:\/\/externalia.lebranders.es\/wp-content\/uploads\/2026\/02\/Salud-laboral-en-la-era-digital-Externalia-Solutions-400x516.png",400,516,true],"et-pb-post-main-image-fullwidth-large":["https:\/\/externalia.lebranders.es\/wp-content\/uploads\/2026\/02\/Salud-laboral-en-la-era-digital-Externalia-Solutions.png",1536,1024,false],"et-pb-image--responsive--desktop":["https:\/\/externalia.lebranders.es\/wp-content\/uploads\/2026\/02\/Salud-laboral-en-la-era-digital-Externalia-Solutions-1280x853.png",1080,720,true],"et-pb-image--responsive--tablet":["https:\/\/externalia.lebranders.es\/wp-content\/uploads\/2026\/02\/Salud-laboral-en-la-era-digital-Externalia-Solutions-980x653.png",827,551,true],"et-pb-image--responsive--phone":["https:\/\/externalia.lebranders.es\/wp-content\/uploads\/2026\/02\/Salud-laboral-en-la-era-digital-Externalia-Solutions-480x320.png",405,270,true]},"uagb_author_info":{"display_name":"Silvia Martorell","author_link":"https:\/\/externalia.lebranders.es\/en\/author\/silvia\/"},"uagb_comment_info":0,"uagb_excerpt":"La salud laboral ha cambiado: teletrabajo, fatiga digital, riesgos psicosociales y entornos con m\u00faltiples contratas exigen una PRL m\u00e1s operativa. En esta gu\u00eda explicamos c\u00f3mo integrar salud laboral, CAE y gesti\u00f3n documental para pasar de una prevenci\u00f3n reactiva a un control trazable: permisos condicionados, control de accesos, seguimiento de acciones y KPIs con eGestiona.","_links":{"self":[{"href":"https:\/\/externalia.lebranders.es\/en\/wp-json\/wp\/v2\/posts\/4689","targetHints":{"allow":["GET"]}}],"collection":[{"href":"https:\/\/externalia.lebranders.es\/en\/wp-json\/wp\/v2\/posts"}],"about":[{"href":"https:\/\/externalia.lebranders.es\/en\/wp-json\/wp\/v2\/types\/post"}],"author":[{"embeddable":true,"href":"https:\/\/externalia.lebranders.es\/en\/wp-json\/wp\/v2\/users\/3"}],"replies":[{"embeddable":true,"href":"https:\/\/externalia.lebranders.es\/en\/wp-json\/wp\/v2\/comments?post=4689"}],"version-history":[{"count":2,"href":"https:\/\/externalia.lebranders.es\/en\/wp-json\/wp\/v2\/posts\/4689\/revisions"}],"predecessor-version":[{"id":4974,"href":"https:\/\/externalia.lebranders.es\/en\/wp-json\/wp\/v2\/posts\/4689\/revisions\/4974"}],"wp:featuredmedia":[{"embeddable":true,"href":"https:\/\/externalia.lebranders.es\/en\/wp-json\/wp\/v2\/media\/4927"}],"wp:attachment":[{"href":"https:\/\/externalia.lebranders.es\/en\/wp-json\/wp\/v2\/media?parent=4689"}],"wp:term":[{"taxonomy":"category","embeddable":true,"href":"https:\/\/externalia.lebranders.es\/en\/wp-json\/wp\/v2\/categories?post=4689"},{"taxonomy":"post_tag","embeddable":true,"href":"https:\/\/externalia.lebranders.es\/en\/wp-json\/wp\/v2\/tags?post=4689"}],"curies":[{"name":"wp","href":"https:\/\/api.w.org\/{rel}","templated":true}]}}