{"id":4798,"date":"2026-05-13T08:19:14","date_gmt":"2026-05-13T08:19:14","guid":{"rendered":"https:\/\/egestiona.com\/?p=4798"},"modified":"2026-06-12T06:42:38","modified_gmt":"2026-06-12T06:42:38","slug":"obligaciones-contratista-subcontratista-prl-cae","status":"publish","type":"post","link":"https:\/\/externalia.lebranders.es\/en\/obligaciones-contratista-subcontratista-prl-cae\/","title":{"rendered":"Obligaciones del contratista y subcontratista en PRL y CAE: la gu\u00eda definitiva para empresas en entornos de riesgo"},"content":{"rendered":"<p class=\"wp-block-paragraph\">The <strong><a href=\"https:\/\/externalia.lebranders.es\/prevencion-de-riesgos-laborales\/\" target=\"_blank\" rel=\"noreferrer noopener\">prevenci\u00f3n de riesgos laborales (PRL)<\/a><\/strong> y la <strong><a href=\"https:\/\/externalia.lebranders.es\/cae-excelencia-operativa-prl-egestiona\/\" target=\"_blank\" rel=\"noreferrer noopener\">coordinaci\u00f3n de actividades empresariales (CAE)<\/a><\/strong> son, hoy m\u00e1s que nunca, el eje central de cualquier operaci\u00f3n en la que intervengan <a href=\"https:\/\/externalia.lebranders.es\/coordinacion-eficaz-9-principios-preventivos-prl-cae\/\" target=\"_blank\" rel=\"noreferrer noopener\">contratas y subcontratas<\/a>. Construcci\u00f3n, industria, miner\u00eda, energ\u00eda, <a href=\"https:\/\/externalia.lebranders.es\/cae-logistica-transporte-egestiona\/\" target=\"_blank\" rel=\"noreferrer noopener\">log\u00edstica<\/a>: en todos estos entornos de riesgo, el cumplimiento normativo no es opcional ni un tr\u00e1mite burocr\u00e1tico. Es la diferencia entre operar con garant\u00edas o exponerse a sanciones graves, paralizaci\u00f3n de actividad y, lo m\u00e1s importante, al riesgo real de que alguien resulte herido.<\/p>\n\n\n\n<p class=\"wp-block-paragraph\">Sin embargo, muchas empresas siguen gestionando la documentaci\u00f3n de sus contratistas de forma manual, dispersa y reactiva. Hojas de c\u00e1lculo, correos electr\u00f3nicos, carpetas sin estructura. El resultado es siempre el mismo: documentos caducados en el momento menos oportuno, evaluaciones de riesgos que nadie ha revisado, y responsabilidad solidaria que recae sobre la empresa principal cuando un contratista incumple.<\/p>\n\n\n\n<blockquote class=\"wp-block-quote is-layout-flow wp-block-quote-is-layout-flow\">\n<p class=\"wp-block-paragraph\"><em>En este art\u00edculo reunimos todo lo que debes saber: qu\u00e9 obliga la normativa, qu\u00e9 deben aportar el contratista y el subcontratista, c\u00f3mo funciona la CAE en la pr\u00e1ctica, qu\u00e9 riesgos conlleva no gestionarlo bien y c\u00f3mo una plataforma como <strong>eGestiona <\/strong>convierte todo esto en un proceso automatizado, trazable y preparado para cualquier auditor\u00eda o inspecci\u00f3n.<\/em><\/p>\n<\/blockquote>\n\n\n\n<div id=\"ez-toc-container\" class=\"ez-toc-v2_0_87 ez-toc-wrap-left counter-hierarchy ez-toc-counter ez-toc-grey ez-toc-container-direction\">\n<div class=\"ez-toc-title-container\">\n<p class=\"ez-toc-title\" style=\"cursor:inherit\">Tabla de contenido<\/p>\n<span class=\"ez-toc-title-toggle\"><a href=\"#\" class=\"ez-toc-pull-right ez-toc-btn ez-toc-btn-xs ez-toc-btn-default ez-toc-toggle\" aria-label=\"Toggle Table of Content\"><span class=\"ez-toc-js-icon-con\"><span class=\"\"><span class=\"eztoc-hide\" style=\"display:none;\">Toggle<\/span><span class=\"ez-toc-icon-toggle-span\"><svg style=\"fill: #999;color:#999\" xmlns=\"http:\/\/www.w3.org\/2000\/svg\" class=\"list-377408\" width=\"20px\" height=\"20px\" viewbox=\"0 0 24 24\" fill=\"none\"><path d=\"M6 6H4v2h2V6zm14 0H8v2h12V6zM4 11h2v2H4v-2zm16 0H8v2h12v-2zM4 16h2v2H4v-2zm16 0H8v2h12v-2z\" fill=\"currentColor\"><\/path><\/svg><svg style=\"fill: #999;color:#999\" class=\"arrow-unsorted-368013\" xmlns=\"http:\/\/www.w3.org\/2000\/svg\" width=\"10px\" height=\"10px\" viewbox=\"0 0 24 24\" version=\"1.2\" baseprofile=\"tiny\"><path d=\"M18.2 9.3l-6.2-6.3-6.2 6.3c-.2.2-.3.4-.3.7s.1.5.3.7c.2.2.4.3.7.3h11c.3 0 .5-.1.7-.3.2-.2.3-.5.3-.7s-.1-.5-.3-.7zM5.8 14.7l6.2 6.3 6.2-6.3c.2-.2.3-.5.3-.7s-.1-.5-.3-.7c-.2-.2-.4-.3-.7-.3h-11c-.3 0-.5.1-.7.3-.2.2-.3.5-.3.7s.1.5.3.7z\"\/><\/svg><\/span><\/span><\/span><\/a><\/span><\/div>\n<nav><ul class='ez-toc-list ez-toc-list-level-1' ><li class='ez-toc-page-1 ez-toc-heading-level-2'><a class=\"ez-toc-link ez-toc-heading-1\" href=\"https:\/\/externalia.lebranders.es\/en\/obligaciones-contratista-subcontratista-prl-cae\/#El_marco_normativo_que_regula_la_PRL_la_CAE_y_las_obligaciones_de_contratistas_y_subcontratistas\" >El marco normativo que regula la PRL, la CAE y las obligaciones de contratistas y subcontratistas<\/a><\/li><li class='ez-toc-page-1 ez-toc-heading-level-2'><a class=\"ez-toc-link ez-toc-heading-2\" href=\"https:\/\/externalia.lebranders.es\/en\/obligaciones-contratista-subcontratista-prl-cae\/#Obligaciones_comunes_en_PRL_y_CAE_que_deben_cumplir_contratistas_y_subcontratistas\" >Obligaciones comunes en PRL y CAE: qu\u00e9 deben cumplir contratistas y subcontratistas<\/a><ul class='ez-toc-list-level-3' ><li class='ez-toc-heading-level-3'><a class=\"ez-toc-link ez-toc-heading-3\" href=\"https:\/\/externalia.lebranders.es\/en\/obligaciones-contratista-subcontratista-prl-cae\/#Evaluacion_de_riesgos_laborales_obligatoria_especifica_y_actualizada\" >Evaluaci\u00f3n de riesgos laborales: obligatoria, espec\u00edfica y actualizada<\/a><\/li><li class='ez-toc-page-1 ez-toc-heading-level-3'><a class=\"ez-toc-link ez-toc-heading-4\" href=\"https:\/\/externalia.lebranders.es\/en\/obligaciones-contratista-subcontratista-prl-cae\/#Plan_de_prevencion_de_riesgos_laborales\" >Plan de prevenci\u00f3n de riesgos laborales<\/a><\/li><li class='ez-toc-page-1 ez-toc-heading-level-3'><a class=\"ez-toc-link ez-toc-heading-5\" href=\"https:\/\/externalia.lebranders.es\/en\/obligaciones-contratista-subcontratista-prl-cae\/#Formacion_e_informacion_de_los_trabajadores\" >Formaci\u00f3n e informaci\u00f3n de los trabajadores<\/a><\/li><li class='ez-toc-page-1 ez-toc-heading-level-3'><a class=\"ez-toc-link ez-toc-heading-6\" href=\"https:\/\/externalia.lebranders.es\/en\/obligaciones-contratista-subcontratista-prl-cae\/#Vigilancia_de_la_salud\" >Vigilancia de la salud<\/a><\/li><li class='ez-toc-page-1 ez-toc-heading-level-3'><a class=\"ez-toc-link ez-toc-heading-7\" href=\"https:\/\/externalia.lebranders.es\/en\/obligaciones-contratista-subcontratista-prl-cae\/#Equipos_de_Proteccion_Individual_EPI\" >Equipos de Protecci\u00f3n Individual (EPI)<\/a><\/li><\/ul><\/li><li class='ez-toc-page-1 ez-toc-heading-level-2'><a class=\"ez-toc-link ez-toc-heading-8\" href=\"https:\/\/externalia.lebranders.es\/en\/obligaciones-contratista-subcontratista-prl-cae\/#Obligaciones_especificas_del_contratista_principal_en_PRL_CAE_y_gestion_de_contratistas\" >Obligaciones espec\u00edficas del contratista principal en PRL, CAE y gesti\u00f3n de contratistas<\/a><ul class='ez-toc-list-level-3' ><li class='ez-toc-heading-level-3'><a class=\"ez-toc-link ez-toc-heading-9\" href=\"https:\/\/externalia.lebranders.es\/en\/obligaciones-contratista-subcontratista-prl-cae\/#Coordinacion_de_Actividades_Empresariales_CAE_rol_central\" >Coordinaci\u00f3n de Actividades Empresariales (CAE): rol central<\/a><\/li><li class='ez-toc-page-1 ez-toc-heading-level-3'><a class=\"ez-toc-link ez-toc-heading-10\" href=\"https:\/\/externalia.lebranders.es\/en\/obligaciones-contratista-subcontratista-prl-cae\/#Validacion_documental_de_subcontratistas_mas_que_recibir_un_PDF\" >Validaci\u00f3n documental de subcontratistas: m\u00e1s que recibir un PDF<\/a><\/li><li class='ez-toc-page-1 ez-toc-heading-level-3'><a class=\"ez-toc-link ez-toc-heading-11\" href=\"https:\/\/externalia.lebranders.es\/en\/obligaciones-contratista-subcontratista-prl-cae\/#Control_de_accesos_vinculado_al_cumplimiento_normativo\" >Control de accesos vinculado al cumplimiento normativo<\/a><\/li><li class='ez-toc-page-1 ez-toc-heading-level-3'><a class=\"ez-toc-link ez-toc-heading-12\" href=\"https:\/\/externalia.lebranders.es\/en\/obligaciones-contratista-subcontratista-prl-cae\/#Supervision_de_la_cadena_de_subcontratacion\" >Supervisi\u00f3n de la cadena de subcontrataci\u00f3n<\/a><\/li><\/ul><\/li><li class='ez-toc-page-1 ez-toc-heading-level-2'><a class=\"ez-toc-link ez-toc-heading-13\" href=\"https:\/\/externalia.lebranders.es\/en\/obligaciones-contratista-subcontratista-prl-cae\/#Obligaciones_del_subcontratista_responsabilidad_propia_e_ineludible\" >Obligaciones del subcontratista: responsabilidad propia e ineludible<\/a><\/li><li class='ez-toc-page-1 ez-toc-heading-level-2'><a class=\"ez-toc-link ez-toc-heading-14\" href=\"https:\/\/externalia.lebranders.es\/en\/obligaciones-contratista-subcontratista-prl-cae\/#Tabla_comparativa_de_obligaciones_contratista_principal_vs_subcontratista\" >Tabla comparativa de obligaciones: contratista principal vs. subcontratista<\/a><\/li><li class='ez-toc-page-1 ez-toc-heading-level-2'><a class=\"ez-toc-link ez-toc-heading-15\" href=\"https:\/\/externalia.lebranders.es\/en\/obligaciones-contratista-subcontratista-prl-cae\/#%C2%BFQuien_responde_en_caso_de_accidente_Responsabilidad_solidaria_y_consecuencias_legales\" >\u00bfQui\u00e9n responde en caso de accidente? Responsabilidad solidaria y consecuencias legales<\/a><ul class='ez-toc-list-level-3' ><li class='ez-toc-heading-level-3'><a class=\"ez-toc-link ez-toc-heading-16\" href=\"https:\/\/externalia.lebranders.es\/en\/obligaciones-contratista-subcontratista-prl-cae\/#Responsabilidad_solidaria_del_contratista_principal\" >Responsabilidad solidaria del contratista principal<\/a><\/li><li class='ez-toc-page-1 ez-toc-heading-level-3'><a class=\"ez-toc-link ez-toc-heading-17\" href=\"https:\/\/externalia.lebranders.es\/en\/obligaciones-contratista-subcontratista-prl-cae\/#Responsabilidad_directa_del_subcontratista\" >Responsabilidad directa del subcontratista<\/a><\/li><li class='ez-toc-page-1 ez-toc-heading-level-3'><a class=\"ez-toc-link ez-toc-heading-18\" href=\"https:\/\/externalia.lebranders.es\/en\/obligaciones-contratista-subcontratista-prl-cae\/#Las_consecuencias_de_no_cumplir\" >Las consecuencias de no cumplir<\/a><\/li><\/ul><\/li><li class='ez-toc-page-1 ez-toc-heading-level-2'><a class=\"ez-toc-link ez-toc-heading-19\" href=\"https:\/\/externalia.lebranders.es\/en\/obligaciones-contratista-subcontratista-prl-cae\/#PRL_y_CAE_en_entornos_de_riesgo_construccion_industria_y_mineria\" >PRL y CAE en entornos de riesgo: construcci\u00f3n, industria y miner\u00eda<\/a><ul class='ez-toc-list-level-3' ><li class='ez-toc-heading-level-3'><a class=\"ez-toc-link ez-toc-heading-20\" href=\"https:\/\/externalia.lebranders.es\/en\/obligaciones-contratista-subcontratista-prl-cae\/#Gestion_de_contratistas_en_construccion\" >Gesti\u00f3n de contratistas en construcci\u00f3n<\/a><\/li><li class='ez-toc-page-1 ez-toc-heading-level-3'><a class=\"ez-toc-link ez-toc-heading-21\" href=\"https:\/\/externalia.lebranders.es\/en\/obligaciones-contratista-subcontratista-prl-cae\/#Gestion_de_contratistas_en_industria\" >Gesti\u00f3n de contratistas en industria<\/a><\/li><li class='ez-toc-page-1 ez-toc-heading-level-3'><a class=\"ez-toc-link ez-toc-heading-22\" href=\"https:\/\/externalia.lebranders.es\/en\/obligaciones-contratista-subcontratista-prl-cae\/#Gestion_de_contratistas_en_mineria\" >Gesti\u00f3n de contratistas en miner\u00eda<\/a><\/li><\/ul><\/li><li class='ez-toc-page-1 ez-toc-heading-level-2'><a class=\"ez-toc-link ez-toc-heading-23\" href=\"https:\/\/externalia.lebranders.es\/en\/obligaciones-contratista-subcontratista-prl-cae\/#Gestion_eficaz_de_la_PRL_y_la_CAE_como_la_automatizacion_y_el_control_documental_transforman_el_cumplimiento_normativo\" >Gesti\u00f3n eficaz de la PRL y la CAE: c\u00f3mo la automatizaci\u00f3n y el control documental transforman el cumplimiento normativo<\/a><ul class='ez-toc-list-level-3' ><li class='ez-toc-heading-level-3'><a class=\"ez-toc-link ez-toc-heading-24\" href=\"https:\/\/externalia.lebranders.es\/en\/obligaciones-contratista-subcontratista-prl-cae\/#Gestion_documental_estructurada_por_centro_actividad_y_perfil_de_riesgo\" >Gesti\u00f3n documental estructurada por centro, actividad y perfil de riesgo<\/a><\/li><li class='ez-toc-page-1 ez-toc-heading-level-3'><a class=\"ez-toc-link ez-toc-heading-25\" href=\"https:\/\/externalia.lebranders.es\/en\/obligaciones-contratista-subcontratista-prl-cae\/#Validacion_documental_automatica_fin_al_archivo_de_PDFs_sin_revisar\" >Validaci\u00f3n documental autom\u00e1tica: fin al archivo de PDFs sin revisar<\/a><\/li><li class='ez-toc-page-1 ez-toc-heading-level-3'><a class=\"ez-toc-link ez-toc-heading-26\" href=\"https:\/\/externalia.lebranders.es\/en\/obligaciones-contratista-subcontratista-prl-cae\/#Alertas_automaticas_de_caducidad_nunca_mas_un_documento_vencido_sin_saberlo\" >Alertas autom\u00e1ticas de caducidad: nunca m\u00e1s un documento vencido sin saberlo<\/a><\/li><li class='ez-toc-page-1 ez-toc-heading-level-3'><a class=\"ez-toc-link ez-toc-heading-27\" href=\"https:\/\/externalia.lebranders.es\/en\/obligaciones-contratista-subcontratista-prl-cae\/#Control_de_accesos_vinculado_al_cumplimiento_normativo-2\" >Control de accesos vinculado al cumplimiento normativo<\/a><\/li><li class='ez-toc-page-1 ez-toc-heading-level-3'><a class=\"ez-toc-link ez-toc-heading-28\" href=\"https:\/\/externalia.lebranders.es\/en\/obligaciones-contratista-subcontratista-prl-cae\/#Verificacion_ITA_diaria_mas_alla_del_certificado_mensual\" >Verificaci\u00f3n ITA diaria: m\u00e1s all\u00e1 del certificado mensual<\/a><\/li><li class='ez-toc-page-1 ez-toc-heading-level-3'><a class=\"ez-toc-link ez-toc-heading-29\" href=\"https:\/\/externalia.lebranders.es\/en\/obligaciones-contratista-subcontratista-prl-cae\/#Trazabilidad_completa_para_inspecciones_y_auditorias\" >Trazabilidad completa para inspecciones y auditor\u00edas<\/a><\/li><\/ul><\/li><li class='ez-toc-page-1 ez-toc-heading-level-2'><a class=\"ez-toc-link ez-toc-heading-30\" href=\"https:\/\/externalia.lebranders.es\/en\/obligaciones-contratista-subcontratista-prl-cae\/#Guia_paso_a_paso_como_implementar_una_gestion_eficaz_de_la_PRL_y_la_CAE_con_contratistas_y_subcontratistas\" >Gu\u00eda paso a paso: c\u00f3mo implementar una gesti\u00f3n eficaz de la PRL y la CAE con contratistas y subcontratistas<\/a><ul class='ez-toc-list-level-3' ><li class='ez-toc-heading-level-3'><a class=\"ez-toc-link ez-toc-heading-31\" href=\"https:\/\/externalia.lebranders.es\/en\/obligaciones-contratista-subcontratista-prl-cae\/#Paso_1_%E2%80%94_Mapear_centros_actividades_y_concurrencias\" >Paso 1 \u2014 Mapear centros, actividades y concurrencias<\/a><\/li><li class='ez-toc-page-1 ez-toc-heading-level-3'><a class=\"ez-toc-link ez-toc-heading-32\" href=\"https:\/\/externalia.lebranders.es\/en\/obligaciones-contratista-subcontratista-prl-cae\/#Paso_2_%E2%80%94_Definir_roles_y_responsabilidades\" >Paso 2 \u2014 Definir roles y responsabilidades<\/a><\/li><li class='ez-toc-page-1 ez-toc-heading-level-3'><a class=\"ez-toc-link ez-toc-heading-33\" href=\"https:\/\/externalia.lebranders.es\/en\/obligaciones-contratista-subcontratista-prl-cae\/#Paso_3_%E2%80%94_Establecer_requisitos_documentales_por_tipologia_de_trabajo\" >Paso 3 \u2014 Establecer requisitos documentales por tipolog\u00eda de trabajo<\/a><\/li><li class='ez-toc-page-1 ez-toc-heading-level-3'><a class=\"ez-toc-link ez-toc-heading-34\" href=\"https:\/\/externalia.lebranders.es\/en\/obligaciones-contratista-subcontratista-prl-cae\/#Paso_4_%E2%80%94_Implementar_un_proceso_de_validacion_documental_sistematico\" >Paso 4 \u2014 Implementar un proceso de validaci\u00f3n documental sistem\u00e1tico<\/a><\/li><li class='ez-toc-page-1 ez-toc-heading-level-3'><a class=\"ez-toc-link ez-toc-heading-35\" href=\"https:\/\/externalia.lebranders.es\/en\/obligaciones-contratista-subcontratista-prl-cae\/#Paso_5_%E2%80%94_Integrar_evaluacion_de_riesgos_con_la_CAE_operativa\" >Paso 5 \u2014 Integrar evaluaci\u00f3n de riesgos con la CAE operativa<\/a><\/li><li class='ez-toc-page-1 ez-toc-heading-level-3'><a class=\"ez-toc-link ez-toc-heading-36\" href=\"https:\/\/externalia.lebranders.es\/en\/obligaciones-contratista-subcontratista-prl-cae\/#Paso_6_%E2%80%94_Vincular_documentacion_con_control_de_accesos\" >Paso 6 \u2014 Vincular documentaci\u00f3n con control de accesos<\/a><\/li><li class='ez-toc-page-1 ez-toc-heading-level-3'><a class=\"ez-toc-link ez-toc-heading-37\" href=\"https:\/\/externalia.lebranders.es\/en\/obligaciones-contratista-subcontratista-prl-cae\/#Paso_7_%E2%80%94_Establecer_un_ciclo_de_revision_periodica\" >Paso 7 \u2014 Establecer un ciclo de revisi\u00f3n peri\u00f3dica<\/a><\/li><li class='ez-toc-page-1 ez-toc-heading-level-3'><a class=\"ez-toc-link ez-toc-heading-38\" href=\"https:\/\/externalia.lebranders.es\/en\/obligaciones-contratista-subcontratista-prl-cae\/#Paso_8_%E2%80%94_Documentar_trazar_y_poder_demostrar\" >Paso 8 \u2014 Documentar, trazar y poder demostrar<\/a><\/li><\/ul><\/li><li class='ez-toc-page-1 ez-toc-heading-level-2'><a class=\"ez-toc-link ez-toc-heading-39\" href=\"https:\/\/externalia.lebranders.es\/en\/obligaciones-contratista-subcontratista-prl-cae\/#Errores_frecuentes_en_la_gestion_de_la_PRL_y_la_CAE_%E2%80%94_y_como_evitarlos\" >Errores frecuentes en la gesti\u00f3n de la PRL y la CAE \u2014 y c\u00f3mo evitarlos<\/a><ul class='ez-toc-list-level-3' ><li class='ez-toc-heading-level-3'><a class=\"ez-toc-link ez-toc-heading-40\" href=\"https:\/\/externalia.lebranders.es\/en\/obligaciones-contratista-subcontratista-prl-cae\/#Solicita_una_demo_gratuita\" >Solicita una demo gratuita<\/a><\/li><\/ul><\/li><li class='ez-toc-page-1 ez-toc-heading-level-2'><a class=\"ez-toc-link ez-toc-heading-41\" href=\"https:\/\/externalia.lebranders.es\/en\/obligaciones-contratista-subcontratista-prl-cae\/#Preguntas_frecuentes_sobre_PRL_CAE_y_gestion_de_contratistas\" >Preguntas frecuentes sobre PRL, CAE y gesti\u00f3n de contratistas<\/a><ul class='ez-toc-list-level-3' ><li class='ez-toc-heading-level-3'><a class=\"ez-toc-link ez-toc-heading-42\" href=\"https:\/\/externalia.lebranders.es\/en\/obligaciones-contratista-subcontratista-prl-cae\/#%C2%BFCuales_son_las_obligaciones_del_contratista_en_materia_de_prevencion_de_riesgos_laborales_PRL\" >\u00bfCu\u00e1les son las obligaciones del contratista en materia de prevenci\u00f3n de riesgos laborales (PRL)?<\/a><\/li><li class='ez-toc-page-1 ez-toc-heading-level-3'><a class=\"ez-toc-link ez-toc-heading-43\" href=\"https:\/\/externalia.lebranders.es\/en\/obligaciones-contratista-subcontratista-prl-cae\/#%C2%BFQue_es_la_Coordinacion_de_Actividades_Empresariales_CAE_y_que_empresas_estan_obligadas_a_aplicarla\" >\u00bfQu\u00e9 es la Coordinaci\u00f3n de Actividades Empresariales (CAE) y qu\u00e9 empresas est\u00e1n obligadas a aplicarla?<\/a><\/li><li class='ez-toc-page-1 ez-toc-heading-level-3'><a class=\"ez-toc-link ez-toc-heading-44\" href=\"https:\/\/externalia.lebranders.es\/en\/obligaciones-contratista-subcontratista-prl-cae\/#%C2%BFQue_documentacion_PRL_debe_aportar_un_subcontratista_antes_de_acceder_a_una_obra_o_instalacion_industrial\" >\u00bfQu\u00e9 documentaci\u00f3n PRL debe aportar un subcontratista antes de acceder a una obra o instalaci\u00f3n industrial?<\/a><\/li><li class='ez-toc-page-1 ez-toc-heading-level-3'><a class=\"ez-toc-link ez-toc-heading-45\" href=\"https:\/\/externalia.lebranders.es\/en\/obligaciones-contratista-subcontratista-prl-cae\/#%C2%BFQue_riesgos_legales_asume_una_empresa_si_un_contratista_sufre_un_accidente_y_no_tenia_la_documentacion_PRL_en_regla\" >\u00bfQu\u00e9 riesgos legales asume una empresa si un contratista sufre un accidente y no ten\u00eda la documentaci\u00f3n PRL en regla?<\/a><\/li><li class='ez-toc-page-1 ez-toc-heading-level-3'><a class=\"ez-toc-link ez-toc-heading-46\" href=\"https:\/\/externalia.lebranders.es\/en\/obligaciones-contratista-subcontratista-prl-cae\/#%C2%BFComo_puede_eGestiona_ayudar_a_gestionar_la_PRL_y_la_CAE_con_multiples_contratistas_y_subcontratistas\" >\u00bfC\u00f3mo puede eGestiona ayudar a gestionar la PRL y la CAE con m\u00faltiples contratistas y subcontratistas?<\/a><\/li><\/ul><\/li><\/ul><\/nav><\/div>\n<h2 class=\"wp-block-heading\"><span class=\"ez-toc-section\" id=\"El_marco_normativo_que_regula_la_PRL_la_CAE_y_las_obligaciones_de_contratistas_y_subcontratistas\"><\/span><strong>El marco normativo que regula la PRL, la CAE y las obligaciones de contratistas y subcontratistas<\/strong><span class=\"ez-toc-section-end\"><\/span><\/h2>\n\n\n\n<p class=\"wp-block-paragraph\"><\/p>\n\n\n\n<p class=\"wp-block-paragraph\">La base normativa es clara y exigente. Las principales normas que toda empresa debe conocer son:<\/p>\n\n\n\n<ul class=\"wp-block-list\">\n<li><a href=\"https:\/\/www.boe.es\/buscar\/act.php?id=BOE-A-1995-24292\" target=\"_blank\" rel=\"noreferrer noopener nofollow\">Ley 31\/1995 de Prevenci\u00f3n de Riesgos Laborales (LPRL)<\/a>: establece la obligaci\u00f3n del empresario de garantizar la seguridad y salud de sus trabajadores, incluyendo a los de las empresas contratadas que operan en sus centros.<\/li>\n\n\n\n<li><a href=\"https:\/\/www.boe.es\/buscar\/act.php?id=BOE-A-1997-1853\" target=\"_blank\" rel=\"noreferrer noopener nofollow\">Real Decreto 39\/1997<\/a> \u2014 Reglamento de los Servicios de Prevenci\u00f3n: desarrolla c\u00f3mo debe realizarse la evaluaci\u00f3n de riesgos y la planificaci\u00f3n de la actividad preventiva.<\/li>\n\n\n\n<li><a href=\"https:\/\/www.boe.es\/buscar\/act.php?id=BOE-A-2004-1848\" target=\"_blank\" rel=\"noreferrer noopener nofollow\">Real Decreto 171\/2004<\/a> \u2014 Coordinaci\u00f3n de Actividades Empresariales: concreta las obligaciones cuando dos o m\u00e1s empresas coinciden en un mismo centro de trabajo. Es la norma central de la CAE.<\/li>\n\n\n\n<li><a href=\"https:\/\/www.boe.es\/buscar\/act.php?id=BOE-A-2006-18205\" target=\"_blank\" rel=\"noreferrer noopener nofollow\">Ley 32\/2006<\/a> \u2014 Subcontrataci\u00f3n en el sector de la construcci\u00f3n: regula los l\u00edmites y requisitos de la cadena de subcontrataci\u00f3n en obras, incluyendo el Libro de Subcontrataci\u00f3n y el Registro de Empresas Acreditadas (REA).<\/li>\n\n\n\n<li><a href=\"https:\/\/www.boe.es\/buscar\/act.php?id=BOE-A-1997-22614\" target=\"_blank\" rel=\"noreferrer noopener nofollow\">Real Decreto 1627\/1997<\/a> \u2014 Seguridad y salud en obras de construcci\u00f3n: establece las figuras del coordinador de seguridad y salud, el plan de seguridad y el estudio de seguridad.<\/li>\n<\/ul>\n\n\n\n<p class=\"wp-block-paragraph\"><\/p>\n\n\n\n<div class=\"wp-block-uagb-image aligncenter uagb-block-4601345d wp-block-uagb-image--layout-default wp-block-uagb-image--effect-static wp-block-uagb-image--align-center\"><figure class=\"wp-block-uagb-image__figure\"><img decoding=\"async\" src=\"https:\/\/externalia.lebranders.es\/wp-content\/uploads\/2026\/05\/Obigaciones-del-contratista.png\" alt=\"\" width=\"709\" height=\"127\" title=\"\" loading=\"lazy\" role=\"img\" \/><\/figure><\/div>\n\n\n\n<p class=\"wp-block-paragraph\"><\/p>\n\n\n\n<h2 class=\"wp-block-heading\"><span class=\"ez-toc-section\" id=\"Obligaciones_comunes_en_PRL_y_CAE_que_deben_cumplir_contratistas_y_subcontratistas\"><\/span><strong>Obligaciones comunes en PRL y CAE: qu\u00e9 deben cumplir contratistas y subcontratistas<\/strong><span class=\"ez-toc-section-end\"><\/span><\/h2>\n\n\n\n<p class=\"wp-block-paragraph\"><\/p>\n\n\n\n<p class=\"wp-block-paragraph\">Independientemente de su posici\u00f3n en la cadena de subcontrataci\u00f3n, tanto la <strong>empresa contratista principal<\/strong> como cada <strong>subcontratista<\/strong> tienen una serie de obligaciones comunes en materia de prevenci\u00f3n de riesgos laborales y <a href=\"https:\/\/externalia.lebranders.es\/tendencias-seguridad-salud-trabajo\/\" target=\"_blank\" rel=\"noreferrer noopener\">seguridad y salud en el trabajo<\/a>:<\/p>\n\n\n\n<h3 class=\"wp-block-heading\"><span class=\"ez-toc-section\" id=\"Evaluacion_de_riesgos_laborales_obligatoria_especifica_y_actualizada\"><\/span><strong>Evaluaci\u00f3n de riesgos laborales: obligatoria, espec\u00edfica y actualizada<\/strong><span class=\"ez-toc-section-end\"><\/span><\/h3>\n\n\n\n<p class=\"wp-block-paragraph\">No basta con tener un documento gen\u00e9rico. La evaluaci\u00f3n debe ser espec\u00edfica para la actividad que va a desarrollarse, el entorno en el que se va a trabajar y los riesgos concretos a los que se exponen los trabajadores. En entornos de riesgo \u2014altura, espacios confinados, ATEX, el\u00e9ctrico, maquinaria pesada\u2014 la especificidad es a\u00fan m\u00e1s cr\u00edtica.<\/p>\n\n\n\n<p class=\"wp-block-paragraph\">La evaluaci\u00f3n debe revisarse obligatoriamente cuando: se inicia una nueva actividad o proyecto, se producen cambios en condiciones de trabajo, procesos o tecnolog\u00eda, ocurre un accidente o incidente significativo, se detectan da\u00f1os a la salud, o hay nuevas exigencias normativas o sectoriales.<\/p>\n\n\n\n<p class=\"wp-block-paragraph\"><\/p>\n\n\n\n<h3 class=\"wp-block-heading\"><span class=\"ez-toc-section\" id=\"Plan_de_prevencion_de_riesgos_laborales\"><\/span><strong>Plan de prevenci\u00f3n de riesgos laborales<\/strong><span class=\"ez-toc-section-end\"><\/span><\/h3>\n\n\n\n<p class=\"wp-block-paragraph\">Toda empresa, independientemente de su tama\u00f1o, debe disponer de un plan de prevenci\u00f3n que integre la PRL en su sistema de gesti\u00f3n. Este plan define la estructura organizativa, las responsabilidades, las funciones, las pr\u00e1cticas y los procedimientos preventivos.<\/p>\n\n\n\n<p class=\"wp-block-paragraph\"><\/p>\n\n\n\n<h3 class=\"wp-block-heading\"><span class=\"ez-toc-section\" id=\"Formacion_e_informacion_de_los_trabajadores\"><\/span><strong>Formaci\u00f3n e informaci\u00f3n de los trabajadores<\/strong><span class=\"ez-toc-section-end\"><\/span><\/h3>\n\n\n\n<p class=\"wp-block-paragraph\">Cada empresa es responsable de que sus trabajadores est\u00e9n formados e informados sobre los riesgos espec\u00edficos de su puesto y sobre el uso correcto de los equipos de protecci\u00f3n individual (EPI). Esta formaci\u00f3n debe quedar documentada y actualizada.<\/p>\n\n\n\n<p class=\"wp-block-paragraph\"><\/p>\n\n\n\n<h3 class=\"wp-block-heading\"><span class=\"ez-toc-section\" id=\"Vigilancia_de_la_salud\"><\/span><strong>Vigilancia de la salud<\/strong><span class=\"ez-toc-section-end\"><\/span><\/h3>\n\n\n\n<p class=\"wp-block-paragraph\">Las empresas deben garantizar que sus trabajadores se someten a los reconocimientos m\u00e9dicos peri\u00f3dicos correspondientes a los riesgos de su actividad. En sectores como construcci\u00f3n, miner\u00eda e industria, este requisito es especialmente estricto.<\/p>\n\n\n\n<p class=\"wp-block-paragraph\"><\/p>\n\n\n\n<h3 class=\"wp-block-heading\"><span class=\"ez-toc-section\" id=\"Equipos_de_Proteccion_Individual_EPI\"><\/span><strong>Equipos de Protecci\u00f3n Individual (EPI)<\/strong><span class=\"ez-toc-section-end\"><\/span><\/h3>\n\n\n\n<p class=\"wp-block-paragraph\">Cada empresa es responsable de proporcionar a sus trabajadores los EPI adecuados a los riesgos identificados en la evaluaci\u00f3n, y de garantizar su uso correcto. El contratista principal debe verificar que los trabajadores de sus subcontratas tambi\u00e9n los utilizan.<\/p>\n\n\n\n<p class=\"wp-block-paragraph\"><\/p>\n\n\n\n<h2 class=\"wp-block-heading\"><span class=\"ez-toc-section\" id=\"Obligaciones_especificas_del_contratista_principal_en_PRL_CAE_y_gestion_de_contratistas\"><\/span><strong>Obligaciones espec\u00edficas del contratista principal en PRL, CAE y gesti\u00f3n de contratistas<\/strong><span class=\"ez-toc-section-end\"><\/span><\/h2>\n\n\n\n<p class=\"wp-block-paragraph\"><\/p>\n\n\n\n<p class=\"wp-block-paragraph\">El contratista principal, como empresa que asume la ejecuci\u00f3n global o parte sustancial del proyecto, tiene responsabilidades adicionales que van m\u00e1s all\u00e1 de la gesti\u00f3n de sus propios trabajadores:<\/p>\n\n\n\n<h3 class=\"wp-block-heading\"><span class=\"ez-toc-section\" id=\"Coordinacion_de_Actividades_Empresariales_CAE_rol_central\"><\/span><strong>Coordinaci\u00f3n de Actividades Empresariales (CAE): rol central<\/strong><span class=\"ez-toc-section-end\"><\/span><\/h3>\n\n\n\n<p class=\"wp-block-paragraph\">El contratista principal es el <strong>responsable de articular la CAE<\/strong> entre todas las empresas que concurren en su centro de trabajo. Esto implica: solicitar y revisar las evaluaciones de riesgos de cada subcontratista; identificar riesgos de interferencia entre actividades; establecer medidas preventivas comunes; y documentar todo el proceso de forma trazable.<\/p>\n\n\n\n<p class=\"wp-block-paragraph\"><\/p>\n\n\n\n<h3 class=\"wp-block-heading\"><span class=\"ez-toc-section\" id=\"Validacion_documental_de_subcontratistas_mas_que_recibir_un_PDF\"><\/span><strong>Validaci\u00f3n documental de subcontratistas: m\u00e1s que recibir un PDF<\/strong><span class=\"ez-toc-section-end\"><\/span><\/h3>\n\n\n\n<p class=\"wp-block-paragraph\">Una de las obligaciones m\u00e1s frecuentemente incumplidas es la verificaci\u00f3n real de la documentaci\u00f3n de los contratistas. No basta con recibir y archivar documentos: hay que comprobar que est\u00e1n vigentes, que son espec\u00edficos para la tarea y el entorno, y que son correctos y completos.<\/p>\n\n\n\n<p class=\"wp-block-paragraph\">La documentaci\u00f3n m\u00ednima a verificar incluye: evaluaci\u00f3n de riesgos para la actividad a realizar, plan de prevenci\u00f3n, acreditaciones y habilitaciones profesionales, seguros de responsabilidad civil vigentes, certificados de formaci\u00f3n PRL de los trabajadores, reconocimientos m\u00e9dicos vigentes, y alta en la Seguridad Social (certificado ITA, preferiblemente con verificaci\u00f3n diaria).<\/p>\n\n\n\n<p class=\"wp-block-paragraph\"><\/p>\n\n\n\n<h3 class=\"wp-block-heading\"><span class=\"ez-toc-section\" id=\"Control_de_accesos_vinculado_al_cumplimiento_normativo\"><\/span><strong>Control de accesos vinculado al cumplimiento normativo<\/strong><span class=\"ez-toc-section-end\"><\/span><\/h3>\n\n\n\n<p class=\"wp-block-paragraph\">En entornos de riesgo como construcci\u00f3n, industria y miner\u00eda, el <strong><a href=\"https:\/\/externalia.lebranders.es\/control-accesos-marcajes-prl-egestiona\/\" target=\"_blank\" rel=\"noreferrer noopener\">control de accesos<\/a><\/strong> debe estar directamente vinculado al estado documental de cada trabajador. Si la documentaci\u00f3n est\u00e1 caducada o incompleta, el trabajador no deber\u00eda poder acceder al centro de trabajo. Este control, cuando se gestiona manualmente, es pr\u00e1cticamente inviable a escala.<\/p>\n\n\n\n<p class=\"wp-block-paragraph\"><\/p>\n\n\n\n<h3 class=\"wp-block-heading\"><span class=\"ez-toc-section\" id=\"Supervision_de_la_cadena_de_subcontratacion\"><\/span><strong>Supervisi\u00f3n de la cadena de subcontrataci\u00f3n<\/strong><span class=\"ez-toc-section-end\"><\/span><\/h3>\n\n\n\n<p class=\"wp-block-paragraph\">El contratista principal es responsable de conocer y controlar todos los niveles de su cadena de subcontrataci\u00f3n. En sectores como la construcci\u00f3n, la Ley 32\/2006 limita el n\u00famero de niveles permitidos y exige el mantenimiento del Libro de Subcontrataci\u00f3n.<\/p>\n\n\n\n<h2 class=\"wp-block-heading\"><span class=\"ez-toc-section\" id=\"Obligaciones_del_subcontratista_responsabilidad_propia_e_ineludible\"><\/span><strong>Obligaciones del subcontratista: responsabilidad propia e ineludible<\/strong><span class=\"ez-toc-section-end\"><\/span><\/h2>\n\n\n\n<p class=\"wp-block-paragraph\"><\/p>\n\n\n\n<p class=\"wp-block-paragraph\">Aunque el subcontratista est\u00e9 en una posici\u00f3n subordinada dentro de la cadena, su responsabilidad en materia de PRL y seguridad y salud es plena e independiente. No puede ampararse en las instrucciones del contratista para eludir sus obligaciones propias.<\/p>\n\n\n\n<ul class=\"wp-block-list\">\n<li>Aportar documentaci\u00f3n actualizada y espec\u00edfica: la evaluaci\u00f3n de riesgos, el plan de prevenci\u00f3n, los certificados de formaci\u00f3n y los reconocimientos m\u00e9dicos deben estar siempre en vigor y adaptados a la actividad concreta que se va a realizar.<\/li>\n\n\n\n<li>Cumplir las medidas preventivas del contratista: el subcontratista debe respetar y aplicar los procedimientos de seguridad establecidos por la empresa principal para ese centro de trabajo.<\/li>\n\n\n\n<li>Informar de sus propios riesgos: debe comunicar al resto de empresas concurrentes los riesgos que su actividad puede generar para terceros.<\/li>\n\n\n\n<li>Gestionar sus propios trabajadores: la formaci\u00f3n, la vigilancia de la salud y el uso de EPI de sus trabajadores son su responsabilidad directa.<\/li>\n\n\n\n<li>Participar activamente en la CAE: la coordinaci\u00f3n no es solo cosa del contratista principal; el subcontratista debe colaborar activamente aportando la informaci\u00f3n necesaria y adoptando las medidas acordadas.<\/li>\n<\/ul>\n\n\n\n<h2 class=\"wp-block-heading\"><span class=\"ez-toc-section\" id=\"Tabla_comparativa_de_obligaciones_contratista_principal_vs_subcontratista\"><\/span><strong>Tabla comparativa de obligaciones: contratista principal vs. subcontratista<\/strong><span class=\"ez-toc-section-end\"><\/span><\/h2>\n\n\n\n<p class=\"wp-block-paragraph\"><\/p>\n\n\n\n<figure class=\"wp-block-table is-style-stripes\"><table class=\"has-fixed-layout\"><tbody><tr><td class=\"has-text-align-center\" data-align=\"center\"><strong>Obligaci\u00f3n<\/strong><\/td><td class=\"has-text-align-center\" data-align=\"center\"><strong>Contratista principal<\/strong><\/td><td class=\"has-text-align-center\" data-align=\"center\"><strong>Subcontratista<\/strong><\/td><td class=\"has-text-align-center\" data-align=\"center\"><strong>Clave pr\u00e1ctica<\/strong><\/td><\/tr><tr><td class=\"has-text-align-center\" data-align=\"center\">Evaluaci\u00f3n de riesgos laborales<\/td><td class=\"has-text-align-center\" data-align=\"center\">Obligatoria<\/td><td class=\"has-text-align-center\" data-align=\"center\">Obligatoria<\/td><td class=\"has-text-align-center\" data-align=\"center\"><strong>Espec\u00edfica para la tarea<\/strong><\/td><\/tr><tr><td class=\"has-text-align-center\" data-align=\"center\">Plan de prevenci\u00f3n PRL<\/td><td class=\"has-text-align-center\" data-align=\"center\">Obligatorio<\/td><td class=\"has-text-align-center\" data-align=\"center\">Obligatorio<\/td><td class=\"has-text-align-center\" data-align=\"center\"><strong>Adaptado al centro<\/strong><\/td><\/tr><tr><td class=\"has-text-align-center\" data-align=\"center\">Formaci\u00f3n e informaci\u00f3n PRL<\/td><td class=\"has-text-align-center\" data-align=\"center\">Propios + supervisar contratas<\/td><td class=\"has-text-align-center\" data-align=\"center\">Propios trabajadores<\/td><td class=\"has-text-align-center\" data-align=\"center\"><strong>Por puesto y actividad<\/strong><\/td><\/tr><tr><td class=\"has-text-align-center\" data-align=\"center\">Vigilancia de la salud<\/td><td class=\"has-text-align-center\" data-align=\"center\">Propios + verificar contratas<\/td><td class=\"has-text-align-center\" data-align=\"center\">Propios trabajadores<\/td><td class=\"has-text-align-center\" data-align=\"center\"><strong>Reconocimientos vigentes<\/strong><\/td><\/tr><tr><td class=\"has-text-align-center\" data-align=\"center\">Coordinaci\u00f3n CAE (RD 171\/2004)<\/td><td class=\"has-text-align-center\" data-align=\"center\">Lidera y garantiza<\/td><td class=\"has-text-align-center\" data-align=\"center\">Participa y aporta docs<\/td><td class=\"has-text-align-center\" data-align=\"center\"><strong>Intercambio de riesgos<\/strong><\/td><\/tr><tr><td class=\"has-text-align-center\" data-align=\"center\">Control de accesos y marcajes<\/td><td class=\"has-text-align-center\" data-align=\"center\">Obligatorio en obra\/planta<\/td><td class=\"has-text-align-center\" data-align=\"center\">Obligatorio en obra\/planta<\/td><td class=\"has-text-align-center\" data-align=\"center\"><strong>Vinculado a documentaci\u00f3n<\/strong><\/td><\/tr><tr><td class=\"has-text-align-center\" data-align=\"center\">Gesti\u00f3n documental trazable<\/td><td class=\"has-text-align-center\" data-align=\"center\">Obligatoria ante inspecci\u00f3n<\/td><td class=\"has-text-align-center\" data-align=\"center\">Obligatoria ante inspecci\u00f3n<\/td><td class=\"has-text-align-center\" data-align=\"center\"><strong>Historial auditable<\/strong><\/td><\/tr><tr><td class=\"has-text-align-center\" data-align=\"center\">Recurso Preventivo<\/td><td class=\"has-text-align-center\" data-align=\"center\">Designar cuando procede<\/td><td class=\"has-text-align-center\" data-align=\"center\">Designar cuando procede<\/td><td class=\"has-text-align-center\" data-align=\"center\"><strong>Presencia en tareas de riesgo<\/strong><\/td><\/tr><\/tbody><\/table><\/figure>\n\n\n\n<p class=\"wp-block-paragraph\"><\/p>\n\n\n\n<h2 class=\"wp-block-heading\"><span class=\"ez-toc-section\" id=\"%C2%BFQuien_responde_en_caso_de_accidente_Responsabilidad_solidaria_y_consecuencias_legales\"><\/span><strong>\u00bfQui\u00e9n responde en caso de accidente? Responsabilidad solidaria y consecuencias legales<\/strong><span class=\"ez-toc-section-end\"><\/span><\/h2>\n\n\n\n<p class=\"wp-block-paragraph\"><\/p>\n\n\n\n<p class=\"wp-block-paragraph\">Esta es la pregunta que m\u00e1s preocupa a los responsables de PRL, directores de operaciones y departamentos jur\u00eddicos. Y la respuesta es compleja, porque la responsabilidad puede ser simult\u00e1nea para varias empresas.<\/p>\n\n\n\n<h3 class=\"wp-block-heading\"><span class=\"ez-toc-section\" id=\"Responsabilidad_solidaria_del_contratista_principal\"><\/span><strong>Responsabilidad solidaria del contratista principal<\/strong><span class=\"ez-toc-section-end\"><\/span><\/h3>\n\n\n\n<p class=\"wp-block-paragraph\">La legislaci\u00f3n espa\u00f1ola establece la <strong>responsabilidad solidaria<\/strong> del empresario principal respecto a las obligaciones laborales, de Seguridad Social y de PRL de sus contratistas durante el per\u00edodo en que ejecuten la actividad contratada. Esto significa que si un subcontratista no cumple, la empresa principal puede responder ante la Administraci\u00f3n, ante los trabajadores afectados y ante los tribunales.<\/p>\n\n\n\n<p class=\"wp-block-paragraph\"><\/p>\n\n\n\n<h3 class=\"wp-block-heading\"><span class=\"ez-toc-section\" id=\"Responsabilidad_directa_del_subcontratista\"><\/span><strong>Responsabilidad directa del subcontratista<\/strong><span class=\"ez-toc-section-end\"><\/span><\/h3>\n\n\n\n<p class=\"wp-block-paragraph\">El subcontratista es directamente responsable de la seguridad de sus trabajadores. Si un accidente se produce por una deficiencia en la formaci\u00f3n, en los EPI, en la aplicaci\u00f3n de medidas preventivas o en el cumplimiento de la coordinaci\u00f3n, la empresa subcontratada puede ser sancionada administrativa y penalmente.<\/p>\n\n\n\n<p class=\"wp-block-paragraph\"><\/p>\n\n\n\n<h3 class=\"wp-block-heading\"><span class=\"ez-toc-section\" id=\"Las_consecuencias_de_no_cumplir\"><\/span><strong>Las consecuencias de no cumplir<\/strong><span class=\"ez-toc-section-end\"><\/span><\/h3>\n\n\n\n<p class=\"wp-block-paragraph\"><\/p>\n\n\n\n<h4 class=\"wp-block-heading\"><strong>Consecuencias por incumplimiento en PRL y CAE:<\/strong><\/h4>\n\n\n\n<p class=\"wp-block-paragraph\"><\/p>\n\n\n\n<ul class=\"wp-block-list\">\n<li>Sanciones econ\u00f3micas de hasta 983.736 \u20ac seg\u00fan la LISOS (Ley de Infracciones y Sanciones del Orden Social).<\/li>\n\n\n\n<li>Paralizaci\u00f3n de la actividad por la Inspecci\u00f3n de Trabajo.<\/li>\n\n\n\n<li>Responsabilidad penal en caso de accidente grave o muerte (art. 316-317 C\u00f3digo Penal).<\/li>\n\n\n\n<li>P\u00e9rdida de contratos, licitaciones y certificaciones.<\/li>\n\n\n\n<li>Invalidaci\u00f3n de coberturas del seguro de accidentes en caso de siniestro.<\/li>\n\n\n\n<li>Deterioro grave de la reputaci\u00f3n corporativa.<\/li>\n<\/ul>\n\n\n\n<p class=\"wp-block-paragraph\"><\/p>\n\n\n\n<h2 class=\"wp-block-heading\"><span class=\"ez-toc-section\" id=\"PRL_y_CAE_en_entornos_de_riesgo_construccion_industria_y_mineria\"><\/span><strong>PRL y CAE en entornos de riesgo: construcci\u00f3n, industria y miner\u00eda<\/strong><span class=\"ez-toc-section-end\"><\/span><\/h2>\n\n\n\n<p class=\"wp-block-paragraph\"><\/p>\n\n\n\n<h3 class=\"wp-block-heading\"><span class=\"ez-toc-section\" id=\"Gestion_de_contratistas_en_construccion\"><\/span><strong>Gesti\u00f3n de contratistas en construcci\u00f3n<\/strong><span class=\"ez-toc-section-end\"><\/span><\/h3>\n\n\n\n<p class=\"wp-block-paragraph\"><a href=\"https:\/\/externalia.lebranders.es\/coste-oculto-mala-gestion-documental-obra\/\" target=\"_blank\" rel=\"noreferrer noopener\">La construcci\u00f3n<\/a> es el sector con la normativa CAE m\u00e1s desarrollada. La Ley 32\/2006 regula espec\u00edficamente la subcontrataci\u00f3n, limita los niveles permitidos y exige el Libro de Subcontrataci\u00f3n. Adicionalmente, el Real Decreto 1627\/1997 obliga al estudio de seguridad y salud y al plan de seguridad aprobado por el coordinador. En obras con m\u00faltiples contratas concurrentes, la gesti\u00f3n documental manual es inviable: los documentos de decenas de trabajadores deben estar verificados antes de que pisen la obra.<\/p>\n\n\n\n<p class=\"wp-block-paragraph\"><\/p>\n\n\n\n<h3 class=\"wp-block-heading\"><span class=\"ez-toc-section\" id=\"Gestion_de_contratistas_en_industria\"><\/span><strong>Gesti\u00f3n de contratistas en industria<\/strong><span class=\"ez-toc-section-end\"><\/span><\/h3>\n\n\n\n<p class=\"wp-block-paragraph\"><a href=\"https:\/\/externalia.lebranders.es\/nueva-normativa-contratas-industria\/\" target=\"_blank\" rel=\"noreferrer noopener\">En entornos industriales<\/a> \u2014f\u00e1bricas, plantas de producci\u00f3n, instalaciones energ\u00e9ticas\u2014 los riesgos espec\u00edficos (ATEX, espacios confinados, trabajos el\u00e9ctricos de alta tensi\u00f3n, trabajo en altura, consignaciones de equipos) exigen evaluaciones de riesgos muy espec\u00edficas y permisos de trabajo integrados con la documentaci\u00f3n CAE. El control de accesos por zonas, vinculado al perfil de riesgo de cada trabajador y al estado de su documentaci\u00f3n, es esencial para prevenir accidentes.<\/p>\n\n\n\n<p class=\"wp-block-paragraph\"><\/p>\n\n\n\n<h3 class=\"wp-block-heading\"><span class=\"ez-toc-section\" id=\"Gestion_de_contratistas_en_mineria\"><\/span><strong>Gesti\u00f3n de contratistas en miner\u00eda<\/strong><span class=\"ez-toc-section-end\"><\/span><\/h3>\n\n\n\n<p class=\"wp-block-paragraph\"><a href=\"https:\/\/externalia.lebranders.es\/trazabilidad-total-mineria-egestiona\/\" target=\"_blank\" rel=\"noreferrer noopener\">La miner\u00eda<\/a> es uno de los sectores con mayor siniestralidad y, en consecuencia, con mayor exigencia inspectora. Las obligaciones de PRL se superponen con normativa sectorial espec\u00edfica (Real Decreto 863\/1985 y otras disposiciones mineras). La trazabilidad documental y el control de accesos a zonas de explotaci\u00f3n son requisitos especialmente cr\u00edticos.<\/p>\n\n\n\n<p class=\"wp-block-paragraph\"><\/p>\n\n\n\n<h2 class=\"wp-block-heading\"><span class=\"ez-toc-section\" id=\"Gestion_eficaz_de_la_PRL_y_la_CAE_como_la_automatizacion_y_el_control_documental_transforman_el_cumplimiento_normativo\"><\/span><strong>Gesti\u00f3n eficaz de la PRL y la CAE: c\u00f3mo la automatizaci\u00f3n y el control documental transforman el cumplimiento normativo<\/strong><span class=\"ez-toc-section-end\"><\/span><\/h2>\n\n\n\n<p class=\"wp-block-paragraph\"><\/p>\n\n\n\n<p class=\"wp-block-paragraph\">Conocidas las obligaciones y los riesgos, la pregunta pr\u00e1ctica es: \u00bfc\u00f3mo gestiona todo esto una empresa con decenas o cientos de contratistas, sin dedicar el 100% del tiempo del equipo de PRL a tareas administrativas?<\/p>\n\n\n\n<p class=\"wp-block-paragraph\">La respuesta pasa por la <a href=\"https:\/\/externalia.lebranders.es\/digitalizacion-salud-laboral-gestion-preventiva-cae\/\" target=\"_blank\" rel=\"noreferrer noopener\">digitalizaci\u00f3n y la automatizaci\u00f3n de los procesos de gesti\u00f3n documental, validaci\u00f3n y control<\/a>. <strong>eGestiona <\/strong>es una plataforma dise\u00f1ada espec\u00edficamente para este prop\u00f3sito, utilizada por empresas de construcci\u00f3n, industria y miner\u00eda en toda Espa\u00f1a y en m\u00e1s de 20 pa\u00edses.<\/p>\n\n\n\n<h3 class=\"wp-block-heading\"><span class=\"ez-toc-section\" id=\"Gestion_documental_estructurada_por_centro_actividad_y_perfil_de_riesgo\"><\/span><strong>Gesti\u00f3n documental estructurada por centro, actividad y perfil de riesgo<\/strong><span class=\"ez-toc-section-end\"><\/span><\/h3>\n\n\n\n<p class=\"wp-block-paragraph\"><strong>eGestiona <\/strong>permite definir exactamente qu\u00e9 documentaci\u00f3n debe aportar cada empresa contratista en funci\u00f3n del tipo de trabajo que va a realizar, el centro en el que operar\u00e1 y los riesgos espec\u00edficos de esa actividad. Los requisitos son configurables, escalables y auditables.<\/p>\n\n\n\n<p class=\"wp-block-paragraph\"><\/p>\n\n\n\n<h3 class=\"wp-block-heading\"><span class=\"ez-toc-section\" id=\"Validacion_documental_automatica_fin_al_archivo_de_PDFs_sin_revisar\"><\/span><strong>Validaci\u00f3n documental autom\u00e1tica: fin al archivo de PDFs sin revisar<\/strong><span class=\"ez-toc-section-end\"><\/span><\/h3>\n\n\n\n<p class=\"wp-block-paragraph\">Cada documento aportado por un contratista pasa por un flujo de validaci\u00f3n asignado a los t\u00e9cnicos de PRL o coordinadores de CAE. El sistema registra qui\u00e9n valida, cu\u00e1ndo y el motivo de aprobaci\u00f3n o rechazo. El historial es completo y trazable.<\/p>\n\n\n\n<p class=\"wp-block-paragraph\"><\/p>\n\n\n\n<h3 class=\"wp-block-heading\"><span class=\"ez-toc-section\" id=\"Alertas_automaticas_de_caducidad_nunca_mas_un_documento_vencido_sin_saberlo\"><\/span><strong>Alertas autom\u00e1ticas de caducidad: nunca m\u00e1s un documento vencido sin saberlo<\/strong><span class=\"ez-toc-section-end\"><\/span><\/h3>\n\n\n\n<p class=\"wp-block-paragraph\"><strong>eGestiona <\/strong>monitoriza las fechas de caducidad de todos los documentos \u2014formaciones, reconocimientos m\u00e9dicos, seguros, certificados, ITAs\u2014 y env\u00eda alertas preventivas al equipo interno y al propio contratista con la antelaci\u00f3n suficiente para renovar antes del vencimiento.<\/p>\n\n\n\n<p class=\"wp-block-paragraph\"><\/p>\n\n\n\n<h3 class=\"wp-block-heading\"><span class=\"ez-toc-section\" id=\"Control_de_accesos_vinculado_al_cumplimiento_normativo-2\"><\/span><strong>Control de accesos vinculado al cumplimiento normativo<\/strong><span class=\"ez-toc-section-end\"><\/span><\/h3>\n\n\n\n<p class=\"wp-block-paragraph\">El m\u00f3dulo de <strong>control de accesos y marcajes de eGestiona<\/strong> permite bloquear autom\u00e1ticamente el acceso a los centros de trabajo cuando la documentaci\u00f3n de un trabajador est\u00e1 incompleta o caducada. No se trata de una restricci\u00f3n manual: el sistema act\u00faa en tiempo real, garantizando que solo acceden quienes cumplen con todos los requisitos.<\/p>\n\n\n\n<p class=\"wp-block-paragraph\"><\/p>\n\n\n\n<h3 class=\"wp-block-heading\"><span class=\"ez-toc-section\" id=\"Verificacion_ITA_diaria_mas_alla_del_certificado_mensual\"><\/span><strong>Verificaci\u00f3n ITA diaria: m\u00e1s all\u00e1 del certificado mensual<\/strong><span class=\"ez-toc-section-end\"><\/span><\/h3>\n\n\n\n<p class=\"wp-block-paragraph\"><strong>eGestiona <\/strong>integra la<a href=\"https:\/\/externalia.lebranders.es\/verificacion-ita-diaria-cae-contratistas\/\" target=\"_blank\" rel=\"noreferrer noopener\"> verificaci\u00f3n diaria del alta de los trabajadores en la Seguridad Social (ITA)<\/a>, que va mucho m\u00e1s all\u00e1 del certificado mensual de corriente de pagos. Un trabajador puede estar de alta un d\u00eda y causar baja al siguiente; solo la verificaci\u00f3n diaria garantiza un control real.<\/p>\n\n\n\n<p class=\"wp-block-paragraph\"><\/p>\n\n\n\n<h3 class=\"wp-block-heading\"><span class=\"ez-toc-section\" id=\"Trazabilidad_completa_para_inspecciones_y_auditorias\"><\/span><strong>Trazabilidad completa para inspecciones y auditor\u00edas<\/strong><span class=\"ez-toc-section-end\"><\/span><\/h3>\n\n\n\n<p class=\"wp-block-paragraph\">Ante cualquier requerimiento de la Inspecci\u00f3n de Trabajo, una <a href=\"https:\/\/externalia.lebranders.es\/iso-45001-cae-coordinacion-contratas-sst\/\" target=\"_blank\" rel=\"noreferrer noopener\">auditor\u00eda ISO 45001<\/a> o un cliente que exige acreditar la diligencia debida, <strong>eGestiona <\/strong>permite generar informes de cumplimiento completos, con el historial de cada empresa y trabajador, en minutos.<\/p>\n\n\n\n<h4 class=\"wp-block-heading\"><strong>eGestiona en cifras:<\/strong><\/h4>\n\n\n\n<blockquote class=\"wp-block-quote is-layout-flow wp-block-quote-is-layout-flow\">\n<p class=\"wp-block-paragraph\">\u2022 M\u00e1s de 200.000 empresas gestionadas en la plataforma.<\/p>\n\n\n\n<p class=\"wp-block-paragraph\">\u2022 Presencia en m\u00e1s de 20 pa\u00edses.<\/p>\n\n\n\n<p class=\"wp-block-paragraph\">\u2022 Integrable con los principales ERP del mercado (SAP, Oracle, Microsoft Dynamics, Sage\u2026).<\/p>\n\n\n\n<p class=\"wp-block-paragraph\">\u2022 M\u00f3dulos: CAE, <a href=\"https:\/\/externalia.lebranders.es\/homologacion-de-proveedores\/\" target=\"_blank\" rel=\"noreferrer noopener\">Homologaci\u00f3n<\/a>, PRL, Control de accesos, <a href=\"https:\/\/externalia.lebranders.es\/permisos-de-trabajo\/\" target=\"_blank\" rel=\"noreferrer noopener\">Permisos de trabajo<\/a>, <a href=\"https:\/\/externalia.lebranders.es\/modulo-calidad\/\" target=\"_blank\" rel=\"noreferrer noopener\">Calidad<\/a>, Medioambiente.<\/p>\n<\/blockquote>\n\n\n\n<p class=\"wp-block-paragraph\"><\/p>\n\n\n\n<h2 class=\"wp-block-heading\"><span class=\"ez-toc-section\" id=\"Guia_paso_a_paso_como_implementar_una_gestion_eficaz_de_la_PRL_y_la_CAE_con_contratistas_y_subcontratistas\"><\/span><strong>Gu\u00eda paso a paso: c\u00f3mo implementar una gesti\u00f3n eficaz de la PRL y la CAE con contratistas y subcontratistas<\/strong><span class=\"ez-toc-section-end\"><\/span><\/h2>\n\n\n\n<p class=\"wp-block-paragraph\"><\/p>\n\n\n\n<h3 class=\"wp-block-heading\"><span class=\"ez-toc-section\" id=\"Paso_1_%E2%80%94_Mapear_centros_actividades_y_concurrencias\"><\/span><strong>Paso 1 \u2014 Mapear centros, actividades y concurrencias<\/strong><span class=\"ez-toc-section-end\"><\/span><\/h3>\n\n\n\n<p class=\"wp-block-paragraph\">Identificar todos los centros propios, obras y plantas donde operan contratas. Clasificar las actividades por grado de riesgo (altura, espacios confinados, ATEX, el\u00e9ctrico, tr\u00e1fico interno\u2026). Determinar cu\u00e1ntas empresas concurren simult\u00e1neamente y en qu\u00e9 zonas.<\/p>\n\n\n\n<p class=\"wp-block-paragraph\"><\/p>\n\n\n\n<h3 class=\"wp-block-heading\"><span class=\"ez-toc-section\" id=\"Paso_2_%E2%80%94_Definir_roles_y_responsabilidades\"><\/span><strong>Paso 2 \u2014 Definir roles y responsabilidades<\/strong><span class=\"ez-toc-section-end\"><\/span><\/h3>\n\n\n\n<p class=\"wp-block-paragraph\">Precisar qui\u00e9n act\u00faa como titular del centro, qui\u00e9n como contratista principal y qu\u00e9 empresas son subcontratistas. Documentar estas relaciones: ser\u00e1 la base de la CAE y la primera referencia en caso de inspecci\u00f3n.<\/p>\n\n\n\n<p class=\"wp-block-paragraph\"><\/p>\n\n\n\n<h3 class=\"wp-block-heading\"><span class=\"ez-toc-section\" id=\"Paso_3_%E2%80%94_Establecer_requisitos_documentales_por_tipologia_de_trabajo\"><\/span><strong>Paso 3 \u2014 Establecer requisitos documentales por tipolog\u00eda de trabajo<\/strong><span class=\"ez-toc-section-end\"><\/span><\/h3>\n\n\n\n<p class=\"wp-block-paragraph\">Definir qu\u00e9 documentos son obligatorios para cada tipo de actividad: evaluaci\u00f3n de riesgos, plan de prevenci\u00f3n, formaciones espec\u00edficas, reconocimientos m\u00e9dicos, permisos especiales, seguros. Estos requisitos deben ser configurables y actualizables.<\/p>\n\n\n\n<p class=\"wp-block-paragraph\"><\/p>\n\n\n\n<h3 class=\"wp-block-heading\"><span class=\"ez-toc-section\" id=\"Paso_4_%E2%80%94_Implementar_un_proceso_de_validacion_documental_sistematico\"><\/span><strong>Paso 4 \u2014 Implementar un proceso de validaci\u00f3n documental sistem\u00e1tico<\/strong><span class=\"ez-toc-section-end\"><\/span><\/h3>\n\n\n\n<p class=\"wp-block-paragraph\">No basta con recibir documentos: hay que revisarlos. Asignar responsables de validaci\u00f3n, establecer criterios claros de aceptaci\u00f3n y rechazo, y registrar cada decisi\u00f3n. La validaci\u00f3n debe ser trazable.<\/p>\n\n\n\n<p class=\"wp-block-paragraph\"><\/p>\n\n\n\n<h3 class=\"wp-block-heading\"><span class=\"ez-toc-section\" id=\"Paso_5_%E2%80%94_Integrar_evaluacion_de_riesgos_con_la_CAE_operativa\"><\/span><strong>Paso 5 \u2014 Integrar evaluaci\u00f3n de riesgos con la CAE operativa<\/strong><span class=\"ez-toc-section-end\"><\/span><\/h3>\n\n\n\n<p class=\"wp-block-paragraph\">Identificar riesgos de interferencia entre actividades concurrentes. Establecer medidas comunes. Trasladar la informaci\u00f3n a mandos intermedios, coordinadores y encargados. La CAE no es solo un intercambio de papeles: es una coordinaci\u00f3n real.<\/p>\n\n\n\n<p class=\"wp-block-paragraph\"><\/p>\n\n\n\n<h3 class=\"wp-block-heading\"><span class=\"ez-toc-section\" id=\"Paso_6_%E2%80%94_Vincular_documentacion_con_control_de_accesos\"><\/span><strong>Paso 6 \u2014 Vincular documentaci\u00f3n con control de accesos<\/strong><span class=\"ez-toc-section-end\"><\/span><\/h3>\n\n\n\n<p class=\"wp-block-paragraph\">Implementar un sistema en el que el acceso al centro de trabajo quede condicionado al estado documental de cada trabajador. Si falta documentaci\u00f3n o est\u00e1 caducada, el acceso se bloquea autom\u00e1ticamente.<\/p>\n\n\n\n<p class=\"wp-block-paragraph\"><\/p>\n\n\n\n<h3 class=\"wp-block-heading\"><span class=\"ez-toc-section\" id=\"Paso_7_%E2%80%94_Establecer_un_ciclo_de_revision_periodica\"><\/span><strong>Paso 7 \u2014 Establecer un ciclo de revisi\u00f3n peri\u00f3dica<\/strong><span class=\"ez-toc-section-end\"><\/span><\/h3>\n\n\n\n<p class=\"wp-block-paragraph\">Fijar periodicidades de revisi\u00f3n de evaluaciones de riesgos (anual o bianual seg\u00fan el nivel de riesgo). Programar revisiones extraordinarias tras cambios o incidentes. Registrar cada revisi\u00f3n.<\/p>\n\n\n\n<p class=\"wp-block-paragraph\"><\/p>\n\n\n\n<h3 class=\"wp-block-heading\"><span class=\"ez-toc-section\" id=\"Paso_8_%E2%80%94_Documentar_trazar_y_poder_demostrar\"><\/span><strong>Paso 8 \u2014 Documentar, trazar y poder demostrar<\/strong><span class=\"ez-toc-section-end\"><\/span><\/h3>\n\n\n\n<p class=\"wp-block-paragraph\">Mantener un historial trazable de todo el proceso: qu\u00e9 documentaci\u00f3n se exigi\u00f3, qui\u00e9n la aport\u00f3, qui\u00e9n la valid\u00f3, cu\u00e1ndo y con qu\u00e9 resultado. En caso de auditor\u00eda o inspecci\u00f3n, este historial es la principal prueba de diligencia debida.<\/p>\n\n\n\n<p class=\"wp-block-paragraph\"><\/p>\n\n\n\n<h2 class=\"wp-block-heading\"><span class=\"ez-toc-section\" id=\"Errores_frecuentes_en_la_gestion_de_la_PRL_y_la_CAE_%E2%80%94_y_como_evitarlos\"><\/span><strong>Errores frecuentes en la gesti\u00f3n de la PRL y la CAE \u2014 y c\u00f3mo evitarlos<\/strong><span class=\"ez-toc-section-end\"><\/span><\/h2>\n\n\n\n<p class=\"wp-block-paragraph\"><\/p>\n\n\n\n<ul class=\"wp-block-list\">\n<li>Evaluaciones de riesgos gen\u00e9ricas que &#8216;sirven para todo&#8217; y no se adaptan al centro ni a la actividad concreta.<\/li>\n\n\n\n<li>Documentaci\u00f3n de contratas archivada sin revisar: el PDF se recibe y se guarda, pero nadie comprueba si es espec\u00edfico, v\u00e1lido y completo.<\/li>\n\n\n\n<li>Gesti\u00f3n de caducidades reactiva: se detecta el documento vencido cuando ya ha generado un problema, no antes.<\/li>\n\n\n\n<li>Desconexi\u00f3n entre documentaci\u00f3n y control de accesos: los trabajadores acceden independientemente del estado de su documentaci\u00f3n.<\/li>\n\n\n\n<li>Falta de trazabilidad: no se puede demostrar ante una inspecci\u00f3n qu\u00e9 documentos se ten\u00edan, cu\u00e1ndo se revisaron y qu\u00e9 decisiones se tomaron.<\/li>\n\n\n\n<li>CAE entendida como intercambio de documentos, no como coordinaci\u00f3n real: se env\u00edan PDFs sin analizar si los riesgos son compatibles ni si las medidas son suficientes.<\/li>\n\n\n\n<li>Ausencia de verificaci\u00f3n ITA diaria: se asume que un contratista est\u00e1 al corriente de la Seguridad Social porque ten\u00eda el certificado mensual en vigor, sin verificar el estado real de cada trabajador cada d\u00eda.<\/li>\n<\/ul>\n\n\n\n<div style=\"height:40px\" aria-hidden=\"true\" class=\"wp-block-spacer\"><\/div>\n\n\n\n<div class=\"wp-block-uagb-call-to-action uagb-block-87a82f34 wp-block-button\"><div class=\"uagb-cta__wrap\"><h3 class=\"uagb-cta__title\"><span class=\"ez-toc-section\" id=\"Solicita_una_demo_gratuita\"><\/span><strong>Solicita una demo gratuita<\/strong><span class=\"ez-toc-section-end\"><\/span><\/h3><p class=\"uagb-cta__desc\">Gesti\u00f3n PRL \u00b7 Evaluaci\u00f3n de riesgos \u00b7 Planificaci\u00f3n preventiva \u00b7 Trazabilidad documental<\/p><\/div><div class=\"uagb-cta__buttons\"><a href=\"https:\/\/externalia.lebranders.es\/solicitar-demo\/\" class=\"uagb-cta__button-link-wrapper wp-block-button__link\" target=\"_self\" rel=\"noopener noreferrer\">DEMO<\/a><\/div><\/div>\n\n\n\n<div style=\"height:40px\" aria-hidden=\"true\" class=\"wp-block-spacer\"><\/div>\n\n\n\n<h2 class=\"wp-block-heading\"><span class=\"ez-toc-section\" id=\"Preguntas_frecuentes_sobre_PRL_CAE_y_gestion_de_contratistas\"><\/span><strong>Preguntas frecuentes sobre PRL, CAE y gesti\u00f3n de contratistas<\/strong><span class=\"ez-toc-section-end\"><\/span><\/h2>\n\n\n\n<div style=\"height:34px\" aria-hidden=\"true\" class=\"wp-block-spacer\"><\/div>\n\n\n<div class=\"wp-block-uagb-faq uagb-faq__outer-wrap uagb-block-47f3073f uagb-faq-icon-row uagb-faq-layout-accordion uagb-faq-expand-first-false uagb-faq-inactive-other-true uagb-faq__wrap uagb-buttons-layout-wrap uagb-faq-equal-height\" data-faqtoggle=\"true\" role=\"tablist\"><div class=\"wp-block-uagb-faq-child uagb-faq-child__outer-wrap uagb-faq-item uagb-block-bd17d396\" role=\"tab\" tabindex=\"0\"><div class=\"uagb-faq-questions-button uagb-faq-questions\">\t\t\t<span class=\"uagb-icon uagb-faq-icon-wrap\">\n\t\t\t\t\t\t\t\t<svg xmlns=\"https:\/\/www.w3.org\/2000\/svg\" viewbox= \"0 0 448 512\"><path d=\"M432 256c0 17.69-14.33 32.01-32 32.01H256v144c0 17.69-14.33 31.99-32 31.99s-32-14.3-32-31.99v-144H48c-17.67 0-32-14.32-32-32.01s14.33-31.99 32-31.99H192v-144c0-17.69 14.33-32.01 32-32.01s32 14.32 32 32.01v144h144C417.7 224 432 238.3 432 256z\"><\/path><\/svg>\n\t\t\t\t\t\t\t<\/span>\n\t\t\t\t\t\t<span class=\"uagb-icon-active uagb-faq-icon-wrap\">\n\t\t\t\t\t\t\t\t<svg xmlns=\"https:\/\/www.w3.org\/2000\/svg\" viewbox= \"0 0 448 512\"><path d=\"M400 288h-352c-17.69 0-32-14.32-32-32.01s14.31-31.99 32-31.99h352c17.69 0 32 14.3 32 31.99S417.7 288 400 288z\"><\/path><\/svg>\n\t\t\t\t\t\t\t<\/span>\n\t\t\t<h3 class=\"uagb-question\"><span class=\"ez-toc-section\" id=\"%C2%BFCuales_son_las_obligaciones_del_contratista_en_materia_de_prevencion_de_riesgos_laborales_PRL\"><\/span><strong>\u00bfCu\u00e1les son las obligaciones del contratista en materia de prevenci\u00f3n de riesgos laborales (PRL)?<\/strong><span class=\"ez-toc-section-end\"><\/span><\/h3><\/div><div class=\"uagb-faq-content\"><p>El contratista principal est\u00e1 obligado a: (1) disponer de una evaluaci\u00f3n de riesgos actualizada y espec\u00edfica para cada actividad y centro de trabajo; (2) articular la Coordinaci\u00f3n de Actividades Empresariales (CAE) con todas las empresas concurrentes, intercambiando informaci\u00f3n sobre riesgos y medidas preventivas; (3) verificar la documentaci\u00f3n PRL de sus subcontratistas \u2014evaluaciones de riesgos, formaciones, reconocimientos m\u00e9dicos, seguros\u2014 antes del inicio de los trabajos; (4) garantizar el control de accesos vinculado al cumplimiento normativo; y (5) mantener un historial trazable de toda la gesti\u00f3n preventiva, especialmente en construcci\u00f3n, industria y miner\u00eda, sectores con mayor exigencia inspectora. El incumplimiento puede derivar en responsabilidad solidaria y sanciones de hasta 983.736 \u20ac seg\u00fan la LISOS.<\/p><\/div><\/div><div class=\"wp-block-uagb-faq-child uagb-faq-child__outer-wrap uagb-faq-item uagb-block-f34af07c\" role=\"tab\" tabindex=\"0\"><div class=\"uagb-faq-questions-button uagb-faq-questions\">\t\t\t<span class=\"uagb-icon uagb-faq-icon-wrap\">\n\t\t\t\t\t\t\t\t<svg xmlns=\"https:\/\/www.w3.org\/2000\/svg\" viewbox= \"0 0 448 512\"><path d=\"M432 256c0 17.69-14.33 32.01-32 32.01H256v144c0 17.69-14.33 31.99-32 31.99s-32-14.3-32-31.99v-144H48c-17.67 0-32-14.32-32-32.01s14.33-31.99 32-31.99H192v-144c0-17.69 14.33-32.01 32-32.01s32 14.32 32 32.01v144h144C417.7 224 432 238.3 432 256z\"><\/path><\/svg>\n\t\t\t\t\t\t\t<\/span>\n\t\t\t\t\t\t<span class=\"uagb-icon-active uagb-faq-icon-wrap\">\n\t\t\t\t\t\t\t\t<svg xmlns=\"https:\/\/www.w3.org\/2000\/svg\" viewbox= \"0 0 448 512\"><path d=\"M400 288h-352c-17.69 0-32-14.32-32-32.01s14.31-31.99 32-31.99h352c17.69 0 32 14.3 32 31.99S417.7 288 400 288z\"><\/path><\/svg>\n\t\t\t\t\t\t\t<\/span>\n\t\t\t<h3 class=\"uagb-question\"><span class=\"ez-toc-section\" id=\"%C2%BFQue_es_la_Coordinacion_de_Actividades_Empresariales_CAE_y_que_empresas_estan_obligadas_a_aplicarla\"><\/span><strong>\u00bfQu\u00e9 es la Coordinaci\u00f3n de Actividades Empresariales (CAE) y qu\u00e9 empresas est\u00e1n obligadas a aplicarla?<\/strong><span class=\"ez-toc-section-end\"><\/span><\/h3><\/div><div class=\"uagb-faq-content\"><p>La Coordinaci\u00f3n de Actividades Empresariales (CAE) es el mecanismo previsto en el art\u00edculo 24 de la Ley 31\/1995 de PRL, desarrollado por el Real Decreto 171\/2004, que obliga a todas las empresas que concurren en un mismo centro de trabajo a cooperar e intercambiar informaci\u00f3n sobre los riesgos derivados de sus actividades y las medidas preventivas adoptadas. Est\u00e1n obligadas todas las empresas con trabajadores en un mismo espacio f\u00edsico, independientemente del sector o del tipo de relaci\u00f3n contractual. En la pr\u00e1ctica, la CAE afecta a cualquier empresa de construcci\u00f3n, industria, miner\u00eda o servicios que cuente con contratistas o subcontratistas en sus instalaciones. La CAE no es un simple intercambio de documentos: implica identificar riesgos de interferencia, definir medidas comunes y documentar todo el proceso de forma trazable. Una plataforma como <strong>eGestiona <\/strong>automatiza y estructura todo este proceso.<\/p><\/div><\/div><div class=\"wp-block-uagb-faq-child uagb-faq-child__outer-wrap uagb-faq-item uagb-block-511da2ff\" role=\"tab\" tabindex=\"0\"><div class=\"uagb-faq-questions-button uagb-faq-questions\">\t\t\t<span class=\"uagb-icon uagb-faq-icon-wrap\">\n\t\t\t\t\t\t\t\t<svg xmlns=\"https:\/\/www.w3.org\/2000\/svg\" viewbox= \"0 0 448 512\"><path d=\"M432 256c0 17.69-14.33 32.01-32 32.01H256v144c0 17.69-14.33 31.99-32 31.99s-32-14.3-32-31.99v-144H48c-17.67 0-32-14.32-32-32.01s14.33-31.99 32-31.99H192v-144c0-17.69 14.33-32.01 32-32.01s32 14.32 32 32.01v144h144C417.7 224 432 238.3 432 256z\"><\/path><\/svg>\n\t\t\t\t\t\t\t<\/span>\n\t\t\t\t\t\t<span class=\"uagb-icon-active uagb-faq-icon-wrap\">\n\t\t\t\t\t\t\t\t<svg xmlns=\"https:\/\/www.w3.org\/2000\/svg\" viewbox= \"0 0 448 512\"><path d=\"M400 288h-352c-17.69 0-32-14.32-32-32.01s14.31-31.99 32-31.99h352c17.69 0 32 14.3 32 31.99S417.7 288 400 288z\"><\/path><\/svg>\n\t\t\t\t\t\t\t<\/span>\n\t\t\t<h3 class=\"uagb-question\"><span class=\"ez-toc-section\" id=\"%C2%BFQue_documentacion_PRL_debe_aportar_un_subcontratista_antes_de_acceder_a_una_obra_o_instalacion_industrial\"><\/span><strong><strong>\u00bfQu\u00e9 documentaci\u00f3n PRL debe aportar un subcontratista antes de acceder a una obra o instalaci\u00f3n industrial?<\/strong><\/strong><span class=\"ez-toc-section-end\"><\/span><\/h3><\/div><div class=\"uagb-faq-content\"><p>La documentaci\u00f3n m\u00ednima que todo subcontratista debe aportar antes de iniciar trabajos incluye: evaluaci\u00f3n de riesgos laborales espec\u00edfica para la actividad y el entorno donde va a operar; plan de prevenci\u00f3n de riesgos laborales; acreditaciones y habilitaciones profesionales requeridas para el tipo de trabajo (trabajos en altura, espacios confinados, instalaciones el\u00e9ctricas de alta tensi\u00f3n, etc.); p\u00f3liza de seguro de responsabilidad civil vigente; certificados de formaci\u00f3n PRL de todos los trabajadores que van a intervenir; reconocimientos m\u00e9dicos vigentes y adaptados a los riesgos del puesto; alta en la Seguridad Social (ITA) de cada trabajador \u2014idealmente verificada diariamente\u2014; y, en construcci\u00f3n, alta en el Registro de Empresas Acreditadas (REA). <strong>eGestiona <\/strong>permite configurar estos requisitos por tipo de actividad y centro, y automatizar su verificaci\u00f3n y seguimiento.<\/p><\/div><\/div><div class=\"wp-block-uagb-faq-child uagb-faq-child__outer-wrap uagb-faq-item uagb-block-97f59689\" role=\"tab\" tabindex=\"0\"><div class=\"uagb-faq-questions-button uagb-faq-questions\">\t\t\t<span class=\"uagb-icon uagb-faq-icon-wrap\">\n\t\t\t\t\t\t\t\t<svg xmlns=\"https:\/\/www.w3.org\/2000\/svg\" viewbox= \"0 0 448 512\"><path d=\"M432 256c0 17.69-14.33 32.01-32 32.01H256v144c0 17.69-14.33 31.99-32 31.99s-32-14.3-32-31.99v-144H48c-17.67 0-32-14.32-32-32.01s14.33-31.99 32-31.99H192v-144c0-17.69 14.33-32.01 32-32.01s32 14.32 32 32.01v144h144C417.7 224 432 238.3 432 256z\"><\/path><\/svg>\n\t\t\t\t\t\t\t<\/span>\n\t\t\t\t\t\t<span class=\"uagb-icon-active uagb-faq-icon-wrap\">\n\t\t\t\t\t\t\t\t<svg xmlns=\"https:\/\/www.w3.org\/2000\/svg\" viewbox= \"0 0 448 512\"><path d=\"M400 288h-352c-17.69 0-32-14.32-32-32.01s14.31-31.99 32-31.99h352c17.69 0 32 14.3 32 31.99S417.7 288 400 288z\"><\/path><\/svg>\n\t\t\t\t\t\t\t<\/span>\n\t\t\t<h3 class=\"uagb-question\"><span class=\"ez-toc-section\" id=\"%C2%BFQue_riesgos_legales_asume_una_empresa_si_un_contratista_sufre_un_accidente_y_no_tenia_la_documentacion_PRL_en_regla\"><\/span><strong><strong><strong>\u00bfQu\u00e9 riesgos legales asume una empresa si un contratista sufre un accidente y no ten\u00eda la documentaci\u00f3n PRL en regla?<\/strong><\/strong><\/strong><span class=\"ez-toc-section-end\"><\/span><\/h3><\/div><div class=\"uagb-faq-content\"><p>Los riesgos legales son m\u00faltiples y graves. En primer lugar, la empresa principal puede incurrir en responsabilidad solidaria frente a las obligaciones laborales y de Seguridad Social del contratista accidentado. En segundo lugar, si se acredita que no se realiz\u00f3 una verificaci\u00f3n diligente de la documentaci\u00f3n preventiva, la empresa puede ser sancionada administrativamente por la Inspecci\u00f3n de Trabajo con multas de hasta 983.736 \u20ac en infracciones muy graves. En tercer lugar, si el accidente es grave o mortal, puede derivar en responsabilidad penal por los art\u00edculos 316 y 317 del C\u00f3digo Penal (delito contra la seguridad de los trabajadores). Adicionalmente, la cobertura del seguro de accidentes puede quedar invalidada si se demuestra que no se cumpli\u00f3 con la normativa de PRL. Contar con un sistema de gesti\u00f3n documental trazable como <strong>eGestiona <\/strong>es la principal prueba de diligencia debida ante cualquier procedimiento.<\/p><\/div><\/div><div class=\"wp-block-uagb-faq-child uagb-faq-child__outer-wrap uagb-faq-item uagb-block-dc9c9a60\" role=\"tab\" tabindex=\"0\"><div class=\"uagb-faq-questions-button uagb-faq-questions\">\t\t\t<span class=\"uagb-icon uagb-faq-icon-wrap\">\n\t\t\t\t\t\t\t\t<svg xmlns=\"https:\/\/www.w3.org\/2000\/svg\" viewbox= \"0 0 448 512\"><path d=\"M432 256c0 17.69-14.33 32.01-32 32.01H256v144c0 17.69-14.33 31.99-32 31.99s-32-14.3-32-31.99v-144H48c-17.67 0-32-14.32-32-32.01s14.33-31.99 32-31.99H192v-144c0-17.69 14.33-32.01 32-32.01s32 14.32 32 32.01v144h144C417.7 224 432 238.3 432 256z\"><\/path><\/svg>\n\t\t\t\t\t\t\t<\/span>\n\t\t\t\t\t\t<span class=\"uagb-icon-active uagb-faq-icon-wrap\">\n\t\t\t\t\t\t\t\t<svg xmlns=\"https:\/\/www.w3.org\/2000\/svg\" viewbox= \"0 0 448 512\"><path d=\"M400 288h-352c-17.69 0-32-14.32-32-32.01s14.31-31.99 32-31.99h352c17.69 0 32 14.3 32 31.99S417.7 288 400 288z\"><\/path><\/svg>\n\t\t\t\t\t\t\t<\/span>\n\t\t\t<h3 class=\"uagb-question\"><span class=\"ez-toc-section\" id=\"%C2%BFComo_puede_eGestiona_ayudar_a_gestionar_la_PRL_y_la_CAE_con_multiples_contratistas_y_subcontratistas\"><\/span><strong><strong><strong><strong>\u00bfC\u00f3mo puede eGestiona ayudar a gestionar la PRL y la CAE con m\u00faltiples contratistas y subcontratistas?<\/strong><\/strong><\/strong><\/strong><span class=\"ez-toc-section-end\"><\/span><\/h3><\/div><div class=\"uagb-faq-content\"><p><strong>eGestiona <\/strong>es una plataforma especializada en gesti\u00f3n de contratistas, PRL y CAE que permite: centralizar toda la documentaci\u00f3n de contratistas y subcontratistas en expedientes digitales estructurados; configurar requisitos documentales espec\u00edficos por centro, actividad y tipo de empresa; automatizar la validaci\u00f3n y el seguimiento de documentos con alertas preventivas de caducidad; verificar diariamente el alta en la Seguridad Social (ITA) de todos los trabajadores; vincular el control de accesos al estado documental en tiempo real, bloqueando el acceso cuando la documentaci\u00f3n est\u00e1 incompleta o caducada; y generar informes de cumplimiento trazables para inspecciones, auditor\u00edas e ISO 45001. <strong>eGestiona <\/strong>es compatible con los principales ERP del mercado y est\u00e1 disponible en m\u00e1s de 20 pa\u00edses, con m\u00f3dulos espec\u00edficos para construcci\u00f3n, industria, miner\u00eda y otros entornos de riesgo.<\/p><\/div><\/div><\/div>\n\n\n<div style=\"height:40px\" aria-hidden=\"true\" class=\"wp-block-spacer\"><\/div>\n\n\n\n<h4 class=\"wp-block-heading\"><strong>Otros art\u00edculos de inter\u00e9s<\/strong><\/h4>\n\n\n\n\t\t\t<div class=\"wp-block-uagb-post-carousel uagb-post-grid  uagb-post__image-position-top uagb-post__image-enabled uagb-block-0f0c1703     uagb-post__arrow-outside uagb-slick-carousel uagb-post__items uagb-post__columns-3 is-carousel uagb-post__columns-tablet-2 uagb-post__columns-mobile-1\" data-total=\"3\" style=\"\">\n\n\t\t\t\t\t\t\t\t\t\t\t\t<article class=\"uagb-post__inner-wrap\">\t\t\t\t\t\t\t\t<div class='uagb-post__image'>\n\t\t\t\t\t\t\t\t\t<a href=\"https:\/\/externalia.lebranders.es\/en\/registro-electronico-jornada-laboral-mexico-2027\/\" target=\"_self\" rel=\"bookmark noopener noreferrer\"><img loading=\"lazy\" decoding=\"async\" width=\"1024\" height=\"576\" src=\"https:\/\/externalia.lebranders.es\/wp-content\/uploads\/2026\/07\/Registro-electronico-de-jornada-laboral-Mexico-1024x576.png\" class=\"attachment-large size-large\" alt=\"registro electr\u00f3nico jornada laboral M\u00e9xico reforma 2027 eGestiona\" srcset=\"https:\/\/externalia.lebranders.es\/wp-content\/uploads\/2026\/07\/Registro-electronico-de-jornada-laboral-Mexico-980x552.png 980w, https:\/\/externalia.lebranders.es\/wp-content\/uploads\/2026\/07\/Registro-electronico-de-jornada-laboral-Mexico-480x270.png 480w\" sizes=\"(min-width: 0px) and (max-width: 480px) 480px, (min-width: 481px) and (max-width: 980px) 980px, (min-width: 981px) 1024px, 100vw\" \/>\t\t\t\t\t<\/a>\n\t\t\t\t\t\t\t\t\t<\/div>\n\t\t\t\t\t\t<h4 class=\"uagb-post__title uagb-post__text\">\n\t\t\t\t<a href=\"https:\/\/externalia.lebranders.es\/en\/registro-electronico-jornada-laboral-mexico-2027\/\" target=\"_self\" rel=\"bookmark noopener noreferrer\">Registro electr\u00f3nico de jornada laboral en M\u00e9xico: la gu\u00eda completa de la reforma que entra en vigor el 1 de enero de 2027<\/a>\n\t\t\t<\/h4>\n\t\t\t\t\t\t<div class='uagb-post__text uagb-post-grid-byline'>\n\t\t\t\t\t\t\t\t<div class=\"uagb-post__text\">\n\t\t\t\t\t<span class='uagb-post__taxonomy'>\n\t\t\t\t\t\t\t\t\t\t\t\t<a href=\"https:\/\/externalia.lebranders.es\/en\/software-cae\/compliance-y-normativa\/\">Compliance &amp; normativa\u00a0<\/a>,&nbsp;<a href=\"https:\/\/externalia.lebranders.es\/en\/software-cae\/\">Software CAE<\/a>\t\t\t\t\t<\/span>\n\t\t\t\t<\/div>\n\t\t\t\t\t\t\t<\/div>\n\t\t\t\t\t\t\t<div class='uagb-post__text uagb-post__excerpt'>\n\t\t\t\t\tEl registro electr\u00f3nico de jornada ya es ley en M\u00e9xico. Te contamos qu\u00e9 exige la reforma a la LFT, desde cu\u00e1ndo se sanciona&#8230;\t\t\t\t<\/div>\n\t\t\t\t\t\t<div class=\"uagb-post__text uagb-post__cta wp-block-button\">\n\t\t\t\t<a class=\"wp-block-button__link uagb-text-link\" style=\"\" href=\"https:\/\/externalia.lebranders.es\/en\/registro-electronico-jornada-laboral-mexico-2027\/\" target=\"_self\" rel=\"bookmark noopener noreferrer\">Read More<\/a>\n\t\t\t<\/div>\n\t\t\t\n\t\t\t\t\t\t\t\t\t<\/article>\n\t\t\t\t\t\t\t\t\t\t\t\t\t\t\t\t<article class=\"uagb-post__inner-wrap\">\t\t\t\t\t\t\t\t<div class='uagb-post__image'>\n\t\t\t\t\t\t\t\t\t<a href=\"https:\/\/externalia.lebranders.es\/en\/checklist-cumplimiento-cae-2026-inspeccion-trabajo\/\" target=\"_self\" rel=\"bookmark noopener noreferrer\"><img loading=\"lazy\" decoding=\"async\" width=\"1024\" height=\"576\" src=\"https:\/\/externalia.lebranders.es\/wp-content\/uploads\/2026\/07\/Checklist-de-cumplimiento-CAE-2026-1024x576.png\" class=\"attachment-large size-large\" alt=\"Checklist CAE cumplimiento 2026\" srcset=\"https:\/\/externalia.lebranders.es\/wp-content\/uploads\/2026\/07\/Checklist-de-cumplimiento-CAE-2026-980x552.png 980w, https:\/\/externalia.lebranders.es\/wp-content\/uploads\/2026\/07\/Checklist-de-cumplimiento-CAE-2026-480x270.png 480w\" sizes=\"(min-width: 0px) and (max-width: 480px) 480px, (min-width: 481px) and (max-width: 980px) 980px, (min-width: 981px) 1024px, 100vw\" \/>\t\t\t\t\t<\/a>\n\t\t\t\t\t\t\t\t\t<\/div>\n\t\t\t\t\t\t<h4 class=\"uagb-post__title uagb-post__text\">\n\t\t\t\t<a href=\"https:\/\/externalia.lebranders.es\/en\/checklist-cumplimiento-cae-2026-inspeccion-trabajo\/\" target=\"_self\" rel=\"bookmark noopener noreferrer\">CHECKLIST DE CUMPLIMIENTO CAE 2026: lo que Inspecci\u00f3n de Trabajo comprueba en cada visita<\/a>\n\t\t\t<\/h4>\n\t\t\t\t\t\t<div class='uagb-post__text uagb-post-grid-byline'>\n\t\t\t\t\t\t\t\t<div class=\"uagb-post__text\">\n\t\t\t\t\t<span class='uagb-post__taxonomy'>\n\t\t\t\t\t\t\t\t\t\t\t\t<a href=\"https:\/\/externalia.lebranders.es\/en\/software-cae\/\">Software CAE<\/a>,&nbsp;<a href=\"https:\/\/externalia.lebranders.es\/en\/software-cae\/compliance-y-normativa\/\">Compliance &amp; normativa\u00a0<\/a>,&nbsp;<a href=\"https:\/\/externalia.lebranders.es\/en\/software-cae\/control-operativo-y-gestion-de-contratistas\/\">Control operativo &amp; gesti\u00f3n de contratistas<\/a>,&nbsp;<a href=\"https:\/\/externalia.lebranders.es\/en\/software-cae\/prl\/\">PRL<\/a>\t\t\t\t\t<\/span>\n\t\t\t\t<\/div>\n\t\t\t\t\t\t\t<\/div>\n\t\t\t\t\t\t\t<div class='uagb-post__text uagb-post__excerpt'>\n\t\t\t\t\tGu\u00eda pr\u00e1ctica con el checklist de los 10 puntos que Inspecci\u00f3n de Trabajo verifica en materia de CAE en 2026: acreditaci\u00f3n de contratistas,&#8230;\t\t\t\t<\/div>\n\t\t\t\t\t\t<div class=\"uagb-post__text uagb-post__cta wp-block-button\">\n\t\t\t\t<a class=\"wp-block-button__link uagb-text-link\" style=\"\" href=\"https:\/\/externalia.lebranders.es\/en\/checklist-cumplimiento-cae-2026-inspeccion-trabajo\/\" target=\"_self\" rel=\"bookmark noopener noreferrer\">Read More<\/a>\n\t\t\t<\/div>\n\t\t\t\n\t\t\t\t\t\t\t\t\t<\/article>\n\t\t\t\t\t\t\t\t\t\t\t\t\t\t\t\t<article class=\"uagb-post__inner-wrap\">\t\t\t\t\t\t\t\t<div class='uagb-post__image'>\n\t\t\t\t\t\t\t\t\t<a href=\"https:\/\/externalia.lebranders.es\/en\/software-cae-plataforma-contratas-subcontratas\/\" target=\"_self\" rel=\"bookmark noopener noreferrer\"><img loading=\"lazy\" decoding=\"async\" width=\"1024\" height=\"576\" src=\"https:\/\/externalia.lebranders.es\/wp-content\/uploads\/2026\/06\/Software-CAE-eGestiona--1024x576.png\" class=\"attachment-large size-large\" alt=\"Software CAE eGestiona \u2014 Panel de control operativo de contratistas y coordinaci\u00f3n de actividades empresariales en plataforma SaaS en nube\" srcset=\"https:\/\/externalia.lebranders.es\/wp-content\/uploads\/2026\/06\/Software-CAE-eGestiona--980x552.png 980w, https:\/\/externalia.lebranders.es\/wp-content\/uploads\/2026\/06\/Software-CAE-eGestiona--480x270.png 480w\" sizes=\"(min-width: 0px) and (max-width: 480px) 480px, (min-width: 481px) and (max-width: 980px) 980px, (min-width: 981px) 1024px, 100vw\" \/>\t\t\t\t\t<\/a>\n\t\t\t\t\t\t\t\t\t<\/div>\n\t\t\t\t\t\t<h4 class=\"uagb-post__title uagb-post__text\">\n\t\t\t\t<a href=\"https:\/\/externalia.lebranders.es\/en\/software-cae-plataforma-contratas-subcontratas\/\" target=\"_self\" rel=\"bookmark noopener noreferrer\">Software CAE en 2026: digitalizaci\u00f3n obligatoria de la coordinaci\u00f3n de actividades empresariales<\/a>\n\t\t\t<\/h4>\n\t\t\t\t\t\t<div class='uagb-post__text uagb-post-grid-byline'>\n\t\t\t\t\t\t\t\t<div class=\"uagb-post__text\">\n\t\t\t\t\t<span class='uagb-post__taxonomy'>\n\t\t\t\t\t\t\t\t\t\t\t\t<a href=\"https:\/\/externalia.lebranders.es\/en\/software-cae\/\">Software CAE<\/a>,&nbsp;<a href=\"https:\/\/externalia.lebranders.es\/en\/software-cae\/compliance-y-normativa\/\">Compliance &amp; normativa\u00a0<\/a>,&nbsp;<a href=\"https:\/\/externalia.lebranders.es\/en\/software-cae\/control-operativo-y-gestion-de-contratistas\/\">Control operativo &amp; gesti\u00f3n de contratistas<\/a>\t\t\t\t\t<\/span>\n\t\t\t\t<\/div>\n\t\t\t\t\t\t\t<\/div>\n\t\t\t\t\t\t\t<div class='uagb-post__text uagb-post__excerpt'>\n\t\t\t\t\tLa revista del INSST de febrero de 2026 lo confirma: gestionar la coordinaci\u00f3n de actividades empresariales sin software CAE genera riesgos de incumplimiento&#8230;\t\t\t\t<\/div>\n\t\t\t\t\t\t<div class=\"uagb-post__text uagb-post__cta wp-block-button\">\n\t\t\t\t<a class=\"wp-block-button__link uagb-text-link\" style=\"\" href=\"https:\/\/externalia.lebranders.es\/en\/software-cae-plataforma-contratas-subcontratas\/\" target=\"_self\" rel=\"bookmark noopener noreferrer\">Read More<\/a>\n\t\t\t<\/div>\n\t\t\t\n\t\t\t\t\t\t\t\t\t<\/article>\n\t\t\t\t\t\t\t\t\t\t\t\t\t\t\t\t<article class=\"uagb-post__inner-wrap\">\t\t\t\t\t\t\t\t<div class='uagb-post__image'>\n\t\t\t\t\t\t\t\t\t<a href=\"https:\/\/externalia.lebranders.es\/en\/responsabilidad-solidaria-subsidiaria-cae\/\" target=\"_self\" rel=\"bookmark noopener noreferrer\"><img loading=\"lazy\" decoding=\"async\" width=\"1024\" height=\"683\" src=\"https:\/\/externalia.lebranders.es\/wp-content\/uploads\/2026\/05\/CAE-cuando-responde-la-empresa-principal-por-sus-contratas-eGestiona-1-1024x683.png\" class=\"attachment-large size-large\" alt=\"Responsabilidad solidaria y subsidiaria de la empresa principal en la CAE \u2014 coordinaci\u00f3n de actividades empresariales\" srcset=\"https:\/\/externalia.lebranders.es\/wp-content\/uploads\/2026\/05\/CAE-cuando-responde-la-empresa-principal-por-sus-contratas-eGestiona-1-980x653.png 980w, https:\/\/externalia.lebranders.es\/wp-content\/uploads\/2026\/05\/CAE-cuando-responde-la-empresa-principal-por-sus-contratas-eGestiona-1-480x320.png 480w\" sizes=\"(min-width: 0px) and (max-width: 480px) 480px, (min-width: 481px) and (max-width: 980px) 980px, (min-width: 981px) 1024px, 100vw\" \/>\t\t\t\t\t<\/a>\n\t\t\t\t\t\t\t\t\t<\/div>\n\t\t\t\t\t\t<h4 class=\"uagb-post__title uagb-post__text\">\n\t\t\t\t<a href=\"https:\/\/externalia.lebranders.es\/en\/responsabilidad-solidaria-subsidiaria-cae\/\" target=\"_self\" rel=\"bookmark noopener noreferrer\">Responsabilidad solidaria y subsidiaria en la CAE: cu\u00e1ndo responde la empresa principal<\/a>\n\t\t\t<\/h4>\n\t\t\t\t\t\t<div class='uagb-post__text uagb-post-grid-byline'>\n\t\t\t\t\t\t\t\t<div class=\"uagb-post__text\">\n\t\t\t\t\t<span class='uagb-post__taxonomy'>\n\t\t\t\t\t\t\t\t\t\t\t\t<a href=\"https:\/\/externalia.lebranders.es\/en\/software-cae\/control-operativo-y-gestion-de-contratistas\/\">Control operativo &amp; gesti\u00f3n de contratistas<\/a>,&nbsp;<a href=\"https:\/\/externalia.lebranders.es\/en\/software-cae\/compliance-y-normativa\/\">Compliance &amp; normativa\u00a0<\/a>,&nbsp;<a href=\"https:\/\/externalia.lebranders.es\/en\/software-cae\/prl\/\">PRL<\/a>,&nbsp;<a href=\"https:\/\/externalia.lebranders.es\/en\/software-cae\/\">Software CAE<\/a>\t\t\t\t\t<\/span>\n\t\t\t\t<\/div>\n\t\t\t\t\t\t\t<\/div>\n\t\t\t\t\t\t\t<div class='uagb-post__text uagb-post__excerpt'>\n\t\t\t\t\tLa empresa principal puede responder solidariamente por las infracciones de sus contratas en materia de PRL y Seguridad Social. Analizamos cu\u00e1ndo, en qu\u00e9&#8230;\t\t\t\t<\/div>\n\t\t\t\t\t\t<div class=\"uagb-post__text uagb-post__cta wp-block-button\">\n\t\t\t\t<a class=\"wp-block-button__link uagb-text-link\" style=\"\" href=\"https:\/\/externalia.lebranders.es\/en\/responsabilidad-solidaria-subsidiaria-cae\/\" target=\"_self\" rel=\"bookmark noopener noreferrer\">Read More<\/a>\n\t\t\t<\/div>\n\t\t\t\n\t\t\t\t\t\t\t\t\t<\/article>\n\t\t\t\t\t\t\t\t\t\t\t\t\t\t\t\t<article class=\"uagb-post__inner-wrap\">\t\t\t\t\t\t\t\t<div class='uagb-post__image'>\n\t\t\t\t\t\t\t\t\t<a href=\"https:\/\/externalia.lebranders.es\/en\/riesgos-psicosociales-obligaciones-reforma-prl-2026\/\" target=\"_self\" rel=\"bookmark noopener noreferrer\"><img loading=\"lazy\" decoding=\"async\" width=\"1024\" height=\"683\" src=\"https:\/\/externalia.lebranders.es\/wp-content\/uploads\/2026\/05\/Riesgos-psicosociales-PRL-Externalia-Solutions-1024x683.png\" class=\"attachment-large size-large\" alt=\"Evaluaci\u00f3n de riesgos psicosociales en la empresa \u2013 nuevas obligaciones reforma Ley PRL 2026\" srcset=\"https:\/\/externalia.lebranders.es\/wp-content\/uploads\/2026\/05\/Riesgos-psicosociales-PRL-Externalia-Solutions-980x653.png 980w, https:\/\/externalia.lebranders.es\/wp-content\/uploads\/2026\/05\/Riesgos-psicosociales-PRL-Externalia-Solutions-480x320.png 480w\" sizes=\"(min-width: 0px) and (max-width: 480px) 480px, (min-width: 481px) and (max-width: 980px) 980px, (min-width: 981px) 1024px, 100vw\" \/>\t\t\t\t\t<\/a>\n\t\t\t\t\t\t\t\t\t<\/div>\n\t\t\t\t\t\t<h4 class=\"uagb-post__title uagb-post__text\">\n\t\t\t\t<a href=\"https:\/\/externalia.lebranders.es\/en\/riesgos-psicosociales-obligaciones-reforma-prl-2026\/\" target=\"_self\" rel=\"bookmark noopener noreferrer\">Riesgos psicosociales en la empresa: nuevas obligaciones legales tras la reforma de la Ley PRL 2026<\/a>\n\t\t\t<\/h4>\n\t\t\t\t\t\t<div class='uagb-post__text uagb-post-grid-byline'>\n\t\t\t\t\t\t\t\t<div class=\"uagb-post__text\">\n\t\t\t\t\t<span class='uagb-post__taxonomy'>\n\t\t\t\t\t\t\t\t\t\t\t\t<a href=\"https:\/\/externalia.lebranders.es\/en\/software-cae\/prl\/\">PRL<\/a>,&nbsp;<a href=\"https:\/\/externalia.lebranders.es\/en\/software-cae\/compliance-y-normativa\/\">Compliance &amp; normativa\u00a0<\/a>\t\t\t\t\t<\/span>\n\t\t\t\t<\/div>\n\t\t\t\t\t\t\t<\/div>\n\t\t\t\t\t\t\t<div class='uagb-post__text uagb-post__excerpt'>\n\t\t\t\t\tEl nuevo art\u00edculo 16.2 de la Ley 31\/1995 convierte la evaluaci\u00f3n de riesgos psicosociales en obligaci\u00f3n legal expresa. Descubre qu\u00e9 debe hacer tu&#8230;\t\t\t\t<\/div>\n\t\t\t\t\t\t<div class=\"uagb-post__text uagb-post__cta wp-block-button\">\n\t\t\t\t<a class=\"wp-block-button__link uagb-text-link\" style=\"\" href=\"https:\/\/externalia.lebranders.es\/en\/riesgos-psicosociales-obligaciones-reforma-prl-2026\/\" target=\"_self\" rel=\"bookmark noopener noreferrer\">Read More<\/a>\n\t\t\t<\/div>\n\t\t\t\n\t\t\t\t\t\t\t\t\t<\/article>\n\t\t\t\t\t\t\t\t\t\t\t\t\t\t\t\t<article class=\"uagb-post__inner-wrap\">\t\t\t\t\t\t\t\t<div class='uagb-post__image'>\n\t\t\t\t\t\t\t\t\t<a href=\"https:\/\/externalia.lebranders.es\/en\/verificacion-ita-diaria-cae-contratistas\/\" target=\"_self\" rel=\"bookmark noopener noreferrer\"><img loading=\"lazy\" decoding=\"async\" width=\"1024\" height=\"683\" src=\"https:\/\/externalia.lebranders.es\/wp-content\/uploads\/2026\/04\/Verificacion-ITA-diaria-CAE-Externalia-Solutions-1024x683.png\" class=\"attachment-large size-large\" alt=\"Verificaci\u00f3n-ITA-diaria-CAE-Externalia\" srcset=\"https:\/\/externalia.lebranders.es\/wp-content\/uploads\/2026\/04\/Verificacion-ITA-diaria-CAE-Externalia-Solutions-980x653.png 980w, https:\/\/externalia.lebranders.es\/wp-content\/uploads\/2026\/04\/Verificacion-ITA-diaria-CAE-Externalia-Solutions-480x320.png 480w\" sizes=\"(min-width: 0px) and (max-width: 480px) 480px, (min-width: 481px) and (max-width: 980px) 980px, (min-width: 981px) 1024px, 100vw\" \/>\t\t\t\t\t<\/a>\n\t\t\t\t\t\t\t\t\t<\/div>\n\t\t\t\t\t\t<h4 class=\"uagb-post__title uagb-post__text\">\n\t\t\t\t<a href=\"https:\/\/externalia.lebranders.es\/en\/verificacion-ita-diaria-cae-contratistas\/\" target=\"_self\" rel=\"bookmark noopener noreferrer\">Verificaci\u00f3n ITA diaria en la CAE: por qu\u00e9 el documento mensual ya no es suficiente para controlar el alta de tus contratistas en la Seguridad Social<\/a>\n\t\t\t<\/h4>\n\t\t\t\t\t\t<div class='uagb-post__text uagb-post-grid-byline'>\n\t\t\t\t\t\t\t\t<div class=\"uagb-post__text\">\n\t\t\t\t\t<span class='uagb-post__taxonomy'>\n\t\t\t\t\t\t\t\t\t\t\t\t<a href=\"https:\/\/externalia.lebranders.es\/en\/software-cae\/control-operativo-y-gestion-de-contratistas\/\">Control operativo &amp; gesti\u00f3n de contratistas<\/a>,&nbsp;<a href=\"https:\/\/externalia.lebranders.es\/en\/software-cae\/compliance-y-normativa\/\">Compliance &amp; normativa\u00a0<\/a>,&nbsp;<a href=\"https:\/\/externalia.lebranders.es\/en\/software-cae\/prl\/\">PRL<\/a>,&nbsp;<a href=\"https:\/\/externalia.lebranders.es\/en\/software-cae\/\">Software CAE<\/a>\t\t\t\t\t<\/span>\n\t\t\t\t<\/div>\n\t\t\t\t\t\t\t<\/div>\n\t\t\t\t\t\t\t<div class='uagb-post__text uagb-post__excerpt'>\n\t\t\t\t\tLa coordinaci\u00f3n de actividades empresariales ha evolucionado significativamente en los \u00faltimos a\u00f1os. Sin embargo, uno de los puntos cr\u00edticos que contin\u00faa generando incidencias&#8230;\t\t\t\t<\/div>\n\t\t\t\t\t\t<div class=\"uagb-post__text uagb-post__cta wp-block-button\">\n\t\t\t\t<a class=\"wp-block-button__link uagb-text-link\" style=\"\" href=\"https:\/\/externalia.lebranders.es\/en\/verificacion-ita-diaria-cae-contratistas\/\" target=\"_self\" rel=\"bookmark noopener noreferrer\">Read More<\/a>\n\t\t\t<\/div>\n\t\t\t\n\t\t\t\t\t\t\t\t\t<\/article>\n\t\t\t\t\t\t\t\t\t\t\t\t\t\t\t\t<article class=\"uagb-post__inner-wrap\">\t\t\t\t\t\t\t\t<div class='uagb-post__image'>\n\t\t\t\t\t\t\t\t\t<a href=\"https:\/\/externalia.lebranders.es\/en\/esg-prl-sst-reporting-cadena-suministro\/\" target=\"_self\" rel=\"bookmark noopener noreferrer\"><img loading=\"lazy\" decoding=\"async\" width=\"1024\" height=\"683\" src=\"https:\/\/externalia.lebranders.es\/wp-content\/uploads\/2026\/03\/ESG-Externalia-Sostenibilidad-1024x683.png\" class=\"attachment-large size-large\" alt=\"t\u00e9cnico con tablet en entorno industrial \/ reuni\u00f3n de auditor\u00eda con documentaci\u00f3n \/ infograf\u00eda ESG-PRL\" srcset=\"https:\/\/externalia.lebranders.es\/wp-content\/uploads\/2026\/03\/ESG-Externalia-Sostenibilidad-980x653.png 980w, https:\/\/externalia.lebranders.es\/wp-content\/uploads\/2026\/03\/ESG-Externalia-Sostenibilidad-480x320.png 480w\" sizes=\"(min-width: 0px) and (max-width: 480px) 480px, (min-width: 481px) and (max-width: 980px) 980px, (min-width: 981px) 1024px, 100vw\" \/>\t\t\t\t\t<\/a>\n\t\t\t\t\t\t\t\t\t<\/div>\n\t\t\t\t\t\t<h4 class=\"uagb-post__title uagb-post__text\">\n\t\t\t\t<a href=\"https:\/\/externalia.lebranders.es\/en\/esg-prl-sst-reporting-cadena-suministro\/\" target=\"_self\" rel=\"bookmark noopener noreferrer\">ESG y PRL: por qu\u00e9 la Seguridad y Salud en el Trabajo ya se audita como parte de la sostenibilidad (CSRD, CSDDD y cadena de suministro)<\/a>\n\t\t\t<\/h4>\n\t\t\t\t\t\t<div class='uagb-post__text uagb-post-grid-byline'>\n\t\t\t\t\t\t\t\t<div class=\"uagb-post__text\">\n\t\t\t\t\t<span class='uagb-post__taxonomy'>\n\t\t\t\t\t\t\t\t\t\t\t\t<a href=\"https:\/\/externalia.lebranders.es\/en\/software-cae\/prl\/\">PRL<\/a>,&nbsp;<a href=\"https:\/\/externalia.lebranders.es\/en\/software-cae\/compliance-y-normativa\/\">Compliance &amp; normativa\u00a0<\/a>,&nbsp;<a href=\"https:\/\/externalia.lebranders.es\/en\/software-cae\/sostenibilidad\/\">Sostenibilidad<\/a>\t\t\t\t\t<\/span>\n\t\t\t\t<\/div>\n\t\t\t\t\t\t\t<\/div>\n\t\t\t\t\t\t\t<div class='uagb-post__text uagb-post__excerpt'>\n\t\t\t\t\t<p>Durante a\u00f1os, la Prevenci\u00f3n de Riesgos Laborales (PRL) y los departamentos de sostenibilidad de las empresas han transitado por caminos paralelos, raramente convergentes&#8230;.\t\t\t\t<\/div>\n\t\t\t\t\t\t<div class=\"uagb-post__text uagb-post__cta wp-block-button\">\n\t\t\t\t<a class=\"wp-block-button__link uagb-text-link\" style=\"\" href=\"https:\/\/externalia.lebranders.es\/en\/esg-prl-sst-reporting-cadena-suministro\/\" target=\"_self\" rel=\"bookmark noopener noreferrer\">Read More<\/a>\n\t\t\t<\/div>\n\t\t\t\n\t\t\t\t\t\t\t\t\t<\/article>\n\t\t\t\t\t\t\t\t\t\t\t\t\t\t\t\t<article class=\"uagb-post__inner-wrap\">\t\t\t\t\t\t\t\t<div class='uagb-post__image'>\n\t\t\t\t\t\t\t\t\t<a href=\"https:\/\/externalia.lebranders.es\/en\/es-obligatorio-evaluar-riesgos-laborales-2026\/\" target=\"_self\" rel=\"bookmark noopener noreferrer\"><img loading=\"lazy\" decoding=\"async\" width=\"1024\" height=\"683\" src=\"https:\/\/externalia.lebranders.es\/wp-content\/uploads\/2026\/01\/Externalia-Solutiosn-Guia-de-riesgos-laborales-1024x683.png\" class=\"attachment-large size-large\" alt=\"T\u00e9cnico de PRL revisando evaluaciones de riesgos y documentaci\u00f3n de contratas en una plataforma CAE\" srcset=\"https:\/\/externalia.lebranders.es\/wp-content\/uploads\/2026\/01\/Externalia-Solutiosn-Guia-de-riesgos-laborales-980x653.png 980w, https:\/\/externalia.lebranders.es\/wp-content\/uploads\/2026\/01\/Externalia-Solutiosn-Guia-de-riesgos-laborales-480x320.png 480w\" sizes=\"(min-width: 0px) and (max-width: 480px) 480px, (min-width: 481px) and (max-width: 980px) 980px, (min-width: 981px) 1024px, 100vw\" \/>\t\t\t\t\t<\/a>\n\t\t\t\t\t\t\t\t\t<\/div>\n\t\t\t\t\t\t<h4 class=\"uagb-post__title uagb-post__text\">\n\t\t\t\t<a href=\"https:\/\/externalia.lebranders.es\/en\/es-obligatorio-evaluar-riesgos-laborales-2026\/\" target=\"_self\" rel=\"bookmark noopener noreferrer\">\u00bfCu\u00e1ndo es obligatorio evaluar los riesgos laborales?<\/a>\n\t\t\t<\/h4>\n\t\t\t\t\t\t<div class='uagb-post__text uagb-post-grid-byline'>\n\t\t\t\t\t\t\t\t<div class=\"uagb-post__text\">\n\t\t\t\t\t<span class='uagb-post__taxonomy'>\n\t\t\t\t\t\t\t\t\t\t\t\t<a href=\"https:\/\/externalia.lebranders.es\/en\/software-cae\/control-operativo-y-gestion-de-contratistas\/\">Control operativo &amp; gesti\u00f3n de contratistas<\/a>,&nbsp;<a href=\"https:\/\/externalia.lebranders.es\/en\/software-cae\/compliance-y-normativa\/\">Compliance &amp; normativa\u00a0<\/a>,&nbsp;<a href=\"https:\/\/externalia.lebranders.es\/en\/software-cae\/prl\/\">PRL<\/a>,&nbsp;<a href=\"https:\/\/externalia.lebranders.es\/en\/software-cae\/\">Software CAE<\/a>\t\t\t\t\t<\/span>\n\t\t\t\t<\/div>\n\t\t\t\t\t\t\t<\/div>\n\t\t\t\t\t\t\t<div class='uagb-post__text uagb-post__excerpt'>\n\t\t\t\t\tLa evaluaci\u00f3n de riesgos laborales sigue siendo la base de cualquier sistema de prevenci\u00f3n, pero en 2026 el reto se complica cuando entran&#8230;\t\t\t\t<\/div>\n\t\t\t\t\t\t<div class=\"uagb-post__text uagb-post__cta wp-block-button\">\n\t\t\t\t<a class=\"wp-block-button__link uagb-text-link\" style=\"\" href=\"https:\/\/externalia.lebranders.es\/en\/es-obligatorio-evaluar-riesgos-laborales-2026\/\" target=\"_self\" rel=\"bookmark noopener noreferrer\">Read More<\/a>\n\t\t\t<\/div>\n\t\t\t\n\t\t\t\t\t\t\t\t\t<\/article>\n\t\t\t\t\t\t\t\t\t\t\t\t\t\t\t\t<article class=\"uagb-post__inner-wrap\">\t\t\t\t\t\t\t\t<div class='uagb-post__image'>\n\t\t\t\t\t\t\t\t\t<a href=\"https:\/\/externalia.lebranders.es\/en\/normativa-nueva-contratas-industria\/\" target=\"_self\" rel=\"bookmark noopener noreferrer\"><img loading=\"lazy\" decoding=\"async\" width=\"1024\" height=\"683\" src=\"https:\/\/externalia.lebranders.es\/wp-content\/uploads\/2025\/11\/Externalia-Solutions-Industria-CAE-1024x683.png\" class=\"attachment-large size-large\" alt=\"Industria CAE Externalia Solutions\" srcset=\"https:\/\/externalia.lebranders.es\/wp-content\/uploads\/2025\/11\/Externalia-Solutions-Industria-CAE-980x653.png 980w, https:\/\/externalia.lebranders.es\/wp-content\/uploads\/2025\/11\/Externalia-Solutions-Industria-CAE-480x320.png 480w\" sizes=\"(min-width: 0px) and (max-width: 480px) 480px, (min-width: 481px) and (max-width: 980px) 980px, (min-width: 981px) 1024px, 100vw\" \/>\t\t\t\t\t<\/a>\n\t\t\t\t\t\t\t\t\t<\/div>\n\t\t\t\t\t\t<h4 class=\"uagb-post__title uagb-post__text\">\n\t\t\t\t<a href=\"https:\/\/externalia.lebranders.es\/en\/normativa-nueva-contratas-industria\/\" target=\"_self\" rel=\"bookmark noopener noreferrer\">Normativa nueva sobre contratas en entornos industriales: lo que debes saber en 2025-2026<\/a>\n\t\t\t<\/h4>\n\t\t\t\t\t\t<div class='uagb-post__text uagb-post-grid-byline'>\n\t\t\t\t\t\t\t\t<div class=\"uagb-post__text\">\n\t\t\t\t\t<span class='uagb-post__taxonomy'>\n\t\t\t\t\t\t\t\t\t\t\t\t<a href=\"https:\/\/externalia.lebranders.es\/en\/software-cae\/control-operativo-y-gestion-de-contratistas\/\">Control operativo &amp; gesti\u00f3n de contratistas<\/a>,&nbsp;<a href=\"https:\/\/externalia.lebranders.es\/en\/software-cae\/compliance-y-normativa\/\">Compliance &amp; normativa\u00a0<\/a>,&nbsp;<a href=\"https:\/\/externalia.lebranders.es\/en\/software-cae\/\">Software CAE<\/a>\t\t\t\t\t<\/span>\n\t\t\t\t<\/div>\n\t\t\t\t\t\t\t<\/div>\n\t\t\t\t\t\t\t<div class='uagb-post__text uagb-post__excerpt'>\n\t\t\t\t\tEn 2025 y 2026, nuevas normas nacionales y europeas est\u00e1n redefiniendo la gesti\u00f3n de contratas en la industria. Desde la actualizaci\u00f3n del RD&#8230;\t\t\t\t<\/div>\n\t\t\t\t\t\t<div class=\"uagb-post__text uagb-post__cta wp-block-button\">\n\t\t\t\t<a class=\"wp-block-button__link uagb-text-link\" style=\"\" href=\"https:\/\/externalia.lebranders.es\/en\/normativa-nueva-contratas-industria\/\" target=\"_self\" rel=\"bookmark noopener noreferrer\">Read More<\/a>\n\t\t\t<\/div>\n\t\t\t\n\t\t\t\t\t\t\t\t\t<\/article>\n\t\t\t\t\t\t\t\t\t\t\t<\/div>","protected":false},"excerpt":{"rendered":"<p>\u00bfCu\u00e1les son las obligaciones del contratista y el subcontratista en PRL y CAE? Esta gu\u00eda completa analiza la normativa vigente, la responsabilidad solidaria, los errores m\u00e1s frecuentes en la gesti\u00f3n documental y c\u00f3mo una plataforma como eGestiona automatiza el cumplimiento en construcci\u00f3n, industria y miner\u00eda.<\/p>","protected":false},"author":3,"featured_media":4857,"comment_status":"open","ping_status":"open","sticky":false,"template":"","format":"standard","meta":{"_et_pb_use_builder":"off","_et_pb_old_content":"","_et_gb_content_width":"","_uag_custom_page_level_css":"","footnotes":""},"categories":[124,126,162],"tags":[54,24,72,113,64,25,27,28,469,470,118,29,471,76,78,35,37,472,151,43],"class_list":["post-4798","post","type-post","status-publish","format-standard","has-post-thumbnail","hentry","category-software-cae","category-compliance-y-normativa","category-prl","tag-automatizacion","tag-cae","tag-construccion","tag-contratistas","tag-control-de-accesos","tag-coordinacion-de-actividades-empresariales","tag-cumplimiento-normativo","tag-egestiona","tag-entornos-de-riesgo","tag-evaluacion-de-riesgos","tag-gestion-de-contratistas","tag-gestion-documental","tag-gestion-eficaz","tag-industria","tag-mineria","tag-prevencion-de-riesgos-laborales","tag-prl","tag-seguridad-y-salud","tag-subcontratistas","tag-validacion-documental"],"uagb_featured_image_src":{"full":["https:\/\/externalia.lebranders.es\/wp-content\/uploads\/2026\/05\/Obligaciones-del-contratista-Externalia-Solutions.png",1536,1024,false],"thumbnail":["https:\/\/externalia.lebranders.es\/wp-content\/uploads\/2026\/05\/Obligaciones-del-contratista-Externalia-Solutions-150x150.png",150,150,true],"medium":["https:\/\/externalia.lebranders.es\/wp-content\/uploads\/2026\/05\/Obligaciones-del-contratista-Externalia-Solutions-300x200.png",300,200,true],"medium_large":["https:\/\/externalia.lebranders.es\/wp-content\/uploads\/2026\/05\/Obligaciones-del-contratista-Externalia-Solutions-768x512.png",768,512,true],"large":["https:\/\/externalia.lebranders.es\/wp-content\/uploads\/2026\/05\/Obligaciones-del-contratista-Externalia-Solutions-1024x683.png",1024,683,true],"1536x1536":["https:\/\/externalia.lebranders.es\/wp-content\/uploads\/2026\/05\/Obligaciones-del-contratista-Externalia-Solutions.png",1536,1024,false],"2048x2048":["https:\/\/externalia.lebranders.es\/wp-content\/uploads\/2026\/05\/Obligaciones-del-contratista-Externalia-Solutions.png",1536,1024,false],"trp-custom-language-flag":["https:\/\/externalia.lebranders.es\/wp-content\/uploads\/2026\/05\/Obligaciones-del-contratista-Externalia-Solutions-18x12.png",18,12,true],"et-pb-post-main-image":["https:\/\/externalia.lebranders.es\/wp-content\/uploads\/2026\/05\/Obligaciones-del-contratista-Externalia-Solutions-400x250.png",400,250,true],"et-pb-post-main-image-fullwidth":["https:\/\/externalia.lebranders.es\/wp-content\/uploads\/2026\/05\/Obligaciones-del-contratista-Externalia-Solutions-1080x675.png",1080,675,true],"et-pb-portfolio-image":["https:\/\/externalia.lebranders.es\/wp-content\/uploads\/2026\/05\/Obligaciones-del-contratista-Externalia-Solutions-400x284.png",400,284,true],"et-pb-portfolio-module-image":["https:\/\/externalia.lebranders.es\/wp-content\/uploads\/2026\/05\/Obligaciones-del-contratista-Externalia-Solutions-510x382.png",510,382,true],"et-pb-portfolio-image-single":["https:\/\/externalia.lebranders.es\/wp-content\/uploads\/2026\/05\/Obligaciones-del-contratista-Externalia-Solutions-1080x720.png",1080,720,true],"et-pb-gallery-module-image-portrait":["https:\/\/externalia.lebranders.es\/wp-content\/uploads\/2026\/05\/Obligaciones-del-contratista-Externalia-Solutions-400x516.png",400,516,true],"et-pb-post-main-image-fullwidth-large":["https:\/\/externalia.lebranders.es\/wp-content\/uploads\/2026\/05\/Obligaciones-del-contratista-Externalia-Solutions.png",1536,1024,false],"et-pb-image--responsive--desktop":["https:\/\/externalia.lebranders.es\/wp-content\/uploads\/2026\/05\/Obligaciones-del-contratista-Externalia-Solutions-1280x853.png",1080,720,true],"et-pb-image--responsive--tablet":["https:\/\/externalia.lebranders.es\/wp-content\/uploads\/2026\/05\/Obligaciones-del-contratista-Externalia-Solutions-980x653.png",827,551,true],"et-pb-image--responsive--phone":["https:\/\/externalia.lebranders.es\/wp-content\/uploads\/2026\/05\/Obligaciones-del-contratista-Externalia-Solutions-480x320.png",405,270,true]},"uagb_author_info":{"display_name":"Silvia Martorell","author_link":"https:\/\/externalia.lebranders.es\/en\/author\/silvia\/"},"uagb_comment_info":0,"uagb_excerpt":"\u00bfCu\u00e1les son las obligaciones del contratista y el subcontratista en PRL y CAE? Esta gu\u00eda completa analiza la normativa vigente, la responsabilidad solidaria, los errores m\u00e1s frecuentes en la gesti\u00f3n documental y c\u00f3mo una plataforma como eGestiona automatiza el cumplimiento en construcci\u00f3n, industria y miner\u00eda.","_links":{"self":[{"href":"https:\/\/externalia.lebranders.es\/en\/wp-json\/wp\/v2\/posts\/4798","targetHints":{"allow":["GET"]}}],"collection":[{"href":"https:\/\/externalia.lebranders.es\/en\/wp-json\/wp\/v2\/posts"}],"about":[{"href":"https:\/\/externalia.lebranders.es\/en\/wp-json\/wp\/v2\/types\/post"}],"author":[{"embeddable":true,"href":"https:\/\/externalia.lebranders.es\/en\/wp-json\/wp\/v2\/users\/3"}],"replies":[{"embeddable":true,"href":"https:\/\/externalia.lebranders.es\/en\/wp-json\/wp\/v2\/comments?post=4798"}],"version-history":[{"count":4,"href":"https:\/\/externalia.lebranders.es\/en\/wp-json\/wp\/v2\/posts\/4798\/revisions"}],"predecessor-version":[{"id":4955,"href":"https:\/\/externalia.lebranders.es\/en\/wp-json\/wp\/v2\/posts\/4798\/revisions\/4955"}],"wp:featuredmedia":[{"embeddable":true,"href":"https:\/\/externalia.lebranders.es\/en\/wp-json\/wp\/v2\/media\/4857"}],"wp:attachment":[{"href":"https:\/\/externalia.lebranders.es\/en\/wp-json\/wp\/v2\/media?parent=4798"}],"wp:term":[{"taxonomy":"category","embeddable":true,"href":"https:\/\/externalia.lebranders.es\/en\/wp-json\/wp\/v2\/categories?post=4798"},{"taxonomy":"post_tag","embeddable":true,"href":"https:\/\/externalia.lebranders.es\/en\/wp-json\/wp\/v2\/tags?post=4798"}],"curies":[{"name":"wp","href":"https:\/\/api.w.org\/{rel}","templated":true}]}}