{"id":3584,"date":"2025-03-03T10:00:29","date_gmt":"2025-03-03T10:00:29","guid":{"rendered":"https:\/\/egestiona.com\/?p=3584"},"modified":"2025-03-03T10:00:29","modified_gmt":"2025-03-03T10:00:29","slug":"prevencion-de-riesgos-laborales-en-la-era-digital-retos-y-soluciones","status":"publish","type":"post","link":"https:\/\/externalia.lebranders.es\/pt\/prevencion-de-riesgos-laborales-en-la-era-digital-retos-y-soluciones\/","title":{"rendered":"Prevenci\u00f3n de riesgos laborales en la era digital: retos y soluciones"},"content":{"rendered":"<p class=\"wp-block-paragraph\">O <a href=\"https:\/\/externalia.lebranders.es\/transformacion-digital-en-la-gestion-de-riesgos-seguridad-y-sostenibilidad-en-2025\/\" target=\"_blank\" rel=\"noreferrer noopener\">digitalizaci\u00f3n<\/a> ha transformado radicalmente la forma en que trabajamos, introduciendo nuevas tecnolog\u00edas que optimizan los procesos y mejoran la productividad. Sin embargo, esta revoluci\u00f3n digital tambi\u00e9n trae consigo desaf\u00edos significativos en materia de <a href=\"https:\/\/externalia.lebranders.es\/prevencion-de-riesgos-laborales\/\" data-type=\"link\" data-id=\"https:\/\/egestiona.com\/prevencion-de-riesgos-laborales\/\" target=\"_blank\" rel=\"noreferrer noopener\">prevenci\u00f3n de riesgos laborales (PRL)<\/a>. Desde los riesgos ergon\u00f3micos hasta la ciberseguridad, las empresas deben adaptarse a un panorama en constante evoluci\u00f3n para garantizar la seguridad y el bienestar de sus empleados. En este art\u00edculo, analizaremos los principales desaf\u00edos que enfrenta la PRL en el entorno tecnol\u00f3gico actual y las estrategias para mitigarlos.<\/p>\n\n\n\n<div id=\"ez-toc-container\" class=\"ez-toc-v2_0_87 ez-toc-wrap-left counter-hierarchy ez-toc-counter ez-toc-grey ez-toc-container-direction\">\n<div class=\"ez-toc-title-container\">\n<p class=\"ez-toc-title\" style=\"cursor:inherit\">Tabla de contenido<\/p>\n<span class=\"ez-toc-title-toggle\"><a href=\"#\" class=\"ez-toc-pull-right ez-toc-btn ez-toc-btn-xs ez-toc-btn-default ez-toc-toggle\" aria-label=\"Alternar tabela de conte\u00fado\"><span class=\"ez-toc-js-icon-con\"><span class=\"\"><span class=\"eztoc-hide\" style=\"display:none;\">Toggle<\/span><span class=\"ez-toc-icon-toggle-span\"><svg style=\"fill: #999;color:#999\" xmlns=\"http:\/\/www.w3.org\/2000\/svg\" class=\"list-377408\" width=\"20px\" height=\"20px\" viewbox=\"0 0 24 24\" fill=\"none\"><path d=\"M6 6H4v2h2V6zm14 0H8v2h12V6zM4 11h2v2H4v-2zm16 0H8v2h12v-2zM4 16h2v2H4v-2zm16 0H8v2h12v-2z\" fill=\"currentColor\"><\/path><\/svg><svg style=\"fill: #999;color:#999\" class=\"arrow-unsorted-368013\" xmlns=\"http:\/\/www.w3.org\/2000\/svg\" width=\"10px\" height=\"10px\" viewbox=\"0 0 24 24\" version=\"1.2\" baseprofile=\"tiny\"><path d=\"M18.2 9.3l-6.2-6.3-6.2 6.3c-.2.2-.3.4-.3.7s.1.5.3.7c.2.2.4.3.7.3h11c.3 0 .5-.1.7-.3.2-.2.3-.5.3-.7s-.1-.5-.3-.7zM5.8 14.7l6.2 6.3 6.2-6.3c.2-.2.3-.5.3-.7s-.1-.5-.3-.7c-.2-.2-.4-.3-.7-.3h-11c-.3 0-.5.1-.7.3-.2.2-.3.5-.3.7s.1.5.3.7z\"\/><\/svg><\/span><\/span><\/span><\/a><\/span><\/div>\n<nav><ul class='ez-toc-list ez-toc-list-level-1' ><li class='ez-toc-page-1 ez-toc-heading-level-2'><a class=\"ez-toc-link ez-toc-heading-1\" href=\"https:\/\/externalia.lebranders.es\/pt\/prevencion-de-riesgos-laborales-en-la-era-digital-retos-y-soluciones\/#Principales_desafios_en_la_PRL_en_la_era_digital\" >Principales desaf\u00edos en la PRL en la era digital<\/a><ul class='ez-toc-list-level-3' ><li class='ez-toc-heading-level-3'><a class=\"ez-toc-link ez-toc-heading-2\" href=\"https:\/\/externalia.lebranders.es\/pt\/prevencion-de-riesgos-laborales-en-la-era-digital-retos-y-soluciones\/#1_Riesgos_ergonomicos_y_de_salud_fisica\" >1. Riesgos ergon\u00f3micos y de salud f\u00edsica<\/a><\/li><li class='ez-toc-page-1 ez-toc-heading-level-3'><a class=\"ez-toc-link ez-toc-heading-3\" href=\"https:\/\/externalia.lebranders.es\/pt\/prevencion-de-riesgos-laborales-en-la-era-digital-retos-y-soluciones\/#2_Riesgos_psicosociales\" >2. Riesgos psicosociales<\/a><\/li><li class='ez-toc-page-1 ez-toc-heading-level-3'><a class=\"ez-toc-link ez-toc-heading-4\" href=\"https:\/\/externalia.lebranders.es\/pt\/prevencion-de-riesgos-laborales-en-la-era-digital-retos-y-soluciones\/#3_Ciberseguridad\" >3. Ciberseguridad<\/a><\/li><li class='ez-toc-page-1 ez-toc-heading-level-3'><a class=\"ez-toc-link ez-toc-heading-5\" href=\"https:\/\/externalia.lebranders.es\/pt\/prevencion-de-riesgos-laborales-en-la-era-digital-retos-y-soluciones\/#4_Brecha_digital\" >4. Brecha digital<\/a><\/li><li class='ez-toc-page-1 ez-toc-heading-level-3'><a class=\"ez-toc-link ez-toc-heading-6\" href=\"https:\/\/externalia.lebranders.es\/pt\/prevencion-de-riesgos-laborales-en-la-era-digital-retos-y-soluciones\/#5_Fatiga_digital\" >5. Fatiga digital<\/a><\/li><\/ul><\/li><li class='ez-toc-page-1 ez-toc-heading-level-2'><a class=\"ez-toc-link ez-toc-heading-7\" href=\"https:\/\/externalia.lebranders.es\/pt\/prevencion-de-riesgos-laborales-en-la-era-digital-retos-y-soluciones\/#Estrategias_para_abordar_los_desafios_en_la_PRL_digital\" >Estrategias para abordar los desaf\u00edos en la PRL digital<\/a><\/li><\/ul><\/nav><\/div>\n<h2 class=\"wp-block-heading\"><span class=\"ez-toc-section\" id=\"Principales_desafios_en_la_PRL_en_la_era_digital\"><\/span><strong>Principales desaf\u00edos en la PRL en la era digital<\/strong><span class=\"ez-toc-section-end\"><\/span><\/h2>\n\n\n\n<p class=\"wp-block-paragraph\"><\/p>\n\n\n\n<h3 class=\"wp-block-heading\"><span class=\"ez-toc-section\" id=\"1_Riesgos_ergonomicos_y_de_salud_fisica\"><\/span><strong>1.<\/strong> <strong>Riesgos ergon\u00f3micos y de salud f\u00edsica<\/strong><span class=\"ez-toc-section-end\"><\/span><\/h3>\n\n\n\n<p class=\"wp-block-paragraph\">El uso prolongado de dispositivos electr\u00f3nicos y las malas posturas pueden causar afecciones musculoesquel\u00e9ticas y problemas visuales. En especial, el teletrabajo ha tra\u00eddo nuevos retos en cuanto a la adecuaci\u00f3n de los espacios laborales, ya que muchos empleados no cuentan con mobiliario ergon\u00f3mico adecuado. Es fundamental que las empresas promuevan el dise\u00f1o de espacios saludables y fomenten pausas activas para reducir el impacto de estos riesgos.<\/p>\n\n\n\n<h3 class=\"wp-block-heading\"><span class=\"ez-toc-section\" id=\"2_Riesgos_psicosociales\"><\/span><strong>2.<\/strong> <strong>Riesgos psicosociales<\/strong><span class=\"ez-toc-section-end\"><\/span><\/h3>\n\n\n\n<p class=\"wp-block-paragraph\">El entorno digital ha difuminado la l\u00ednea entre la vida laboral y personal, generando estr\u00e9s, ansiedad y agotamiento profesional. La necesidad de estar siempre disponible y el aislamiento que provoca el teletrabajo pueden afectar la salud mental de los empleados. Para mitigar estos riesgos, las organizaciones deben implementar pol\u00edticas de desconexi\u00f3n digital, fomentar el bienestar emocional y ofrecer apoyo psicol\u00f3gico cuando sea necesario.<\/p>\n\n\n\n<h3 class=\"wp-block-heading\"><span class=\"ez-toc-section\" id=\"3_Ciberseguridad\"><\/span><strong>3.<\/strong> <strong>Ciberseguridad<\/strong><span class=\"ez-toc-section-end\"><\/span><\/h3>\n\n\n\n<p class=\"wp-block-paragraph\">El aumento del uso de plataformas digitales y la descentralizaci\u00f3n del trabajo han expuesto a las empresas a mayores amenazas cibern\u00e9ticas, como ataques inform\u00e1ticos y robo de datos. La falta de formaci\u00f3n en ciberseguridad puede hacer que los empleados sean vulnerables a estos peligros. Es esencial que las empresas capaciten a su personal en buenas pr\u00e1cticas de seguridad digital y utilicen herramientas tecnol\u00f3gicas que garanticen la protecci\u00f3n de la informaci\u00f3n.<\/p>\n\n\n\n<h3 class=\"wp-block-heading\"><span class=\"ez-toc-section\" id=\"4_Brecha_digital\"><\/span><strong>4. Brecha digital<\/strong><span class=\"ez-toc-section-end\"><\/span><\/h3>\n\n\n\n<p class=\"wp-block-paragraph\">No todas las empresas ni todos los trabajadores tienen el mismo acceso a las nuevas tecnolog\u00edas. La desigualdad en el uso y conocimiento de herramientas digitales puede afectar la competitividad y la seguridad en el trabajo. Para reducir esta brecha, es clave fomentar la formaci\u00f3n continua en tecnolog\u00eda y asegurar que todos los empleados puedan adaptarse a los cambios del entorno digital.<\/p>\n\n\n\n<h3 class=\"wp-block-heading\"><span class=\"ez-toc-section\" id=\"5_Fatiga_digital\"><\/span><strong>5. Fatiga digital<\/strong><span class=\"ez-toc-section-end\"><\/span><\/h3>\n\n\n\n<p class=\"wp-block-paragraph\">El uso excesivo de dispositivos electr\u00f3nicos puede causar fatiga visual, dolores de cabeza y problemas de concentraci\u00f3n, reduciendo la productividad y afectando la salud de los empleados. Para prevenir estos efectos negativos, es recomendable establecer pausas regulares, fomentar el uso de iluminaci\u00f3n adecuada y promover h\u00e1bitos saludables en el uso de pantallas.<\/p>\n\n\n\n<h2 class=\"wp-block-heading\"><span class=\"ez-toc-section\" id=\"Estrategias_para_abordar_los_desafios_en_la_PRL_digital\"><\/span><strong>Estrategias para abordar los desaf\u00edos en la PRL digital<\/strong><span class=\"ez-toc-section-end\"><\/span><\/h2>\n\n\n\n<p class=\"wp-block-paragraph\"><\/p>\n\n\n\n<ul class=\"wp-block-list\">\n<li><strong>Promoci\u00f3n de la ergonom\u00eda:<\/strong> Proveer mobiliario ergon\u00f3mico, incentivar pausas activas y educar a los empleados sobre posturas adecuadas.<\/li>\n\n\n\n<li><strong>Apoyo psicosocial:<\/strong> Implementar horarios flexibles, respetar el derecho a la desconexi\u00f3n digital y ofrecer apoyo emocional.<\/li>\n\n\n\n<li><strong>Capacitaci\u00f3n en ciberseguridad:<\/strong> Formar a los empleados en pr\u00e1cticas seguras y utilizar herramientas de protecci\u00f3n digital, como redes privadas virtuales (VPN).<\/li>\n\n\n\n<li><strong>Reducci\u00f3n de la brecha digital:<\/strong> Fomentar la inversi\u00f3n en tecnolog\u00edas emergentes y la formaci\u00f3n continua de los empleados.<\/li>\n\n\n\n<li><strong>Prevenci\u00f3n de la fatiga digital:<\/strong> Establecer l\u00edmites en el tiempo de pantalla, realizar pausas visuales y garantizar una iluminaci\u00f3n adecuada en los espacios de trabajo.<\/li>\n<\/ul>\n\n\n\n<p class=\"wp-block-paragraph\"><\/p>\n\n\n\n<p class=\"wp-block-paragraph\">O <a href=\"https:\/\/externalia.lebranders.es\/funciones-clave-de-las-plataformas-de-gestion-documental-para-impulsar-tu-negocio\/\" target=\"_blank\" rel=\"noreferrer noopener\">gesti\u00f3n documental<\/a> es esencial para depurar las responsabilidades en materia de prevenci\u00f3n. En las empresas, diferentes responsables deben asegurarse de cumplir con la legislaci\u00f3n en prevenci\u00f3n de riesgos laborales. Aunque se cuente con medidas f\u00edsicas de prevenci\u00f3n, estas no siempre se aplican correctamente. Por ello, es fundamental rastrear en la documentaci\u00f3n qui\u00e9n es el \u00faltimo encargado de garantizar el cumplimiento de dichas medidas. En este sentido, <a href=\"https:\/\/externalia.lebranders.es\/gestion-documental-de-contratas-y-subcontratas-cae\/\" data-type=\"link\" data-id=\"https:\/\/egestiona.com\/gestion-documental-de-contratas-y-subcontratas-cae\/\" target=\"_blank\" rel=\"noreferrer noopener\">la gesti\u00f3n documental CAE<\/a> cobra una gran importancia en la prevenci\u00f3n de riesgos laborales.<\/p>\n\n\n\n<p class=\"wp-block-paragraph\">Con <strong><a href=\"https:\/\/externalia.lebranders.es\/quieres-ver-una-demo\/\" target=\"_blank\" rel=\"noreferrer noopener\">eGestiona <\/a><\/strong>como aliado, ya no te preocupar\u00e1s m\u00e1s por la PRL.<\/p>","protected":false},"excerpt":{"rendered":"<p>La transformaci\u00f3n digital plantea nuevos desaf\u00edos en prevenci\u00f3n de riesgos laborales (PRL), como riesgos ergon\u00f3micos, psicosociales, ciberseguridad y fatiga digital. Con soluciones como eGestiona, las empresas pueden gestionar la PRL de forma eficiente, garantizar el cumplimiento normativo y proteger a sus trabajadores en un entorno tecnol\u00f3gico en constante evoluci\u00f3n.<\/p>","protected":false},"author":3,"featured_media":3585,"comment_status":"open","ping_status":"open","sticky":false,"template":"","format":"standard","meta":{"_et_pb_use_builder":"off","_et_pb_old_content":"","_et_gb_content_width":"","_uag_custom_page_level_css":"","footnotes":""},"categories":[31,57],"tags":[23,65,26,27,56,29,30,34,37,45,38,66,67,40,68,62,41,42,43],"class_list":["post-3584","post","type-post","status-publish","format-standard","has-post-thumbnail","hentry","category-control-operativo-y-gestion-de-contratistas","category-operaciones-y-eficiencia","tag-auditorias","tag-ciberseguridad","tag-cumplimiento","tag-cumplimiento-normativo","tag-digitalizacion","tag-gestion-documental","tag-plataforma-de-gestion-documental","tag-prevencion-de-riesgos","tag-prl","tag-productividad","tag-reduccion-de-riesgos","tag-revolucion-digital","tag-riesgos-laborales","tag-seguridad","tag-tecnologia","tag-transformacion-digital","tag-transparencia","tag-validacion","tag-validacion-documental"],"uagb_featured_image_src":{"full":["https:\/\/externalia.lebranders.es\/wp-content\/uploads\/2025\/03\/PRL-en-la-era-digital.png",2240,1260,false],"thumbnail":["https:\/\/externalia.lebranders.es\/wp-content\/uploads\/2025\/03\/PRL-en-la-era-digital-150x150.png",150,150,true],"medium":["https:\/\/externalia.lebranders.es\/wp-content\/uploads\/2025\/03\/PRL-en-la-era-digital-300x169.png",300,169,true],"medium_large":["https:\/\/externalia.lebranders.es\/wp-content\/uploads\/2025\/03\/PRL-en-la-era-digital-768x432.png",768,432,true],"large":["https:\/\/externalia.lebranders.es\/wp-content\/uploads\/2025\/03\/PRL-en-la-era-digital-1024x576.png",1024,576,true],"1536x1536":["https:\/\/externalia.lebranders.es\/wp-content\/uploads\/2025\/03\/PRL-en-la-era-digital-1536x864.png",1536,864,true],"2048x2048":["https:\/\/externalia.lebranders.es\/wp-content\/uploads\/2025\/03\/PRL-en-la-era-digital-2048x1152.png",2048,1152,true],"trp-custom-language-flag":["https:\/\/externalia.lebranders.es\/wp-content\/uploads\/2025\/03\/PRL-en-la-era-digital-18x10.png",18,10,true],"et-pb-post-main-image":["https:\/\/externalia.lebranders.es\/wp-content\/uploads\/2025\/03\/PRL-en-la-era-digital-400x250.png",400,250,true],"et-pb-post-main-image-fullwidth":["https:\/\/externalia.lebranders.es\/wp-content\/uploads\/2025\/03\/PRL-en-la-era-digital-1080x675.png",1080,675,true],"et-pb-portfolio-image":["https:\/\/externalia.lebranders.es\/wp-content\/uploads\/2025\/03\/PRL-en-la-era-digital-400x284.png",400,284,true],"et-pb-portfolio-module-image":["https:\/\/externalia.lebranders.es\/wp-content\/uploads\/2025\/03\/PRL-en-la-era-digital-510x382.png",510,382,true],"et-pb-portfolio-image-single":["https:\/\/externalia.lebranders.es\/wp-content\/uploads\/2025\/03\/PRL-en-la-era-digital-1080x608.png",1080,608,true],"et-pb-gallery-module-image-portrait":["https:\/\/externalia.lebranders.es\/wp-content\/uploads\/2025\/03\/PRL-en-la-era-digital-400x516.png",400,516,true],"et-pb-post-main-image-fullwidth-large":["https:\/\/externalia.lebranders.es\/wp-content\/uploads\/2025\/03\/PRL-en-la-era-digital.png",2240,1260,false],"et-pb-image--responsive--desktop":["https:\/\/externalia.lebranders.es\/wp-content\/uploads\/2025\/03\/PRL-en-la-era-digital-1280x720.png",1280,720,true],"et-pb-image--responsive--tablet":["https:\/\/externalia.lebranders.es\/wp-content\/uploads\/2025\/03\/PRL-en-la-era-digital-980x551.png",980,551,true],"et-pb-image--responsive--phone":["https:\/\/externalia.lebranders.es\/wp-content\/uploads\/2025\/03\/PRL-en-la-era-digital-480x270.png",480,270,true]},"uagb_author_info":{"display_name":"Silvia Martorell","author_link":"https:\/\/externalia.lebranders.es\/pt\/author\/silvia\/"},"uagb_comment_info":0,"uagb_excerpt":"La transformaci\u00f3n digital plantea nuevos desaf\u00edos en prevenci\u00f3n de riesgos laborales (PRL), como riesgos ergon\u00f3micos, psicosociales, ciberseguridad y fatiga digital. Con soluciones como eGestiona, las empresas pueden gestionar la PRL de forma eficiente, garantizar el cumplimiento normativo y proteger a sus trabajadores en un entorno tecnol\u00f3gico en constante evoluci\u00f3n.","_links":{"self":[{"href":"https:\/\/externalia.lebranders.es\/pt\/wp-json\/wp\/v2\/posts\/3584","targetHints":{"allow":["GET"]}}],"collection":[{"href":"https:\/\/externalia.lebranders.es\/pt\/wp-json\/wp\/v2\/posts"}],"about":[{"href":"https:\/\/externalia.lebranders.es\/pt\/wp-json\/wp\/v2\/types\/post"}],"author":[{"embeddable":true,"href":"https:\/\/externalia.lebranders.es\/pt\/wp-json\/wp\/v2\/users\/3"}],"replies":[{"embeddable":true,"href":"https:\/\/externalia.lebranders.es\/pt\/wp-json\/wp\/v2\/comments?post=3584"}],"version-history":[{"count":0,"href":"https:\/\/externalia.lebranders.es\/pt\/wp-json\/wp\/v2\/posts\/3584\/revisions"}],"wp:featuredmedia":[{"embeddable":true,"href":"https:\/\/externalia.lebranders.es\/pt\/wp-json\/wp\/v2\/media\/3585"}],"wp:attachment":[{"href":"https:\/\/externalia.lebranders.es\/pt\/wp-json\/wp\/v2\/media?parent=3584"}],"wp:term":[{"taxonomy":"category","embeddable":true,"href":"https:\/\/externalia.lebranders.es\/pt\/wp-json\/wp\/v2\/categories?post=3584"},{"taxonomy":"post_tag","embeddable":true,"href":"https:\/\/externalia.lebranders.es\/pt\/wp-json\/wp\/v2\/tags?post=3584"}],"curies":[{"name":"wp","href":"https:\/\/api.w.org\/{rel}","templated":true}]}}