{"id":4483,"date":"2025-11-05T07:43:32","date_gmt":"2025-11-05T07:43:32","guid":{"rendered":"https:\/\/egestiona.com\/?p=4483"},"modified":"2026-06-12T09:30:00","modified_gmt":"2026-06-12T09:30:00","slug":"errores-coordinacion-subcontratas-sanciones-2025","status":"publish","type":"post","link":"https:\/\/externalia.lebranders.es\/pt\/errores-coordinacion-subcontratas-sanciones-2025\/","title":{"rendered":"Errores frecuentes en la coordinaci\u00f3n de subcontratas que siguen costando sanciones en 2025"},"content":{"rendered":"<p class=\"wp-block-paragraph\"><strong>C\u00f3mo evitarlos con una gesti\u00f3n preventiva eficaz y centralizada<\/strong><\/p>\n\n\n\n<p class=\"wp-block-paragraph\">O <strong><a href=\"https:\/\/externalia.lebranders.es\/software-cae-plataforma-contratas-subcontratas\/\" target=\"_blank\" rel=\"noreferrer noopener\">coordinaci\u00f3n de actividades empresariales (CAE)<\/a><\/strong> contin\u00faa siendo uno de los puntos cr\u00edticos en las obras y proyectos donde intervienen m\u00faltiples contratas y subcontratas. Aunque las empresas cada vez est\u00e1n m\u00e1s concienciadas, <strong>los errores que provocan sanciones siguen repiti\u00e9ndose<\/strong>. Lo m\u00e1s preocupante es que, en muchos casos, se trata de <strong>fallos evitables<\/strong> que derivan de una gesti\u00f3n documental desorganizada o de procesos manuales poco fiables.<\/p>\n\n\n\n<p class=\"wp-block-paragraph\">A continuaci\u00f3n, repasamos algunos de los <strong>errores m\u00e1s comunes en la CAE en 2025<\/strong> y c\u00f3mo herramientas como <strong><a href=\"https:\/\/egestiona.com\" target=\"_blank\" rel=\"noopener\">eGestiona<\/a><\/strong> pueden ayudarte a prevenirlos.<\/p>\n\n\n\n<div id=\"ez-toc-container\" class=\"ez-toc-v2_0_87 ez-toc-wrap-left counter-hierarchy ez-toc-counter ez-toc-grey ez-toc-container-direction\">\n<div class=\"ez-toc-title-container\">\n<p class=\"ez-toc-title\" style=\"cursor:inherit\">Tabla de contenido<\/p>\n<span class=\"ez-toc-title-toggle\"><a href=\"#\" class=\"ez-toc-pull-right ez-toc-btn ez-toc-btn-xs ez-toc-btn-default ez-toc-toggle\" aria-label=\"Alternar tabela de conte\u00fado\"><span class=\"ez-toc-js-icon-con\"><span class=\"\"><span class=\"eztoc-hide\" style=\"display:none;\">Toggle<\/span><span class=\"ez-toc-icon-toggle-span\"><svg style=\"fill: #999;color:#999\" xmlns=\"http:\/\/www.w3.org\/2000\/svg\" class=\"list-377408\" width=\"20px\" height=\"20px\" viewbox=\"0 0 24 24\" fill=\"none\"><path d=\"M6 6H4v2h2V6zm14 0H8v2h12V6zM4 11h2v2H4v-2zm16 0H8v2h12v-2zM4 16h2v2H4v-2zm16 0H8v2h12v-2z\" fill=\"currentColor\"><\/path><\/svg><svg style=\"fill: #999;color:#999\" class=\"arrow-unsorted-368013\" xmlns=\"http:\/\/www.w3.org\/2000\/svg\" width=\"10px\" height=\"10px\" viewbox=\"0 0 24 24\" version=\"1.2\" baseprofile=\"tiny\"><path d=\"M18.2 9.3l-6.2-6.3-6.2 6.3c-.2.2-.3.4-.3.7s.1.5.3.7c.2.2.4.3.7.3h11c.3 0 .5-.1.7-.3.2-.2.3-.5.3-.7s-.1-.5-.3-.7zM5.8 14.7l6.2 6.3 6.2-6.3c.2-.2.3-.5.3-.7s-.1-.5-.3-.7c-.2-.2-.4-.3-.7-.3h-11c-.3 0-.5.1-.7.3-.2.2-.3.5-.3.7s.1.5.3.7z\"\/><\/svg><\/span><\/span><\/span><\/a><\/span><\/div>\n<nav><ul class='ez-toc-list ez-toc-list-level-1' ><li class='ez-toc-page-1 ez-toc-heading-level-2'><a class=\"ez-toc-link ez-toc-heading-1\" href=\"https:\/\/externalia.lebranders.es\/pt\/errores-coordinacion-subcontratas-sanciones-2025\/#Certificados_caducados_o_incorrectos\" >Certificados caducados o incorrectos<\/a><\/li><li class='ez-toc-page-1 ez-toc-heading-level-2'><a class=\"ez-toc-link ez-toc-heading-2\" href=\"https:\/\/externalia.lebranders.es\/pt\/errores-coordinacion-subcontratas-sanciones-2025\/#Falta_de_formacion_especifica_segun_el_puesto_de_trabajo\" >Falta de formaci\u00f3n espec\u00edfica seg\u00fan el puesto de trabajo<\/a><\/li><li class='ez-toc-page-1 ez-toc-heading-level-2'><a class=\"ez-toc-link ez-toc-heading-3\" href=\"https:\/\/externalia.lebranders.es\/pt\/errores-coordinacion-subcontratas-sanciones-2025\/#Accesos_no_controlados_o_sin_validacion_documental_previa\" >Accesos no controlados o sin validaci\u00f3n documental previa<\/a><\/li><li class='ez-toc-page-1 ez-toc-heading-level-2'><a class=\"ez-toc-link ez-toc-heading-4\" href=\"https:\/\/externalia.lebranders.es\/pt\/errores-coordinacion-subcontratas-sanciones-2025\/#Documentacion_sin_firmar_o_sin_respaldo_legal\" >Documentaci\u00f3n sin firmar o sin respaldo legal<\/a><\/li><li class='ez-toc-page-1 ez-toc-heading-level-2'><a class=\"ez-toc-link ez-toc-heading-5\" href=\"https:\/\/externalia.lebranders.es\/pt\/errores-coordinacion-subcontratas-sanciones-2025\/#Descoordinacion_entre_contratas_y_empresa_principal\" >Descoordinaci\u00f3n entre contratas y empresa principal<\/a><\/li><li class='ez-toc-page-1 ez-toc-heading-level-2'><a class=\"ez-toc-link ez-toc-heading-6\" href=\"https:\/\/externalia.lebranders.es\/pt\/errores-coordinacion-subcontratas-sanciones-2025\/#Prevenir_estos_errores_es_posible\" >Prevenir estos errores es posible<\/a><ul class='ez-toc-list-level-3' ><li class='ez-toc-heading-level-3'><a class=\"ez-toc-link ez-toc-heading-7\" href=\"https:\/\/externalia.lebranders.es\/pt\/errores-coordinacion-subcontratas-sanciones-2025\/#Solicita_una_demo_gratuita\" >Solicita una demo gratuita<\/a><\/li><\/ul><\/li><\/ul><\/nav><\/div>\n<h2 class=\"wp-block-heading\"><span class=\"ez-toc-section\" id=\"Certificados_caducados_o_incorrectos\"><\/span><strong>Certificados caducados o incorrectos<\/strong><span class=\"ez-toc-section-end\"><\/span><\/h2>\n\n\n\n<p class=\"wp-block-paragraph\"><\/p>\n\n\n\n<p class=\"wp-block-paragraph\"><strong>El problema:<\/strong><br>En muchas auditor\u00edas o inspecciones, todav\u00eda se detectan certificados de formaci\u00f3n en PRL caducados o documentos de aptitud m\u00e9dica que no corresponden al puesto real del trabajador. En ocasiones, incluso se presentan carnets de formaci\u00f3n gen\u00e9rica donde se exige formaci\u00f3n espec\u00edfica.<\/p>\n\n\n\n<p class=\"wp-block-paragraph\"><strong>Consecuencia:<\/strong><br>Infracci\u00f3n grave, sanci\u00f3n econ\u00f3mica y, en algunos casos, paralizaci\u00f3n del trabajo hasta corregir la no conformidad.<\/p>\n\n\n\n<p class=\"wp-block-paragraph\"><strong>C\u00f3mo lo soluciona eGestiona:<\/strong><br>Con el sistema de <strong><a href=\"https:\/\/externalia.lebranders.es\/vencimientos-documentales-prl-cae-egestiona\/\" target=\"_blank\" rel=\"noreferrer noopener\">alertas autom\u00e1ticas y control de fechas de validez<\/a><\/strong>, eGestiona permite a las empresas anticiparse a la caducidad de la documentaci\u00f3n. Adem\u00e1s, vincula cada documento al <strong>perfil del trabajador y su puesto real<\/strong>, evitando errores de clasificaci\u00f3n.<\/p>\n\n\n\n<h2 class=\"wp-block-heading\"><span class=\"ez-toc-section\" id=\"Falta_de_formacion_especifica_segun_el_puesto_de_trabajo\"><\/span><strong>Falta de formaci\u00f3n espec\u00edfica seg\u00fan el puesto de trabajo<\/strong><span class=\"ez-toc-section-end\"><\/span><\/h2>\n\n\n\n<p class=\"wp-block-paragraph\"><\/p>\n\n\n\n<p class=\"wp-block-paragraph\"><strong>El problema:<\/strong><br>Un trabajador accede a obra con formaci\u00f3n b\u00e1sica en PRL, pero su actividad implica riesgos espec\u00edficos (trabajo en altura, espacios confinados, uso de maquinaria&#8230;). Si no cuenta con la formaci\u00f3n adecuada, la empresa principal puede ser sancionada.<\/p>\n\n\n\n<p class=\"wp-block-paragraph\"><strong>Consecuencia:<\/strong><br>Responsabilidad solidaria y posible inmovilizaci\u00f3n de tareas hasta justificar la formaci\u00f3n.<\/p>\n\n\n\n<p class=\"wp-block-paragraph\"><strong>C\u00f3mo lo soluciona eGestiona:<\/strong><br>El m\u00f3dulo de validaci\u00f3n de eGestiona no solo revisa si el documento existe, sino si <strong>corresponde exactamente a los requisitos del puesto<\/strong>. Adem\u00e1s, permite establecer <strong>criterios personalizados por centro de trabajo o actividad<\/strong>, asegurando el cumplimiento real.<\/p>\n\n\n\n<h2 class=\"wp-block-heading\"><span class=\"ez-toc-section\" id=\"Accesos_no_controlados_o_sin_validacion_documental_previa\"><\/span><strong>Accesos no controlados o sin validaci\u00f3n documental previa<\/strong><span class=\"ez-toc-section-end\"><\/span><\/h2>\n\n\n\n<p class=\"wp-block-paragraph\"><\/p>\n\n\n\n<p class=\"wp-block-paragraph\"><strong>El problema:<\/strong><br>En algunos casos, los accesos se autorizan verbalmente o no se comprueba en tiempo real si la documentaci\u00f3n est\u00e1 validada. Esto supone un incumplimiento directo de la CAE.<\/p>\n\n\n\n<p class=\"wp-block-paragraph\"><strong>Consecuencia:<\/strong><br>Riesgo para la seguridad y sanciones por permitir la entrada a personal no autorizado.<\/p>\n\n\n\n<p class=\"wp-block-paragraph\"><strong>C\u00f3mo lo soluciona eGestiona:<\/strong><br>La plataforma se integra con <strong><a href=\"https:\/\/externalia.lebranders.es\/control-accesos-cumplimiento-documental-prl-cae\/\" target=\"_blank\" rel=\"noreferrer noopener\">sistemas de control de accesos f\u00edsicos<\/a><\/strong>, permitiendo que <strong>solo accedan trabajadores con documentaci\u00f3n en regla y validada<\/strong>. Adem\u00e1s, registra trazabilidad y tiempos de permanencia en obra.<\/p>\n\n\n\n<h2 class=\"wp-block-heading\"><span class=\"ez-toc-section\" id=\"Documentacion_sin_firmar_o_sin_respaldo_legal\"><\/span><strong>Documentaci\u00f3n sin firmar o sin respaldo legal<\/strong><span class=\"ez-toc-section-end\"><\/span><\/h2>\n\n\n\n<p class=\"wp-block-paragraph\"><\/p>\n\n\n\n<p class=\"wp-block-paragraph\"><strong>El problema:<\/strong><br>Se sube a plataformas documentaci\u00f3n escaneada pero no firmada electr\u00f3nicamente, o se utiliza documentaci\u00f3n tipo sin adaptaci\u00f3n a la actividad real.<\/p>\n\n\n\n<p class=\"wp-block-paragraph\"><strong>Consecuencia:<\/strong><br>Falta de validez legal ante inspecci\u00f3n. Posibles sanciones y obligaci\u00f3n de rehacer procesos.<\/p>\n\n\n\n<p class=\"wp-block-paragraph\"><strong>C\u00f3mo lo soluciona eGestiona:<\/strong><br>Permite la <strong>firma electr\u00f3nica integrada<\/strong> y exige que cada documento est\u00e9 <strong>vinculado al contexto de la actividad, la ubicaci\u00f3n y el puesto<\/strong>. Esto garantiza que la documentaci\u00f3n no solo est\u00e9 cargada, sino que cumpla con la legalidad.<\/p>\n\n\n\n<h2 class=\"wp-block-heading\"><span class=\"ez-toc-section\" id=\"Descoordinacion_entre_contratas_y_empresa_principal\"><\/span><strong>Descoordinaci\u00f3n entre contratas y empresa principal<\/strong><span class=\"ez-toc-section-end\"><\/span><\/h2>\n\n\n\n<p class=\"wp-block-paragraph\"><\/p>\n\n\n\n<p class=\"wp-block-paragraph\"><strong>El problema:<\/strong><br>La falta de seguimiento entre los responsables de la empresa principal y las contratas provoca solapamientos, incumplimientos y retrasos en validaciones.<\/p>\n\n\n\n<p class=\"wp-block-paragraph\"><strong>Consecuencia:<\/strong><br>Falta de trazabilidad, riesgos reales para los trabajadores y responsabilidades compartidas en caso de accidente.<\/p>\n\n\n\n<p class=\"wp-block-paragraph\"><strong>C\u00f3mo lo soluciona eGestiona:<\/strong><br>Con su sistema de <strong>notificaciones inteligentes<\/strong>, eGestiona facilita la comunicaci\u00f3n entre todos los actores implicados. Adem\u00e1s, permite hacer <strong>seguimiento en tiempo real del estado documental<\/strong> y coordinar la PRL de forma transparente y auditada.<\/p>\n\n\n\n<h2 class=\"wp-block-heading\"><span class=\"ez-toc-section\" id=\"Prevenir_estos_errores_es_posible\"><\/span><strong>Prevenir estos errores es posible<\/strong><span class=\"ez-toc-section-end\"><\/span><\/h2>\n\n\n\n<p class=\"wp-block-paragraph\"><\/p>\n\n\n\n<p class=\"wp-block-paragraph\">A estas alturas, no se trata solo de \u201ccumplir\u201d la <a href=\"https:\/\/externalia.lebranders.es\/normativa-compliance-en-la-gestion-de-la-coordinacion-de-actividades-empresariales-cae\/\" target=\"_blank\" rel=\"noreferrer noopener\">normativa CAE<\/a>: se trata de <strong>proteger a las personas y a la empresa<\/strong>. Y eso solo se consigue con herramientas que hagan la gesti\u00f3n preventiva <strong>\u00e1gil, rigurosa y proactiva<\/strong>.<\/p>\n\n\n\n<p class=\"wp-block-paragraph\">Si a\u00fan trabajas con Excel, correos y carpetas compartidas, quiz\u00e1 es el momento de dar un paso adelante.<br>Con <strong><a href=\"https:\/\/egestiona.com\" target=\"_blank\" rel=\"noopener\">eGestiona<\/a><\/strong> puedes tener <strong>todo centralizado, automatizado y bajo control<\/strong>.<\/p>\n\n\n\n<div style=\"height:53px\" aria-hidden=\"true\" class=\"wp-block-spacer\"><\/div>\n\n\n\n<div class=\"wp-block-uagb-call-to-action uagb-block-0bebe05e wp-block-button\"><div class=\"uagb-cta__wrap\"><h3 class=\"uagb-cta__title\"><span class=\"ez-toc-section\" id=\"Solicita_una_demo_gratuita\"><\/span><strong>Solicita una demo gratuita<\/strong><span class=\"ez-toc-section-end\"><\/span><\/h3><p class=\"uagb-cta__desc\">Verificaci\u00f3n ITA diaria \u00b7 Certificados AEAT\/TGSS \u00b7 Control de accesos \u00b7 Trazabilidad documental CAE<\/p><\/div><div class=\"uagb-cta__buttons\"><a href=\"https:\/\/externalia.lebranders.es\/solicitar-demo\/\" class=\"uagb-cta__button-link-wrapper wp-block-button__link\" target=\"_self\" rel=\"noopener noreferrer\">DEMO<\/a><\/div><\/div>\n\n\n\n<div style=\"height:53px\" aria-hidden=\"true\" class=\"wp-block-spacer\"><\/div>\n\n\n\n<h4 class=\"wp-block-heading\"><strong>Otros art\u00edculos de inter\u00e9s<\/strong><\/h4>\n\n\n\n\t\t\t<div class=\"wp-block-uagb-post-carousel uagb-post-grid  uagb-post__image-position-top uagb-post__image-enabled uagb-block-4fbc9ec3     uagb-post__arrow-outside uagb-slick-carousel uagb-post__items uagb-post__columns-3 is-carousel uagb-post__columns-tablet-2 uagb-post__columns-mobile-1\" data-total=\"3\" style=\"\">\n\n\t\t\t\t\t\t\t\t\t\t\t\t<article class=\"uagb-post__inner-wrap\">\t\t\t\t\t\t\t\t<div class='uagb-post__image'>\n\t\t\t\t\t\t\t\t\t<a href=\"https:\/\/externalia.lebranders.es\/pt\/registro-electronico-jornada-laboral-mexico-2027\/\" target=\"_self\" rel=\"bookmark noopener noreferrer\"><img loading=\"lazy\" decoding=\"async\" width=\"1024\" height=\"576\" src=\"https:\/\/externalia.lebranders.es\/wp-content\/uploads\/2026\/07\/Registro-electronico-de-jornada-laboral-Mexico-1024x576.png\" class=\"attachment-large size-large\" alt=\"registro electr\u00f3nico jornada laboral M\u00e9xico reforma 2027 eGestiona\" srcset=\"https:\/\/externalia.lebranders.es\/wp-content\/uploads\/2026\/07\/Registro-electronico-de-jornada-laboral-Mexico-980x552.png 980w, https:\/\/externalia.lebranders.es\/wp-content\/uploads\/2026\/07\/Registro-electronico-de-jornada-laboral-Mexico-480x270.png 480w\" sizes=\"(min-width: 0px) and (max-width: 480px) 480px, (min-width: 481px) and (max-width: 980px) 980px, (min-width: 981px) 1024px, 100vw\" \/>\t\t\t\t\t<\/a>\n\t\t\t\t\t\t\t\t\t<\/div>\n\t\t\t\t\t\t<h4 class=\"uagb-post__title uagb-post__text\">\n\t\t\t\t<a href=\"https:\/\/externalia.lebranders.es\/pt\/registro-electronico-jornada-laboral-mexico-2027\/\" target=\"_self\" rel=\"bookmark noopener noreferrer\">Registro electr\u00f3nico de jornada laboral en M\u00e9xico: la gu\u00eda completa de la reforma que entra en vigor el 1 de enero de 2027<\/a>\n\t\t\t<\/h4>\n\t\t\t\t\t\t<div class='uagb-post__text uagb-post-grid-byline'>\n\t\t\t\t\t\t\t\t<div class=\"uagb-post__text\">\n\t\t\t\t\t<span class='uagb-post__taxonomy'>\n\t\t\t\t\t\t\t\t\t\t\t\t<a href=\"https:\/\/externalia.lebranders.es\/pt\/software-cae\/compliance-y-normativa\/\">Compliance &amp; normativa\u00a0<\/a>,&nbsp;<a href=\"https:\/\/externalia.lebranders.es\/pt\/software-cae\/\">Software CAE<\/a>\t\t\t\t\t<\/span>\n\t\t\t\t<\/div>\n\t\t\t\t\t\t\t<\/div>\n\t\t\t\t\t\t\t<div class='uagb-post__text uagb-post__excerpt'>\n\t\t\t\t\tEl registro electr\u00f3nico de jornada ya es ley en M\u00e9xico. Te contamos qu\u00e9 exige la reforma a la LFT, desde cu\u00e1ndo se sanciona&#8230;\t\t\t\t<\/div>\n\t\t\t\t\t\t<div class=\"uagb-post__text uagb-post__cta wp-block-button\">\n\t\t\t\t<a class=\"wp-block-button__link uagb-text-link\" style=\"\" href=\"https:\/\/externalia.lebranders.es\/pt\/registro-electronico-jornada-laboral-mexico-2027\/\" target=\"_self\" rel=\"bookmark noopener noreferrer\">Ler mais<\/a>\n\t\t\t<\/div>\n\t\t\t\n\t\t\t\t\t\t\t\t\t<\/article>\n\t\t\t\t\t\t\t\t\t\t\t\t\t\t\t\t<article class=\"uagb-post__inner-wrap\">\t\t\t\t\t\t\t\t<div class='uagb-post__image'>\n\t\t\t\t\t\t\t\t\t<a href=\"https:\/\/externalia.lebranders.es\/pt\/checklist-cumplimiento-cae-2026-inspeccion-trabajo\/\" target=\"_self\" rel=\"bookmark noopener noreferrer\"><img loading=\"lazy\" decoding=\"async\" width=\"1024\" height=\"576\" src=\"https:\/\/externalia.lebranders.es\/wp-content\/uploads\/2026\/07\/Checklist-de-cumplimiento-CAE-2026-1024x576.png\" class=\"attachment-large size-large\" alt=\"Checklist CAE cumplimiento 2026\" srcset=\"https:\/\/externalia.lebranders.es\/wp-content\/uploads\/2026\/07\/Checklist-de-cumplimiento-CAE-2026-980x552.png 980w, https:\/\/externalia.lebranders.es\/wp-content\/uploads\/2026\/07\/Checklist-de-cumplimiento-CAE-2026-480x270.png 480w\" sizes=\"(min-width: 0px) and (max-width: 480px) 480px, (min-width: 481px) and (max-width: 980px) 980px, (min-width: 981px) 1024px, 100vw\" \/>\t\t\t\t\t<\/a>\n\t\t\t\t\t\t\t\t\t<\/div>\n\t\t\t\t\t\t<h4 class=\"uagb-post__title uagb-post__text\">\n\t\t\t\t<a href=\"https:\/\/externalia.lebranders.es\/pt\/checklist-cumplimiento-cae-2026-inspeccion-trabajo\/\" target=\"_self\" rel=\"bookmark noopener noreferrer\">CHECKLIST DE CUMPLIMIENTO CAE 2026: lo que Inspecci\u00f3n de Trabajo comprueba en cada visita<\/a>\n\t\t\t<\/h4>\n\t\t\t\t\t\t<div class='uagb-post__text uagb-post-grid-byline'>\n\t\t\t\t\t\t\t\t<div class=\"uagb-post__text\">\n\t\t\t\t\t<span class='uagb-post__taxonomy'>\n\t\t\t\t\t\t\t\t\t\t\t\t<a href=\"https:\/\/externalia.lebranders.es\/pt\/software-cae\/\">Software CAE<\/a>,&nbsp;<a href=\"https:\/\/externalia.lebranders.es\/pt\/software-cae\/compliance-y-normativa\/\">Compliance &amp; normativa\u00a0<\/a>,&nbsp;<a href=\"https:\/\/externalia.lebranders.es\/pt\/software-cae\/control-operativo-y-gestion-de-contratistas\/\">Control operativo &amp; gesti\u00f3n de contratistas<\/a>,&nbsp;<a href=\"https:\/\/externalia.lebranders.es\/pt\/software-cae\/prl\/\">PRL<\/a>\t\t\t\t\t<\/span>\n\t\t\t\t<\/div>\n\t\t\t\t\t\t\t<\/div>\n\t\t\t\t\t\t\t<div class='uagb-post__text uagb-post__excerpt'>\n\t\t\t\t\tGu\u00eda pr\u00e1ctica con el checklist de los 10 puntos que Inspecci\u00f3n de Trabajo verifica en materia de CAE en 2026: acreditaci\u00f3n de contratistas,&#8230;\t\t\t\t<\/div>\n\t\t\t\t\t\t<div class=\"uagb-post__text uagb-post__cta wp-block-button\">\n\t\t\t\t<a class=\"wp-block-button__link uagb-text-link\" style=\"\" href=\"https:\/\/externalia.lebranders.es\/pt\/checklist-cumplimiento-cae-2026-inspeccion-trabajo\/\" target=\"_self\" rel=\"bookmark noopener noreferrer\">Ler mais<\/a>\n\t\t\t<\/div>\n\t\t\t\n\t\t\t\t\t\t\t\t\t<\/article>\n\t\t\t\t\t\t\t\t\t\t\t\t\t\t\t\t<article class=\"uagb-post__inner-wrap\">\t\t\t\t\t\t\t\t<div class='uagb-post__image'>\n\t\t\t\t\t\t\t\t\t<a href=\"https:\/\/externalia.lebranders.es\/pt\/software-cae-plataforma-contratas-subcontratas\/\" target=\"_self\" rel=\"bookmark noopener noreferrer\"><img loading=\"lazy\" decoding=\"async\" width=\"1024\" height=\"576\" src=\"https:\/\/externalia.lebranders.es\/wp-content\/uploads\/2026\/06\/Software-CAE-eGestiona--1024x576.png\" class=\"attachment-large size-large\" alt=\"Software CAE eGestiona \u2014 Panel de control operativo de contratistas y coordinaci\u00f3n de actividades empresariales en plataforma SaaS en nube\" srcset=\"https:\/\/externalia.lebranders.es\/wp-content\/uploads\/2026\/06\/Software-CAE-eGestiona--980x552.png 980w, https:\/\/externalia.lebranders.es\/wp-content\/uploads\/2026\/06\/Software-CAE-eGestiona--480x270.png 480w\" sizes=\"(min-width: 0px) and (max-width: 480px) 480px, (min-width: 481px) and (max-width: 980px) 980px, (min-width: 981px) 1024px, 100vw\" \/>\t\t\t\t\t<\/a>\n\t\t\t\t\t\t\t\t\t<\/div>\n\t\t\t\t\t\t<h4 class=\"uagb-post__title uagb-post__text\">\n\t\t\t\t<a href=\"https:\/\/externalia.lebranders.es\/pt\/software-cae-plataforma-contratas-subcontratas\/\" target=\"_self\" rel=\"bookmark noopener noreferrer\">Software CAE en 2026: digitalizaci\u00f3n obligatoria de la coordinaci\u00f3n de actividades empresariales<\/a>\n\t\t\t<\/h4>\n\t\t\t\t\t\t<div class='uagb-post__text uagb-post-grid-byline'>\n\t\t\t\t\t\t\t\t<div class=\"uagb-post__text\">\n\t\t\t\t\t<span class='uagb-post__taxonomy'>\n\t\t\t\t\t\t\t\t\t\t\t\t<a href=\"https:\/\/externalia.lebranders.es\/pt\/software-cae\/\">Software CAE<\/a>,&nbsp;<a href=\"https:\/\/externalia.lebranders.es\/pt\/software-cae\/compliance-y-normativa\/\">Compliance &amp; normativa\u00a0<\/a>,&nbsp;<a href=\"https:\/\/externalia.lebranders.es\/pt\/software-cae\/control-operativo-y-gestion-de-contratistas\/\">Control operativo &amp; gesti\u00f3n de contratistas<\/a>\t\t\t\t\t<\/span>\n\t\t\t\t<\/div>\n\t\t\t\t\t\t\t<\/div>\n\t\t\t\t\t\t\t<div class='uagb-post__text uagb-post__excerpt'>\n\t\t\t\t\tLa revista del INSST de febrero de 2026 lo confirma: gestionar la coordinaci\u00f3n de actividades empresariales sin software CAE genera riesgos de incumplimiento&#8230;\t\t\t\t<\/div>\n\t\t\t\t\t\t<div class=\"uagb-post__text uagb-post__cta wp-block-button\">\n\t\t\t\t<a class=\"wp-block-button__link uagb-text-link\" style=\"\" href=\"https:\/\/externalia.lebranders.es\/pt\/software-cae-plataforma-contratas-subcontratas\/\" target=\"_self\" rel=\"bookmark noopener noreferrer\">Ler mais<\/a>\n\t\t\t<\/div>\n\t\t\t\n\t\t\t\t\t\t\t\t\t<\/article>\n\t\t\t\t\t\t\t\t\t\t\t\t\t\t\t\t<article class=\"uagb-post__inner-wrap\">\t\t\t\t\t\t\t\t<div class='uagb-post__image'>\n\t\t\t\t\t\t\t\t\t<a href=\"https:\/\/externalia.lebranders.es\/pt\/responsabilidad-solidaria-subsidiaria-cae\/\" target=\"_self\" rel=\"bookmark noopener noreferrer\"><img loading=\"lazy\" decoding=\"async\" width=\"1024\" height=\"683\" src=\"https:\/\/externalia.lebranders.es\/wp-content\/uploads\/2026\/05\/CAE-cuando-responde-la-empresa-principal-por-sus-contratas-eGestiona-1-1024x683.png\" class=\"attachment-large size-large\" alt=\"Responsabilidad solidaria y subsidiaria de la empresa principal en la CAE \u2014 coordinaci\u00f3n de actividades empresariales\" srcset=\"https:\/\/externalia.lebranders.es\/wp-content\/uploads\/2026\/05\/CAE-cuando-responde-la-empresa-principal-por-sus-contratas-eGestiona-1-980x653.png 980w, https:\/\/externalia.lebranders.es\/wp-content\/uploads\/2026\/05\/CAE-cuando-responde-la-empresa-principal-por-sus-contratas-eGestiona-1-480x320.png 480w\" sizes=\"(min-width: 0px) and (max-width: 480px) 480px, (min-width: 481px) and (max-width: 980px) 980px, (min-width: 981px) 1024px, 100vw\" \/>\t\t\t\t\t<\/a>\n\t\t\t\t\t\t\t\t\t<\/div>\n\t\t\t\t\t\t<h4 class=\"uagb-post__title uagb-post__text\">\n\t\t\t\t<a href=\"https:\/\/externalia.lebranders.es\/pt\/responsabilidad-solidaria-subsidiaria-cae\/\" target=\"_self\" rel=\"bookmark noopener noreferrer\">Responsabilidad solidaria y subsidiaria en la CAE: cu\u00e1ndo responde la empresa principal<\/a>\n\t\t\t<\/h4>\n\t\t\t\t\t\t<div class='uagb-post__text uagb-post-grid-byline'>\n\t\t\t\t\t\t\t\t<div class=\"uagb-post__text\">\n\t\t\t\t\t<span class='uagb-post__taxonomy'>\n\t\t\t\t\t\t\t\t\t\t\t\t<a href=\"https:\/\/externalia.lebranders.es\/pt\/software-cae\/control-operativo-y-gestion-de-contratistas\/\">Control operativo &amp; gesti\u00f3n de contratistas<\/a>,&nbsp;<a href=\"https:\/\/externalia.lebranders.es\/pt\/software-cae\/compliance-y-normativa\/\">Compliance &amp; normativa\u00a0<\/a>,&nbsp;<a href=\"https:\/\/externalia.lebranders.es\/pt\/software-cae\/prl\/\">PRL<\/a>,&nbsp;<a href=\"https:\/\/externalia.lebranders.es\/pt\/software-cae\/\">Software CAE<\/a>\t\t\t\t\t<\/span>\n\t\t\t\t<\/div>\n\t\t\t\t\t\t\t<\/div>\n\t\t\t\t\t\t\t<div class='uagb-post__text uagb-post__excerpt'>\n\t\t\t\t\tLa empresa principal puede responder solidariamente por las infracciones de sus contratas en materia de PRL y Seguridad Social. Analizamos cu\u00e1ndo, en qu\u00e9&#8230;\t\t\t\t<\/div>\n\t\t\t\t\t\t<div class=\"uagb-post__text uagb-post__cta wp-block-button\">\n\t\t\t\t<a class=\"wp-block-button__link uagb-text-link\" style=\"\" href=\"https:\/\/externalia.lebranders.es\/pt\/responsabilidad-solidaria-subsidiaria-cae\/\" target=\"_self\" rel=\"bookmark noopener noreferrer\">Ler mais<\/a>\n\t\t\t<\/div>\n\t\t\t\n\t\t\t\t\t\t\t\t\t<\/article>\n\t\t\t\t\t\t\t\t\t\t\t\t\t\t\t\t<article class=\"uagb-post__inner-wrap\">\t\t\t\t\t\t\t\t<div class='uagb-post__image'>\n\t\t\t\t\t\t\t\t\t<a href=\"https:\/\/externalia.lebranders.es\/pt\/riesgos-psicosociales-obligaciones-reforma-prl-2026\/\" target=\"_self\" rel=\"bookmark noopener noreferrer\"><img loading=\"lazy\" decoding=\"async\" width=\"1024\" height=\"683\" src=\"https:\/\/externalia.lebranders.es\/wp-content\/uploads\/2026\/05\/Riesgos-psicosociales-PRL-Externalia-Solutions-1024x683.png\" class=\"attachment-large size-large\" alt=\"Evaluaci\u00f3n de riesgos psicosociales en la empresa \u2013 nuevas obligaciones reforma Ley PRL 2026\" srcset=\"https:\/\/externalia.lebranders.es\/wp-content\/uploads\/2026\/05\/Riesgos-psicosociales-PRL-Externalia-Solutions-980x653.png 980w, https:\/\/externalia.lebranders.es\/wp-content\/uploads\/2026\/05\/Riesgos-psicosociales-PRL-Externalia-Solutions-480x320.png 480w\" sizes=\"(min-width: 0px) and (max-width: 480px) 480px, (min-width: 481px) and (max-width: 980px) 980px, (min-width: 981px) 1024px, 100vw\" \/>\t\t\t\t\t<\/a>\n\t\t\t\t\t\t\t\t\t<\/div>\n\t\t\t\t\t\t<h4 class=\"uagb-post__title uagb-post__text\">\n\t\t\t\t<a href=\"https:\/\/externalia.lebranders.es\/pt\/riesgos-psicosociales-obligaciones-reforma-prl-2026\/\" target=\"_self\" rel=\"bookmark noopener noreferrer\">Riesgos psicosociales en la empresa: nuevas obligaciones legales tras la reforma de la Ley PRL 2026<\/a>\n\t\t\t<\/h4>\n\t\t\t\t\t\t<div class='uagb-post__text uagb-post-grid-byline'>\n\t\t\t\t\t\t\t\t<div class=\"uagb-post__text\">\n\t\t\t\t\t<span class='uagb-post__taxonomy'>\n\t\t\t\t\t\t\t\t\t\t\t\t<a href=\"https:\/\/externalia.lebranders.es\/pt\/software-cae\/prl\/\">PRL<\/a>,&nbsp;<a href=\"https:\/\/externalia.lebranders.es\/pt\/software-cae\/compliance-y-normativa\/\">Compliance &amp; normativa\u00a0<\/a>\t\t\t\t\t<\/span>\n\t\t\t\t<\/div>\n\t\t\t\t\t\t\t<\/div>\n\t\t\t\t\t\t\t<div class='uagb-post__text uagb-post__excerpt'>\n\t\t\t\t\tEl nuevo art\u00edculo 16.2 de la Ley 31\/1995 convierte la evaluaci\u00f3n de riesgos psicosociales en obligaci\u00f3n legal expresa. Descubre qu\u00e9 debe hacer tu&#8230;\t\t\t\t<\/div>\n\t\t\t\t\t\t<div class=\"uagb-post__text uagb-post__cta wp-block-button\">\n\t\t\t\t<a class=\"wp-block-button__link uagb-text-link\" style=\"\" href=\"https:\/\/externalia.lebranders.es\/pt\/riesgos-psicosociales-obligaciones-reforma-prl-2026\/\" target=\"_self\" rel=\"bookmark noopener noreferrer\">Ler mais<\/a>\n\t\t\t<\/div>\n\t\t\t\n\t\t\t\t\t\t\t\t\t<\/article>\n\t\t\t\t\t\t\t\t\t\t\t\t\t\t\t\t<article class=\"uagb-post__inner-wrap\">\t\t\t\t\t\t\t\t<div class='uagb-post__image'>\n\t\t\t\t\t\t\t\t\t<a href=\"https:\/\/externalia.lebranders.es\/pt\/obligaciones-contratista-subcontratista-prl-cae\/\" target=\"_self\" rel=\"bookmark noopener noreferrer\"><img loading=\"lazy\" decoding=\"async\" width=\"1024\" height=\"683\" src=\"https:\/\/externalia.lebranders.es\/wp-content\/uploads\/2026\/05\/Obligaciones-del-contratista-Externalia-Solutions-1024x683.png\" class=\"attachment-large size-large\" alt=\"T\u00e9cnico de PRL supervisando documentaci\u00f3n CAE de contratistas y subcontratistas en obra de construcci\u00f3n con plataforma eGestiona\" srcset=\"https:\/\/externalia.lebranders.es\/wp-content\/uploads\/2026\/05\/Obligaciones-del-contratista-Externalia-Solutions-980x653.png 980w, https:\/\/externalia.lebranders.es\/wp-content\/uploads\/2026\/05\/Obligaciones-del-contratista-Externalia-Solutions-480x320.png 480w\" sizes=\"(min-width: 0px) and (max-width: 480px) 480px, (min-width: 481px) and (max-width: 980px) 980px, (min-width: 981px) 1024px, 100vw\" \/>\t\t\t\t\t<\/a>\n\t\t\t\t\t\t\t\t\t<\/div>\n\t\t\t\t\t\t<h4 class=\"uagb-post__title uagb-post__text\">\n\t\t\t\t<a href=\"https:\/\/externalia.lebranders.es\/pt\/obligaciones-contratista-subcontratista-prl-cae\/\" target=\"_self\" rel=\"bookmark noopener noreferrer\">Obligaciones del contratista y subcontratista en PRL y CAE: la gu\u00eda definitiva para empresas en entornos de riesgo<\/a>\n\t\t\t<\/h4>\n\t\t\t\t\t\t<div class='uagb-post__text uagb-post-grid-byline'>\n\t\t\t\t\t\t\t\t<div class=\"uagb-post__text\">\n\t\t\t\t\t<span class='uagb-post__taxonomy'>\n\t\t\t\t\t\t\t\t\t\t\t\t<a href=\"https:\/\/externalia.lebranders.es\/pt\/software-cae\/\">Software CAE<\/a>,&nbsp;<a href=\"https:\/\/externalia.lebranders.es\/pt\/software-cae\/compliance-y-normativa\/\">Compliance &amp; normativa\u00a0<\/a>,&nbsp;<a href=\"https:\/\/externalia.lebranders.es\/pt\/software-cae\/prl\/\">PRL<\/a>\t\t\t\t\t<\/span>\n\t\t\t\t<\/div>\n\t\t\t\t\t\t\t<\/div>\n\t\t\t\t\t\t\t<div class='uagb-post__text uagb-post__excerpt'>\n\t\t\t\t\t\u00bfCu\u00e1les son las obligaciones del contratista y el subcontratista en PRL y CAE? Esta gu\u00eda completa analiza la normativa vigente, la responsabilidad solidaria,&#8230;\t\t\t\t<\/div>\n\t\t\t\t\t\t<div class=\"uagb-post__text uagb-post__cta wp-block-button\">\n\t\t\t\t<a class=\"wp-block-button__link uagb-text-link\" style=\"\" href=\"https:\/\/externalia.lebranders.es\/pt\/obligaciones-contratista-subcontratista-prl-cae\/\" target=\"_self\" rel=\"bookmark noopener noreferrer\">Ler mais<\/a>\n\t\t\t<\/div>\n\t\t\t\n\t\t\t\t\t\t\t\t\t<\/article>\n\t\t\t\t\t\t\t\t\t\t\t\t\t\t\t\t<article class=\"uagb-post__inner-wrap\">\t\t\t\t\t\t\t\t<div class='uagb-post__image'>\n\t\t\t\t\t\t\t\t\t<a href=\"https:\/\/externalia.lebranders.es\/pt\/verificacion-ita-diaria-cae-contratistas\/\" target=\"_self\" rel=\"bookmark noopener noreferrer\"><img loading=\"lazy\" decoding=\"async\" width=\"1024\" height=\"683\" src=\"https:\/\/externalia.lebranders.es\/wp-content\/uploads\/2026\/04\/Verificacion-ITA-diaria-CAE-Externalia-Solutions-1024x683.png\" class=\"attachment-large size-large\" alt=\"Verificaci\u00f3n-ITA-diaria-CAE-Externalia\" srcset=\"https:\/\/externalia.lebranders.es\/wp-content\/uploads\/2026\/04\/Verificacion-ITA-diaria-CAE-Externalia-Solutions-980x653.png 980w, https:\/\/externalia.lebranders.es\/wp-content\/uploads\/2026\/04\/Verificacion-ITA-diaria-CAE-Externalia-Solutions-480x320.png 480w\" sizes=\"(min-width: 0px) and (max-width: 480px) 480px, (min-width: 481px) and (max-width: 980px) 980px, (min-width: 981px) 1024px, 100vw\" \/>\t\t\t\t\t<\/a>\n\t\t\t\t\t\t\t\t\t<\/div>\n\t\t\t\t\t\t<h4 class=\"uagb-post__title uagb-post__text\">\n\t\t\t\t<a href=\"https:\/\/externalia.lebranders.es\/pt\/verificacion-ita-diaria-cae-contratistas\/\" target=\"_self\" rel=\"bookmark noopener noreferrer\">Verificaci\u00f3n ITA diaria en la CAE: por qu\u00e9 el documento mensual ya no es suficiente para controlar el alta de tus contratistas en la Seguridad Social<\/a>\n\t\t\t<\/h4>\n\t\t\t\t\t\t<div class='uagb-post__text uagb-post-grid-byline'>\n\t\t\t\t\t\t\t\t<div class=\"uagb-post__text\">\n\t\t\t\t\t<span class='uagb-post__taxonomy'>\n\t\t\t\t\t\t\t\t\t\t\t\t<a href=\"https:\/\/externalia.lebranders.es\/pt\/software-cae\/control-operativo-y-gestion-de-contratistas\/\">Control operativo &amp; gesti\u00f3n de contratistas<\/a>,&nbsp;<a href=\"https:\/\/externalia.lebranders.es\/pt\/software-cae\/compliance-y-normativa\/\">Compliance &amp; normativa\u00a0<\/a>,&nbsp;<a href=\"https:\/\/externalia.lebranders.es\/pt\/software-cae\/prl\/\">PRL<\/a>,&nbsp;<a href=\"https:\/\/externalia.lebranders.es\/pt\/software-cae\/\">Software CAE<\/a>\t\t\t\t\t<\/span>\n\t\t\t\t<\/div>\n\t\t\t\t\t\t\t<\/div>\n\t\t\t\t\t\t\t<div class='uagb-post__text uagb-post__excerpt'>\n\t\t\t\t\tLa coordinaci\u00f3n de actividades empresariales ha evolucionado significativamente en los \u00faltimos a\u00f1os. Sin embargo, uno de los puntos cr\u00edticos que contin\u00faa generando incidencias&#8230;\t\t\t\t<\/div>\n\t\t\t\t\t\t<div class=\"uagb-post__text uagb-post__cta wp-block-button\">\n\t\t\t\t<a class=\"wp-block-button__link uagb-text-link\" style=\"\" href=\"https:\/\/externalia.lebranders.es\/pt\/verificacion-ita-diaria-cae-contratistas\/\" target=\"_self\" rel=\"bookmark noopener noreferrer\">Ler mais<\/a>\n\t\t\t<\/div>\n\t\t\t\n\t\t\t\t\t\t\t\t\t<\/article>\n\t\t\t\t\t\t\t\t\t\t\t<\/div>","protected":false},"excerpt":{"rendered":"<p>En 2025, los errores en la coordinaci\u00f3n de subcontratas siguen siendo motivo de sanci\u00f3n para muchas empresas. Desde certificados caducados hasta accesos no controlados, repasamos los fallos m\u00e1s comunes y c\u00f3mo evitarlos con una gesti\u00f3n CAE profesional, eficiente y automatizada. Descubre c\u00f3mo eGestiona puede ayudarte a garantizar el cumplimiento y proteger tu entorno de trabajo.<\/p>","protected":false},"author":3,"featured_media":5007,"comment_status":"open","ping_status":"open","sticky":false,"template":"","format":"standard","meta":{"_et_pb_use_builder":"off","_et_pb_old_content":"","_et_gb_content_width":"","_uag_custom_page_level_css":"","footnotes":""},"categories":[31,126,124],"tags":[23,25,26,27,28,328,329,29,147,30,35,37,38,40,41,42,43,172],"class_list":["post-4483","post","type-post","status-publish","format-standard","has-post-thumbnail","hentry","category-control-operativo-y-gestion-de-contratistas","category-compliance-y-normativa","category-software-cae","tag-auditorias","tag-coordinacion-de-actividades-empresariales","tag-cumplimiento","tag-cumplimiento-normativo","tag-egestiona","tag-errores-cae-2025","tag-gestion-de-subcontratas","tag-gestion-documental","tag-plataforma-de-coordinacion-de-actividades-empresariales","tag-plataforma-de-gestion-documental","tag-prevencion-de-riesgos-laborales","tag-prl","tag-reduccion-de-riesgos","tag-seguridad","tag-transparencia","tag-validacion","tag-validacion-documental","tag-validacion-documental-contratas"],"uagb_featured_image_src":{"full":["https:\/\/externalia.lebranders.es\/wp-content\/uploads\/2025\/11\/Errores-CAE-subcontratas-Externalia-Solutions.png",1536,1024,false],"thumbnail":["https:\/\/externalia.lebranders.es\/wp-content\/uploads\/2025\/11\/Errores-CAE-subcontratas-Externalia-Solutions-150x150.png",150,150,true],"medium":["https:\/\/externalia.lebranders.es\/wp-content\/uploads\/2025\/11\/Errores-CAE-subcontratas-Externalia-Solutions-300x200.png",300,200,true],"medium_large":["https:\/\/externalia.lebranders.es\/wp-content\/uploads\/2025\/11\/Errores-CAE-subcontratas-Externalia-Solutions-768x512.png",768,512,true],"large":["https:\/\/externalia.lebranders.es\/wp-content\/uploads\/2025\/11\/Errores-CAE-subcontratas-Externalia-Solutions-1024x683.png",1024,683,true],"1536x1536":["https:\/\/externalia.lebranders.es\/wp-content\/uploads\/2025\/11\/Errores-CAE-subcontratas-Externalia-Solutions.png",1536,1024,false],"2048x2048":["https:\/\/externalia.lebranders.es\/wp-content\/uploads\/2025\/11\/Errores-CAE-subcontratas-Externalia-Solutions.png",1536,1024,false],"trp-custom-language-flag":["https:\/\/externalia.lebranders.es\/wp-content\/uploads\/2025\/11\/Errores-CAE-subcontratas-Externalia-Solutions-18x12.png",18,12,true],"et-pb-post-main-image":["https:\/\/externalia.lebranders.es\/wp-content\/uploads\/2025\/11\/Errores-CAE-subcontratas-Externalia-Solutions-400x250.png",400,250,true],"et-pb-post-main-image-fullwidth":["https:\/\/externalia.lebranders.es\/wp-content\/uploads\/2025\/11\/Errores-CAE-subcontratas-Externalia-Solutions-1080x675.png",1080,675,true],"et-pb-portfolio-image":["https:\/\/externalia.lebranders.es\/wp-content\/uploads\/2025\/11\/Errores-CAE-subcontratas-Externalia-Solutions-400x284.png",400,284,true],"et-pb-portfolio-module-image":["https:\/\/externalia.lebranders.es\/wp-content\/uploads\/2025\/11\/Errores-CAE-subcontratas-Externalia-Solutions-510x382.png",510,382,true],"et-pb-portfolio-image-single":["https:\/\/externalia.lebranders.es\/wp-content\/uploads\/2025\/11\/Errores-CAE-subcontratas-Externalia-Solutions-1080x720.png",1080,720,true],"et-pb-gallery-module-image-portrait":["https:\/\/externalia.lebranders.es\/wp-content\/uploads\/2025\/11\/Errores-CAE-subcontratas-Externalia-Solutions-400x516.png",400,516,true],"et-pb-post-main-image-fullwidth-large":["https:\/\/externalia.lebranders.es\/wp-content\/uploads\/2025\/11\/Errores-CAE-subcontratas-Externalia-Solutions.png",1536,1024,false],"et-pb-image--responsive--desktop":["https:\/\/externalia.lebranders.es\/wp-content\/uploads\/2025\/11\/Errores-CAE-subcontratas-Externalia-Solutions-1280x853.png",1080,720,true],"et-pb-image--responsive--tablet":["https:\/\/externalia.lebranders.es\/wp-content\/uploads\/2025\/11\/Errores-CAE-subcontratas-Externalia-Solutions-980x653.png",827,551,true],"et-pb-image--responsive--phone":["https:\/\/externalia.lebranders.es\/wp-content\/uploads\/2025\/11\/Errores-CAE-subcontratas-Externalia-Solutions-480x320.png",405,270,true]},"uagb_author_info":{"display_name":"Silvia Martorell","author_link":"https:\/\/externalia.lebranders.es\/pt\/author\/silvia\/"},"uagb_comment_info":0,"uagb_excerpt":"En 2025, los errores en la coordinaci\u00f3n de subcontratas siguen siendo motivo de sanci\u00f3n para muchas empresas. Desde certificados caducados hasta accesos no controlados, repasamos los fallos m\u00e1s comunes y c\u00f3mo evitarlos con una gesti\u00f3n CAE profesional, eficiente y automatizada. Descubre c\u00f3mo eGestiona puede ayudarte a garantizar el cumplimiento y proteger tu entorno de trabajo.","_links":{"self":[{"href":"https:\/\/externalia.lebranders.es\/pt\/wp-json\/wp\/v2\/posts\/4483","targetHints":{"allow":["GET"]}}],"collection":[{"href":"https:\/\/externalia.lebranders.es\/pt\/wp-json\/wp\/v2\/posts"}],"about":[{"href":"https:\/\/externalia.lebranders.es\/pt\/wp-json\/wp\/v2\/types\/post"}],"author":[{"embeddable":true,"href":"https:\/\/externalia.lebranders.es\/pt\/wp-json\/wp\/v2\/users\/3"}],"replies":[{"embeddable":true,"href":"https:\/\/externalia.lebranders.es\/pt\/wp-json\/wp\/v2\/comments?post=4483"}],"version-history":[{"count":1,"href":"https:\/\/externalia.lebranders.es\/pt\/wp-json\/wp\/v2\/posts\/4483\/revisions"}],"predecessor-version":[{"id":5009,"href":"https:\/\/externalia.lebranders.es\/pt\/wp-json\/wp\/v2\/posts\/4483\/revisions\/5009"}],"wp:featuredmedia":[{"embeddable":true,"href":"https:\/\/externalia.lebranders.es\/pt\/wp-json\/wp\/v2\/media\/5007"}],"wp:attachment":[{"href":"https:\/\/externalia.lebranders.es\/pt\/wp-json\/wp\/v2\/media?parent=4483"}],"wp:term":[{"taxonomy":"category","embeddable":true,"href":"https:\/\/externalia.lebranders.es\/pt\/wp-json\/wp\/v2\/categories?post=4483"},{"taxonomy":"post_tag","embeddable":true,"href":"https:\/\/externalia.lebranders.es\/pt\/wp-json\/wp\/v2\/tags?post=4483"}],"curies":[{"name":"wp","href":"https:\/\/api.w.org\/{rel}","templated":true}]}}