{"id":4745,"date":"2026-04-08T06:47:56","date_gmt":"2026-04-08T06:47:56","guid":{"rendered":"https:\/\/egestiona.com\/?p=4745"},"modified":"2026-06-12T06:51:19","modified_gmt":"2026-06-12T06:51:19","slug":"verificacion-ita-diaria-cae-contratistas","status":"publish","type":"post","link":"https:\/\/externalia.lebranders.es\/pt\/verificacion-ita-diaria-cae-contratistas\/","title":{"rendered":"Verificaci\u00f3n ITA diaria en la CAE: por qu\u00e9 el documento mensual ya no es suficiente para controlar el alta de tus contratistas en la Seguridad Social"},"content":{"rendered":"<p class=\"wp-block-paragraph\"><strong><a href=\"https:\/\/externalia.lebranders.es\/que-es-la-coordinacion-de-actividades-empresariales\/\" target=\"_blank\" rel=\"noreferrer noopener\">La coordinaci\u00f3n de actividades empresariales<\/a><\/strong> ha evolucionado significativamente en los \u00faltimos a\u00f1os. Sin embargo, uno de los puntos cr\u00edticos que contin\u00faa generando incidencias en las auditor\u00edas e inspecciones de trabajo es la validaci\u00f3n del alta en Seguridad Social de los trabajadores de contratas y subcontratas. La pr\u00e1ctica extendida de solicitar el Informe de Trabajadores en Alta (ITA) con car\u00e1cter mensual responde m\u00e1s a una inercia documental que a una gesti\u00f3n preventiva real. En este art\u00edculo analizamos por qu\u00e9 esa cadencia ha dejado de ser suficiente, qu\u00e9 implica la verificaci\u00f3n ITA diaria y c\u00f3mo su implementaci\u00f3n transforma la gesti\u00f3n del riesgo en centros de trabajo con concurrencia empresarial.<\/p>\n\n\n\n<div id=\"ez-toc-container\" class=\"ez-toc-v2_0_87 ez-toc-wrap-left counter-hierarchy ez-toc-counter ez-toc-grey ez-toc-container-direction\">\n<div class=\"ez-toc-title-container\">\n<p class=\"ez-toc-title\" style=\"cursor:inherit\">Tabla de contenido<\/p>\n<span class=\"ez-toc-title-toggle\"><a href=\"#\" class=\"ez-toc-pull-right ez-toc-btn ez-toc-btn-xs ez-toc-btn-default ez-toc-toggle\" aria-label=\"Alternar tabela de conte\u00fado\"><span class=\"ez-toc-js-icon-con\"><span class=\"\"><span class=\"eztoc-hide\" style=\"display:none;\">Toggle<\/span><span class=\"ez-toc-icon-toggle-span\"><svg style=\"fill: #999;color:#999\" xmlns=\"http:\/\/www.w3.org\/2000\/svg\" class=\"list-377408\" width=\"20px\" height=\"20px\" viewbox=\"0 0 24 24\" fill=\"none\"><path d=\"M6 6H4v2h2V6zm14 0H8v2h12V6zM4 11h2v2H4v-2zm16 0H8v2h12v-2zM4 16h2v2H4v-2zm16 0H8v2h12v-2z\" fill=\"currentColor\"><\/path><\/svg><svg style=\"fill: #999;color:#999\" class=\"arrow-unsorted-368013\" xmlns=\"http:\/\/www.w3.org\/2000\/svg\" width=\"10px\" height=\"10px\" viewbox=\"0 0 24 24\" version=\"1.2\" baseprofile=\"tiny\"><path d=\"M18.2 9.3l-6.2-6.3-6.2 6.3c-.2.2-.3.4-.3.7s.1.5.3.7c.2.2.4.3.7.3h11c.3 0 .5-.1.7-.3.2-.2.3-.5.3-.7s-.1-.5-.3-.7zM5.8 14.7l6.2 6.3 6.2-6.3c.2-.2.3-.5.3-.7s-.1-.5-.3-.7c-.2-.2-.4-.3-.7-.3h-11c-.3 0-.5.1-.7.3-.2.2-.3.5-.3.7s.1.5.3.7z\"\/><\/svg><\/span><\/span><\/span><\/a><\/span><\/div>\n<nav><ul class='ez-toc-list ez-toc-list-level-1' ><li class='ez-toc-page-1 ez-toc-heading-level-2'><a class=\"ez-toc-link ez-toc-heading-1\" href=\"https:\/\/externalia.lebranders.es\/pt\/verificacion-ita-diaria-cae-contratistas\/#Que_es_el_Informe_de_Trabajadores_en_Alta_ITA_y_su_funcion_en_la_CAE\" >Qu\u00e9 es el Informe de Trabajadores en Alta (ITA) y su funci\u00f3n en la CAE<\/a><\/li><li class='ez-toc-page-1 ez-toc-heading-level-2'><a class=\"ez-toc-link ez-toc-heading-2\" href=\"https:\/\/externalia.lebranders.es\/pt\/verificacion-ita-diaria-cae-contratistas\/#El_problema_del_ITA_mensual_una_falsa_seguridad_documental\" >El problema del ITA mensual: una falsa seguridad documental<\/a><ul class='ez-toc-list-level-3' ><li class='ez-toc-heading-level-3'><a class=\"ez-toc-link ez-toc-heading-3\" href=\"https:\/\/externalia.lebranders.es\/pt\/verificacion-ita-diaria-cae-contratistas\/#La_ventana_de_riesgo_entre_verificaciones\" >La ventana de riesgo entre verificaciones<\/a><\/li><li class='ez-toc-page-1 ez-toc-heading-level-3'><a class=\"ez-toc-link ez-toc-heading-4\" href=\"https:\/\/externalia.lebranders.es\/pt\/verificacion-ita-diaria-cae-contratistas\/#Implicaciones_para_la_empresa_principal\" >Implicaciones para la empresa principal<\/a><\/li><li class='ez-toc-page-1 ez-toc-heading-level-3'><a class=\"ez-toc-link ez-toc-heading-5\" href=\"https:\/\/externalia.lebranders.es\/pt\/verificacion-ita-diaria-cae-contratistas\/#La_brecha_entre_cumplimiento_formal_y_prevencion_real\" >La brecha entre cumplimiento formal y prevenci\u00f3n real<\/a><\/li><\/ul><\/li><li class='ez-toc-page-1 ez-toc-heading-level-2'><a class=\"ez-toc-link ez-toc-heading-6\" href=\"https:\/\/externalia.lebranders.es\/pt\/verificacion-ita-diaria-cae-contratistas\/#La_verificacion_ITA_diaria_en_que_consiste_y_como_funciona\" >La verificaci\u00f3n ITA diaria: en qu\u00e9 consiste y c\u00f3mo funciona<\/a><ul class='ez-toc-list-level-3' ><li class='ez-toc-heading-level-3'><a class=\"ez-toc-link ez-toc-heading-7\" href=\"https:\/\/externalia.lebranders.es\/pt\/verificacion-ita-diaria-cae-contratistas\/#Funcionamiento_tecnico\" >Funcionamiento t\u00e9cnico<\/a><\/li><li class='ez-toc-page-1 ez-toc-heading-level-3'><a class=\"ez-toc-link ez-toc-heading-8\" href=\"https:\/\/externalia.lebranders.es\/pt\/verificacion-ita-diaria-cae-contratistas\/#Ventajas_operativas_frente_al_modelo_mensual\" >Ventajas operativas frente al modelo mensual<\/a><\/li><\/ul><\/li><li class='ez-toc-page-1 ez-toc-heading-level-2'><a class=\"ez-toc-link ez-toc-heading-9\" href=\"https:\/\/externalia.lebranders.es\/pt\/verificacion-ita-diaria-cae-contratistas\/#Implicaciones_de_la_reforma_de_la_Ley_PRL_anteproyecto_de_marzo_2026\" >Implicaciones de la reforma de la Ley PRL (anteproyecto de marzo 2026)<\/a><\/li><li class='ez-toc-page-1 ez-toc-heading-level-2'><a class=\"ez-toc-link ez-toc-heading-10\" href=\"https:\/\/externalia.lebranders.es\/pt\/verificacion-ita-diaria-cae-contratistas\/#Casos_de_uso_en_que_sectores_y_situaciones_es_mas_critica_la_verificacion_diaria\" >Casos de uso: en qu\u00e9 sectores y situaciones es m\u00e1s cr\u00edtica la verificaci\u00f3n diaria<\/a><\/li><li class='ez-toc-page-1 ez-toc-heading-level-2'><a class=\"ez-toc-link ez-toc-heading-11\" href=\"https:\/\/externalia.lebranders.es\/pt\/verificacion-ita-diaria-cae-contratistas\/#Integracion_de_la_verificacion_ITA_diaria_en_la_plataforma_CAE_criterios_de_implementacion\" >Integraci\u00f3n de la verificaci\u00f3n ITA diaria en la plataforma CAE: criterios de implementaci\u00f3n<\/a><\/li><li class='ez-toc-page-1 ez-toc-heading-level-2'><a class=\"ez-toc-link ez-toc-heading-12\" href=\"https:\/\/externalia.lebranders.es\/pt\/verificacion-ita-diaria-cae-contratistas\/#La_verificacion_ITA_diaria_como_indicador_de_madurez_en_la_gestion_CAE\" >La verificaci\u00f3n ITA diaria como indicador de madurez en la gesti\u00f3n CAE<\/a><ul class='ez-toc-list-level-3' ><li class='ez-toc-heading-level-3'><a class=\"ez-toc-link ez-toc-heading-13\" href=\"https:\/\/externalia.lebranders.es\/pt\/verificacion-ita-diaria-cae-contratistas\/#Solicita_una_demo_gratuita\" >Solicita una demo gratuita<\/a><\/li><\/ul><\/li><li class='ez-toc-page-1 ez-toc-heading-level-2'><a class=\"ez-toc-link ez-toc-heading-14\" href=\"https:\/\/externalia.lebranders.es\/pt\/verificacion-ita-diaria-cae-contratistas\/#Preguntas_frecuentes_sobre_la_verificacion_ITA_diaria_en_la_CAE\" >Preguntas frecuentes sobre la verificaci\u00f3n ITA diaria en la CAE<\/a><ul class='ez-toc-list-level-3' ><li class='ez-toc-heading-level-3'><a class=\"ez-toc-link ez-toc-heading-15\" href=\"https:\/\/externalia.lebranders.es\/pt\/verificacion-ita-diaria-cae-contratistas\/#%C2%BFCon_que_frecuencia_debe_verificarse_el_alta_en_Seguridad_Social_de_los_trabajadores_de_una_contrata\" >\u00bfCon qu\u00e9 frecuencia debe verificarse el alta en Seguridad Social de los trabajadores de una contrata?<\/a><\/li><li class='ez-toc-page-1 ez-toc-heading-level-3'><a class=\"ez-toc-link ez-toc-heading-16\" href=\"https:\/\/externalia.lebranders.es\/pt\/verificacion-ita-diaria-cae-contratistas\/#%C2%BFQue_diferencia_hay_entre_el_ITA_y_el_RNTRLC_en_la_documentacion_CAE\" >\u00bfQu\u00e9 diferencia hay entre el ITA y el RNT\/RLC en la documentaci\u00f3n CAE?<\/a><\/li><li class='ez-toc-page-1 ez-toc-heading-level-3'><a class=\"ez-toc-link ez-toc-heading-17\" href=\"https:\/\/externalia.lebranders.es\/pt\/verificacion-ita-diaria-cae-contratistas\/#%C2%BFPuede_la_empresa_principal_quedar_exenta_de_responsabilidad_si_dispone_del_ITA_mensual_actualizado\" >\u00bfPuede la empresa principal quedar exenta de responsabilidad si dispone del ITA mensual actualizado?<\/a><\/li><li class='ez-toc-page-1 ez-toc-heading-level-3'><a class=\"ez-toc-link ez-toc-heading-18\" href=\"https:\/\/externalia.lebranders.es\/pt\/verificacion-ita-diaria-cae-contratistas\/#%C2%BFLa_verificacion_ITA_diaria_requiere_el_consentimiento_de_la_empresa_contratista\" >\u00bfLa verificaci\u00f3n ITA diaria requiere el consentimiento de la empresa contratista?<\/a><\/li><li class='ez-toc-page-1 ez-toc-heading-level-3'><a class=\"ez-toc-link ez-toc-heading-19\" href=\"https:\/\/externalia.lebranders.es\/pt\/verificacion-ita-diaria-cae-contratistas\/#%C2%BFComo_se_integra_la_verificacion_ITA_diaria_con_el_control_de_accesos_fisico\" >\u00bfC\u00f3mo se integra la verificaci\u00f3n ITA diaria con el control de accesos f\u00edsico?<\/a><\/li><\/ul><\/li><\/ul><\/nav><\/div>\n<h2 class=\"wp-block-heading\"><span class=\"ez-toc-section\" id=\"Que_es_el_Informe_de_Trabajadores_en_Alta_ITA_y_su_funcion_en_la_CAE\"><\/span><strong>Qu\u00e9 es el Informe de Trabajadores en Alta (ITA) y su funci\u00f3n en la CAE<\/strong><span class=\"ez-toc-section-end\"><\/span><\/h2>\n\n\n\n<p class=\"wp-block-paragraph\"><\/p>\n\n\n\n<p class=\"wp-block-paragraph\">El Informe de Trabajadores en Alta (ITA) es un documento emitido por la <a href=\"https:\/\/portal.seg-social.gob.es\/wps\/portal\/importass\/importass\" target=\"_blank\" rel=\"noreferrer noopener nofollow\">Tesorer\u00eda General de la Seguridad Social (TGSS)<\/a> que acredita, en tiempo real, los trabajadores que una empresa tiene correctamente dados de alta en el R\u00e9gimen General u otros reg\u00edmenes de la Seguridad Social en una fecha concreta.<\/p>\n\n\n\n<p class=\"wp-block-paragraph\">En el marco de la coordinaci\u00f3n de actividades empresariales, regulada por el <a href=\"https:\/\/www.boe.es\/buscar\/act.php?id=BOE-A-1995-24292\" target=\"_blank\" rel=\"noreferrer noopener nofollow\">art\u00edculo 24 de la Ley 31\/1995 de Prevenci\u00f3n de Riesgos Laborales<\/a> y desarrollada por el Real Decreto 171\/2004, la empresa titular o principal tiene la obligaci\u00f3n de garantizar que los trabajadores de sus contratas que accedan a sus centros de trabajo se encuentran en situaci\u00f3n regularizada ante la Seguridad Social. El ITA es, en la pr\u00e1ctica, la herramienta que permite acreditar ese cumplimiento.<\/p>\n\n\n\n<p class=\"wp-block-paragraph\">Su relevancia no es \u00fanicamente preventiva. Desde el punto de vista de la responsabilidad solidaria y subsidiaria que la normativa atribuye a la empresa principal respecto de sus contratas, no disponer de documentaci\u00f3n actualizada sobre el alta de los trabajadores concurrentes puede derivar en sanciones significativas, tanto en materia laboral como de Seguridad Social.<\/p>\n\n\n\n<blockquote class=\"wp-block-quote is-layout-flow wp-block-quote-is-layout-flow\">\n<p class=\"wp-block-paragraph\"><strong>Marco normativo de referencia<\/strong>: Art\u00edculo 24 Ley 31\/1995 (LPRL) \u00b7 Real Decreto 171\/2004 \u00b7 Art\u00edculo 42 del Estatuto de los Trabajadores \u00b7 LISOS (Real Decreto Legislativo 5\/2000) \u00b7 Borrador del Anteproyecto de reforma de la Ley 31\/1995 (marzo 2026)<\/p>\n<\/blockquote>\n\n\n\n<h2 class=\"wp-block-heading\"><span class=\"ez-toc-section\" id=\"El_problema_del_ITA_mensual_una_falsa_seguridad_documental\"><\/span><strong>El problema del ITA mensual: una falsa seguridad documental<\/strong><span class=\"ez-toc-section-end\"><\/span><\/h2>\n\n\n\n<p class=\"wp-block-paragraph\"><\/p>\n\n\n\n<p class=\"wp-block-paragraph\">Durante a\u00f1os, la pr\u00e1ctica est\u00e1ndar en la gesti\u00f3n CAE ha sido solicitar el ITA a las empresas contratistas con car\u00e1cter mensual, habitualmente junto con el resto de documentaci\u00f3n peri\u00f3dica exigida: n\u00f3minas, recibos de cotizaci\u00f3n (RNT\/RLC), certificados de formaci\u00f3n y vigilancia de la salud. Este enfoque, aunque cumple formalmente con una parte de las exigencias documentales, presenta limitaciones operativas relevantes que conviene analizar con rigor.<\/p>\n\n\n\n<h3 class=\"wp-block-heading\"><span class=\"ez-toc-section\" id=\"La_ventana_de_riesgo_entre_verificaciones\"><\/span><strong>La ventana de riesgo entre verificaciones<\/strong><span class=\"ez-toc-section-end\"><\/span><\/h3>\n\n\n\n<p class=\"wp-block-paragraph\"><\/p>\n\n\n\n<p class=\"wp-block-paragraph\">Un ITA emitido a principios de mes no garantiza que un trabajador que accede al centro de trabajo a finales de ese mismo mes est\u00e9 efectivamente de alta. Entre la fecha del documento y el momento del acceso pueden producirse bajas voluntarias, despidos, periodos de inactividad o irregularidades administrativas que la empresa titular no detectar\u00e1 hasta el siguiente ciclo de solicitud documental.<\/p>\n\n\n\n<p class=\"wp-block-paragraph\">Esta brecha temporal puede llegar a representar hasta 30 d\u00edas de riesgo no controlado, un periodo durante el cual trabajadores sin cobertura de la Seguridad Social estar\u00edan operando en instalaciones de la empresa principal.<\/p>\n\n\n\n<h3 class=\"wp-block-heading\"><span class=\"ez-toc-section\" id=\"Implicaciones_para_la_empresa_principal\"><\/span><strong>Implicaciones para la empresa principal<\/strong><span class=\"ez-toc-section-end\"><\/span><\/h3>\n\n\n\n<p class=\"wp-block-paragraph\"><\/p>\n\n\n\n<p class=\"wp-block-paragraph\">Desde la perspectiva de la responsabilidad empresarial, <a href=\"https:\/\/www.conceptosjuridicos.com\/estatuto-de-los-trabajadores-articulo-42\/\" target=\"_blank\" rel=\"noreferrer noopener nofollow\">el art\u00edculo 42 del Estatuto de los Trabajadores<\/a> establece que la empresa principal responder\u00e1 solidariamente de las obligaciones de la contratista con sus trabajadores durante el periodo de vigencia de la contrata. En caso de que la Inspecci\u00f3n de Trabajo detecte trabajadores sin alta en Seguridad Social operando en sus instalaciones, la empresa titular puede verse expuesta a sanciones catalogadas como <strong>graves o muy graves<\/strong> en el marco de la LISOS, con importes que pueden oscilar entre los 7.501 y los 225.018 euros seg\u00fan la gravedad y reincidencia.<\/p>\n\n\n\n<h3 class=\"wp-block-heading\"><span class=\"ez-toc-section\" id=\"La_brecha_entre_cumplimiento_formal_y_prevencion_real\"><\/span><strong>La brecha entre cumplimiento formal y prevenci\u00f3n real<\/strong><span class=\"ez-toc-section-end\"><\/span><\/h3>\n\n\n\n<p class=\"wp-block-paragraph\"><\/p>\n\n\n\n<p class=\"wp-block-paragraph\"><a href=\"https:\/\/www.insst.es\/\" target=\"_blank\" rel=\"noreferrer noopener nofollow\">El INSST<\/a> ha se\u00f1alado en sus directrices para una eficaz coordinaci\u00f3n de actividades empresariales que uno de los problemas estructurales del sistema es precisamente la reducci\u00f3n de la CAE a un mero intercambio documental orientado a justificar el cumplimiento, sin que esa documentaci\u00f3n se traduzca en medidas preventivas efectivas. El ITA mensual es, en muchos casos, un ejemplo paradigm\u00e1tico de esta disfunci\u00f3n: genera una apariencia de control sin garantizar una supervisi\u00f3n real del personal concurrente.<\/p>\n\n\n\n<h2 class=\"wp-block-heading\"><span class=\"ez-toc-section\" id=\"La_verificacion_ITA_diaria_en_que_consiste_y_como_funciona\"><\/span><strong>La verificaci\u00f3n ITA diaria: en qu\u00e9 consiste y c\u00f3mo funciona<\/strong><span class=\"ez-toc-section-end\"><\/span><\/h2>\n\n\n\n<p class=\"wp-block-paragraph\"><\/p>\n\n\n\n<p class=\"wp-block-paragraph\">La verificaci\u00f3n ITA diaria es un proceso automatizado que, mediante conexi\u00f3n directa con los sistemas de la Tesorer\u00eda General de la Seguridad Social, comprueba cada 24 horas el estado de alta de los trabajadores de cada empresa contratista registrados en la <a href=\"https:\/\/externalia.lebranders.es\/software-cae-que-es-para-que-sirve-egestiona\/\" target=\"_blank\" rel=\"noreferrer noopener\">plataforma CAE<\/a>. A diferencia del modelo documental tradicional, no depende de la aportaci\u00f3n peri\u00f3dica de un archivo por parte de la contrata, sino de una consulta autom\u00e1tica y continua contra la fuente original de datos.<\/p>\n\n\n\n<h3 class=\"wp-block-heading\"><span class=\"ez-toc-section\" id=\"Funcionamiento_tecnico\"><\/span><strong>Funcionamiento t\u00e9cnico<\/strong><span class=\"ez-toc-section-end\"><\/span><\/h3>\n\n\n\n<p class=\"wp-block-paragraph\">Las plataformas CAE que implementan esta funcionalidad operan mediante integraci\u00f3n con los servicios electr\u00f3nicos de la TGSS. Cada trabajador registrado en el sistema queda asociado a su n\u00famero de afiliaci\u00f3n a la Seguridad Social, y la plataforma ejecuta consultas diarias que devuelven el estado real de alta en ese momento. Si un trabajador causa baja, el sistema lo detecta en la siguiente ejecuci\u00f3n nocturna y genera una alerta autom\u00e1tica tanto para el gestor CAE de la empresa titular como, en funci\u00f3n de la configuraci\u00f3n, para la propia contratista.<\/p>\n\n\n\n<h3 class=\"wp-block-heading\"><span class=\"ez-toc-section\" id=\"Ventajas_operativas_frente_al_modelo_mensual\"><\/span><strong>Ventajas operativas frente al modelo mensual<\/strong><span class=\"ez-toc-section-end\"><\/span><\/h3>\n\n\n\n<figure class=\"wp-block-table is-style-stripes\"><table class=\"has-fixed-layout\"><tbody><tr><td class=\"has-text-align-center\" data-align=\"center\"><strong>Criterio<\/strong><\/td><td class=\"has-text-align-center\" data-align=\"center\"><strong>ITA mensual (modelo tradicional)<\/strong><\/td><td class=\"has-text-align-center\" data-align=\"center\"><strong>Verificaci\u00f3n ITA diaria<\/strong><\/td><\/tr><tr><td class=\"has-text-align-center\" data-align=\"center\">Frecuencia de verificaci\u00f3n<\/td><td class=\"has-text-align-center\" data-align=\"center\">1 vez al mes<\/td><td class=\"has-text-align-center\" data-align=\"center\">Cada 24 horas<\/td><\/tr><tr><td class=\"has-text-align-center\" data-align=\"center\">Fuente de datos<\/td><td class=\"has-text-align-center\" data-align=\"center\">Documento aportado por la contrata<\/td><td class=\"has-text-align-center\" data-align=\"center\">Conexi\u00f3n directa con TGSS<\/td><\/tr><tr><td class=\"has-text-align-center\" data-align=\"center\">Ventana de riesgo m\u00e1xima<\/td><td class=\"has-text-align-center\" data-align=\"center\">Hasta 30 d\u00edas<\/td><td class=\"has-text-align-center\" data-align=\"center\">M\u00e1ximo 24 horas<\/td><\/tr><tr><td class=\"has-text-align-center\" data-align=\"center\">Detecci\u00f3n de bajas no comunicadas<\/td><td class=\"has-text-align-center\" data-align=\"center\">No garantizada<\/td><td class=\"has-text-align-center\" data-align=\"center\">Autom\u00e1tica<\/td><\/tr><tr><td class=\"has-text-align-center\" data-align=\"center\">Carga administrativa<\/td><td class=\"has-text-align-center\" data-align=\"center\">Alta (gesti\u00f3n manual de documentos)<\/td><td class=\"has-text-align-center\" data-align=\"center\">M\u00ednima (proceso automatizado)<\/td><\/tr><tr><td class=\"has-text-align-center\" data-align=\"center\">Trazabilidad ante inspecci\u00f3n<\/td><td class=\"has-text-align-center\" data-align=\"center\">Parcial<\/td><td class=\"has-text-align-center\" data-align=\"center\">Completa y auditable<\/td><\/tr><tr><td class=\"has-text-align-center\" data-align=\"center\">Alertas proactivas<\/td><td class=\"has-text-align-center\" data-align=\"center\">No disponibles<\/td><td class=\"has-text-align-center\" data-align=\"center\">Notificaci\u00f3n inmediata al gestor CAE<\/td><\/tr><\/tbody><\/table><\/figure>\n\n\n\n<p class=\"wp-block-paragraph\"><\/p>\n\n\n\n<h2 class=\"wp-block-heading\"><span class=\"ez-toc-section\" id=\"Implicaciones_de_la_reforma_de_la_Ley_PRL_anteproyecto_de_marzo_2026\"><\/span><strong>Implicaciones de la reforma de la Ley PRL (anteproyecto de marzo 2026)<\/strong><span class=\"ez-toc-section-end\"><\/span><\/h2>\n\n\n\n<p class=\"wp-block-paragraph\">El borrador del anteproyecto de reforma de la Ley 31\/1995, publicado por el Ministerio de Trabajo y Econom\u00eda Social el 16 de marzo de 2026, introduce una ampliaci\u00f3n del deber de vigilancia de la empresa principal sobre contratistas y aut\u00f3nomos, particularmente en actividades catalogadas como peligrosas. Aunque el texto a\u00fan se encuentra en fase de tramitaci\u00f3n parlamentaria y su entrada en vigor se prev\u00e9 para el 2 de enero de 2027, sus implicaciones para la gesti\u00f3n CAE son inmediatas desde el punto de vista de la diligencia debida.<\/p>\n\n\n\n<p class=\"wp-block-paragraph\">El anteproyecto exige que la vigilancia sobre el cumplimiento normativo por parte de los contratistas sea <strong>trazable y acreditable<\/strong>. En este contexto, la verificaci\u00f3n ITA diaria deja de ser una mejora operativa opcional para convertirse en un mecanismo de cumplimiento preventivo. Las empresas que, a fecha de entrada en vigor de la reforma, no dispongan de un sistema de verificaci\u00f3n continua del alta de sus trabajadores concurrentes, asumir\u00e1n un riesgo regulatorio considerable.<\/p>\n\n\n\n<blockquote class=\"wp-block-quote is-layout-flow wp-block-quote-is-layout-flow\">\n<p class=\"wp-block-paragraph\"><strong>Posicionamiento estrat\u00e9gico ante la reforma<\/strong>: Implementar la verificaci\u00f3n ITA diaria antes de la entrada en vigor de la reforma (prevista para enero de 2027) permite a las empresas no solo cumplir con los nuevos requisitos, sino documentar de forma proactiva su compromiso con una gesti\u00f3n CAE de calidad, lo que resulta especialmente relevante en auditor\u00edas e inspecciones.<\/p>\n<\/blockquote>\n\n\n\n<h2 class=\"wp-block-heading\"><span class=\"ez-toc-section\" id=\"Casos_de_uso_en_que_sectores_y_situaciones_es_mas_critica_la_verificacion_diaria\"><\/span><strong>Casos de uso: en qu\u00e9 sectores y situaciones es m\u00e1s cr\u00edtica la verificaci\u00f3n diaria<\/strong><span class=\"ez-toc-section-end\"><\/span><\/h2>\n\n\n\n<p class=\"wp-block-paragraph\"><\/p>\n\n\n\n<p class=\"wp-block-paragraph\">Aunque la verificaci\u00f3n ITA diaria aporta valor en cualquier entorno con concurrencia empresarial, su impacto es especialmente significativo en los siguientes contextos:<\/p>\n\n\n\n<ul class=\"wp-block-list\">\n<li><strong>Alta rotaci\u00f3n de personal externo: <\/strong>Instalaciones industriales y plantas de producci\u00f3n.<\/li>\n\n\n\n<li><strong>Subcontrataci\u00f3n m\u00faltiple y encadenada: <\/strong>Obras de construcci\u00f3n y mantenimiento.<\/li>\n\n\n\n<li><strong>Alta rotaci\u00f3n de personal externo: <\/strong>Centros log\u00edsticos y plataformas de distribuci\u00f3n.<\/li>\n\n\n\n<li><strong>Sincronizaci\u00f3n entre CAE y control de acceso: <\/strong>Instalaciones con control de acceso f\u00edsico integrado.<\/li>\n\n\n\n<li><strong>Trazabilidad documental exigida: <\/strong>Empresas sometidas a auditor\u00edas de clientes o certificaciones (ISO 45001, ISO 9001).<\/li>\n<\/ul>\n\n\n\n<p class=\"wp-block-paragraph\">En todos estos entornos, la verificaci\u00f3n ITA diaria proporciona al responsable de coordinaci\u00f3n una visi\u00f3n en tiempo real del cumplimiento, eliminando la dependencia de los ciclos documentales de las contratas y reduciendo el margen de error humano en la gesti\u00f3n.<\/p>\n\n\n\n<p class=\"wp-block-paragraph\"><\/p>\n\n\n\n<h2 class=\"wp-block-heading\"><span class=\"ez-toc-section\" id=\"Integracion_de_la_verificacion_ITA_diaria_en_la_plataforma_CAE_criterios_de_implementacion\"><\/span><strong>Integraci\u00f3n de la verificaci\u00f3n ITA diaria en la plataforma CAE: criterios de implementaci\u00f3n<\/strong><span class=\"ez-toc-section-end\"><\/span><\/h2>\n\n\n\n<p class=\"wp-block-paragraph\"><\/p>\n\n\n\n<p class=\"wp-block-paragraph\">La implementaci\u00f3n de la verificaci\u00f3n ITA diaria en una plataforma de coordinaci\u00f3n de actividades empresariales requiere considerar los siguientes aspectos t\u00e9cnicos y organizativos:<\/p>\n\n\n\n<ol class=\"wp-block-list\">\n<li><strong>Calidad del dato de origen: <\/strong>Registro de trabajadores con n\u00famero de afiliaci\u00f3n a la Seguridad Social.<\/li>\n\n\n\n<li><strong>Consentimiento y base legal (RGPD): <\/strong>El sistema debe operar con autorizaci\u00f3n expresa de la empresa contratista, conforme a la normativa de protecci\u00f3n de datos.<\/li>\n\n\n\n<li><strong>Configuraci\u00f3n de alertas: <\/strong>Las alertas deben llegar al gestor CAE en tiempo real, con identificaci\u00f3n del trabajador, la empresa a la que pertenece y el centro de trabajo afectado.<\/li>\n\n\n\n<li><strong>Trazabilidad y registro auditable: <\/strong>Todos los resultados de verificaci\u00f3n deben quedar almacenados con registro de fecha, hora y resultado, para su consulta en caso de inspecci\u00f3n.<\/li>\n\n\n\n<li><strong>Integraci\u00f3n con control de accesos: <\/strong>En entornos con control de acceso f\u00edsico, la verificaci\u00f3n ITA puede bloquear autom\u00e1ticamente el acceso de trabajadores cuyo alta no est\u00e9 confirmada.<\/li>\n<\/ol>\n\n\n\n<h2 class=\"wp-block-heading\"><span class=\"ez-toc-section\" id=\"La_verificacion_ITA_diaria_como_indicador_de_madurez_en_la_gestion_CAE\"><\/span><strong>La verificaci\u00f3n ITA diaria como indicador de madurez en la gesti\u00f3n CAE<\/strong><span class=\"ez-toc-section-end\"><\/span><\/h2>\n\n\n\n<p class=\"wp-block-paragraph\"><\/p>\n\n\n\n<p class=\"wp-block-paragraph\">Desde una perspectiva de gesti\u00f3n preventiva integral, la adopci\u00f3n de la verificaci\u00f3n ITA diaria es un indicador claro del nivel de madurez de una organizaci\u00f3n en materia de <a href=\"https:\/\/externalia.lebranders.es\/gestion-documental-de-contratas-y-subcontratas-cae\/\" target=\"_blank\" rel=\"noreferrer noopener\">coordinaci\u00f3n de actividades empresariales<\/a>. Supone el tr\u00e1nsito de un modelo reactivo \u2014en el que la empresa recopila documentaci\u00f3n cuando se lo exigen\u2014 a un modelo proactivo \u2014en el que la empresa monitoriza de forma continua el cumplimiento de sus contratas sin depender de su colaboraci\u00f3n documental puntual\u2014.<\/p>\n\n\n\n<p class=\"wp-block-paragraph\">Este cambio de paradigma tiene consecuencias directas en la cultura preventiva de la organizaci\u00f3n, en la percepci\u00f3n de los propios contratistas sobre el nivel de exigencia del titular, y en la capacidad de respuesta ante situaciones de no conformidad. Una empresa que detecta en menos de 24 horas que un trabajador de una contrata ha causado baja y acciona protocolos de restricci\u00f3n de acceso est\u00e1 gestionando el riesgo de forma efectiva, no meramente documental.<\/p>\n\n\n\n<p class=\"wp-block-paragraph\"><\/p>\n\n\n\n<h4 class=\"wp-block-heading\"><strong>\u00bfTu plataforma CAE ya verifica el ITA de tus contratistas cada 24 horas?<\/strong><\/h4>\n\n\n\n<p class=\"wp-block-paragraph\">La gesti\u00f3n documental mensual ya no garantiza el control real sobre el alta de los trabajadores de tus contratas. <strong><a href=\"https:\/\/egestiona.com\/\" target=\"_blank\" rel=\"noopener\">eGestiona<\/a> <\/strong>integra la verificaci\u00f3n ITA diaria en su m\u00f3dulo CAE, con conexi\u00f3n autom\u00e1tica a la TGSS, alertas en tiempo real y registro auditable para inspecciones y auditor\u00edas.<\/p>\n\n\n\n<div style=\"height:36px\" aria-hidden=\"true\" class=\"wp-block-spacer\"><\/div>\n\n\n\n<div class=\"wp-block-uagb-call-to-action uagb-block-f5bf609b wp-block-button\"><div class=\"uagb-cta__wrap\"><h3 class=\"uagb-cta__title\"><span class=\"ez-toc-section\" id=\"Solicita_una_demo_gratuita\"><\/span><strong>Solicita una demo gratuita<\/strong><span class=\"ez-toc-section-end\"><\/span><\/h3><p class=\"uagb-cta__desc\">Verificaci\u00f3n ITA diaria \u00b7 Certificados AEAT\/TGSS \u00b7 Control de accesos \u00b7 Trazabilidad documental CAE<\/p><\/div><div class=\"uagb-cta__buttons\"><a href=\"https:\/\/externalia.lebranders.es\/solicitar-demo\/\" class=\"uagb-cta__button-link-wrapper wp-block-button__link\" target=\"_self\" rel=\"noopener noreferrer\">DEMO<\/a><\/div><\/div>\n\n\n\n<div style=\"height:49px\" aria-hidden=\"true\" class=\"wp-block-spacer\"><\/div>\n\n\n\n<h2 class=\"wp-block-heading\"><span class=\"ez-toc-section\" id=\"Preguntas_frecuentes_sobre_la_verificacion_ITA_diaria_en_la_CAE\"><\/span><strong>Preguntas frecuentes sobre la verificaci\u00f3n ITA diaria en la CAE<\/strong><span class=\"ez-toc-section-end\"><\/span><\/h2>\n\n\n\n<div style=\"height:36px\" aria-hidden=\"true\" class=\"wp-block-spacer\"><\/div>\n\n\n<div class=\"wp-block-uagb-faq uagb-faq__outer-wrap uagb-block-a712878e uagb-faq-icon-row uagb-faq-layout-accordion uagb-faq-expand-first-false uagb-faq-inactive-other-true uagb-faq__wrap uagb-buttons-layout-wrap uagb-faq-equal-height\" data-faqtoggle=\"true\" role=\"tablist\"><div class=\"wp-block-uagb-faq-child uagb-faq-child__outer-wrap uagb-faq-item uagb-block-6aaa0ccf\" role=\"tab\" tabindex=\"0\"><div class=\"uagb-faq-questions-button uagb-faq-questions\">\t\t\t<span class=\"uagb-icon uagb-faq-icon-wrap\">\n\t\t\t\t\t\t\t\t<svg xmlns=\"https:\/\/www.w3.org\/2000\/svg\" viewbox= \"0 0 448 512\"><path d=\"M432 256c0 17.69-14.33 32.01-32 32.01H256v144c0 17.69-14.33 31.99-32 31.99s-32-14.3-32-31.99v-144H48c-17.67 0-32-14.32-32-32.01s14.33-31.99 32-31.99H192v-144c0-17.69 14.33-32.01 32-32.01s32 14.32 32 32.01v144h144C417.7 224 432 238.3 432 256z\"><\/path><\/svg>\n\t\t\t\t\t\t\t<\/span>\n\t\t\t\t\t\t<span class=\"uagb-icon-active uagb-faq-icon-wrap\">\n\t\t\t\t\t\t\t\t<svg xmlns=\"https:\/\/www.w3.org\/2000\/svg\" viewbox= \"0 0 448 512\"><path d=\"M400 288h-352c-17.69 0-32-14.32-32-32.01s14.31-31.99 32-31.99h352c17.69 0 32 14.3 32 31.99S417.7 288 400 288z\"><\/path><\/svg>\n\t\t\t\t\t\t\t<\/span>\n\t\t\t<h3 class=\"uagb-question\"><span class=\"ez-toc-section\" id=\"%C2%BFCon_que_frecuencia_debe_verificarse_el_alta_en_Seguridad_Social_de_los_trabajadores_de_una_contrata\"><\/span><strong>\u00bfCon qu\u00e9 frecuencia debe verificarse el alta en Seguridad Social de los trabajadores de una contrata?<\/strong><span class=\"ez-toc-section-end\"><\/span><\/h3><\/div><div class=\"uagb-faq-content\"><p>La normativa vigente no establece una frecuencia m\u00ednima concreta para la verificaci\u00f3n del alta en Seguridad Social de los trabajadores de contratas, m\u00e1s all\u00e1 de la obligaci\u00f3n gen\u00e9rica de vigilar el cumplimiento normativo recogida en el art\u00edculo 24 de la Ley 31\/1995. Sin embargo, el borrador del anteproyecto de reforma de la LPRL (marzo 2026) refuerza el deber de vigilancia de forma trazable y acreditable, lo que eleva el est\u00e1ndar de diligencia esperado. En la pr\u00e1ctica, la verificaci\u00f3n diaria automatizada es actualmente la \u00fanica f\u00f3rmula que permite acreditar un control continuo y sin brechas temporales ante una Inspecci\u00f3n de Trabajo.<\/p><\/div><\/div><div class=\"wp-block-uagb-faq-child uagb-faq-child__outer-wrap uagb-faq-item uagb-block-4ed4af63\" role=\"tab\" tabindex=\"0\"><div class=\"uagb-faq-questions-button uagb-faq-questions\">\t\t\t<span class=\"uagb-icon uagb-faq-icon-wrap\">\n\t\t\t\t\t\t\t\t<svg xmlns=\"https:\/\/www.w3.org\/2000\/svg\" viewbox= \"0 0 448 512\"><path d=\"M432 256c0 17.69-14.33 32.01-32 32.01H256v144c0 17.69-14.33 31.99-32 31.99s-32-14.3-32-31.99v-144H48c-17.67 0-32-14.32-32-32.01s14.33-31.99 32-31.99H192v-144c0-17.69 14.33-32.01 32-32.01s32 14.32 32 32.01v144h144C417.7 224 432 238.3 432 256z\"><\/path><\/svg>\n\t\t\t\t\t\t\t<\/span>\n\t\t\t\t\t\t<span class=\"uagb-icon-active uagb-faq-icon-wrap\">\n\t\t\t\t\t\t\t\t<svg xmlns=\"https:\/\/www.w3.org\/2000\/svg\" viewbox= \"0 0 448 512\"><path d=\"M400 288h-352c-17.69 0-32-14.32-32-32.01s14.31-31.99 32-31.99h352c17.69 0 32 14.3 32 31.99S417.7 288 400 288z\"><\/path><\/svg>\n\t\t\t\t\t\t\t<\/span>\n\t\t\t<h3 class=\"uagb-question\"><span class=\"ez-toc-section\" id=\"%C2%BFQue_diferencia_hay_entre_el_ITA_y_el_RNTRLC_en_la_documentacion_CAE\"><\/span><strong>\u00bfQu\u00e9 diferencia hay entre el ITA y el RNT\/RLC en la documentaci\u00f3n CAE?<\/strong><span class=\"ez-toc-section-end\"><\/span><\/h3><\/div><div class=\"uagb-faq-content\"><p>El ITA (Informe de Trabajadores en Alta) acredita en tiempo real qu\u00e9 trabajadores tiene una empresa dados de alta en la Seguridad Social. El RNT (Relaci\u00f3n Nominal de Trabajadores) y el RLC (Relaci\u00f3n de Liquidaci\u00f3n de Cotizaciones), anteriormente conocidos como TC2 y TC1, son documentos de cotizaci\u00f3n que acreditan el pago de cuotas a la Seguridad Social correspondientes a periodos ya liquidados. Aunque ambos son complementarios en la gesti\u00f3n CAE, el ITA es el \u00fanico que ofrece informaci\u00f3n sobre el estado actual del alta, mientras que el RNT\/RLC certifica el cumplimiento econ\u00f3mico de periodos pasados.<\/p><\/div><\/div><div class=\"wp-block-uagb-faq-child uagb-faq-child__outer-wrap uagb-faq-item uagb-block-0cfacf60\" role=\"tab\" tabindex=\"0\"><div class=\"uagb-faq-questions-button uagb-faq-questions\">\t\t\t<span class=\"uagb-icon uagb-faq-icon-wrap\">\n\t\t\t\t\t\t\t\t<svg xmlns=\"https:\/\/www.w3.org\/2000\/svg\" viewbox= \"0 0 448 512\"><path d=\"M432 256c0 17.69-14.33 32.01-32 32.01H256v144c0 17.69-14.33 31.99-32 31.99s-32-14.3-32-31.99v-144H48c-17.67 0-32-14.32-32-32.01s14.33-31.99 32-31.99H192v-144c0-17.69 14.33-32.01 32-32.01s32 14.32 32 32.01v144h144C417.7 224 432 238.3 432 256z\"><\/path><\/svg>\n\t\t\t\t\t\t\t<\/span>\n\t\t\t\t\t\t<span class=\"uagb-icon-active uagb-faq-icon-wrap\">\n\t\t\t\t\t\t\t\t<svg xmlns=\"https:\/\/www.w3.org\/2000\/svg\" viewbox= \"0 0 448 512\"><path d=\"M400 288h-352c-17.69 0-32-14.32-32-32.01s14.31-31.99 32-31.99h352c17.69 0 32 14.3 32 31.99S417.7 288 400 288z\"><\/path><\/svg>\n\t\t\t\t\t\t\t<\/span>\n\t\t\t<h3 class=\"uagb-question\"><span class=\"ez-toc-section\" id=\"%C2%BFPuede_la_empresa_principal_quedar_exenta_de_responsabilidad_si_dispone_del_ITA_mensual_actualizado\"><\/span><strong>\u00bfPuede la empresa principal quedar exenta de responsabilidad si dispone del ITA mensual actualizado?<\/strong><span class=\"ez-toc-section-end\"><\/span><\/h3><\/div><div class=\"uagb-faq-content\"><p>No necesariamente. Disponer del ITA mensual actualizado acredita que en la fecha de emisi\u00f3n del documento los trabajadores estaban de alta, pero no garantiza su situaci\u00f3n en momentos posteriores. En caso de inspecci\u00f3n, si se detecta que un trabajador accedi\u00f3 al centro sin estar de alta en Seguridad Social en ese momento espec\u00edfico, la antig\u00fcedad del ITA disponible puede no ser suficiente para acreditar la diligencia debida. La verificaci\u00f3n diaria automatizada, con registro auditable de cada consulta, ofrece una cobertura jur\u00eddica significativamente superior.<\/p><\/div><\/div><div class=\"wp-block-uagb-faq-child uagb-faq-child__outer-wrap uagb-faq-item uagb-block-40f5b7c3\" role=\"tab\" tabindex=\"0\"><div class=\"uagb-faq-questions-button uagb-faq-questions\">\t\t\t<span class=\"uagb-icon uagb-faq-icon-wrap\">\n\t\t\t\t\t\t\t\t<svg xmlns=\"https:\/\/www.w3.org\/2000\/svg\" viewbox= \"0 0 448 512\"><path d=\"M432 256c0 17.69-14.33 32.01-32 32.01H256v144c0 17.69-14.33 31.99-32 31.99s-32-14.3-32-31.99v-144H48c-17.67 0-32-14.32-32-32.01s14.33-31.99 32-31.99H192v-144c0-17.69 14.33-32.01 32-32.01s32 14.32 32 32.01v144h144C417.7 224 432 238.3 432 256z\"><\/path><\/svg>\n\t\t\t\t\t\t\t<\/span>\n\t\t\t\t\t\t<span class=\"uagb-icon-active uagb-faq-icon-wrap\">\n\t\t\t\t\t\t\t\t<svg xmlns=\"https:\/\/www.w3.org\/2000\/svg\" viewbox= \"0 0 448 512\"><path d=\"M400 288h-352c-17.69 0-32-14.32-32-32.01s14.31-31.99 32-31.99h352c17.69 0 32 14.3 32 31.99S417.7 288 400 288z\"><\/path><\/svg>\n\t\t\t\t\t\t\t<\/span>\n\t\t\t<h3 class=\"uagb-question\"><span class=\"ez-toc-section\" id=\"%C2%BFLa_verificacion_ITA_diaria_requiere_el_consentimiento_de_la_empresa_contratista\"><\/span><strong>\u00bfLa verificaci\u00f3n ITA diaria requiere el consentimiento de la empresa contratista?<\/strong><span class=\"ez-toc-section-end\"><\/span><\/h3><\/div><div class=\"uagb-faq-content\"><p>La consulta del ITA implica acceder a datos laborales de los trabajadores de la contratista a trav\u00e9s de los servicios de la TGSS. Para operar conforme al Reglamento General de Protecci\u00f3n de Datos (RGPD) y a la normativa espa\u00f1ola de protecci\u00f3n de datos, es necesario que la empresa contratista otorgue su autorizaci\u00f3n para que la plataforma CAE realice estas consultas en su nombre o con su consentimiento. Las plataformas que integran esta funcionalidad incluyen en sus flujos de onboarding de contratas los mecanismos de autorizaci\u00f3n necesarios para dar cobertura legal a esta operativa.<\/p><\/div><\/div><div class=\"wp-block-uagb-faq-child uagb-faq-child__outer-wrap uagb-faq-item uagb-block-74591023\" role=\"tab\" tabindex=\"0\"><div class=\"uagb-faq-questions-button uagb-faq-questions\">\t\t\t<span class=\"uagb-icon uagb-faq-icon-wrap\">\n\t\t\t\t\t\t\t\t<svg xmlns=\"https:\/\/www.w3.org\/2000\/svg\" viewbox= \"0 0 448 512\"><path d=\"M432 256c0 17.69-14.33 32.01-32 32.01H256v144c0 17.69-14.33 31.99-32 31.99s-32-14.3-32-31.99v-144H48c-17.67 0-32-14.32-32-32.01s14.33-31.99 32-31.99H192v-144c0-17.69 14.33-32.01 32-32.01s32 14.32 32 32.01v144h144C417.7 224 432 238.3 432 256z\"><\/path><\/svg>\n\t\t\t\t\t\t\t<\/span>\n\t\t\t\t\t\t<span class=\"uagb-icon-active uagb-faq-icon-wrap\">\n\t\t\t\t\t\t\t\t<svg xmlns=\"https:\/\/www.w3.org\/2000\/svg\" viewbox= \"0 0 448 512\"><path d=\"M400 288h-352c-17.69 0-32-14.32-32-32.01s14.31-31.99 32-31.99h352c17.69 0 32 14.3 32 31.99S417.7 288 400 288z\"><\/path><\/svg>\n\t\t\t\t\t\t\t<\/span>\n\t\t\t<h3 class=\"uagb-question\"><span class=\"ez-toc-section\" id=\"%C2%BFComo_se_integra_la_verificacion_ITA_diaria_con_el_control_de_accesos_fisico\"><\/span><strong>\u00bfC\u00f3mo se integra la verificaci\u00f3n ITA diaria con el control de accesos f\u00edsico?<\/strong><span class=\"ez-toc-section-end\"><\/span><\/h3><\/div><div class=\"uagb-faq-content\"><p>En entornos donde la plataforma CAE est\u00e1 integrada con el sistema de control de acceso f\u00edsico del centro de trabajo \u2014ya sea mediante tornos, lectores de tarjeta, reconocimiento facial u otros dispositivos\u2014, el resultado de la verificaci\u00f3n ITA diaria puede condicionar directamente el acceso del trabajador a las instalaciones. Si la plataforma detecta que un trabajador ha causado baja en Seguridad Social, el sistema puede bloquear autom\u00e1ticamente su acceso hasta que se regularice la situaci\u00f3n, sin necesidad de intervenci\u00f3n manual por parte del t\u00e9cnico de coordinaci\u00f3n. Esta integraci\u00f3n es uno de los diferenciadores m\u00e1s valorados en las soluciones CAE de nueva generaci\u00f3n.<\/p><\/div><\/div><\/div>\n\n\n<div style=\"height:47px\" aria-hidden=\"true\" class=\"wp-block-spacer\"><\/div>\n\n\n\n<h4 class=\"wp-block-heading\"><strong>Otros art\u00edculos de inter\u00e9s<\/strong><\/h4>\n\n\n\n\t\t\t<div class=\"wp-block-uagb-post-carousel uagb-post-grid  uagb-post__image-position-top uagb-post__image-enabled uagb-block-c2a2e431     uagb-post__arrow-outside uagb-slick-carousel uagb-post__items uagb-post__columns-3 is-carousel uagb-post__columns-tablet-2 uagb-post__columns-mobile-1\" data-total=\"5\" style=\"\">\n\n\t\t\t\t\t\t\t\t\t\t\t\t<article class=\"uagb-post__inner-wrap\">\t\t\t\t\t\t\t\t<div class='uagb-post__image'>\n\t\t\t\t\t\t\t\t\t<a href=\"https:\/\/externalia.lebranders.es\/pt\/checklist-cumplimiento-cae-2026-inspeccion-trabajo\/\" target=\"_self\" rel=\"bookmark noopener noreferrer\"><img loading=\"lazy\" decoding=\"async\" width=\"1024\" height=\"576\" src=\"https:\/\/externalia.lebranders.es\/wp-content\/uploads\/2026\/07\/Checklist-de-cumplimiento-CAE-2026-1024x576.png\" class=\"attachment-large size-large\" alt=\"Checklist CAE cumplimiento 2026\" srcset=\"https:\/\/externalia.lebranders.es\/wp-content\/uploads\/2026\/07\/Checklist-de-cumplimiento-CAE-2026-980x552.png 980w, https:\/\/externalia.lebranders.es\/wp-content\/uploads\/2026\/07\/Checklist-de-cumplimiento-CAE-2026-480x270.png 480w\" sizes=\"(min-width: 0px) and (max-width: 480px) 480px, (min-width: 481px) and (max-width: 980px) 980px, (min-width: 981px) 1024px, 100vw\" \/>\t\t\t\t\t<\/a>\n\t\t\t\t\t\t\t\t\t<\/div>\n\t\t\t\t\t\t<h4 class=\"uagb-post__title uagb-post__text\">\n\t\t\t\t<a href=\"https:\/\/externalia.lebranders.es\/pt\/checklist-cumplimiento-cae-2026-inspeccion-trabajo\/\" target=\"_self\" rel=\"bookmark noopener noreferrer\">CHECKLIST DE CUMPLIMIENTO CAE 2026: lo que Inspecci\u00f3n de Trabajo comprueba en cada visita<\/a>\n\t\t\t<\/h4>\n\t\t\t\t\t\t<div class='uagb-post__text uagb-post-grid-byline'>\n\t\t\t\t\t\t\t\t<div class=\"uagb-post__text\">\n\t\t\t\t\t<span class='uagb-post__taxonomy'>\n\t\t\t\t\t\t\t\t\t\t\t\t<a href=\"https:\/\/externalia.lebranders.es\/pt\/software-cae\/\">Software CAE<\/a>,&nbsp;<a href=\"https:\/\/externalia.lebranders.es\/pt\/software-cae\/compliance-y-normativa\/\">Compliance &amp; normativa\u00a0<\/a>,&nbsp;<a href=\"https:\/\/externalia.lebranders.es\/pt\/software-cae\/control-operativo-y-gestion-de-contratistas\/\">Control operativo &amp; gesti\u00f3n de contratistas<\/a>,&nbsp;<a href=\"https:\/\/externalia.lebranders.es\/pt\/software-cae\/prl\/\">PRL<\/a>\t\t\t\t\t<\/span>\n\t\t\t\t<\/div>\n\t\t\t\t\t\t\t<\/div>\n\t\t\t\t\t\t\t<div class='uagb-post__text uagb-post__excerpt'>\n\t\t\t\t\tGu\u00eda pr\u00e1ctica con el checklist de los 10 puntos que Inspecci\u00f3n de Trabajo verifica en materia de CAE en 2026: acreditaci\u00f3n de contratistas,&#8230;\t\t\t\t<\/div>\n\t\t\t\t\t\t<div class=\"uagb-post__text uagb-post__cta wp-block-button\">\n\t\t\t\t<a class=\"wp-block-button__link uagb-text-link\" style=\"\" href=\"https:\/\/externalia.lebranders.es\/pt\/checklist-cumplimiento-cae-2026-inspeccion-trabajo\/\" target=\"_self\" rel=\"bookmark noopener noreferrer\">Ler mais<\/a>\n\t\t\t<\/div>\n\t\t\t\n\t\t\t\t\t\t\t\t\t<\/article>\n\t\t\t\t\t\t\t\t\t\t\t\t\t\t\t\t<article class=\"uagb-post__inner-wrap\">\t\t\t\t\t\t\t\t<div class='uagb-post__image'>\n\t\t\t\t\t\t\t\t\t<a href=\"https:\/\/externalia.lebranders.es\/pt\/2026-ano-seguridad-salud-trabajo-software-cae\/\" target=\"_self\" rel=\"bookmark noopener noreferrer\"><img loading=\"lazy\" decoding=\"async\" width=\"1024\" height=\"683\" src=\"https:\/\/externalia.lebranders.es\/wp-content\/uploads\/2026\/06\/2026-Ano-de-la-SST-Externalia-Solutions-1024x683.png\" class=\"attachment-large size-large\" alt=\"2026 A\u00f1o de la Seguridad y Salud en el Trabajo \u2014 30 aniversario Ley 31\/1995 \u2014 software CAE Externalia Solutions\" srcset=\"https:\/\/externalia.lebranders.es\/wp-content\/uploads\/2026\/06\/2026-Ano-de-la-SST-Externalia-Solutions-980x653.png 980w, https:\/\/externalia.lebranders.es\/wp-content\/uploads\/2026\/06\/2026-Ano-de-la-SST-Externalia-Solutions-480x320.png 480w\" sizes=\"(min-width: 0px) and (max-width: 480px) 480px, (min-width: 481px) and (max-width: 980px) 980px, (min-width: 981px) 1024px, 100vw\" \/>\t\t\t\t\t<\/a>\n\t\t\t\t\t\t\t\t\t<\/div>\n\t\t\t\t\t\t<h4 class=\"uagb-post__title uagb-post__text\">\n\t\t\t\t<a href=\"https:\/\/externalia.lebranders.es\/pt\/2026-ano-seguridad-salud-trabajo-software-cae\/\" target=\"_self\" rel=\"bookmark noopener noreferrer\">2026, A\u00f1o de la SST: qu\u00e9 implica para tu empresa la Ley 31\/1995 a los 30 a\u00f1os<\/a>\n\t\t\t<\/h4>\n\t\t\t\t\t\t<div class='uagb-post__text uagb-post-grid-byline'>\n\t\t\t\t\t\t\t\t<div class=\"uagb-post__text\">\n\t\t\t\t\t<span class='uagb-post__taxonomy'>\n\t\t\t\t\t\t\t\t\t\t\t\t<a href=\"https:\/\/externalia.lebranders.es\/pt\/software-cae\/\">Software CAE<\/a>,&nbsp;<a href=\"https:\/\/externalia.lebranders.es\/pt\/software-cae\/prl\/\">PRL<\/a>\t\t\t\t\t<\/span>\n\t\t\t\t<\/div>\n\t\t\t\t\t\t\t<\/div>\n\t\t\t\t\t\t\t<div class='uagb-post__text uagb-post__excerpt'>\n\t\t\t\t\tEl Gobierno declara 2026 A\u00f1o de la SST coincidiendo con los 30 a\u00f1os de la Ley 31\/1995. Con 796 fallecidos en 2024 y&#8230;\t\t\t\t<\/div>\n\t\t\t\t\t\t<div class=\"uagb-post__text uagb-post__cta wp-block-button\">\n\t\t\t\t<a class=\"wp-block-button__link uagb-text-link\" style=\"\" href=\"https:\/\/externalia.lebranders.es\/pt\/2026-ano-seguridad-salud-trabajo-software-cae\/\" target=\"_self\" rel=\"bookmark noopener noreferrer\">Ler mais<\/a>\n\t\t\t<\/div>\n\t\t\t\n\t\t\t\t\t\t\t\t\t<\/article>\n\t\t\t\t\t\t\t\t\t\t\t\t\t\t\t\t<article class=\"uagb-post__inner-wrap\">\t\t\t\t\t\t\t\t<div class='uagb-post__image'>\n\t\t\t\t\t\t\t\t\t<a href=\"https:\/\/externalia.lebranders.es\/pt\/responsabilidad-solidaria-subsidiaria-cae\/\" target=\"_self\" rel=\"bookmark noopener noreferrer\"><img loading=\"lazy\" decoding=\"async\" width=\"1024\" height=\"683\" src=\"https:\/\/externalia.lebranders.es\/wp-content\/uploads\/2026\/05\/CAE-cuando-responde-la-empresa-principal-por-sus-contratas-eGestiona-1-1024x683.png\" class=\"attachment-large size-large\" alt=\"Responsabilidad solidaria y subsidiaria de la empresa principal en la CAE \u2014 coordinaci\u00f3n de actividades empresariales\" srcset=\"https:\/\/externalia.lebranders.es\/wp-content\/uploads\/2026\/05\/CAE-cuando-responde-la-empresa-principal-por-sus-contratas-eGestiona-1-980x653.png 980w, https:\/\/externalia.lebranders.es\/wp-content\/uploads\/2026\/05\/CAE-cuando-responde-la-empresa-principal-por-sus-contratas-eGestiona-1-480x320.png 480w\" sizes=\"(min-width: 0px) and (max-width: 480px) 480px, (min-width: 481px) and (max-width: 980px) 980px, (min-width: 981px) 1024px, 100vw\" \/>\t\t\t\t\t<\/a>\n\t\t\t\t\t\t\t\t\t<\/div>\n\t\t\t\t\t\t<h4 class=\"uagb-post__title uagb-post__text\">\n\t\t\t\t<a href=\"https:\/\/externalia.lebranders.es\/pt\/responsabilidad-solidaria-subsidiaria-cae\/\" target=\"_self\" rel=\"bookmark noopener noreferrer\">Responsabilidad solidaria y subsidiaria en la CAE: cu\u00e1ndo responde la empresa principal<\/a>\n\t\t\t<\/h4>\n\t\t\t\t\t\t<div class='uagb-post__text uagb-post-grid-byline'>\n\t\t\t\t\t\t\t\t<div class=\"uagb-post__text\">\n\t\t\t\t\t<span class='uagb-post__taxonomy'>\n\t\t\t\t\t\t\t\t\t\t\t\t<a href=\"https:\/\/externalia.lebranders.es\/pt\/software-cae\/control-operativo-y-gestion-de-contratistas\/\">Control operativo &amp; gesti\u00f3n de contratistas<\/a>,&nbsp;<a href=\"https:\/\/externalia.lebranders.es\/pt\/software-cae\/compliance-y-normativa\/\">Compliance &amp; normativa\u00a0<\/a>,&nbsp;<a href=\"https:\/\/externalia.lebranders.es\/pt\/software-cae\/prl\/\">PRL<\/a>,&nbsp;<a href=\"https:\/\/externalia.lebranders.es\/pt\/software-cae\/\">Software CAE<\/a>\t\t\t\t\t<\/span>\n\t\t\t\t<\/div>\n\t\t\t\t\t\t\t<\/div>\n\t\t\t\t\t\t\t<div class='uagb-post__text uagb-post__excerpt'>\n\t\t\t\t\tLa empresa principal puede responder solidariamente por las infracciones de sus contratas en materia de PRL y Seguridad Social. Analizamos cu\u00e1ndo, en qu\u00e9&#8230;\t\t\t\t<\/div>\n\t\t\t\t\t\t<div class=\"uagb-post__text uagb-post__cta wp-block-button\">\n\t\t\t\t<a class=\"wp-block-button__link uagb-text-link\" style=\"\" href=\"https:\/\/externalia.lebranders.es\/pt\/responsabilidad-solidaria-subsidiaria-cae\/\" target=\"_self\" rel=\"bookmark noopener noreferrer\">Ler mais<\/a>\n\t\t\t<\/div>\n\t\t\t\n\t\t\t\t\t\t\t\t\t<\/article>\n\t\t\t\t\t\t\t\t\t\t\t\t\t\t\t\t<article class=\"uagb-post__inner-wrap\">\t\t\t\t\t\t\t\t<div class='uagb-post__image'>\n\t\t\t\t\t\t\t\t\t<a href=\"https:\/\/externalia.lebranders.es\/pt\/riesgos-psicosociales-obligaciones-reforma-prl-2026\/\" target=\"_self\" rel=\"bookmark noopener noreferrer\"><img loading=\"lazy\" decoding=\"async\" width=\"1024\" height=\"683\" src=\"https:\/\/externalia.lebranders.es\/wp-content\/uploads\/2026\/05\/Riesgos-psicosociales-PRL-Externalia-Solutions-1024x683.png\" class=\"attachment-large size-large\" alt=\"Evaluaci\u00f3n de riesgos psicosociales en la empresa \u2013 nuevas obligaciones reforma Ley PRL 2026\" srcset=\"https:\/\/externalia.lebranders.es\/wp-content\/uploads\/2026\/05\/Riesgos-psicosociales-PRL-Externalia-Solutions-980x653.png 980w, https:\/\/externalia.lebranders.es\/wp-content\/uploads\/2026\/05\/Riesgos-psicosociales-PRL-Externalia-Solutions-480x320.png 480w\" sizes=\"(min-width: 0px) and (max-width: 480px) 480px, (min-width: 481px) and (max-width: 980px) 980px, (min-width: 981px) 1024px, 100vw\" \/>\t\t\t\t\t<\/a>\n\t\t\t\t\t\t\t\t\t<\/div>\n\t\t\t\t\t\t<h4 class=\"uagb-post__title uagb-post__text\">\n\t\t\t\t<a href=\"https:\/\/externalia.lebranders.es\/pt\/riesgos-psicosociales-obligaciones-reforma-prl-2026\/\" target=\"_self\" rel=\"bookmark noopener noreferrer\">Riesgos psicosociales en la empresa: nuevas obligaciones legales tras la reforma de la Ley PRL 2026<\/a>\n\t\t\t<\/h4>\n\t\t\t\t\t\t<div class='uagb-post__text uagb-post-grid-byline'>\n\t\t\t\t\t\t\t\t<div class=\"uagb-post__text\">\n\t\t\t\t\t<span class='uagb-post__taxonomy'>\n\t\t\t\t\t\t\t\t\t\t\t\t<a href=\"https:\/\/externalia.lebranders.es\/pt\/software-cae\/prl\/\">PRL<\/a>,&nbsp;<a href=\"https:\/\/externalia.lebranders.es\/pt\/software-cae\/compliance-y-normativa\/\">Compliance &amp; normativa\u00a0<\/a>\t\t\t\t\t<\/span>\n\t\t\t\t<\/div>\n\t\t\t\t\t\t\t<\/div>\n\t\t\t\t\t\t\t<div class='uagb-post__text uagb-post__excerpt'>\n\t\t\t\t\tEl nuevo art\u00edculo 16.2 de la Ley 31\/1995 convierte la evaluaci\u00f3n de riesgos psicosociales en obligaci\u00f3n legal expresa. Descubre qu\u00e9 debe hacer tu&#8230;\t\t\t\t<\/div>\n\t\t\t\t\t\t<div class=\"uagb-post__text uagb-post__cta wp-block-button\">\n\t\t\t\t<a class=\"wp-block-button__link uagb-text-link\" style=\"\" href=\"https:\/\/externalia.lebranders.es\/pt\/riesgos-psicosociales-obligaciones-reforma-prl-2026\/\" target=\"_self\" rel=\"bookmark noopener noreferrer\">Ler mais<\/a>\n\t\t\t<\/div>\n\t\t\t\n\t\t\t\t\t\t\t\t\t<\/article>\n\t\t\t\t\t\t\t\t\t\t\t\t\t\t\t\t<article class=\"uagb-post__inner-wrap\">\t\t\t\t\t\t\t\t<div class='uagb-post__image'>\n\t\t\t\t\t\t\t\t\t<a href=\"https:\/\/externalia.lebranders.es\/pt\/obligaciones-contratista-subcontratista-prl-cae\/\" target=\"_self\" rel=\"bookmark noopener noreferrer\"><img loading=\"lazy\" decoding=\"async\" width=\"1024\" height=\"683\" src=\"https:\/\/externalia.lebranders.es\/wp-content\/uploads\/2026\/05\/Obligaciones-del-contratista-Externalia-Solutions-1024x683.png\" class=\"attachment-large size-large\" alt=\"T\u00e9cnico de PRL supervisando documentaci\u00f3n CAE de contratistas y subcontratistas en obra de construcci\u00f3n con plataforma eGestiona\" srcset=\"https:\/\/externalia.lebranders.es\/wp-content\/uploads\/2026\/05\/Obligaciones-del-contratista-Externalia-Solutions-980x653.png 980w, https:\/\/externalia.lebranders.es\/wp-content\/uploads\/2026\/05\/Obligaciones-del-contratista-Externalia-Solutions-480x320.png 480w\" sizes=\"(min-width: 0px) and (max-width: 480px) 480px, (min-width: 481px) and (max-width: 980px) 980px, (min-width: 981px) 1024px, 100vw\" \/>\t\t\t\t\t<\/a>\n\t\t\t\t\t\t\t\t\t<\/div>\n\t\t\t\t\t\t<h4 class=\"uagb-post__title uagb-post__text\">\n\t\t\t\t<a href=\"https:\/\/externalia.lebranders.es\/pt\/obligaciones-contratista-subcontratista-prl-cae\/\" target=\"_self\" rel=\"bookmark noopener noreferrer\">Obligaciones del contratista y subcontratista en PRL y CAE: la gu\u00eda definitiva para empresas en entornos de riesgo<\/a>\n\t\t\t<\/h4>\n\t\t\t\t\t\t<div class='uagb-post__text uagb-post-grid-byline'>\n\t\t\t\t\t\t\t\t<div class=\"uagb-post__text\">\n\t\t\t\t\t<span class='uagb-post__taxonomy'>\n\t\t\t\t\t\t\t\t\t\t\t\t<a href=\"https:\/\/externalia.lebranders.es\/pt\/software-cae\/\">Software CAE<\/a>,&nbsp;<a href=\"https:\/\/externalia.lebranders.es\/pt\/software-cae\/compliance-y-normativa\/\">Compliance &amp; normativa\u00a0<\/a>,&nbsp;<a href=\"https:\/\/externalia.lebranders.es\/pt\/software-cae\/prl\/\">PRL<\/a>\t\t\t\t\t<\/span>\n\t\t\t\t<\/div>\n\t\t\t\t\t\t\t<\/div>\n\t\t\t\t\t\t\t<div class='uagb-post__text uagb-post__excerpt'>\n\t\t\t\t\t\u00bfCu\u00e1les son las obligaciones del contratista y el subcontratista en PRL y CAE? Esta gu\u00eda completa analiza la normativa vigente, la responsabilidad solidaria,&#8230;\t\t\t\t<\/div>\n\t\t\t\t\t\t<div class=\"uagb-post__text uagb-post__cta wp-block-button\">\n\t\t\t\t<a class=\"wp-block-button__link uagb-text-link\" style=\"\" href=\"https:\/\/externalia.lebranders.es\/pt\/obligaciones-contratista-subcontratista-prl-cae\/\" target=\"_self\" rel=\"bookmark noopener noreferrer\">Ler mais<\/a>\n\t\t\t<\/div>\n\t\t\t\n\t\t\t\t\t\t\t\t\t<\/article>\n\t\t\t\t\t\t\t\t\t\t\t\t\t\t\t\t<article class=\"uagb-post__inner-wrap\">\t\t\t\t\t\t\t\t<div class='uagb-post__image'>\n\t\t\t\t\t\t\t\t\t<a href=\"https:\/\/externalia.lebranders.es\/pt\/gestion-contratistas-construccion-industria-2026\/\" target=\"_self\" rel=\"bookmark noopener noreferrer\"><img loading=\"lazy\" decoding=\"async\" width=\"1024\" height=\"683\" src=\"https:\/\/externalia.lebranders.es\/wp-content\/uploads\/2026\/05\/Gestion-de-contratistas-Externalia-Solutions-1024x683.png\" class=\"attachment-large size-large\" alt=\"Gesti\u00f3n de contratistas en obras de construcci\u00f3n 2026 con plataforma eGestiona\" srcset=\"https:\/\/externalia.lebranders.es\/wp-content\/uploads\/2026\/05\/Gestion-de-contratistas-Externalia-Solutions-980x653.png 980w, https:\/\/externalia.lebranders.es\/wp-content\/uploads\/2026\/05\/Gestion-de-contratistas-Externalia-Solutions-480x320.png 480w\" sizes=\"(min-width: 0px) and (max-width: 480px) 480px, (min-width: 481px) and (max-width: 980px) 980px, (min-width: 981px) 1024px, 100vw\" \/>\t\t\t\t\t<\/a>\n\t\t\t\t\t\t\t\t\t<\/div>\n\t\t\t\t\t\t<h4 class=\"uagb-post__title uagb-post__text\">\n\t\t\t\t<a href=\"https:\/\/externalia.lebranders.es\/pt\/gestion-contratistas-construccion-industria-2026\/\" target=\"_self\" rel=\"bookmark noopener noreferrer\">Los grandes desaf\u00edos de la gesti\u00f3n de contratistas en 2026 y c\u00f3mo superarlos<\/a>\n\t\t\t<\/h4>\n\t\t\t\t\t\t<div class='uagb-post__text uagb-post-grid-byline'>\n\t\t\t\t\t\t\t\t<div class=\"uagb-post__text\">\n\t\t\t\t\t<span class='uagb-post__taxonomy'>\n\t\t\t\t\t\t\t\t\t\t\t\t<a href=\"https:\/\/externalia.lebranders.es\/pt\/software-cae\/control-operativo-y-gestion-de-contratistas\/\">Control operativo &amp; gesti\u00f3n de contratistas<\/a>,&nbsp;<a href=\"https:\/\/externalia.lebranders.es\/pt\/software-cae\/prl\/\">PRL<\/a>,&nbsp;<a href=\"https:\/\/externalia.lebranders.es\/pt\/software-cae\/\">Software CAE<\/a>\t\t\t\t\t<\/span>\n\t\t\t\t<\/div>\n\t\t\t\t\t\t\t<\/div>\n\t\t\t\t\t\t\t<div class='uagb-post__text uagb-post__excerpt'>\n\t\t\t\t\tEn 2026, gestionar contratistas en construcci\u00f3n e industria es m\u00e1s exigente que nunca. Descubre los 6 principales desaf\u00edos \u2014control documental, CAE, homologaci\u00f3n, visibilidad&#8230;\t\t\t\t<\/div>\n\t\t\t\t\t\t<div class=\"uagb-post__text uagb-post__cta wp-block-button\">\n\t\t\t\t<a class=\"wp-block-button__link uagb-text-link\" style=\"\" href=\"https:\/\/externalia.lebranders.es\/pt\/gestion-contratistas-construccion-industria-2026\/\" target=\"_self\" rel=\"bookmark noopener noreferrer\">Ler mais<\/a>\n\t\t\t<\/div>\n\t\t\t\n\t\t\t\t\t\t\t\t\t<\/article>\n\t\t\t\t\t\t\t\t\t\t\t\t\t\t\t\t<article class=\"uagb-post__inner-wrap\">\t\t\t\t\t\t\t\t<div class='uagb-post__image'>\n\t\t\t\t\t\t\t\t\t<a href=\"https:\/\/externalia.lebranders.es\/pt\/iso-45001-cae-coordinacion-contratas-sst\/\" target=\"_self\" rel=\"bookmark noopener noreferrer\"><img loading=\"lazy\" decoding=\"async\" width=\"1024\" height=\"683\" src=\"https:\/\/externalia.lebranders.es\/wp-content\/uploads\/2026\/04\/Coordinacion-de-contratas-en-entorno-industrial-con-sistema-de-gestion-ISO-45001-1-1024x683.png\" class=\"attachment-large size-large\" alt=\"&quot;Coordinaci\u00f3n de contratas en entorno industrial con sistema de gesti\u00f3n ISO 45001\" srcset=\"https:\/\/externalia.lebranders.es\/wp-content\/uploads\/2026\/04\/Coordinacion-de-contratas-en-entorno-industrial-con-sistema-de-gestion-ISO-45001-1-980x653.png 980w, https:\/\/externalia.lebranders.es\/wp-content\/uploads\/2026\/04\/Coordinacion-de-contratas-en-entorno-industrial-con-sistema-de-gestion-ISO-45001-1-480x320.png 480w\" sizes=\"(min-width: 0px) and (max-width: 480px) 480px, (min-width: 481px) and (max-width: 980px) 980px, (min-width: 981px) 1024px, 100vw\" \/>\t\t\t\t\t<\/a>\n\t\t\t\t\t\t\t\t\t<\/div>\n\t\t\t\t\t\t<h4 class=\"uagb-post__title uagb-post__text\">\n\t\t\t\t<a href=\"https:\/\/externalia.lebranders.es\/pt\/iso-45001-cae-coordinacion-contratas-sst\/\" target=\"_self\" rel=\"bookmark noopener noreferrer\">ISO 45001 y CAE: c\u00f3mo integrar la coordinaci\u00f3n de contratas en tu sistema de gesti\u00f3n SST<\/a>\n\t\t\t<\/h4>\n\t\t\t\t\t\t<div class='uagb-post__text uagb-post-grid-byline'>\n\t\t\t\t\t\t\t\t<div class=\"uagb-post__text\">\n\t\t\t\t\t<span class='uagb-post__taxonomy'>\n\t\t\t\t\t\t\t\t\t\t\t\t<a href=\"https:\/\/externalia.lebranders.es\/pt\/software-cae\/control-operativo-y-gestion-de-contratistas\/\">Control operativo &amp; gesti\u00f3n de contratistas<\/a>,&nbsp;<a href=\"https:\/\/externalia.lebranders.es\/pt\/software-cae\/prl\/\">PRL<\/a>,&nbsp;<a href=\"https:\/\/externalia.lebranders.es\/pt\/software-cae\/\">Software CAE<\/a>\t\t\t\t\t<\/span>\n\t\t\t\t<\/div>\n\t\t\t\t\t\t\t<\/div>\n\t\t\t\t\t\t\t<div class='uagb-post__text uagb-post__excerpt'>\n\t\t\t\t\tGu\u00eda experta para integrar la CAE en tu sistema de gesti\u00f3n ISO 45001 en sectores industriales y de construcci\u00f3n. Conoce c\u00f3mo eGestiona resuelve&#8230;\t\t\t\t<\/div>\n\t\t\t\t\t\t<div class=\"uagb-post__text uagb-post__cta wp-block-button\">\n\t\t\t\t<a class=\"wp-block-button__link uagb-text-link\" style=\"\" href=\"https:\/\/externalia.lebranders.es\/pt\/iso-45001-cae-coordinacion-contratas-sst\/\" target=\"_self\" rel=\"bookmark noopener noreferrer\">Ler mais<\/a>\n\t\t\t<\/div>\n\t\t\t\n\t\t\t\t\t\t\t\t\t<\/article>\n\t\t\t\t\t\t\t\t\t\t\t\t\t\t\t\t<article class=\"uagb-post__inner-wrap\">\t\t\t\t\t\t\t\t<div class='uagb-post__image'>\n\t\t\t\t\t\t\t\t\t<a href=\"https:\/\/externalia.lebranders.es\/pt\/esg-prl-sst-reporting-cadena-suministro\/\" target=\"_self\" rel=\"bookmark noopener noreferrer\"><img loading=\"lazy\" decoding=\"async\" width=\"1024\" height=\"683\" src=\"https:\/\/externalia.lebranders.es\/wp-content\/uploads\/2026\/03\/ESG-Externalia-Sostenibilidad-1024x683.png\" class=\"attachment-large size-large\" alt=\"t\u00e9cnico con tablet en entorno industrial \/ reuni\u00f3n de auditor\u00eda con documentaci\u00f3n \/ infograf\u00eda ESG-PRL\" srcset=\"https:\/\/externalia.lebranders.es\/wp-content\/uploads\/2026\/03\/ESG-Externalia-Sostenibilidad-980x653.png 980w, https:\/\/externalia.lebranders.es\/wp-content\/uploads\/2026\/03\/ESG-Externalia-Sostenibilidad-480x320.png 480w\" sizes=\"(min-width: 0px) and (max-width: 480px) 480px, (min-width: 481px) and (max-width: 980px) 980px, (min-width: 981px) 1024px, 100vw\" \/>\t\t\t\t\t<\/a>\n\t\t\t\t\t\t\t\t\t<\/div>\n\t\t\t\t\t\t<h4 class=\"uagb-post__title uagb-post__text\">\n\t\t\t\t<a href=\"https:\/\/externalia.lebranders.es\/pt\/esg-prl-sst-reporting-cadena-suministro\/\" target=\"_self\" rel=\"bookmark noopener noreferrer\">ESG y PRL: por qu\u00e9 la Seguridad y Salud en el Trabajo ya se audita como parte de la sostenibilidad (CSRD, CSDDD y cadena de suministro)<\/a>\n\t\t\t<\/h4>\n\t\t\t\t\t\t<div class='uagb-post__text uagb-post-grid-byline'>\n\t\t\t\t\t\t\t\t<div class=\"uagb-post__text\">\n\t\t\t\t\t<span class='uagb-post__taxonomy'>\n\t\t\t\t\t\t\t\t\t\t\t\t<a href=\"https:\/\/externalia.lebranders.es\/pt\/software-cae\/prl\/\">PRL<\/a>,&nbsp;<a href=\"https:\/\/externalia.lebranders.es\/pt\/software-cae\/compliance-y-normativa\/\">Compliance &amp; normativa\u00a0<\/a>,&nbsp;<a href=\"https:\/\/externalia.lebranders.es\/pt\/software-cae\/sostenibilidad\/\">Sostenibilidad<\/a>\t\t\t\t\t<\/span>\n\t\t\t\t<\/div>\n\t\t\t\t\t\t\t<\/div>\n\t\t\t\t\t\t\t<div class='uagb-post__text uagb-post__excerpt'>\n\t\t\t\t\t<p>Durante a\u00f1os, la Prevenci\u00f3n de Riesgos Laborales (PRL) y los departamentos de sostenibilidad de las empresas han transitado por caminos paralelos, raramente convergentes&#8230;.\t\t\t\t<\/div>\n\t\t\t\t\t\t<div class=\"uagb-post__text uagb-post__cta wp-block-button\">\n\t\t\t\t<a class=\"wp-block-button__link uagb-text-link\" style=\"\" href=\"https:\/\/externalia.lebranders.es\/pt\/esg-prl-sst-reporting-cadena-suministro\/\" target=\"_self\" rel=\"bookmark noopener noreferrer\">Ler mais<\/a>\n\t\t\t<\/div>\n\t\t\t\n\t\t\t\t\t\t\t\t\t<\/article>\n\t\t\t\t\t\t\t\t\t\t\t\t\t\t\t\t<article class=\"uagb-post__inner-wrap\">\t\t\t\t\t\t\t\t<div class='uagb-post__image'>\n\t\t\t\t\t\t\t\t\t<a href=\"https:\/\/externalia.lebranders.es\/pt\/permisos-de-trabajo-cae-prevencion-condiciona-tarea\/\" target=\"_self\" rel=\"bookmark noopener noreferrer\"><img loading=\"lazy\" decoding=\"async\" width=\"1024\" height=\"683\" src=\"https:\/\/externalia.lebranders.es\/wp-content\/uploads\/2026\/03\/Externalia-Permisos-de-trabajo-y-CAE-1024x683.png\" class=\"attachment-large size-large\" alt=\"permisos-de-trabajo-cae-prl-tareas-criticas\" srcset=\"https:\/\/externalia.lebranders.es\/wp-content\/uploads\/2026\/03\/Externalia-Permisos-de-trabajo-y-CAE-980x653.png 980w, https:\/\/externalia.lebranders.es\/wp-content\/uploads\/2026\/03\/Externalia-Permisos-de-trabajo-y-CAE-480x320.png 480w\" sizes=\"(min-width: 0px) and (max-width: 480px) 480px, (min-width: 481px) and (max-width: 980px) 980px, (min-width: 981px) 1024px, 100vw\" \/>\t\t\t\t\t<\/a>\n\t\t\t\t\t\t\t\t\t<\/div>\n\t\t\t\t\t\t<h4 class=\"uagb-post__title uagb-post__text\">\n\t\t\t\t<a href=\"https:\/\/externalia.lebranders.es\/pt\/permisos-de-trabajo-cae-prevencion-condiciona-tarea\/\" target=\"_self\" rel=\"bookmark noopener noreferrer\">Permisos de trabajo y CAE: el m\u00e9todo para que la prevenci\u00f3n condicione la tarea<\/a>\n\t\t\t<\/h4>\n\t\t\t\t\t\t<div class='uagb-post__text uagb-post-grid-byline'>\n\t\t\t\t\t\t\t\t<div class=\"uagb-post__text\">\n\t\t\t\t\t<span class='uagb-post__taxonomy'>\n\t\t\t\t\t\t\t\t\t\t\t\t<a href=\"https:\/\/externalia.lebranders.es\/pt\/software-cae\/\">Software CAE<\/a>,&nbsp;<a href=\"https:\/\/externalia.lebranders.es\/pt\/software-cae\/prl\/\">PRL<\/a>\t\t\t\t\t<\/span>\n\t\t\t\t<\/div>\n\t\t\t\t\t\t\t<\/div>\n\t\t\t\t\t\t\t<div class='uagb-post__text uagb-post__excerpt'>\n\t\t\t\t\tLos permisos de trabajo son la herramienta que conecta CAE, PRL y operaci\u00f3n en tareas cr\u00edticas. En esta gu\u00eda pr\u00e1ctica se explica c\u00f3mo&#8230;\t\t\t\t<\/div>\n\t\t\t\t\t\t<div class=\"uagb-post__text uagb-post__cta wp-block-button\">\n\t\t\t\t<a class=\"wp-block-button__link uagb-text-link\" style=\"\" href=\"https:\/\/externalia.lebranders.es\/pt\/permisos-de-trabajo-cae-prevencion-condiciona-tarea\/\" target=\"_self\" rel=\"bookmark noopener noreferrer\">Ler mais<\/a>\n\t\t\t<\/div>\n\t\t\t\n\t\t\t\t\t\t\t\t\t<\/article>\n\t\t\t\t\t\t\t\t\t\t\t<\/div>","protected":false},"excerpt":{"rendered":"<p>La coordinaci\u00f3n de actividades empresariales ha evolucionado significativamente en los \u00faltimos a\u00f1os. Sin embargo, uno de los puntos cr\u00edticos que contin\u00faa generando incidencias en las auditor\u00edas e inspecciones de trabajo es la validaci\u00f3n del alta en Seguridad Social de los trabajadores de contratas y subcontratas. En este art\u00edculo analizamos por qu\u00e9 esa cadencia ha dejado de ser suficiente, qu\u00e9 implica la verificaci\u00f3n ITA diaria y c\u00f3mo su implementaci\u00f3n transforma la gesti\u00f3n del riesgo en centros de trabajo con concurrencia empresarial.<\/p>","protected":false},"author":3,"featured_media":4908,"comment_status":"open","ping_status":"open","sticky":false,"template":"","format":"standard","meta":{"_et_pb_use_builder":"off","_et_pb_old_content":"","_et_gb_content_width":"","_uag_custom_page_level_css":"","footnotes":""},"categories":[31,126,162,124],"tags":[451,452,113,64,453,454,455,456,145,457,30,458,459,460,461],"class_list":["post-4745","post","type-post","status-publish","format-standard","has-post-thumbnail","hentry","category-control-operativo-y-gestion-de-contratistas","category-compliance-y-normativa","category-prl","category-software-cae","tag-alta-seguridad-social-contratistas","tag-cae-control-de-accesos","tag-contratistas","tag-control-de-accesos","tag-coordinacion-de-actividades-empresariales-2026","tag-deber-vigilancia-contratistas-lprl-reforma","tag-ita","tag-ita-seguridad-social-contratistas","tag-plataforma-cae","tag-plataforma-cae-automatizada","tag-plataforma-de-gestion-documental","tag-rd-171-2004","tag-reforma-lprl-2026","tag-seguridad-social","tag-verificacion-documental"],"uagb_featured_image_src":{"full":["https:\/\/externalia.lebranders.es\/wp-content\/uploads\/2026\/04\/Verificacion-ITA-diaria-CAE-Externalia-Solutions.png",1536,1024,false],"thumbnail":["https:\/\/externalia.lebranders.es\/wp-content\/uploads\/2026\/04\/Verificacion-ITA-diaria-CAE-Externalia-Solutions-150x150.png",150,150,true],"medium":["https:\/\/externalia.lebranders.es\/wp-content\/uploads\/2026\/04\/Verificacion-ITA-diaria-CAE-Externalia-Solutions-300x200.png",300,200,true],"medium_large":["https:\/\/externalia.lebranders.es\/wp-content\/uploads\/2026\/04\/Verificacion-ITA-diaria-CAE-Externalia-Solutions-768x512.png",768,512,true],"large":["https:\/\/externalia.lebranders.es\/wp-content\/uploads\/2026\/04\/Verificacion-ITA-diaria-CAE-Externalia-Solutions-1024x683.png",1024,683,true],"1536x1536":["https:\/\/externalia.lebranders.es\/wp-content\/uploads\/2026\/04\/Verificacion-ITA-diaria-CAE-Externalia-Solutions.png",1536,1024,false],"2048x2048":["https:\/\/externalia.lebranders.es\/wp-content\/uploads\/2026\/04\/Verificacion-ITA-diaria-CAE-Externalia-Solutions.png",1536,1024,false],"trp-custom-language-flag":["https:\/\/externalia.lebranders.es\/wp-content\/uploads\/2026\/04\/Verificacion-ITA-diaria-CAE-Externalia-Solutions-18x12.png",18,12,true],"et-pb-post-main-image":["https:\/\/externalia.lebranders.es\/wp-content\/uploads\/2026\/04\/Verificacion-ITA-diaria-CAE-Externalia-Solutions-400x250.png",400,250,true],"et-pb-post-main-image-fullwidth":["https:\/\/externalia.lebranders.es\/wp-content\/uploads\/2026\/04\/Verificacion-ITA-diaria-CAE-Externalia-Solutions-1080x675.png",1080,675,true],"et-pb-portfolio-image":["https:\/\/externalia.lebranders.es\/wp-content\/uploads\/2026\/04\/Verificacion-ITA-diaria-CAE-Externalia-Solutions-400x284.png",400,284,true],"et-pb-portfolio-module-image":["https:\/\/externalia.lebranders.es\/wp-content\/uploads\/2026\/04\/Verificacion-ITA-diaria-CAE-Externalia-Solutions-510x382.png",510,382,true],"et-pb-portfolio-image-single":["https:\/\/externalia.lebranders.es\/wp-content\/uploads\/2026\/04\/Verificacion-ITA-diaria-CAE-Externalia-Solutions-1080x720.png",1080,720,true],"et-pb-gallery-module-image-portrait":["https:\/\/externalia.lebranders.es\/wp-content\/uploads\/2026\/04\/Verificacion-ITA-diaria-CAE-Externalia-Solutions-400x516.png",400,516,true],"et-pb-post-main-image-fullwidth-large":["https:\/\/externalia.lebranders.es\/wp-content\/uploads\/2026\/04\/Verificacion-ITA-diaria-CAE-Externalia-Solutions.png",1536,1024,false],"et-pb-image--responsive--desktop":["https:\/\/externalia.lebranders.es\/wp-content\/uploads\/2026\/04\/Verificacion-ITA-diaria-CAE-Externalia-Solutions-1280x853.png",1080,720,true],"et-pb-image--responsive--tablet":["https:\/\/externalia.lebranders.es\/wp-content\/uploads\/2026\/04\/Verificacion-ITA-diaria-CAE-Externalia-Solutions-980x653.png",827,551,true],"et-pb-image--responsive--phone":["https:\/\/externalia.lebranders.es\/wp-content\/uploads\/2026\/04\/Verificacion-ITA-diaria-CAE-Externalia-Solutions-480x320.png",405,270,true]},"uagb_author_info":{"display_name":"Silvia Martorell","author_link":"https:\/\/externalia.lebranders.es\/pt\/author\/silvia\/"},"uagb_comment_info":0,"uagb_excerpt":"La coordinaci\u00f3n de actividades empresariales ha evolucionado significativamente en los \u00faltimos a\u00f1os. Sin embargo, uno de los puntos cr\u00edticos que contin\u00faa generando incidencias en las auditor\u00edas e inspecciones de trabajo es la validaci\u00f3n del alta en Seguridad Social de los trabajadores de contratas y subcontratas. En este art\u00edculo analizamos por qu\u00e9 esa cadencia ha dejado&hellip;","_links":{"self":[{"href":"https:\/\/externalia.lebranders.es\/pt\/wp-json\/wp\/v2\/posts\/4745","targetHints":{"allow":["GET"]}}],"collection":[{"href":"https:\/\/externalia.lebranders.es\/pt\/wp-json\/wp\/v2\/posts"}],"about":[{"href":"https:\/\/externalia.lebranders.es\/pt\/wp-json\/wp\/v2\/types\/post"}],"author":[{"embeddable":true,"href":"https:\/\/externalia.lebranders.es\/pt\/wp-json\/wp\/v2\/users\/3"}],"replies":[{"embeddable":true,"href":"https:\/\/externalia.lebranders.es\/pt\/wp-json\/wp\/v2\/comments?post=4745"}],"version-history":[{"count":2,"href":"https:\/\/externalia.lebranders.es\/pt\/wp-json\/wp\/v2\/posts\/4745\/revisions"}],"predecessor-version":[{"id":4961,"href":"https:\/\/externalia.lebranders.es\/pt\/wp-json\/wp\/v2\/posts\/4745\/revisions\/4961"}],"wp:featuredmedia":[{"embeddable":true,"href":"https:\/\/externalia.lebranders.es\/pt\/wp-json\/wp\/v2\/media\/4908"}],"wp:attachment":[{"href":"https:\/\/externalia.lebranders.es\/pt\/wp-json\/wp\/v2\/media?parent=4745"}],"wp:term":[{"taxonomy":"category","embeddable":true,"href":"https:\/\/externalia.lebranders.es\/pt\/wp-json\/wp\/v2\/categories?post=4745"},{"taxonomy":"post_tag","embeddable":true,"href":"https:\/\/externalia.lebranders.es\/pt\/wp-json\/wp\/v2\/tags?post=4745"}],"curies":[{"name":"wp","href":"https:\/\/api.w.org\/{rel}","templated":true}]}}