{"id":4782,"date":"2026-05-06T09:47:34","date_gmt":"2026-05-06T09:47:34","guid":{"rendered":"https:\/\/egestiona.com\/?p=4782"},"modified":"2026-06-12T06:44:17","modified_gmt":"2026-06-12T06:44:17","slug":"gestion-contratistas-construccion-industria-2026","status":"publish","type":"post","link":"https:\/\/externalia.lebranders.es\/pt\/gestion-contratistas-construccion-industria-2026\/","title":{"rendered":"Los grandes desaf\u00edos de la gesti\u00f3n de contratistas en 2026 y c\u00f3mo superarlos"},"content":{"rendered":"\n<p class=\"wp-block-paragraph\"><em>La subcontrataci\u00f3n en construcci\u00f3n e industria sigue creciendo, pero tambi\u00e9n lo hacen su complejidad normativa, los riesgos de cumplimiento y la presi\u00f3n sobre los equipos internos. Estas son las claves para afrontarlos con garant\u00edas.<\/em><\/p>\n\n\n\n<div id=\"ez-toc-container\" class=\"ez-toc-v2_0_87 ez-toc-wrap-left counter-hierarchy ez-toc-counter ez-toc-grey ez-toc-container-direction\">\n<div class=\"ez-toc-title-container\">\n<p class=\"ez-toc-title\" style=\"cursor:inherit\">Tabla de contenido<\/p>\n<span class=\"ez-toc-title-toggle\"><a href=\"#\" class=\"ez-toc-pull-right ez-toc-btn ez-toc-btn-xs ez-toc-btn-default ez-toc-toggle\" aria-label=\"Alternar tabela de conte\u00fado\"><span class=\"ez-toc-js-icon-con\"><span class=\"\"><span class=\"eztoc-hide\" style=\"display:none;\">Toggle<\/span><span class=\"ez-toc-icon-toggle-span\"><svg style=\"fill: #999;color:#999\" xmlns=\"http:\/\/www.w3.org\/2000\/svg\" class=\"list-377408\" width=\"20px\" height=\"20px\" viewBox=\"0 0 24 24\" fill=\"none\"><path d=\"M6 6H4v2h2V6zm14 0H8v2h12V6zM4 11h2v2H4v-2zm16 0H8v2h12v-2zM4 16h2v2H4v-2zm16 0H8v2h12v-2z\" fill=\"currentColor\"><\/path><\/svg><svg style=\"fill: #999;color:#999\" class=\"arrow-unsorted-368013\" xmlns=\"http:\/\/www.w3.org\/2000\/svg\" width=\"10px\" height=\"10px\" viewBox=\"0 0 24 24\" version=\"1.2\" baseProfile=\"tiny\"><path d=\"M18.2 9.3l-6.2-6.3-6.2 6.3c-.2.2-.3.4-.3.7s.1.5.3.7c.2.2.4.3.7.3h11c.3 0 .5-.1.7-.3.2-.2.3-.5.3-.7s-.1-.5-.3-.7zM5.8 14.7l6.2 6.3 6.2-6.3c.2-.2.3-.5.3-.7s-.1-.5-.3-.7c-.2-.2-.4-.3-.7-.3h-11c-.3 0-.5.1-.7.3-.2.2-.3.5-.3.7s.1.5.3.7z\"\/><\/svg><\/span><\/span><\/span><\/a><\/span><\/div>\n<nav><ul class='ez-toc-list ez-toc-list-level-1 ' ><li class='ez-toc-page-1 ez-toc-heading-level-2'><a class=\"ez-toc-link ez-toc-heading-1\" href=\"https:\/\/externalia.lebranders.es\/pt\/gestion-contratistas-construccion-industria-2026\/#Un_entorno_cada_vez_mas_exigente\" >Un entorno cada vez m\u00e1s exigente<\/a><\/li><li class='ez-toc-page-1 ez-toc-heading-level-2'><a class=\"ez-toc-link ez-toc-heading-2\" href=\"https:\/\/externalia.lebranders.es\/pt\/gestion-contratistas-construccion-industria-2026\/#Un_marco_normativo_mas_exigente\" >Un marco normativo m\u00e1s exigente<\/a><\/li><li class='ez-toc-page-1 ez-toc-heading-level-2'><a class=\"ez-toc-link ez-toc-heading-3\" href=\"https:\/\/externalia.lebranders.es\/pt\/gestion-contratistas-construccion-industria-2026\/#Los_seis_grandes_problemas_que_frenan_a_las_empresas\" >Los seis grandes problemas que frenan a las empresas<\/a><ul class='ez-toc-list-level-3' ><li class='ez-toc-heading-level-3'><a class=\"ez-toc-link ez-toc-heading-4\" href=\"https:\/\/externalia.lebranders.es\/pt\/gestion-contratistas-construccion-industria-2026\/#Control_documental_fragmentado_y_reactivo\" >Control documental fragmentado y reactivo<\/a><\/li><li class='ez-toc-page-1 ez-toc-heading-level-3'><a class=\"ez-toc-link ez-toc-heading-5\" href=\"https:\/\/externalia.lebranders.es\/pt\/gestion-contratistas-construccion-industria-2026\/#Verificacion_manual_de_la_solvencia_y_habilitaciones\" >Verificaci\u00f3n manual de la solvencia y habilitaciones<\/a><\/li><li class='ez-toc-page-1 ez-toc-heading-level-3'><a class=\"ez-toc-link ez-toc-heading-6\" href=\"https:\/\/externalia.lebranders.es\/pt\/gestion-contratistas-construccion-industria-2026\/#Dificultad_para_acreditar_el_cumplimiento_ante_terceros\" >Dificultad para acreditar el cumplimiento ante terceros<\/a><\/li><li class='ez-toc-page-1 ez-toc-heading-level-3'><a class=\"ez-toc-link ez-toc-heading-7\" href=\"https:\/\/externalia.lebranders.es\/pt\/gestion-contratistas-construccion-industria-2026\/#Gestion_de_la_Coordinacion_de_Actividades_Empresariales_CAE\" >Gesti\u00f3n de la Coordinaci\u00f3n de Actividades Empresariales (CAE)<\/a><\/li><li class='ez-toc-page-1 ez-toc-heading-level-3'><a class=\"ez-toc-link ez-toc-heading-8\" href=\"https:\/\/externalia.lebranders.es\/pt\/gestion-contratistas-construccion-industria-2026\/#Visibilidad_limitada_sobre_la_cadena_de_subcontratacion\" >Visibilidad limitada sobre la cadena de subcontrataci\u00f3n<\/a><\/li><li class='ez-toc-page-1 ez-toc-heading-level-3'><a class=\"ez-toc-link ez-toc-heading-9\" href=\"https:\/\/externalia.lebranders.es\/pt\/gestion-contratistas-construccion-industria-2026\/#Carga_administrativa_sobre_los_equipos_internos\" >Carga administrativa sobre los equipos internos<\/a><\/li><\/ul><\/li><li class='ez-toc-page-1 ez-toc-heading-level-2'><a class=\"ez-toc-link ez-toc-heading-10\" href=\"https:\/\/externalia.lebranders.es\/pt\/gestion-contratistas-construccion-industria-2026\/#La_respuesta_un_enfoque_estructurado_y_digitalizado\" >La respuesta: un enfoque estructurado y digitalizado<\/a><ul class='ez-toc-list-level-3' ><li class='ez-toc-heading-level-3'><a class=\"ez-toc-link ez-toc-heading-11\" href=\"https:\/\/externalia.lebranders.es\/pt\/gestion-contratistas-construccion-industria-2026\/#%E2%9C%93_Control_documental_centralizado_y_alertas_automaticas\" >\u2713&nbsp; Control documental centralizado y alertas autom\u00e1ticas<\/a><\/li><li class='ez-toc-page-1 ez-toc-heading-level-3'><a class=\"ez-toc-link ez-toc-heading-12\" href=\"https:\/\/externalia.lebranders.es\/pt\/gestion-contratistas-construccion-industria-2026\/#%E2%9C%93_Homologacion_de_contratistas_con_criterios_configurables\" >\u2713&nbsp; Homologaci\u00f3n de contratistas con criterios configurables<\/a><\/li><li class='ez-toc-page-1 ez-toc-heading-level-3'><a class=\"ez-toc-link ez-toc-heading-13\" href=\"https:\/\/externalia.lebranders.es\/pt\/gestion-contratistas-construccion-industria-2026\/#%E2%9C%93_Trazabilidad_y_evidencia_documental_exportable\" >\u2713&nbsp; Trazabilidad y evidencia documental exportable<\/a><\/li><li class='ez-toc-page-1 ez-toc-heading-level-3'><a class=\"ez-toc-link ez-toc-heading-14\" href=\"https:\/\/externalia.lebranders.es\/pt\/gestion-contratistas-construccion-industria-2026\/#%E2%9C%93_Modulo_especifico_de_Coordinacion_de_Actividades_Empresariales_CAE\" >\u2713&nbsp; M\u00f3dulo espec\u00edfico de Coordinaci\u00f3n de Actividades Empresariales (CAE)<\/a><\/li><li class='ez-toc-page-1 ez-toc-heading-level-3'><a class=\"ez-toc-link ez-toc-heading-15\" href=\"https:\/\/externalia.lebranders.es\/pt\/gestion-contratistas-construccion-industria-2026\/#%E2%9C%93_Visibilidad_completa_de_la_cadena_de_subcontratacion\" >\u2713&nbsp; Visibilidad completa de la cadena de subcontrataci\u00f3n<\/a><\/li><li class='ez-toc-page-1 ez-toc-heading-level-3'><a class=\"ez-toc-link ez-toc-heading-16\" href=\"https:\/\/externalia.lebranders.es\/pt\/gestion-contratistas-construccion-industria-2026\/#%E2%9C%93_Portal_de_contratistas_con_aportacion_autonoma_de_documentacion\" >\u2713&nbsp; Portal de contratistas con aportaci\u00f3n aut\u00f3noma de documentaci\u00f3n<\/a><\/li><\/ul><\/li><li class='ez-toc-page-1 ez-toc-heading-level-2'><a class=\"ez-toc-link ez-toc-heading-17\" href=\"https:\/\/externalia.lebranders.es\/pt\/gestion-contratistas-construccion-industria-2026\/#Gestion_tradicional_frente_a_eGestiona\" >Gesti\u00f3n tradicional frente a eGestiona<\/a><\/li><li class='ez-toc-page-1 ez-toc-heading-level-2'><a class=\"ez-toc-link ez-toc-heading-18\" href=\"https:\/\/externalia.lebranders.es\/pt\/gestion-contratistas-construccion-industria-2026\/#La_gestion_de_contratistas_como_ventaja_competitiva\" >La gesti\u00f3n de contratistas como ventaja competitiva<\/a><ul class='ez-toc-list-level-3' ><li class='ez-toc-heading-level-3'><a class=\"ez-toc-link ez-toc-heading-19\" href=\"https:\/\/externalia.lebranders.es\/pt\/gestion-contratistas-construccion-industria-2026\/#Solicita_una_demo_gratuita\" >Solicita una demo gratuita<\/a><\/li><\/ul><\/li><li class='ez-toc-page-1 ez-toc-heading-level-2'><a class=\"ez-toc-link ez-toc-heading-20\" href=\"https:\/\/externalia.lebranders.es\/pt\/gestion-contratistas-construccion-industria-2026\/#Preguntas_frecuentes_sobre_gestion_de_contratistas\" >Preguntas frecuentes sobre gesti\u00f3n de contratistas<\/a><ul class='ez-toc-list-level-3' ><li class='ez-toc-heading-level-3'><a class=\"ez-toc-link ez-toc-heading-21\" href=\"https:\/\/externalia.lebranders.es\/pt\/gestion-contratistas-construccion-industria-2026\/#%C2%BFQue_documentacion_debo_exigir_a_mis_contratistas_para_cumplir_con_la_normativa_vigente_en_Espana\" >\u00bfQu\u00e9 documentaci\u00f3n debo exigir a mis contratistas para cumplir con la normativa vigente en Espa\u00f1a?<\/a><\/li><li class='ez-toc-page-1 ez-toc-heading-level-3'><a class=\"ez-toc-link ez-toc-heading-22\" href=\"https:\/\/externalia.lebranders.es\/pt\/gestion-contratistas-construccion-industria-2026\/#%C2%BFQue_es_la_Coordinacion_de_Actividades_Empresariales_CAE_y_quien_esta_obligado_a_aplicarla\" >\u00bfQu\u00e9 es la Coordinaci\u00f3n de Actividades Empresariales (CAE) y qui\u00e9n est\u00e1 obligado a aplicarla?<\/a><\/li><li class='ez-toc-page-1 ez-toc-heading-level-3'><a class=\"ez-toc-link ez-toc-heading-23\" href=\"https:\/\/externalia.lebranders.es\/pt\/gestion-contratistas-construccion-industria-2026\/#%C2%BFQue_riesgos_asume_una_empresa_si_un_contratista_incumple_sus_obligaciones_laborales_o_de_Seguridad_Social\" >\u00bfQu\u00e9 riesgos asume una empresa si un contratista incumple sus obligaciones laborales o de Seguridad Social?<\/a><\/li><li class='ez-toc-page-1 ez-toc-heading-level-3'><a class=\"ez-toc-link ez-toc-heading-24\" href=\"https:\/\/externalia.lebranders.es\/pt\/gestion-contratistas-construccion-industria-2026\/#%C2%BFCuanto_tiempo_suele_llevar_digitalizar_la_gestion_de_contratistas_en_una_empresa_mediana\" >\u00bfCu\u00e1nto tiempo suele llevar digitalizar la gesti\u00f3n de contratistas en una empresa mediana?<\/a><\/li><li class='ez-toc-page-1 ez-toc-heading-level-3'><a class=\"ez-toc-link ez-toc-heading-25\" href=\"https:\/\/externalia.lebranders.es\/pt\/gestion-contratistas-construccion-industria-2026\/#%C2%BFPuede_eGestiona_integrarse_con_el_ERP_o_el_sistema_de_compras_que_ya_utilizamos\" >\u00bfPuede eGestiona integrarse con el ERP o el sistema de compras que ya utilizamos?<\/a><\/li><\/ul><\/li><\/ul><\/nav><\/div>\n<h2 class=\"wp-block-heading\"><span class=\"ez-toc-section\" id=\"Un_entorno_cada_vez_mas_exigente\"><\/span><strong>Un entorno cada vez m\u00e1s exigente<\/strong><span class=\"ez-toc-section-end\"><\/span><\/h2>\n\n\n\n<p class=\"wp-block-paragraph\"><\/p>\n\n\n\n<p class=\"wp-block-paragraph\">La construcci\u00f3n y la industria espa\u00f1ola siguen apostando de forma decidida por la externalizaci\u00f3n. Seg\u00fan los datos m\u00e1s recientes del sector, m\u00e1s del <strong>65 % de las obras de edificaci\u00f3n e ingenier\u00eda civil<\/strong> involucran al menos a dos niveles de subcontrataci\u00f3n. Esta tendencia, lejos de revertirse, se ha acelerado en los \u00faltimos a\u00f1os impulsada por la escasez de perfiles t\u00e9cnicos propios, la especializaci\u00f3n de las tareas y la necesidad de flexibilizar las estructuras de coste.<\/p>\n\n\n\n<p class=\"wp-block-paragraph\">Sin embargo, <a href=\"https:\/\/externalia.lebranders.es\/gestion-de-contratistas-digitalizar-cae\/\" target=\"_blank\" rel=\"noreferrer noopener\">gestionar contratistas<\/a> no es simplemente coordinar agendas y firmar contratos. Implica garantizar el <a href=\"https:\/\/externalia.lebranders.es\/prl-cae-adaptar-procesos-cambios-normativos\/\" target=\"_blank\" rel=\"noreferrer noopener\">cumplimiento normativo<\/a>, controlar la documentaci\u00f3n, supervisar la prevenci\u00f3n de riesgos y mantener la trazabilidad de toda la cadena de subcontrataci\u00f3n. En 2026, este proceso se ha vuelto m\u00e1s exigente que nunca.<\/p>\n\n\n\n<blockquote class=\"wp-block-quote is-layout-flow wp-block-quote-is-layout-flow\">\n<p class=\"wp-block-paragraph\"><em>Muchas empresas siguen gestionando su red de contratistas con hojas de c\u00e1lculo, carpetas compartidas y correos electr\u00f3nicos. El resultado es predecible: documentaci\u00f3n caducada, inspecciones complicadas y responsabilidad solidaria que recae sobre la empresa principal.<\/em><\/p>\n<\/blockquote>\n\n\n\n<p class=\"wp-block-paragraph\"><\/p>\n\n\n\n<div class=\"wp-block-uagb-image aligncenter uagb-block-775ee2fa wp-block-uagb-image--layout-default wp-block-uagb-image--effect-static wp-block-uagb-image--align-center\"><figure class=\"wp-block-uagb-image__figure\"><img decoding=\"async\" src=\"https:\/\/externalia.lebranders.es\/wp-content\/uploads\/2026\/05\/contexto-en-cifras.png\" alt=\"Grandes desaf\u00edos de la gesti\u00f3n de contratistas\" class=\"uag-image-4783\" width=\"938\" height=\"168\" title=\"contexto en cifras\" loading=\"lazy\" role=\"img\" \/><\/figure><\/div>\n\n\n\n<p class=\"wp-block-paragraph\"><\/p>\n\n\n\n<h2 class=\"wp-block-heading\"><span class=\"ez-toc-section\" id=\"Un_marco_normativo_mas_exigente\"><\/span><strong>Un marco normativo m\u00e1s exigente<\/strong><span class=\"ez-toc-section-end\"><\/span><\/h2>\n\n\n\n<p class=\"wp-block-paragraph\"><\/p>\n\n\n\n<p class=\"wp-block-paragraph\">El marco regulatorio que afecta a la subcontrataci\u00f3n en construcci\u00f3n e industria se ha endurecido notablemente en los \u00faltimos dos a\u00f1os. La transposici\u00f3n de directivas europeas en materia de seguridad y salud laboral, el refuerzo de las obligaciones en materia de prevenci\u00f3n de riesgos de la <a href=\"https:\/\/www.boe.es\/buscar\/act.php?id=BOE-A-1995-24292\" target=\"_blank\" rel=\"noreferrer noopener nofollow\">Ley 31\/1995<\/a> y sus desarrollos reglamentarios, y el mayor escrutinio de la Inspecci\u00f3n de Trabajo sobre las cadenas de subcontrataci\u00f3n han elevado el list\u00f3n de cumplimiento de forma significativa.<\/p>\n\n\n\n<p class=\"wp-block-paragraph\">A ello se suma el incremento del volumen de proyectos financiados con fondos europeos del Plan de Recuperaci\u00f3n, que incorporan sus propios requisitos de trazabilidad y auditor\u00eda. Las empresas que act\u00faan como contratistas principales o promotoras asumen una <strong>responsabilidad solidaria<\/strong> sobre las obligaciones laborales y de Seguridad Social de sus subcontratistas, lo que convierte el control documental en una cuesti\u00f3n estrat\u00e9gica, no meramente administrativa.<\/p>\n\n\n\n<h2 class=\"wp-block-heading\"><span class=\"ez-toc-section\" id=\"Los_seis_grandes_problemas_que_frenan_a_las_empresas\"><\/span><strong>Los seis grandes problemas que frenan a las empresas<\/strong><span class=\"ez-toc-section-end\"><\/span><\/h2>\n\n\n\n<p class=\"wp-block-paragraph\"><\/p>\n\n\n\n<p class=\"wp-block-paragraph\">Tras trabajar con cientos de empresas del sector en toda Espa\u00f1a y tambi\u00e9n en Latinoam\u00e9rica, en <strong>eGestiona <\/strong>hemos identificado un patr\u00f3n claro de dificultades recurrentes. Estos son los seis desaf\u00edos que generan mayor impacto operativo y mayor riesgo legal:<\/p>\n\n\n\n<h3 class=\"wp-block-heading\"><span class=\"ez-toc-section\" id=\"Control_documental_fragmentado_y_reactivo\"><\/span><strong>Control documental fragmentado y reactivo<\/strong><span class=\"ez-toc-section-end\"><\/span><\/h3>\n\n\n\n<p class=\"wp-block-paragraph\"><\/p>\n\n\n\n<p class=\"wp-block-paragraph\">La documentaci\u00f3n de contratistas \u2014seguros de responsabilidad civil, certificados de Seguridad Social, formaci\u00f3n en PRL, acreditaciones profesionales\u2014 tiene fecha de caducidad. Sin un sistema centralizado, las empresas no saben qu\u00e9 documentos est\u00e1n vigentes y cu\u00e1les han expirado hasta que surge un problema: una inspecci\u00f3n, un accidente o una auditor\u00eda. <strong>[Riesgo legal elevado]<\/strong><\/p>\n\n\n\n<h3 class=\"wp-block-heading\"><span class=\"ez-toc-section\" id=\"Verificacion_manual_de_la_solvencia_y_habilitaciones\"><\/span><strong>Verificaci\u00f3n manual de la solvencia y habilitaciones<\/strong><span class=\"ez-toc-section-end\"><\/span><\/h3>\n\n\n\n<p class=\"wp-block-paragraph\"><\/p>\n\n\n\n<p class=\"wp-block-paragraph\">Comprobar que un contratista dispone de las habilitaciones, seguros y certificaciones exigidas para cada tipo de trabajo requiere tiempo y criterio t\u00e9cnico. Cuando se gestiona simult\u00e1neamente con decenas o cientos de proveedores, la verificaci\u00f3n manual se vuelve inviable y los errores de omisi\u00f3n son frecuentes. <strong>[Riesgo operativo]<\/strong><\/p>\n\n\n\n<h3 class=\"wp-block-heading\"><span class=\"ez-toc-section\" id=\"Dificultad_para_acreditar_el_cumplimiento_ante_terceros\"><\/span><strong>Dificultad para acreditar el cumplimiento ante terceros<\/strong><span class=\"ez-toc-section-end\"><\/span><\/h3>\n\n\n\n<p class=\"wp-block-paragraph\"><\/p>\n\n\n\n<p class=\"wp-block-paragraph\">Cuando una inspecci\u00f3n de trabajo, un cliente p\u00fablico o un auditor solicita evidencias de que se ha ejercido la debida diligencia sobre la cadena de subcontrataci\u00f3n, muchas empresas no pueden aportarlas de forma ordenada y trazable. La informaci\u00f3n existe, pero est\u00e1 dispersa en correos, carpetas y hojas de c\u00e1lculo. <strong>[Riesgo reputacional]<\/strong><\/p>\n\n\n\n<h3 class=\"wp-block-heading\"><span class=\"ez-toc-section\" id=\"Gestion_de_la_Coordinacion_de_Actividades_Empresariales_CAE\"><\/span><strong>Gesti\u00f3n de la Coordinaci\u00f3n de Actividades Empresariales (CAE)<\/strong><span class=\"ez-toc-section-end\"><\/span><\/h3>\n\n\n\n<p class=\"wp-block-paragraph\"><\/p>\n\n\n\n<p class=\"wp-block-paragraph\"><a href=\"https:\/\/externalia.lebranders.es\/software-cae-que-es-para-que-sirve-egestiona\/\" target=\"_blank\" rel=\"noreferrer noopener\"><strong>La CAE<\/strong><\/a> exige que empresas concurrentes en un mismo centro de trabajo intercambien informaci\u00f3n sobre riesgos y medidas preventivas. En obras con m\u00faltiples contratistas y subcontratistas, coordinar este intercambio de forma sistem\u00e1tica y documentada supone una carga administrativa significativa que muchos equipos de PRL gestionan de forma improvisada. <strong>[Cumplimiento normativo]<\/strong><\/p>\n\n\n\n<h3 class=\"wp-block-heading\"><span class=\"ez-toc-section\" id=\"Visibilidad_limitada_sobre_la_cadena_de_subcontratacion\"><\/span><strong>Visibilidad limitada sobre la cadena de subcontrataci\u00f3n<\/strong><span class=\"ez-toc-section-end\"><\/span><\/h3>\n\n\n\n<p class=\"wp-block-paragraph\"><\/p>\n\n\n\n<p class=\"wp-block-paragraph\">En proyectos medianos y grandes, la empresa principal puede desconocer qui\u00e9n est\u00e1 realmente trabajando en sus instalaciones. Los subcontratistas contratan a su vez a otros subcontratistas, generando una cadena de responsabilidad que, sin herramientas adecuadas, resulta opaca e incontrolable. <strong>[Riesgo legal elevado]<\/strong><\/p>\n\n\n\n<h3 class=\"wp-block-heading\"><span class=\"ez-toc-section\" id=\"Carga_administrativa_sobre_los_equipos_internos\"><\/span><strong>Carga administrativa sobre los equipos internos<\/strong><span class=\"ez-toc-section-end\"><\/span><\/h3>\n\n\n\n<p class=\"wp-block-paragraph\"><\/p>\n\n\n\n<p class=\"wp-block-paragraph\">Los responsables de compras, PRL o administraci\u00f3n dedican una parte desproporcionada de su tiempo a tareas de recopilaci\u00f3n, verificaci\u00f3n y archivo de documentaci\u00f3n de proveedores. Este coste oculto limita su capacidad de aportar valor en tareas m\u00e1s estrat\u00e9gicas. <strong>[Ineficiencia operativa]<\/strong><\/p>\n\n\n\n<blockquote class=\"wp-block-quote is-layout-flow wp-block-quote-is-layout-flow\">\n<p class=\"wp-block-paragraph\"><em>\u00abLa gesti\u00f3n documental de contratistas no es un tr\u00e1mite administrativo: es la primera l\u00ednea de defensa frente a sanciones, accidentes y responsabilidades solidarias.\u00bb<\/em> \u2014 Equipo t\u00e9cnico eGestiona, 2026<\/p>\n<\/blockquote>\n\n\n\n<h2 class=\"wp-block-heading\"><span class=\"ez-toc-section\" id=\"La_respuesta_un_enfoque_estructurado_y_digitalizado\"><\/span><strong>La respuesta: un enfoque estructurado y digitalizado<\/strong><span class=\"ez-toc-section-end\"><\/span><\/h2>\n\n\n\n<p class=\"wp-block-paragraph\"><\/p>\n\n\n\n<p class=\"wp-block-paragraph\">La buena noticia es que todos estos desaf\u00edos tienen soluci\u00f3n cuando se abordan con la herramienta adecuada. <strong>eGestiona <\/strong>es una plataforma dise\u00f1ada espec\u00edficamente para la gesti\u00f3n integral de contratistas en entornos de construcci\u00f3n e industria.<\/p>\n\n\n\n<h3 class=\"wp-block-heading\"><span class=\"ez-toc-section\" id=\"%E2%9C%93_Control_documental_centralizado_y_alertas_automaticas\"><\/span><strong>\u2713&nbsp; Control documental centralizado y alertas autom\u00e1ticas<\/strong><span class=\"ez-toc-section-end\"><\/span><\/h3>\n\n\n\n<p class=\"wp-block-paragraph\"><\/p>\n\n\n\n<p class=\"wp-block-paragraph\"><strong>eGestiona <\/strong>centraliza toda la documentaci\u00f3n de cada contratista en un expediente digital estructurado. El sistema detecta autom\u00e1ticamente las fechas de caducidad y env\u00eda alertas preventivas tanto al equipo interno como al propio contratista, con el tiempo suficiente para renovar antes de que expire.<\/p>\n\n\n\n<h3 class=\"wp-block-heading\"><span class=\"ez-toc-section\" id=\"%E2%9C%93_Homologacion_de_contratistas_con_criterios_configurables\"><\/span><strong>\u2713&nbsp; Homologaci\u00f3n de contratistas con criterios configurables<\/strong><span class=\"ez-toc-section-end\"><\/span><\/h3>\n\n\n\n<p class=\"wp-block-paragraph\"><\/p>\n\n\n\n<p class=\"wp-block-paragraph\">La plataforma permite definir los requisitos documentales y de habilitaci\u00f3n exigidos para cada tipo de trabajo o categor\u00eda de proveedor. <a href=\"https:\/\/externalia.lebranders.es\/homologacion-de-proveedores\/\" target=\"_blank\" rel=\"noreferrer noopener\">El proceso de homologaci\u00f3n<\/a> es sistem\u00e1tico, reproducible y queda registrado, eliminando la dependencia del criterio individual de cada t\u00e9cnico.<\/p>\n\n\n\n<h3 class=\"wp-block-heading\"><span class=\"ez-toc-section\" id=\"%E2%9C%93_Trazabilidad_y_evidencia_documental_exportable\"><\/span><strong>\u2713&nbsp; Trazabilidad y evidencia documental exportable<\/strong><span class=\"ez-toc-section-end\"><\/span><\/h3>\n\n\n\n<p class=\"wp-block-paragraph\"><\/p>\n\n\n\n<p class=\"wp-block-paragraph\">Ante cualquier requerimiento de inspecci\u00f3n, auditor\u00eda o cliente, <strong>eGestiona <\/strong>permite generar informes de cumplimiento completos y trazables en minutos. El historial de cada contratista, con fecha y estado de cada documento, queda accesible de forma permanente.<\/p>\n\n\n\n<h3 class=\"wp-block-heading\"><span class=\"ez-toc-section\" id=\"%E2%9C%93_Modulo_especifico_de_Coordinacion_de_Actividades_Empresariales_CAE\"><\/span><strong>\u2713&nbsp; M\u00f3dulo espec\u00edfico de Coordinaci\u00f3n de Actividades Empresariales (CAE)<\/strong><span class=\"ez-toc-section-end\"><\/span><\/h3>\n\n\n\n<p class=\"wp-block-paragraph\"><\/p>\n\n\n\n<p class=\"wp-block-paragraph\"><strong>eGestiona <\/strong>integra un m\u00f3dulo <strong>CAE <\/strong>que facilita el intercambio documentado de informaci\u00f3n de riesgos entre empresas concurrentes, el registro de las actuaciones del Recurso Preventivo y la generaci\u00f3n del libro de subcontrataci\u00f3n digital, en cumplimiento con la normativa vigente.<\/p>\n\n\n\n<h3 class=\"wp-block-heading\"><span class=\"ez-toc-section\" id=\"%E2%9C%93_Visibilidad_completa_de_la_cadena_de_subcontratacion\"><\/span><strong>\u2713&nbsp; Visibilidad completa de la cadena de subcontrataci\u00f3n<\/strong><span class=\"ez-toc-section-end\"><\/span><\/h3>\n\n\n\n<p class=\"wp-block-paragraph\"><\/p>\n\n\n\n<p class=\"wp-block-paragraph\">La plataforma permite registrar y visualizar todos los niveles de subcontrataci\u00f3n de un proyecto, con acceso diferenciado para cada empresa implicada. La empresa principal mantiene la visi\u00f3n global sin renunciar a la confidencialidad entre proveedores.<\/p>\n\n\n\n<h3 class=\"wp-block-heading\"><span class=\"ez-toc-section\" id=\"%E2%9C%93_Portal_de_contratistas_con_aportacion_autonoma_de_documentacion\"><\/span><strong>\u2713&nbsp; Portal de contratistas con aportaci\u00f3n aut\u00f3noma de documentaci\u00f3n<\/strong><span class=\"ez-toc-section-end\"><\/span><\/h3>\n\n\n\n<p class=\"wp-block-paragraph\"><\/p>\n\n\n\n<p class=\"wp-block-paragraph\">Los propios contratistas acceden a un portal propio donde cargan, actualizan y validan su documentaci\u00f3n sin intermediarios. Esto descarga al equipo interno de tareas de recopilaci\u00f3n y traslada la responsabilidad de actualizaci\u00f3n a quien corresponde.<\/p>\n\n\n\n<h2 class=\"wp-block-heading\"><span class=\"ez-toc-section\" id=\"Gestion_tradicional_frente_a_eGestiona\"><\/span><strong>Gesti\u00f3n tradicional frente a eGestiona<\/strong><span class=\"ez-toc-section-end\"><\/span><\/h2>\n\n\n\n<p class=\"wp-block-paragraph\"><\/p>\n\n\n\n<figure class=\"wp-block-table is-style-stripes\"><table class=\"has-fixed-layout\"><tbody><tr><td class=\"has-text-align-center\" data-align=\"center\"><strong>\u00c1rea de gesti\u00f3n<\/strong><\/td><td class=\"has-text-align-center\" data-align=\"center\"><strong>Sin plataforma<\/strong><\/td><td class=\"has-text-align-center\" data-align=\"center\"><strong>Con eGestiona<\/strong><\/td><\/tr><tr><td class=\"has-text-align-center\" data-align=\"center\">Control de documentaci\u00f3n<\/td><td class=\"has-text-align-center\" data-align=\"center\">Manual, reactivo, propenso a errores<\/td><td class=\"has-text-align-center\" data-align=\"center\"><strong>\u2713 Automatizado con alertas preventivas<\/strong><\/td><\/tr><tr><td class=\"has-text-align-center\" data-align=\"center\">Homologaci\u00f3n de proveedores<\/td><td class=\"has-text-align-center\" data-align=\"center\">Criterios variables seg\u00fan t\u00e9cnico<\/td><td class=\"has-text-align-center\" data-align=\"center\"><strong>\u2713 Proceso estandarizado y reproducible<\/strong><\/td><\/tr><tr><td class=\"has-text-align-center\" data-align=\"center\">Evidencia ante inspecciones<\/td><td class=\"has-text-align-center\" data-align=\"center\">Informaci\u00f3n dispersa, dif\u00edcil de reunir<\/td><td class=\"has-text-align-center\" data-align=\"center\"><strong>\u2713 Informes exportables en minutos<\/strong><\/td><\/tr><tr><td class=\"has-text-align-center\" data-align=\"center\">Coordinaci\u00f3n CAE<\/td><td class=\"has-text-align-center\" data-align=\"center\">Intercambios informales por correo<\/td><td class=\"has-text-align-center\" data-align=\"center\"><strong>\u2713 M\u00f3dulo con registro y trazabilidad<\/strong><\/td><\/tr><tr><td class=\"has-text-align-center\" data-align=\"center\">Visibilidad de la cadena<\/td><td class=\"has-text-align-center\" data-align=\"center\">Opaca a partir del primer nivel<\/td><td class=\"has-text-align-center\" data-align=\"center\"><strong>\u2713 Todos los niveles visibles y auditables<\/strong><\/td><\/tr><tr><td class=\"has-text-align-center\" data-align=\"center\">Carga sobre el equipo interno<\/td><td class=\"has-text-align-center\" data-align=\"center\">Alta: recopilaci\u00f3n y archivo manuales<\/td><td class=\"has-text-align-center\" data-align=\"center\"><strong>\u2713 Reducida: contratistas aportan documentaci\u00f3n<\/strong><\/td><\/tr><\/tbody><\/table><\/figure>\n\n\n\n<p class=\"wp-block-paragraph\"><\/p>\n\n\n\n<h2 class=\"wp-block-heading\"><span class=\"ez-toc-section\" id=\"La_gestion_de_contratistas_como_ventaja_competitiva\"><\/span><strong>La gesti\u00f3n de contratistas como ventaja competitiva<\/strong><span class=\"ez-toc-section-end\"><\/span><\/h2>\n\n\n\n<p class=\"wp-block-paragraph\"><\/p>\n\n\n\n<p class=\"wp-block-paragraph\">En 2026, las empresas del sector de la construcci\u00f3n y la industria que gestionan su cadena de contratistas con rigor y herramientas adecuadas no solo reducen su exposici\u00f3n al riesgo legal y laboral. Tambi\u00e9n compiten mejor: acceden a licitaciones p\u00fablicas con mayor facilidad, generan mayor confianza en sus clientes y liberan recursos internos para actividades de mayor valor.<\/p>\n\n\n\n<p class=\"wp-block-paragraph\">La digitalizaci\u00f3n de la gesti\u00f3n de contratistas no es una inversi\u00f3n en tecnolog\u00eda; es una inversi\u00f3n en <strong>control, en cumplimiento y en reputaci\u00f3n.<\/strong> Y en un entorno regulatorio como el actual, esa inversi\u00f3n es cada vez menos opcional.<\/p>\n\n\n\n<p class=\"wp-block-paragraph\">Si tu empresa todav\u00eda gestiona su red de proveedores y subcontratistas de forma manual o con herramientas gen\u00e9ricas, este es el momento de plantearse un cambio de enfoque.<\/p>\n\n\n\n<div style=\"height:40px\" aria-hidden=\"true\" class=\"wp-block-spacer\"><\/div>\n\n\n\n<div class=\"wp-block-uagb-call-to-action uagb-block-d64520de wp-block-button\"><div class=\"uagb-cta__wrap\"><h3 class=\"uagb-cta__title\"><span class=\"ez-toc-section\" id=\"Solicita_una_demo_gratuita\"><\/span><strong>Solicita una demo gratuita<\/strong><span class=\"ez-toc-section-end\"><\/span><\/h3><p class=\"uagb-cta__desc\">Gesti\u00f3n PRL \u00b7 Evaluaci\u00f3n de riesgos \u00b7 Planificaci\u00f3n preventiva \u00b7 Trazabilidad documental<\/p><\/div><div class=\"uagb-cta__buttons\"><a href=\"https:\/\/externalia.lebranders.es\/solicitar-demo\/\" class=\"uagb-cta__button-link-wrapper wp-block-button__link\" target=\"_self\" rel=\"noopener noreferrer\">DEMO<\/a><\/div><\/div>\n\n\n\n<div style=\"height:39px\" aria-hidden=\"true\" class=\"wp-block-spacer\"><\/div>\n\n\n\n<h2 class=\"wp-block-heading\"><span class=\"ez-toc-section\" id=\"Preguntas_frecuentes_sobre_gestion_de_contratistas\"><\/span><strong>Preguntas frecuentes sobre gesti\u00f3n de contratistas<\/strong><span class=\"ez-toc-section-end\"><\/span><\/h2>\n\n\n\n<div style=\"height:36px\" aria-hidden=\"true\" class=\"wp-block-spacer\"><\/div>\n\n\n<div class=\"wp-block-uagb-faq uagb-faq__outer-wrap uagb-block-32b3215c uagb-faq-icon-row uagb-faq-layout-accordion uagb-faq-expand-first-false uagb-faq-inactive-other-true uagb-faq__wrap uagb-buttons-layout-wrap uagb-faq-equal-height     \" data-faqtoggle=\"true\" role=\"tablist\"><div class=\"wp-block-uagb-faq-child uagb-faq-child__outer-wrap uagb-faq-item uagb-block-e380ea1c \" role=\"tab\" tabindex=\"0\"><div class=\"uagb-faq-questions-button uagb-faq-questions\">\t\t\t<span class=\"uagb-icon uagb-faq-icon-wrap\">\n\t\t\t\t\t\t\t\t<svg xmlns=\"https:\/\/www.w3.org\/2000\/svg\" viewBox= \"0 0 448 512\"><path d=\"M432 256c0 17.69-14.33 32.01-32 32.01H256v144c0 17.69-14.33 31.99-32 31.99s-32-14.3-32-31.99v-144H48c-17.67 0-32-14.32-32-32.01s14.33-31.99 32-31.99H192v-144c0-17.69 14.33-32.01 32-32.01s32 14.32 32 32.01v144h144C417.7 224 432 238.3 432 256z\"><\/path><\/svg>\n\t\t\t\t\t\t\t<\/span>\n\t\t\t\t\t\t<span class=\"uagb-icon-active uagb-faq-icon-wrap\">\n\t\t\t\t\t\t\t\t<svg xmlns=\"https:\/\/www.w3.org\/2000\/svg\" viewBox= \"0 0 448 512\"><path d=\"M400 288h-352c-17.69 0-32-14.32-32-32.01s14.31-31.99 32-31.99h352c17.69 0 32 14.3 32 31.99S417.7 288 400 288z\"><\/path><\/svg>\n\t\t\t\t\t\t\t<\/span>\n\t\t\t<h3 class=\"uagb-question\"><span class=\"ez-toc-section\" id=\"%C2%BFQue_documentacion_debo_exigir_a_mis_contratistas_para_cumplir_con_la_normativa_vigente_en_Espana\"><\/span><strong>\u00bfQu\u00e9 documentaci\u00f3n debo exigir a mis contratistas para cumplir con la normativa vigente en Espa\u00f1a?<\/strong><span class=\"ez-toc-section-end\"><\/span><\/h3><\/div><div class=\"uagb-faq-content\"><p>En Espa\u00f1a, la documentaci\u00f3n m\u00ednima exigible a los contratistas abarca, entre otros, el certificado de estar al corriente con la Seguridad Social, la p\u00f3liza de seguro de responsabilidad civil, la evaluaci\u00f3n de riesgos y el plan de prevenci\u00f3n de riesgos laborales, la acreditaci\u00f3n de formaci\u00f3n en PRL de los trabajadores que acceden a la obra o instalaci\u00f3n, los reconocimientos m\u00e9dicos vigentes, y el alta en el Registro de Empresas Acreditadas (REA) en el caso del sector de la construcci\u00f3n. A esto pueden sumarse requisitos adicionales seg\u00fan el tipo de actividad, las especificaciones del cliente o la normativa sectorial aplicable. Una plataforma como eGestiona permite configurar exactamente qu\u00e9 documentos son obligatorios para cada categor\u00eda de proveedor y hacer seguimiento automatizado de sus fechas de caducidad.<\/p><\/div><\/div><div class=\"wp-block-uagb-faq-child uagb-faq-child__outer-wrap uagb-faq-item uagb-block-f0d908c4 \" role=\"tab\" tabindex=\"0\"><div class=\"uagb-faq-questions-button uagb-faq-questions\">\t\t\t<span class=\"uagb-icon uagb-faq-icon-wrap\">\n\t\t\t\t\t\t\t\t<svg xmlns=\"https:\/\/www.w3.org\/2000\/svg\" viewBox= \"0 0 448 512\"><path d=\"M432 256c0 17.69-14.33 32.01-32 32.01H256v144c0 17.69-14.33 31.99-32 31.99s-32-14.3-32-31.99v-144H48c-17.67 0-32-14.32-32-32.01s14.33-31.99 32-31.99H192v-144c0-17.69 14.33-32.01 32-32.01s32 14.32 32 32.01v144h144C417.7 224 432 238.3 432 256z\"><\/path><\/svg>\n\t\t\t\t\t\t\t<\/span>\n\t\t\t\t\t\t<span class=\"uagb-icon-active uagb-faq-icon-wrap\">\n\t\t\t\t\t\t\t\t<svg xmlns=\"https:\/\/www.w3.org\/2000\/svg\" viewBox= \"0 0 448 512\"><path d=\"M400 288h-352c-17.69 0-32-14.32-32-32.01s14.31-31.99 32-31.99h352c17.69 0 32 14.3 32 31.99S417.7 288 400 288z\"><\/path><\/svg>\n\t\t\t\t\t\t\t<\/span>\n\t\t\t<h3 class=\"uagb-question\"><span class=\"ez-toc-section\" id=\"%C2%BFQue_es_la_Coordinacion_de_Actividades_Empresariales_CAE_y_quien_esta_obligado_a_aplicarla\"><\/span><strong>\u00bfQu\u00e9 es la Coordinaci\u00f3n de Actividades Empresariales (CAE) y qui\u00e9n est\u00e1 obligado a aplicarla?<\/strong><span class=\"ez-toc-section-end\"><\/span><\/h3><\/div><div class=\"uagb-faq-content\"><p>La Coordinaci\u00f3n de Actividades Empresariales (CAE) es el mecanismo previsto en el art\u00edculo 24 de la Ley 31\/1995 de Prevenci\u00f3n de Riesgos Laborales, desarrollado por el Real Decreto 171\/2004, que obliga a las empresas que comparten un mismo centro de trabajo a cooperar e intercambiar informaci\u00f3n sobre los riesgos derivados de su actividad y las medidas preventivas adoptadas. Est\u00e1n obligadas a aplicarla todas las empresas que concurren en un mismo espacio f\u00edsico, independientemente de si existe relaci\u00f3n contractual directa entre ellas. En la pr\u00e1ctica, la CAE afecta a cualquier empresa de construcci\u00f3n o industria que cuente con proveedores, subcontratistas o trabajadores aut\u00f3nomos en sus instalaciones. El incumplimiento de esta obligaci\u00f3n puede derivar en sanciones econ\u00f3micas y en responsabilidad ante accidentes laborales.<\/p><\/div><\/div><div class=\"wp-block-uagb-faq-child uagb-faq-child__outer-wrap uagb-faq-item uagb-block-7d3379ff \" role=\"tab\" tabindex=\"0\"><div class=\"uagb-faq-questions-button uagb-faq-questions\">\t\t\t<span class=\"uagb-icon uagb-faq-icon-wrap\">\n\t\t\t\t\t\t\t\t<svg xmlns=\"https:\/\/www.w3.org\/2000\/svg\" viewBox= \"0 0 448 512\"><path d=\"M432 256c0 17.69-14.33 32.01-32 32.01H256v144c0 17.69-14.33 31.99-32 31.99s-32-14.3-32-31.99v-144H48c-17.67 0-32-14.32-32-32.01s14.33-31.99 32-31.99H192v-144c0-17.69 14.33-32.01 32-32.01s32 14.32 32 32.01v144h144C417.7 224 432 238.3 432 256z\"><\/path><\/svg>\n\t\t\t\t\t\t\t<\/span>\n\t\t\t\t\t\t<span class=\"uagb-icon-active uagb-faq-icon-wrap\">\n\t\t\t\t\t\t\t\t<svg xmlns=\"https:\/\/www.w3.org\/2000\/svg\" viewBox= \"0 0 448 512\"><path d=\"M400 288h-352c-17.69 0-32-14.32-32-32.01s14.31-31.99 32-31.99h352c17.69 0 32 14.3 32 31.99S417.7 288 400 288z\"><\/path><\/svg>\n\t\t\t\t\t\t\t<\/span>\n\t\t\t<h3 class=\"uagb-question\"><span class=\"ez-toc-section\" id=\"%C2%BFQue_riesgos_asume_una_empresa_si_un_contratista_incumple_sus_obligaciones_laborales_o_de_Seguridad_Social\"><\/span><strong><strong>\u00bfQu\u00e9 riesgos asume una empresa si un contratista incumple sus obligaciones laborales o de Seguridad Social?<\/strong><\/strong><span class=\"ez-toc-section-end\"><\/span><\/h3><\/div><div class=\"uagb-faq-content\"><p>La legislaci\u00f3n espa\u00f1ola establece la responsabilidad solidaria del empresario principal respecto a las obligaciones salariales, de Seguridad Social y de prevenci\u00f3n de riesgos laborales de sus contratistas y subcontratistas, durante el per\u00edodo en que ejecuten la actividad contratada. Esto significa que, si un contratista no abona las cotizaciones sociales de sus trabajadores, la empresa principal puede ser requerida a hacer frente a esas deudas. Del mismo modo, en caso de accidente laboral provocado por deficiencias en la prevenci\u00f3n imputable al contratista, la responsabilidad puede extenderse a la empresa principal si no acredit\u00f3 haber ejercido la debida diligencia en el control de sus proveedores. Por ello, mantener un sistema de verificaci\u00f3n y control documental actualizado no es solo una cuesti\u00f3n de eficiencia, sino de protecci\u00f3n legal.<\/p><\/div><\/div><div class=\"wp-block-uagb-faq-child uagb-faq-child__outer-wrap uagb-faq-item uagb-block-49bf63df \" role=\"tab\" tabindex=\"0\"><div class=\"uagb-faq-questions-button uagb-faq-questions\">\t\t\t<span class=\"uagb-icon uagb-faq-icon-wrap\">\n\t\t\t\t\t\t\t\t<svg xmlns=\"https:\/\/www.w3.org\/2000\/svg\" viewBox= \"0 0 448 512\"><path d=\"M432 256c0 17.69-14.33 32.01-32 32.01H256v144c0 17.69-14.33 31.99-32 31.99s-32-14.3-32-31.99v-144H48c-17.67 0-32-14.32-32-32.01s14.33-31.99 32-31.99H192v-144c0-17.69 14.33-32.01 32-32.01s32 14.32 32 32.01v144h144C417.7 224 432 238.3 432 256z\"><\/path><\/svg>\n\t\t\t\t\t\t\t<\/span>\n\t\t\t\t\t\t<span class=\"uagb-icon-active uagb-faq-icon-wrap\">\n\t\t\t\t\t\t\t\t<svg xmlns=\"https:\/\/www.w3.org\/2000\/svg\" viewBox= \"0 0 448 512\"><path d=\"M400 288h-352c-17.69 0-32-14.32-32-32.01s14.31-31.99 32-31.99h352c17.69 0 32 14.3 32 31.99S417.7 288 400 288z\"><\/path><\/svg>\n\t\t\t\t\t\t\t<\/span>\n\t\t\t<h3 class=\"uagb-question\"><span class=\"ez-toc-section\" id=\"%C2%BFCuanto_tiempo_suele_llevar_digitalizar_la_gestion_de_contratistas_en_una_empresa_mediana\"><\/span><strong><strong><strong>\u00bfCu\u00e1nto tiempo suele llevar digitalizar la gesti\u00f3n de contratistas en una empresa mediana?<\/strong><\/strong><\/strong><span class=\"ez-toc-section-end\"><\/span><\/h3><\/div><div class=\"uagb-faq-content\"><p>En empresas de tama\u00f1o medio \u2014entre 50 y 500 trabajadores propios\u2014 con una cartera de entre 20 y 150 contratistas habituales, el proceso de implantaci\u00f3n de una plataforma como eGestiona suele completarse en un plazo de cuatro a ocho semanas. Esto incluye la configuraci\u00f3n de los perfiles de proveedor y los requisitos documentales, la carga inicial de la base de datos de contratistas existentes, la habilitaci\u00f3n del portal de contratistas para que comiencen a subir su documentaci\u00f3n, y la formaci\u00f3n del equipo interno. El retorno en t\u00e9rminos de ahorro de tiempo administrativo suele percibirse desde las primeras semanas, especialmente en las tareas de seguimiento de caducidades y preparaci\u00f3n de auditor\u00edas.<\/p><\/div><\/div><div class=\"wp-block-uagb-faq-child uagb-faq-child__outer-wrap uagb-faq-item uagb-block-66b621b6 \" role=\"tab\" tabindex=\"0\"><div class=\"uagb-faq-questions-button uagb-faq-questions\">\t\t\t<span class=\"uagb-icon uagb-faq-icon-wrap\">\n\t\t\t\t\t\t\t\t<svg xmlns=\"https:\/\/www.w3.org\/2000\/svg\" viewBox= \"0 0 448 512\"><path d=\"M432 256c0 17.69-14.33 32.01-32 32.01H256v144c0 17.69-14.33 31.99-32 31.99s-32-14.3-32-31.99v-144H48c-17.67 0-32-14.32-32-32.01s14.33-31.99 32-31.99H192v-144c0-17.69 14.33-32.01 32-32.01s32 14.32 32 32.01v144h144C417.7 224 432 238.3 432 256z\"><\/path><\/svg>\n\t\t\t\t\t\t\t<\/span>\n\t\t\t\t\t\t<span class=\"uagb-icon-active uagb-faq-icon-wrap\">\n\t\t\t\t\t\t\t\t<svg xmlns=\"https:\/\/www.w3.org\/2000\/svg\" viewBox= \"0 0 448 512\"><path d=\"M400 288h-352c-17.69 0-32-14.32-32-32.01s14.31-31.99 32-31.99h352c17.69 0 32 14.3 32 31.99S417.7 288 400 288z\"><\/path><\/svg>\n\t\t\t\t\t\t\t<\/span>\n\t\t\t<h3 class=\"uagb-question\"><span class=\"ez-toc-section\" id=\"%C2%BFPuede_eGestiona_integrarse_con_el_ERP_o_el_sistema_de_compras_que_ya_utilizamos\"><\/span><strong><strong><strong><strong>\u00bfPuede eGestiona integrarse con el ERP o el sistema de compras que ya utilizamos?<\/strong><\/strong><\/strong><\/strong><span class=\"ez-toc-section-end\"><\/span><\/h3><\/div><div class=\"uagb-faq-content\"><p>S\u00ed. eGestiona dispone de API y conectores est\u00e1ndar que permiten la integraci\u00f3n con los principales sistemas ERP del mercado (SAP, Oracle, Microsoft Dynamics, Sage, entre otros) y con plataformas de gesti\u00f3n de compras y proveedores. La integraci\u00f3n permite sincronizar autom\u00e1ticamente el alta de nuevos proveedores, el estado de homologaci\u00f3n documental y los avisos de caducidad con los flujos de aprobaci\u00f3n y pago existentes en la empresa. Para proyectos espec\u00edficos de integraci\u00f3n, el equipo t\u00e9cnico de eGestiona ofrece un servicio de consultor\u00eda de implantaci\u00f3n personalizado.<\/p><\/div><\/div><\/div>\n\n\n<div style=\"height:73px\" aria-hidden=\"true\" class=\"wp-block-spacer\"><\/div>\n\n\n\n<h4 class=\"wp-block-heading\"><strong>Otros art\u00edculos de inter\u00e9s<\/strong><\/h4>\n\n\n\n<div style=\"height:18px\" aria-hidden=\"true\" class=\"wp-block-spacer\"><\/div>\n\n\n\n\t\t\t<div class=\"wp-block-uagb-post-carousel uagb-post-grid  uagb-post__image-position-top uagb-post__image-enabled uagb-block-44636d57     uagb-post__arrow-outside uagb-slick-carousel uagb-post__items uagb-post__columns-3 is-carousel uagb-post__columns-tablet-2 uagb-post__columns-mobile-1\" data-total=\"7\" style=\"\">\n\n\t\t\t\t\t\t\t\t\t\t\t\t<article class=\"uagb-post__inner-wrap\">\t\t\t\t\t\t\t\t<div class='uagb-post__image'>\n\t\t\t\t\t\t\t\t\t<a href=\"https:\/\/externalia.lebranders.es\/pt\/registro-electronico-jornada-laboral-mexico-2027\/\" target=\"_self\" rel=\"bookmark noopener noreferrer\"><img loading=\"lazy\" decoding=\"async\" width=\"1024\" height=\"576\" src=\"https:\/\/externalia.lebranders.es\/wp-content\/uploads\/2026\/07\/Registro-electronico-de-jornada-laboral-Mexico-1024x576.png\" class=\"attachment-large size-large\" alt=\"registro electr\u00f3nico jornada laboral M\u00e9xico reforma 2027 eGestiona\" srcset=\"https:\/\/externalia.lebranders.es\/wp-content\/uploads\/2026\/07\/Registro-electronico-de-jornada-laboral-Mexico-980x552.png 980w, https:\/\/externalia.lebranders.es\/wp-content\/uploads\/2026\/07\/Registro-electronico-de-jornada-laboral-Mexico-480x270.png 480w\" sizes=\"(min-width: 0px) and (max-width: 480px) 480px, (min-width: 481px) and (max-width: 980px) 980px, (min-width: 981px) 1024px, 100vw\" \/>\t\t\t\t\t<\/a>\n\t\t\t\t\t\t\t\t\t<\/div>\n\t\t\t\t\t\t<h4 class=\"uagb-post__title uagb-post__text\">\n\t\t\t\t<a href=\"https:\/\/externalia.lebranders.es\/pt\/registro-electronico-jornada-laboral-mexico-2027\/\" target=\"_self\" rel=\"bookmark noopener noreferrer\">Registro electr\u00f3nico de jornada laboral en M\u00e9xico: la gu\u00eda completa de la reforma que entra en vigor el 1 de enero de 2027<\/a>\n\t\t\t<\/h4>\n\t\t\t\t\t\t<div class='uagb-post__text uagb-post-grid-byline'>\n\t\t\t\t\t\t\t\t<div class=\"uagb-post__text\">\n\t\t\t\t\t<span class='uagb-post__taxonomy'>\n\t\t\t\t\t\t\t\t\t\t\t\t<a href=\"https:\/\/externalia.lebranders.es\/pt\/software-cae\/compliance-y-normativa\/\">Compliance &amp; normativa\u00a0<\/a>,&nbsp;<a href=\"https:\/\/externalia.lebranders.es\/pt\/software-cae\/\">Software CAE<\/a>\t\t\t\t\t<\/span>\n\t\t\t\t<\/div>\n\t\t\t\t\t\t\t<\/div>\n\t\t\t\t\t\t\t<div class='uagb-post__text uagb-post__excerpt'>\n\t\t\t\t\tEl registro electr\u00f3nico de jornada ya es ley en M\u00e9xico. Te contamos qu\u00e9 exige la reforma a la LFT, desde cu\u00e1ndo se sanciona&#8230;\t\t\t\t<\/div>\n\t\t\t\t\t\t<div class=\"uagb-post__text uagb-post__cta wp-block-button\">\n\t\t\t\t<a class=\"wp-block-button__link uagb-text-link\" style=\"\" href=\"https:\/\/externalia.lebranders.es\/pt\/registro-electronico-jornada-laboral-mexico-2027\/\" target=\"_self\" rel=\"bookmark noopener noreferrer\">Ler mais<\/a>\n\t\t\t<\/div>\n\t\t\t\n\t\t\t\t\t\t\t\t\t<\/article>\n\t\t\t\t\t\t\t\t\t\t\t\t\t\t\t\t<article class=\"uagb-post__inner-wrap\">\t\t\t\t\t\t\t\t<div class='uagb-post__image'>\n\t\t\t\t\t\t\t\t\t<a href=\"https:\/\/externalia.lebranders.es\/pt\/checklist-cumplimiento-cae-2026-inspeccion-trabajo\/\" target=\"_self\" rel=\"bookmark noopener noreferrer\"><img loading=\"lazy\" decoding=\"async\" width=\"1024\" height=\"576\" src=\"https:\/\/externalia.lebranders.es\/wp-content\/uploads\/2026\/07\/Checklist-de-cumplimiento-CAE-2026-1024x576.png\" class=\"attachment-large size-large\" alt=\"Checklist CAE cumplimiento 2026\" srcset=\"https:\/\/externalia.lebranders.es\/wp-content\/uploads\/2026\/07\/Checklist-de-cumplimiento-CAE-2026-980x552.png 980w, https:\/\/externalia.lebranders.es\/wp-content\/uploads\/2026\/07\/Checklist-de-cumplimiento-CAE-2026-480x270.png 480w\" sizes=\"(min-width: 0px) and (max-width: 480px) 480px, (min-width: 481px) and (max-width: 980px) 980px, (min-width: 981px) 1024px, 100vw\" \/>\t\t\t\t\t<\/a>\n\t\t\t\t\t\t\t\t\t<\/div>\n\t\t\t\t\t\t<h4 class=\"uagb-post__title uagb-post__text\">\n\t\t\t\t<a href=\"https:\/\/externalia.lebranders.es\/pt\/checklist-cumplimiento-cae-2026-inspeccion-trabajo\/\" target=\"_self\" rel=\"bookmark noopener noreferrer\">CHECKLIST DE CUMPLIMIENTO CAE 2026: lo que Inspecci\u00f3n de Trabajo comprueba en cada visita<\/a>\n\t\t\t<\/h4>\n\t\t\t\t\t\t<div class='uagb-post__text uagb-post-grid-byline'>\n\t\t\t\t\t\t\t\t<div class=\"uagb-post__text\">\n\t\t\t\t\t<span class='uagb-post__taxonomy'>\n\t\t\t\t\t\t\t\t\t\t\t\t<a href=\"https:\/\/externalia.lebranders.es\/pt\/software-cae\/\">Software CAE<\/a>,&nbsp;<a href=\"https:\/\/externalia.lebranders.es\/pt\/software-cae\/compliance-y-normativa\/\">Compliance &amp; normativa\u00a0<\/a>,&nbsp;<a href=\"https:\/\/externalia.lebranders.es\/pt\/software-cae\/control-operativo-y-gestion-de-contratistas\/\">Control operativo &amp; gesti\u00f3n de contratistas<\/a>,&nbsp;<a href=\"https:\/\/externalia.lebranders.es\/pt\/software-cae\/prl\/\">PRL<\/a>\t\t\t\t\t<\/span>\n\t\t\t\t<\/div>\n\t\t\t\t\t\t\t<\/div>\n\t\t\t\t\t\t\t<div class='uagb-post__text uagb-post__excerpt'>\n\t\t\t\t\tGu\u00eda pr\u00e1ctica con el checklist de los 10 puntos que Inspecci\u00f3n de Trabajo verifica en materia de CAE en 2026: acreditaci\u00f3n de contratistas,&#8230;\t\t\t\t<\/div>\n\t\t\t\t\t\t<div class=\"uagb-post__text uagb-post__cta wp-block-button\">\n\t\t\t\t<a class=\"wp-block-button__link uagb-text-link\" style=\"\" href=\"https:\/\/externalia.lebranders.es\/pt\/checklist-cumplimiento-cae-2026-inspeccion-trabajo\/\" target=\"_self\" rel=\"bookmark noopener noreferrer\">Ler mais<\/a>\n\t\t\t<\/div>\n\t\t\t\n\t\t\t\t\t\t\t\t\t<\/article>\n\t\t\t\t\t\t\t\t\t\t\t\t\t\t\t\t<article class=\"uagb-post__inner-wrap\">\t\t\t\t\t\t\t\t<div class='uagb-post__image'>\n\t\t\t\t\t\t\t\t\t<a href=\"https:\/\/externalia.lebranders.es\/pt\/inteligencia-artificial-prevencion-riesgos\/\" target=\"_self\" rel=\"bookmark noopener noreferrer\"><img loading=\"lazy\" decoding=\"async\" width=\"1024\" height=\"576\" src=\"https:\/\/externalia.lebranders.es\/wp-content\/uploads\/2026\/06\/Inteligencia-Artificial-en-Prevencion-de-Riesgos-Laborales-Externalia-Solutions-1024x576.png\" class=\"attachment-large size-large\" alt=\"Inteligencia Artificial. Dashboard de control operativo eGestiona con datos de wearables e IoT integrados en plataforma CAE \u2014 prevenci\u00f3n de riesgos laborales en tiempo real\" srcset=\"https:\/\/externalia.lebranders.es\/wp-content\/uploads\/2026\/06\/Inteligencia-Artificial-en-Prevencion-de-Riesgos-Laborales-Externalia-Solutions-980x552.png 980w, https:\/\/externalia.lebranders.es\/wp-content\/uploads\/2026\/06\/Inteligencia-Artificial-en-Prevencion-de-Riesgos-Laborales-Externalia-Solutions-480x270.png 480w\" sizes=\"(min-width: 0px) and (max-width: 480px) 480px, (min-width: 481px) and (max-width: 980px) 980px, (min-width: 981px) 1024px, 100vw\" \/>\t\t\t\t\t<\/a>\n\t\t\t\t\t\t\t\t\t<\/div>\n\t\t\t\t\t\t<h4 class=\"uagb-post__title uagb-post__text\">\n\t\t\t\t<a href=\"https:\/\/externalia.lebranders.es\/pt\/inteligencia-artificial-prevencion-riesgos\/\" target=\"_self\" rel=\"bookmark noopener noreferrer\">IA en PRL 2026: wearables, drones e IA predictiva que ya previenen accidentes en Espa\u00f1a<\/a>\n\t\t\t<\/h4>\n\t\t\t\t\t\t<div class='uagb-post__text uagb-post-grid-byline'>\n\t\t\t\t\t\t\t\t<div class=\"uagb-post__text\">\n\t\t\t\t\t<span class='uagb-post__taxonomy'>\n\t\t\t\t\t\t\t\t\t\t\t\t<a href=\"https:\/\/externalia.lebranders.es\/pt\/software-cae\/\">Software CAE<\/a>,&nbsp;<a href=\"https:\/\/externalia.lebranders.es\/pt\/software-cae\/tecnologia-e-inteligencia-artificial\/\">Tecnolog\u00eda &amp; IA aplicada a PRL\u00a0<\/a>\t\t\t\t\t<\/span>\n\t\t\t\t<\/div>\n\t\t\t\t\t\t\t<\/div>\n\t\t\t\t\t\t\t<div class='uagb-post__text uagb-post__excerpt'>\n\t\t\t\t\tWearables inteligentes, drones de inspecci\u00f3n e IA predictiva ya est\u00e1n operativos en plantas, obras e instalaciones energ\u00e9ticas de Espa\u00f1a. Este art\u00edculo analiza las&#8230;\t\t\t\t<\/div>\n\t\t\t\t\t\t<div class=\"uagb-post__text uagb-post__cta wp-block-button\">\n\t\t\t\t<a class=\"wp-block-button__link uagb-text-link\" style=\"\" href=\"https:\/\/externalia.lebranders.es\/pt\/inteligencia-artificial-prevencion-riesgos\/\" target=\"_self\" rel=\"bookmark noopener noreferrer\">Ler mais<\/a>\n\t\t\t<\/div>\n\t\t\t\n\t\t\t\t\t\t\t\t\t<\/article>\n\t\t\t\t\t\t\t\t\t\t\t\t\t\t\t\t<article class=\"uagb-post__inner-wrap\">\t\t\t\t\t\t\t\t<div class='uagb-post__image'>\n\t\t\t\t\t\t\t\t\t<a href=\"https:\/\/externalia.lebranders.es\/pt\/software-cae-plataforma-contratas-subcontratas\/\" target=\"_self\" rel=\"bookmark noopener noreferrer\"><img loading=\"lazy\" decoding=\"async\" width=\"1024\" height=\"576\" src=\"https:\/\/externalia.lebranders.es\/wp-content\/uploads\/2026\/06\/Software-CAE-eGestiona--1024x576.png\" class=\"attachment-large size-large\" alt=\"Software CAE eGestiona \u2014 Panel de control operativo de contratistas y coordinaci\u00f3n de actividades empresariales en plataforma SaaS en nube\" srcset=\"https:\/\/externalia.lebranders.es\/wp-content\/uploads\/2026\/06\/Software-CAE-eGestiona--980x552.png 980w, https:\/\/externalia.lebranders.es\/wp-content\/uploads\/2026\/06\/Software-CAE-eGestiona--480x270.png 480w\" sizes=\"(min-width: 0px) and (max-width: 480px) 480px, (min-width: 481px) and (max-width: 980px) 980px, (min-width: 981px) 1024px, 100vw\" \/>\t\t\t\t\t<\/a>\n\t\t\t\t\t\t\t\t\t<\/div>\n\t\t\t\t\t\t<h4 class=\"uagb-post__title uagb-post__text\">\n\t\t\t\t<a href=\"https:\/\/externalia.lebranders.es\/pt\/software-cae-plataforma-contratas-subcontratas\/\" target=\"_self\" rel=\"bookmark noopener noreferrer\">Software CAE en 2026: digitalizaci\u00f3n obligatoria de la coordinaci\u00f3n de actividades empresariales<\/a>\n\t\t\t<\/h4>\n\t\t\t\t\t\t<div class='uagb-post__text uagb-post-grid-byline'>\n\t\t\t\t\t\t\t\t<div class=\"uagb-post__text\">\n\t\t\t\t\t<span class='uagb-post__taxonomy'>\n\t\t\t\t\t\t\t\t\t\t\t\t<a href=\"https:\/\/externalia.lebranders.es\/pt\/software-cae\/\">Software CAE<\/a>,&nbsp;<a href=\"https:\/\/externalia.lebranders.es\/pt\/software-cae\/compliance-y-normativa\/\">Compliance &amp; normativa\u00a0<\/a>,&nbsp;<a href=\"https:\/\/externalia.lebranders.es\/pt\/software-cae\/control-operativo-y-gestion-de-contratistas\/\">Control operativo &amp; gesti\u00f3n de contratistas<\/a>\t\t\t\t\t<\/span>\n\t\t\t\t<\/div>\n\t\t\t\t\t\t\t<\/div>\n\t\t\t\t\t\t\t<div class='uagb-post__text uagb-post__excerpt'>\n\t\t\t\t\tLa revista del INSST de febrero de 2026 lo confirma: gestionar la coordinaci\u00f3n de actividades empresariales sin software CAE genera riesgos de incumplimiento&#8230;\t\t\t\t<\/div>\n\t\t\t\t\t\t<div class=\"uagb-post__text uagb-post__cta wp-block-button\">\n\t\t\t\t<a class=\"wp-block-button__link uagb-text-link\" style=\"\" href=\"https:\/\/externalia.lebranders.es\/pt\/software-cae-plataforma-contratas-subcontratas\/\" target=\"_self\" rel=\"bookmark noopener noreferrer\">Ler mais<\/a>\n\t\t\t<\/div>\n\t\t\t\n\t\t\t\t\t\t\t\t\t<\/article>\n\t\t\t\t\t\t\t\t\t\t\t\t\t\t\t\t<article class=\"uagb-post__inner-wrap\">\t\t\t\t\t\t\t\t<div class='uagb-post__image'>\n\t\t\t\t\t\t\t\t\t<a href=\"https:\/\/externalia.lebranders.es\/pt\/2026-ano-seguridad-salud-trabajo-software-cae\/\" target=\"_self\" rel=\"bookmark noopener noreferrer\"><img loading=\"lazy\" decoding=\"async\" width=\"1024\" height=\"683\" src=\"https:\/\/externalia.lebranders.es\/wp-content\/uploads\/2026\/06\/2026-Ano-de-la-SST-Externalia-Solutions-1024x683.png\" class=\"attachment-large size-large\" alt=\"2026 A\u00f1o de la Seguridad y Salud en el Trabajo \u2014 30 aniversario Ley 31\/1995 \u2014 software CAE Externalia Solutions\" srcset=\"https:\/\/externalia.lebranders.es\/wp-content\/uploads\/2026\/06\/2026-Ano-de-la-SST-Externalia-Solutions-980x653.png 980w, https:\/\/externalia.lebranders.es\/wp-content\/uploads\/2026\/06\/2026-Ano-de-la-SST-Externalia-Solutions-480x320.png 480w\" sizes=\"(min-width: 0px) and (max-width: 480px) 480px, (min-width: 481px) and (max-width: 980px) 980px, (min-width: 981px) 1024px, 100vw\" \/>\t\t\t\t\t<\/a>\n\t\t\t\t\t\t\t\t\t<\/div>\n\t\t\t\t\t\t<h4 class=\"uagb-post__title uagb-post__text\">\n\t\t\t\t<a href=\"https:\/\/externalia.lebranders.es\/pt\/2026-ano-seguridad-salud-trabajo-software-cae\/\" target=\"_self\" rel=\"bookmark noopener noreferrer\">2026, A\u00f1o de la SST: qu\u00e9 implica para tu empresa la Ley 31\/1995 a los 30 a\u00f1os<\/a>\n\t\t\t<\/h4>\n\t\t\t\t\t\t<div class='uagb-post__text uagb-post-grid-byline'>\n\t\t\t\t\t\t\t\t<div class=\"uagb-post__text\">\n\t\t\t\t\t<span class='uagb-post__taxonomy'>\n\t\t\t\t\t\t\t\t\t\t\t\t<a href=\"https:\/\/externalia.lebranders.es\/pt\/software-cae\/\">Software CAE<\/a>,&nbsp;<a href=\"https:\/\/externalia.lebranders.es\/pt\/software-cae\/prl\/\">PRL<\/a>\t\t\t\t\t<\/span>\n\t\t\t\t<\/div>\n\t\t\t\t\t\t\t<\/div>\n\t\t\t\t\t\t\t<div class='uagb-post__text uagb-post__excerpt'>\n\t\t\t\t\tEl Gobierno declara 2026 A\u00f1o de la SST coincidiendo con los 30 a\u00f1os de la Ley 31\/1995. Con 796 fallecidos en 2024 y&#8230;\t\t\t\t<\/div>\n\t\t\t\t\t\t<div class=\"uagb-post__text uagb-post__cta wp-block-button\">\n\t\t\t\t<a class=\"wp-block-button__link uagb-text-link\" style=\"\" href=\"https:\/\/externalia.lebranders.es\/pt\/2026-ano-seguridad-salud-trabajo-software-cae\/\" target=\"_self\" rel=\"bookmark noopener noreferrer\">Ler mais<\/a>\n\t\t\t<\/div>\n\t\t\t\n\t\t\t\t\t\t\t\t\t<\/article>\n\t\t\t\t\t\t\t\t\t\t\t\t\t\t\t\t<article class=\"uagb-post__inner-wrap\">\t\t\t\t\t\t\t\t<div class='uagb-post__image'>\n\t\t\t\t\t\t\t\t\t<a href=\"https:\/\/externalia.lebranders.es\/pt\/responsabilidad-solidaria-subsidiaria-cae\/\" target=\"_self\" rel=\"bookmark noopener noreferrer\"><img loading=\"lazy\" decoding=\"async\" width=\"1024\" height=\"683\" src=\"https:\/\/externalia.lebranders.es\/wp-content\/uploads\/2026\/05\/CAE-cuando-responde-la-empresa-principal-por-sus-contratas-eGestiona-1-1024x683.png\" class=\"attachment-large size-large\" alt=\"Responsabilidad solidaria y subsidiaria de la empresa principal en la CAE \u2014 coordinaci\u00f3n de actividades empresariales\" srcset=\"https:\/\/externalia.lebranders.es\/wp-content\/uploads\/2026\/05\/CAE-cuando-responde-la-empresa-principal-por-sus-contratas-eGestiona-1-980x653.png 980w, https:\/\/externalia.lebranders.es\/wp-content\/uploads\/2026\/05\/CAE-cuando-responde-la-empresa-principal-por-sus-contratas-eGestiona-1-480x320.png 480w\" sizes=\"(min-width: 0px) and (max-width: 480px) 480px, (min-width: 481px) and (max-width: 980px) 980px, (min-width: 981px) 1024px, 100vw\" \/>\t\t\t\t\t<\/a>\n\t\t\t\t\t\t\t\t\t<\/div>\n\t\t\t\t\t\t<h4 class=\"uagb-post__title uagb-post__text\">\n\t\t\t\t<a href=\"https:\/\/externalia.lebranders.es\/pt\/responsabilidad-solidaria-subsidiaria-cae\/\" target=\"_self\" rel=\"bookmark noopener noreferrer\">Responsabilidad solidaria y subsidiaria en la CAE: cu\u00e1ndo responde la empresa principal<\/a>\n\t\t\t<\/h4>\n\t\t\t\t\t\t<div class='uagb-post__text uagb-post-grid-byline'>\n\t\t\t\t\t\t\t\t<div class=\"uagb-post__text\">\n\t\t\t\t\t<span class='uagb-post__taxonomy'>\n\t\t\t\t\t\t\t\t\t\t\t\t<a href=\"https:\/\/externalia.lebranders.es\/pt\/software-cae\/control-operativo-y-gestion-de-contratistas\/\">Control operativo &amp; gesti\u00f3n de contratistas<\/a>,&nbsp;<a href=\"https:\/\/externalia.lebranders.es\/pt\/software-cae\/compliance-y-normativa\/\">Compliance &amp; normativa\u00a0<\/a>,&nbsp;<a href=\"https:\/\/externalia.lebranders.es\/pt\/software-cae\/prl\/\">PRL<\/a>,&nbsp;<a href=\"https:\/\/externalia.lebranders.es\/pt\/software-cae\/\">Software CAE<\/a>\t\t\t\t\t<\/span>\n\t\t\t\t<\/div>\n\t\t\t\t\t\t\t<\/div>\n\t\t\t\t\t\t\t<div class='uagb-post__text uagb-post__excerpt'>\n\t\t\t\t\tLa empresa principal puede responder solidariamente por las infracciones de sus contratas en materia de PRL y Seguridad Social. Analizamos cu\u00e1ndo, en qu\u00e9&#8230;\t\t\t\t<\/div>\n\t\t\t\t\t\t<div class=\"uagb-post__text uagb-post__cta wp-block-button\">\n\t\t\t\t<a class=\"wp-block-button__link uagb-text-link\" style=\"\" href=\"https:\/\/externalia.lebranders.es\/pt\/responsabilidad-solidaria-subsidiaria-cae\/\" target=\"_self\" rel=\"bookmark noopener noreferrer\">Ler mais<\/a>\n\t\t\t<\/div>\n\t\t\t\n\t\t\t\t\t\t\t\t\t<\/article>\n\t\t\t\t\t\t\t\t\t\t\t\t\t\t\t\t<article class=\"uagb-post__inner-wrap\">\t\t\t\t\t\t\t\t<div class='uagb-post__image'>\n\t\t\t\t\t\t\t\t\t<a href=\"https:\/\/externalia.lebranders.es\/pt\/riesgos-psicosociales-obligaciones-reforma-prl-2026\/\" target=\"_self\" rel=\"bookmark noopener noreferrer\"><img loading=\"lazy\" decoding=\"async\" width=\"1024\" height=\"683\" src=\"https:\/\/externalia.lebranders.es\/wp-content\/uploads\/2026\/05\/Riesgos-psicosociales-PRL-Externalia-Solutions-1024x683.png\" class=\"attachment-large size-large\" alt=\"Evaluaci\u00f3n de riesgos psicosociales en la empresa \u2013 nuevas obligaciones reforma Ley PRL 2026\" srcset=\"https:\/\/externalia.lebranders.es\/wp-content\/uploads\/2026\/05\/Riesgos-psicosociales-PRL-Externalia-Solutions-980x653.png 980w, https:\/\/externalia.lebranders.es\/wp-content\/uploads\/2026\/05\/Riesgos-psicosociales-PRL-Externalia-Solutions-480x320.png 480w\" sizes=\"(min-width: 0px) and (max-width: 480px) 480px, (min-width: 481px) and (max-width: 980px) 980px, (min-width: 981px) 1024px, 100vw\" \/>\t\t\t\t\t<\/a>\n\t\t\t\t\t\t\t\t\t<\/div>\n\t\t\t\t\t\t<h4 class=\"uagb-post__title uagb-post__text\">\n\t\t\t\t<a href=\"https:\/\/externalia.lebranders.es\/pt\/riesgos-psicosociales-obligaciones-reforma-prl-2026\/\" target=\"_self\" rel=\"bookmark noopener noreferrer\">Riesgos psicosociales en la empresa: nuevas obligaciones legales tras la reforma de la Ley PRL 2026<\/a>\n\t\t\t<\/h4>\n\t\t\t\t\t\t<div class='uagb-post__text uagb-post-grid-byline'>\n\t\t\t\t\t\t\t\t<div class=\"uagb-post__text\">\n\t\t\t\t\t<span class='uagb-post__taxonomy'>\n\t\t\t\t\t\t\t\t\t\t\t\t<a href=\"https:\/\/externalia.lebranders.es\/pt\/software-cae\/prl\/\">PRL<\/a>,&nbsp;<a href=\"https:\/\/externalia.lebranders.es\/pt\/software-cae\/compliance-y-normativa\/\">Compliance &amp; normativa\u00a0<\/a>\t\t\t\t\t<\/span>\n\t\t\t\t<\/div>\n\t\t\t\t\t\t\t<\/div>\n\t\t\t\t\t\t\t<div class='uagb-post__text uagb-post__excerpt'>\n\t\t\t\t\tEl nuevo art\u00edculo 16.2 de la Ley 31\/1995 convierte la evaluaci\u00f3n de riesgos psicosociales en obligaci\u00f3n legal expresa. Descubre qu\u00e9 debe hacer tu&#8230;\t\t\t\t<\/div>\n\t\t\t\t\t\t<div class=\"uagb-post__text uagb-post__cta wp-block-button\">\n\t\t\t\t<a class=\"wp-block-button__link uagb-text-link\" style=\"\" href=\"https:\/\/externalia.lebranders.es\/pt\/riesgos-psicosociales-obligaciones-reforma-prl-2026\/\" target=\"_self\" rel=\"bookmark noopener noreferrer\">Ler mais<\/a>\n\t\t\t<\/div>\n\t\t\t\n\t\t\t\t\t\t\t\t\t<\/article>\n\t\t\t\t\t\t\t\t\t\t\t\t\t\t\t\t<article class=\"uagb-post__inner-wrap\">\t\t\t\t\t\t\t\t<div class='uagb-post__image'>\n\t\t\t\t\t\t\t\t\t<a href=\"https:\/\/externalia.lebranders.es\/pt\/obligaciones-contratista-subcontratista-prl-cae\/\" target=\"_self\" rel=\"bookmark noopener noreferrer\"><img loading=\"lazy\" decoding=\"async\" width=\"1024\" height=\"683\" src=\"https:\/\/externalia.lebranders.es\/wp-content\/uploads\/2026\/05\/Obligaciones-del-contratista-Externalia-Solutions-1024x683.png\" class=\"attachment-large size-large\" alt=\"T\u00e9cnico de PRL supervisando documentaci\u00f3n CAE de contratistas y subcontratistas en obra de construcci\u00f3n con plataforma eGestiona\" srcset=\"https:\/\/externalia.lebranders.es\/wp-content\/uploads\/2026\/05\/Obligaciones-del-contratista-Externalia-Solutions-980x653.png 980w, https:\/\/externalia.lebranders.es\/wp-content\/uploads\/2026\/05\/Obligaciones-del-contratista-Externalia-Solutions-480x320.png 480w\" sizes=\"(min-width: 0px) and (max-width: 480px) 480px, (min-width: 481px) and (max-width: 980px) 980px, (min-width: 981px) 1024px, 100vw\" \/>\t\t\t\t\t<\/a>\n\t\t\t\t\t\t\t\t\t<\/div>\n\t\t\t\t\t\t<h4 class=\"uagb-post__title uagb-post__text\">\n\t\t\t\t<a href=\"https:\/\/externalia.lebranders.es\/pt\/obligaciones-contratista-subcontratista-prl-cae\/\" target=\"_self\" rel=\"bookmark noopener noreferrer\">Obligaciones del contratista y subcontratista en PRL y CAE: la gu\u00eda definitiva para empresas en entornos de riesgo<\/a>\n\t\t\t<\/h4>\n\t\t\t\t\t\t<div class='uagb-post__text uagb-post-grid-byline'>\n\t\t\t\t\t\t\t\t<div class=\"uagb-post__text\">\n\t\t\t\t\t<span class='uagb-post__taxonomy'>\n\t\t\t\t\t\t\t\t\t\t\t\t<a href=\"https:\/\/externalia.lebranders.es\/pt\/software-cae\/\">Software CAE<\/a>,&nbsp;<a href=\"https:\/\/externalia.lebranders.es\/pt\/software-cae\/compliance-y-normativa\/\">Compliance &amp; normativa\u00a0<\/a>,&nbsp;<a href=\"https:\/\/externalia.lebranders.es\/pt\/software-cae\/prl\/\">PRL<\/a>\t\t\t\t\t<\/span>\n\t\t\t\t<\/div>\n\t\t\t\t\t\t\t<\/div>\n\t\t\t\t\t\t\t<div class='uagb-post__text uagb-post__excerpt'>\n\t\t\t\t\t\u00bfCu\u00e1les son las obligaciones del contratista y el subcontratista en PRL y CAE? Esta gu\u00eda completa analiza la normativa vigente, la responsabilidad solidaria,&#8230;\t\t\t\t<\/div>\n\t\t\t\t\t\t<div class=\"uagb-post__text uagb-post__cta wp-block-button\">\n\t\t\t\t<a class=\"wp-block-button__link uagb-text-link\" style=\"\" href=\"https:\/\/externalia.lebranders.es\/pt\/obligaciones-contratista-subcontratista-prl-cae\/\" target=\"_self\" rel=\"bookmark noopener noreferrer\">Ler mais<\/a>\n\t\t\t<\/div>\n\t\t\t\n\t\t\t\t\t\t\t\t\t<\/article>\n\t\t\t\t\t\t\t\t\t\t\t\t\t\t\t\t<article class=\"uagb-post__inner-wrap\">\t\t\t\t\t\t\t\t<div class='uagb-post__image'>\n\t\t\t\t\t\t\t\t\t<a href=\"https:\/\/externalia.lebranders.es\/pt\/iso-45001-cae-coordinacion-contratas-sst\/\" target=\"_self\" rel=\"bookmark noopener noreferrer\"><img loading=\"lazy\" decoding=\"async\" width=\"1024\" height=\"683\" src=\"https:\/\/externalia.lebranders.es\/wp-content\/uploads\/2026\/04\/Coordinacion-de-contratas-en-entorno-industrial-con-sistema-de-gestion-ISO-45001-1-1024x683.png\" class=\"attachment-large size-large\" alt=\"&quot;Coordinaci\u00f3n de contratas en entorno industrial con sistema de gesti\u00f3n ISO 45001\" srcset=\"https:\/\/externalia.lebranders.es\/wp-content\/uploads\/2026\/04\/Coordinacion-de-contratas-en-entorno-industrial-con-sistema-de-gestion-ISO-45001-1-980x653.png 980w, https:\/\/externalia.lebranders.es\/wp-content\/uploads\/2026\/04\/Coordinacion-de-contratas-en-entorno-industrial-con-sistema-de-gestion-ISO-45001-1-480x320.png 480w\" sizes=\"(min-width: 0px) and (max-width: 480px) 480px, (min-width: 481px) and (max-width: 980px) 980px, (min-width: 981px) 1024px, 100vw\" \/>\t\t\t\t\t<\/a>\n\t\t\t\t\t\t\t\t\t<\/div>\n\t\t\t\t\t\t<h4 class=\"uagb-post__title uagb-post__text\">\n\t\t\t\t<a href=\"https:\/\/externalia.lebranders.es\/pt\/iso-45001-cae-coordinacion-contratas-sst\/\" target=\"_self\" rel=\"bookmark noopener noreferrer\">ISO 45001 y CAE: c\u00f3mo integrar la coordinaci\u00f3n de contratas en tu sistema de gesti\u00f3n SST<\/a>\n\t\t\t<\/h4>\n\t\t\t\t\t\t<div class='uagb-post__text uagb-post-grid-byline'>\n\t\t\t\t\t\t\t\t<div class=\"uagb-post__text\">\n\t\t\t\t\t<span class='uagb-post__taxonomy'>\n\t\t\t\t\t\t\t\t\t\t\t\t<a href=\"https:\/\/externalia.lebranders.es\/pt\/software-cae\/control-operativo-y-gestion-de-contratistas\/\">Control operativo &amp; gesti\u00f3n de contratistas<\/a>,&nbsp;<a href=\"https:\/\/externalia.lebranders.es\/pt\/software-cae\/prl\/\">PRL<\/a>,&nbsp;<a href=\"https:\/\/externalia.lebranders.es\/pt\/software-cae\/\">Software CAE<\/a>\t\t\t\t\t<\/span>\n\t\t\t\t<\/div>\n\t\t\t\t\t\t\t<\/div>\n\t\t\t\t\t\t\t<div class='uagb-post__text uagb-post__excerpt'>\n\t\t\t\t\tGu\u00eda experta para integrar la CAE en tu sistema de gesti\u00f3n ISO 45001 en sectores industriales y de construcci\u00f3n. Conoce c\u00f3mo eGestiona resuelve&#8230;\t\t\t\t<\/div>\n\t\t\t\t\t\t<div class=\"uagb-post__text uagb-post__cta wp-block-button\">\n\t\t\t\t<a class=\"wp-block-button__link uagb-text-link\" style=\"\" href=\"https:\/\/externalia.lebranders.es\/pt\/iso-45001-cae-coordinacion-contratas-sst\/\" target=\"_self\" rel=\"bookmark noopener noreferrer\">Ler mais<\/a>\n\t\t\t<\/div>\n\t\t\t\n\t\t\t\t\t\t\t\t\t<\/article>\n\t\t\t\t\t\t\t\t\t\t\t\t\t\t\t\t<article class=\"uagb-post__inner-wrap\">\t\t\t\t\t\t\t\t<div class='uagb-post__image'>\n\t\t\t\t\t\t\t\t\t<a href=\"https:\/\/externalia.lebranders.es\/pt\/verificacion-ita-diaria-cae-contratistas\/\" target=\"_self\" rel=\"bookmark noopener noreferrer\"><img loading=\"lazy\" decoding=\"async\" width=\"1024\" height=\"683\" src=\"https:\/\/externalia.lebranders.es\/wp-content\/uploads\/2026\/04\/Verificacion-ITA-diaria-CAE-Externalia-Solutions-1024x683.png\" class=\"attachment-large size-large\" alt=\"Verificaci\u00f3n-ITA-diaria-CAE-Externalia\" srcset=\"https:\/\/externalia.lebranders.es\/wp-content\/uploads\/2026\/04\/Verificacion-ITA-diaria-CAE-Externalia-Solutions-980x653.png 980w, https:\/\/externalia.lebranders.es\/wp-content\/uploads\/2026\/04\/Verificacion-ITA-diaria-CAE-Externalia-Solutions-480x320.png 480w\" sizes=\"(min-width: 0px) and (max-width: 480px) 480px, (min-width: 481px) and (max-width: 980px) 980px, (min-width: 981px) 1024px, 100vw\" \/>\t\t\t\t\t<\/a>\n\t\t\t\t\t\t\t\t\t<\/div>\n\t\t\t\t\t\t<h4 class=\"uagb-post__title uagb-post__text\">\n\t\t\t\t<a href=\"https:\/\/externalia.lebranders.es\/pt\/verificacion-ita-diaria-cae-contratistas\/\" target=\"_self\" rel=\"bookmark noopener noreferrer\">Verificaci\u00f3n ITA diaria en la CAE: por qu\u00e9 el documento mensual ya no es suficiente para controlar el alta de tus contratistas en la Seguridad Social<\/a>\n\t\t\t<\/h4>\n\t\t\t\t\t\t<div class='uagb-post__text uagb-post-grid-byline'>\n\t\t\t\t\t\t\t\t<div class=\"uagb-post__text\">\n\t\t\t\t\t<span class='uagb-post__taxonomy'>\n\t\t\t\t\t\t\t\t\t\t\t\t<a href=\"https:\/\/externalia.lebranders.es\/pt\/software-cae\/control-operativo-y-gestion-de-contratistas\/\">Control operativo &amp; gesti\u00f3n de contratistas<\/a>,&nbsp;<a href=\"https:\/\/externalia.lebranders.es\/pt\/software-cae\/compliance-y-normativa\/\">Compliance &amp; normativa\u00a0<\/a>,&nbsp;<a href=\"https:\/\/externalia.lebranders.es\/pt\/software-cae\/prl\/\">PRL<\/a>,&nbsp;<a href=\"https:\/\/externalia.lebranders.es\/pt\/software-cae\/\">Software CAE<\/a>\t\t\t\t\t<\/span>\n\t\t\t\t<\/div>\n\t\t\t\t\t\t\t<\/div>\n\t\t\t\t\t\t\t<div class='uagb-post__text uagb-post__excerpt'>\n\t\t\t\t\tLa coordinaci\u00f3n de actividades empresariales ha evolucionado significativamente en los \u00faltimos a\u00f1os. Sin embargo, uno de los puntos cr\u00edticos que contin\u00faa generando incidencias&#8230;\t\t\t\t<\/div>\n\t\t\t\t\t\t<div class=\"uagb-post__text uagb-post__cta wp-block-button\">\n\t\t\t\t<a class=\"wp-block-button__link uagb-text-link\" style=\"\" href=\"https:\/\/externalia.lebranders.es\/pt\/verificacion-ita-diaria-cae-contratistas\/\" target=\"_self\" rel=\"bookmark noopener noreferrer\">Ler mais<\/a>\n\t\t\t<\/div>\n\t\t\t\n\t\t\t\t\t\t\t\t\t<\/article>\n\t\t\t\t\t\t\t\t\t\t\t\t\t\t\t\t<article class=\"uagb-post__inner-wrap\">\t\t\t\t\t\t\t\t<div class='uagb-post__image'>\n\t\t\t\t\t\t\t\t\t<a href=\"https:\/\/externalia.lebranders.es\/pt\/esg-prl-sst-reporting-cadena-suministro\/\" target=\"_self\" rel=\"bookmark noopener noreferrer\"><img loading=\"lazy\" decoding=\"async\" width=\"1024\" height=\"683\" src=\"https:\/\/externalia.lebranders.es\/wp-content\/uploads\/2026\/03\/ESG-Externalia-Sostenibilidad-1024x683.png\" class=\"attachment-large size-large\" alt=\"t\u00e9cnico con tablet en entorno industrial \/ reuni\u00f3n de auditor\u00eda con documentaci\u00f3n \/ infograf\u00eda ESG-PRL\" srcset=\"https:\/\/externalia.lebranders.es\/wp-content\/uploads\/2026\/03\/ESG-Externalia-Sostenibilidad-980x653.png 980w, https:\/\/externalia.lebranders.es\/wp-content\/uploads\/2026\/03\/ESG-Externalia-Sostenibilidad-480x320.png 480w\" sizes=\"(min-width: 0px) and (max-width: 480px) 480px, (min-width: 481px) and (max-width: 980px) 980px, (min-width: 981px) 1024px, 100vw\" \/>\t\t\t\t\t<\/a>\n\t\t\t\t\t\t\t\t\t<\/div>\n\t\t\t\t\t\t<h4 class=\"uagb-post__title uagb-post__text\">\n\t\t\t\t<a href=\"https:\/\/externalia.lebranders.es\/pt\/esg-prl-sst-reporting-cadena-suministro\/\" target=\"_self\" rel=\"bookmark noopener noreferrer\">ESG y PRL: por qu\u00e9 la Seguridad y Salud en el Trabajo ya se audita como parte de la sostenibilidad (CSRD, CSDDD y cadena de suministro)<\/a>\n\t\t\t<\/h4>\n\t\t\t\t\t\t<div class='uagb-post__text uagb-post-grid-byline'>\n\t\t\t\t\t\t\t\t<div class=\"uagb-post__text\">\n\t\t\t\t\t<span class='uagb-post__taxonomy'>\n\t\t\t\t\t\t\t\t\t\t\t\t<a href=\"https:\/\/externalia.lebranders.es\/pt\/software-cae\/prl\/\">PRL<\/a>,&nbsp;<a href=\"https:\/\/externalia.lebranders.es\/pt\/software-cae\/compliance-y-normativa\/\">Compliance &amp; normativa\u00a0<\/a>,&nbsp;<a href=\"https:\/\/externalia.lebranders.es\/pt\/software-cae\/sostenibilidad\/\">Sostenibilidad<\/a>\t\t\t\t\t<\/span>\n\t\t\t\t<\/div>\n\t\t\t\t\t\t\t<\/div>\n\t\t\t\t\t\t\t<div class='uagb-post__text uagb-post__excerpt'>\n\t\t\t\t\t<p>Durante a\u00f1os, la Prevenci\u00f3n de Riesgos Laborales (PRL) y los departamentos de sostenibilidad de las empresas han transitado por caminos paralelos, raramente convergentes&#8230;.\t\t\t\t<\/div>\n\t\t\t\t\t\t<div class=\"uagb-post__text uagb-post__cta wp-block-button\">\n\t\t\t\t<a class=\"wp-block-button__link uagb-text-link\" style=\"\" href=\"https:\/\/externalia.lebranders.es\/pt\/esg-prl-sst-reporting-cadena-suministro\/\" target=\"_self\" rel=\"bookmark noopener noreferrer\">Ler mais<\/a>\n\t\t\t<\/div>\n\t\t\t\n\t\t\t\t\t\t\t\t\t<\/article>\n\t\t\t\t\t\t\t\t\t\t\t<\/div>\n\t\t\t","protected":false},"excerpt":{"rendered":"<p>En 2026, gestionar contratistas en construcci\u00f3n e industria es m\u00e1s exigente que nunca. Descubre los 6 principales desaf\u00edos \u2014control documental, CAE, homologaci\u00f3n, visibilidad de la cadena y m\u00e1s\u2014 y c\u00f3mo superarlos con una plataforma especializada como eGestiona.<\/p>","protected":false},"author":3,"featured_media":4861,"comment_status":"open","ping_status":"open","sticky":false,"template":"","format":"standard","meta":{"_et_pb_use_builder":"off","_et_pb_old_content":"","_et_gb_content_width":"","_uag_custom_page_level_css":"","footnotes":""},"categories":[31,162,124],"tags":[468,24,72,113,25,27,28,418,76,145,37,153],"class_list":["post-4782","post","type-post","status-publish","format-standard","has-post-thumbnail","hentry","category-control-operativo-y-gestion-de-contratistas","category-prl","category-software-cae","tag-468","tag-cae","tag-construccion","tag-contratistas","tag-coordinacion-de-actividades-empresariales","tag-cumplimiento-normativo","tag-egestiona","tag-homologacion","tag-industria","tag-plataforma-cae","tag-prl","tag-subcontratacion"],"uagb_featured_image_src":{"full":["https:\/\/externalia.lebranders.es\/wp-content\/uploads\/2026\/05\/Gestion-de-contratistas-Externalia-Solutions.png",1536,1024,false],"thumbnail":["https:\/\/externalia.lebranders.es\/wp-content\/uploads\/2026\/05\/Gestion-de-contratistas-Externalia-Solutions-150x150.png",150,150,true],"medium":["https:\/\/externalia.lebranders.es\/wp-content\/uploads\/2026\/05\/Gestion-de-contratistas-Externalia-Solutions-300x200.png",300,200,true],"medium_large":["https:\/\/externalia.lebranders.es\/wp-content\/uploads\/2026\/05\/Gestion-de-contratistas-Externalia-Solutions-768x512.png",768,512,true],"large":["https:\/\/externalia.lebranders.es\/wp-content\/uploads\/2026\/05\/Gestion-de-contratistas-Externalia-Solutions-1024x683.png",1024,683,true],"1536x1536":["https:\/\/externalia.lebranders.es\/wp-content\/uploads\/2026\/05\/Gestion-de-contratistas-Externalia-Solutions.png",1536,1024,false],"2048x2048":["https:\/\/externalia.lebranders.es\/wp-content\/uploads\/2026\/05\/Gestion-de-contratistas-Externalia-Solutions.png",1536,1024,false],"trp-custom-language-flag":["https:\/\/externalia.lebranders.es\/wp-content\/uploads\/2026\/05\/Gestion-de-contratistas-Externalia-Solutions-18x12.png",18,12,true],"et-pb-post-main-image":["https:\/\/externalia.lebranders.es\/wp-content\/uploads\/2026\/05\/Gestion-de-contratistas-Externalia-Solutions-400x250.png",400,250,true],"et-pb-post-main-image-fullwidth":["https:\/\/externalia.lebranders.es\/wp-content\/uploads\/2026\/05\/Gestion-de-contratistas-Externalia-Solutions-1080x675.png",1080,675,true],"et-pb-portfolio-image":["https:\/\/externalia.lebranders.es\/wp-content\/uploads\/2026\/05\/Gestion-de-contratistas-Externalia-Solutions-400x284.png",400,284,true],"et-pb-portfolio-module-image":["https:\/\/externalia.lebranders.es\/wp-content\/uploads\/2026\/05\/Gestion-de-contratistas-Externalia-Solutions-510x382.png",510,382,true],"et-pb-portfolio-image-single":["https:\/\/externalia.lebranders.es\/wp-content\/uploads\/2026\/05\/Gestion-de-contratistas-Externalia-Solutions-1080x720.png",1080,720,true],"et-pb-gallery-module-image-portrait":["https:\/\/externalia.lebranders.es\/wp-content\/uploads\/2026\/05\/Gestion-de-contratistas-Externalia-Solutions-400x516.png",400,516,true],"et-pb-post-main-image-fullwidth-large":["https:\/\/externalia.lebranders.es\/wp-content\/uploads\/2026\/05\/Gestion-de-contratistas-Externalia-Solutions.png",1536,1024,false],"et-pb-image--responsive--desktop":["https:\/\/externalia.lebranders.es\/wp-content\/uploads\/2026\/05\/Gestion-de-contratistas-Externalia-Solutions-1280x853.png",1080,720,true],"et-pb-image--responsive--tablet":["https:\/\/externalia.lebranders.es\/wp-content\/uploads\/2026\/05\/Gestion-de-contratistas-Externalia-Solutions-980x653.png",827,551,true],"et-pb-image--responsive--phone":["https:\/\/externalia.lebranders.es\/wp-content\/uploads\/2026\/05\/Gestion-de-contratistas-Externalia-Solutions-480x320.png",405,270,true]},"uagb_author_info":{"display_name":"Silvia Martorell","author_link":"https:\/\/externalia.lebranders.es\/pt\/author\/silvia\/"},"uagb_comment_info":0,"uagb_excerpt":"En 2026, gestionar contratistas en construcci\u00f3n e industria es m\u00e1s exigente que nunca. Descubre los 6 principales desaf\u00edos \u2014control documental, CAE, homologaci\u00f3n, visibilidad de la cadena y m\u00e1s\u2014 y c\u00f3mo superarlos con una plataforma especializada como eGestiona.","_links":{"self":[{"href":"https:\/\/externalia.lebranders.es\/pt\/wp-json\/wp\/v2\/posts\/4782","targetHints":{"allow":["GET"]}}],"collection":[{"href":"https:\/\/externalia.lebranders.es\/pt\/wp-json\/wp\/v2\/posts"}],"about":[{"href":"https:\/\/externalia.lebranders.es\/pt\/wp-json\/wp\/v2\/types\/post"}],"author":[{"embeddable":true,"href":"https:\/\/externalia.lebranders.es\/pt\/wp-json\/wp\/v2\/users\/3"}],"replies":[{"embeddable":true,"href":"https:\/\/externalia.lebranders.es\/pt\/wp-json\/wp\/v2\/comments?post=4782"}],"version-history":[{"count":4,"href":"https:\/\/externalia.lebranders.es\/pt\/wp-json\/wp\/v2\/posts\/4782\/revisions"}],"predecessor-version":[{"id":4957,"href":"https:\/\/externalia.lebranders.es\/pt\/wp-json\/wp\/v2\/posts\/4782\/revisions\/4957"}],"wp:featuredmedia":[{"embeddable":true,"href":"https:\/\/externalia.lebranders.es\/pt\/wp-json\/wp\/v2\/media\/4861"}],"wp:attachment":[{"href":"https:\/\/externalia.lebranders.es\/pt\/wp-json\/wp\/v2\/media?parent=4782"}],"wp:term":[{"taxonomy":"category","embeddable":true,"href":"https:\/\/externalia.lebranders.es\/pt\/wp-json\/wp\/v2\/categories?post=4782"},{"taxonomy":"post_tag","embeddable":true,"href":"https:\/\/externalia.lebranders.es\/pt\/wp-json\/wp\/v2\/tags?post=4782"}],"curies":[{"name":"wp","href":"https:\/\/api.w.org\/{rel}","templated":true}]}}