{"id":5065,"date":"2026-07-01T10:40:01","date_gmt":"2026-07-01T08:40:01","guid":{"rendered":"https:\/\/externalia.lebranders.es\/?p=5065"},"modified":"2026-07-01T10:40:03","modified_gmt":"2026-07-01T08:40:03","slug":"checklist-cumplimiento-cae-2026-inspeccion-trabajo","status":"publish","type":"post","link":"https:\/\/externalia.lebranders.es\/pt\/checklist-cumplimiento-cae-2026-inspeccion-trabajo\/","title":{"rendered":"CHECKLIST DE CUMPLIMIENTO CAE 2026: lo que Inspecci\u00f3n de Trabajo comprueba en cada visita"},"content":{"rendered":"<p class=\"wp-block-paragraph\"><strong>El momento de la verdad<\/strong><\/p>\n\n\n\n<p class=\"wp-block-paragraph\">La Inspecci\u00f3n de Trabajo llega sin avisar. En construcci\u00f3n, energ\u00eda o industria, eso ocurre m\u00e1s de lo que parece. Y cuando llega, no pregunta si tienes buenas intenciones \u2014 pregunta por documentaci\u00f3n, acreditaci\u00f3n y trazabilidad.<\/p>\n\n\n\n<p class=\"wp-block-paragraph\"><a href=\"https:\/\/externalia.lebranders.es\/software-cae-plataforma-contratas-subcontratas\/\" target=\"_blank\" rel=\"noreferrer noopener\"><strong>La coordinaci\u00f3n de actividades empresariales<\/strong> (CAE)<\/a> sigue siendo uno de los puntos con mayor \u00edndice de incumplimiento en las visitas de la Inspecci\u00f3n. No porque las empresas no quieran cumplir, sino porque el modelo de gesti\u00f3n documental que la mayor\u00eda usa \u2014 carpetas f\u00edsicas, correos, hojas de c\u00e1lculo \u2014 no escala cuando hay m\u00faltiples contratas trabajando en simult\u00e1neo.<\/p>\n\n\n\n<p class=\"wp-block-paragraph\"><strong>Este checklist recoge los puntos exactos que la Inspecci\u00f3n de Trabajo comprueba en 2026. Sin adornos.<\/strong><\/p>\n\n\n\n<div id=\"ez-toc-container\" class=\"ez-toc-v2_0_87 ez-toc-wrap-left counter-hierarchy ez-toc-counter ez-toc-grey ez-toc-container-direction\">\n<div class=\"ez-toc-title-container\">\n<p class=\"ez-toc-title\" style=\"cursor:inherit\">Tabla de contenido<\/p>\n<span class=\"ez-toc-title-toggle\"><a href=\"#\" class=\"ez-toc-pull-right ez-toc-btn ez-toc-btn-xs ez-toc-btn-default ez-toc-toggle\" aria-label=\"Alternar tabela de conte\u00fado\"><span class=\"ez-toc-js-icon-con\"><span class=\"\"><span class=\"eztoc-hide\" style=\"display:none;\">Toggle<\/span><span class=\"ez-toc-icon-toggle-span\"><svg style=\"fill: #999;color:#999\" xmlns=\"http:\/\/www.w3.org\/2000\/svg\" class=\"list-377408\" width=\"20px\" height=\"20px\" viewbox=\"0 0 24 24\" fill=\"none\"><path d=\"M6 6H4v2h2V6zm14 0H8v2h12V6zM4 11h2v2H4v-2zm16 0H8v2h12v-2zM4 16h2v2H4v-2zm16 0H8v2h12v-2z\" fill=\"currentColor\"><\/path><\/svg><svg style=\"fill: #999;color:#999\" class=\"arrow-unsorted-368013\" xmlns=\"http:\/\/www.w3.org\/2000\/svg\" width=\"10px\" height=\"10px\" viewbox=\"0 0 24 24\" version=\"1.2\" baseprofile=\"tiny\"><path d=\"M18.2 9.3l-6.2-6.3-6.2 6.3c-.2.2-.3.4-.3.7s.1.5.3.7c.2.2.4.3.7.3h11c.3 0 .5-.1.7-.3.2-.2.3-.5.3-.7s-.1-.5-.3-.7zM5.8 14.7l6.2 6.3 6.2-6.3c.2-.2.3-.5.3-.7s-.1-.5-.3-.7c-.2-.2-.4-.3-.7-.3h-11c-.3 0-.5.1-.7.3-.2.2-.3.5-.3.7s.1.5.3.7z\"\/><\/svg><\/span><\/span><\/span><\/a><\/span><\/div>\n<nav><ul class='ez-toc-list ez-toc-list-level-1' ><li class='ez-toc-page-1 ez-toc-heading-level-2'><a class=\"ez-toc-link ez-toc-heading-1\" href=\"https:\/\/externalia.lebranders.es\/pt\/checklist-cumplimiento-cae-2026-inspeccion-trabajo\/#Que_es_la_CAE_y_por_que_sigue_siendo_el_foco_de_la_Inspeccion\" >Qu\u00e9 es la CAE y por qu\u00e9 sigue siendo el foco de la Inspecci\u00f3n<\/a><\/li><li class='ez-toc-page-1 ez-toc-heading-level-2'><a class=\"ez-toc-link ez-toc-heading-2\" href=\"https:\/\/externalia.lebranders.es\/pt\/checklist-cumplimiento-cae-2026-inspeccion-trabajo\/#Checklist_los_10_puntos_que_Inspeccion_de_Trabajo_verifica\" >Checklist: los 10 puntos que Inspecci\u00f3n de Trabajo verifica<\/a><ul class='ez-toc-list-level-3' ><li class='ez-toc-heading-level-3'><a class=\"ez-toc-link ez-toc-heading-3\" href=\"https:\/\/externalia.lebranders.es\/pt\/checklist-cumplimiento-cae-2026-inspeccion-trabajo\/#Designacion_del_recurso_preventivo_o_coordinador_de_seguridad\" >Designaci\u00f3n del recurso preventivo o coordinador de seguridad<\/a><\/li><li class='ez-toc-page-1 ez-toc-heading-level-3'><a class=\"ez-toc-link ez-toc-heading-4\" href=\"https:\/\/externalia.lebranders.es\/pt\/checklist-cumplimiento-cae-2026-inspeccion-trabajo\/#Documentacion_actualizada_de_cada_contratista\" >Documentaci\u00f3n actualizada de cada contratista<\/a><\/li><li class='ez-toc-page-1 ez-toc-heading-level-3'><a class=\"ez-toc-link ez-toc-heading-5\" href=\"https:\/\/externalia.lebranders.es\/pt\/checklist-cumplimiento-cae-2026-inspeccion-trabajo\/#Acreditacion_individual_de_trabajadores_de_contratas\" >Acreditaci\u00f3n individual de trabajadores de contratas<\/a><\/li><li class='ez-toc-page-1 ez-toc-heading-level-3'><a class=\"ez-toc-link ez-toc-heading-6\" href=\"https:\/\/externalia.lebranders.es\/pt\/checklist-cumplimiento-cae-2026-inspeccion-trabajo\/#Instrucciones_de_coordinacion_entregadas_y_firmadas\" >Instrucciones de coordinaci\u00f3n entregadas y firmadas<\/a><\/li><li class='ez-toc-page-1 ez-toc-heading-level-3'><a class=\"ez-toc-link ez-toc-heading-7\" href=\"https:\/\/externalia.lebranders.es\/pt\/checklist-cumplimiento-cae-2026-inspeccion-trabajo\/#Registro_de_reuniones_de_coordinacion\" >Registro de reuniones de coordinaci\u00f3n<\/a><\/li><li class='ez-toc-page-1 ez-toc-heading-level-3'><a class=\"ez-toc-link ez-toc-heading-8\" href=\"https:\/\/externalia.lebranders.es\/pt\/checklist-cumplimiento-cae-2026-inspeccion-trabajo\/#Control_de_accesos_operativo\" >Control de accesos operativo<\/a><\/li><li class='ez-toc-page-1 ez-toc-heading-level-3'><a class=\"ez-toc-link ez-toc-heading-9\" href=\"https:\/\/externalia.lebranders.es\/pt\/checklist-cumplimiento-cae-2026-inspeccion-trabajo\/#Trazabilidad_de_EPIs_entregados\" >Trazabilidad de EPIs entregados<\/a><\/li><li class='ez-toc-page-1 ez-toc-heading-level-3'><a class=\"ez-toc-link ez-toc-heading-10\" href=\"https:\/\/externalia.lebranders.es\/pt\/checklist-cumplimiento-cae-2026-inspeccion-trabajo\/#Evaluacion_de_riesgos_especificos_del_centro_de_trabajo\" >Evaluaci\u00f3n de riesgos espec\u00edficos del centro de trabajo<\/a><\/li><li class='ez-toc-page-1 ez-toc-heading-level-3'><a class=\"ez-toc-link ez-toc-heading-11\" href=\"https:\/\/externalia.lebranders.es\/pt\/checklist-cumplimiento-cae-2026-inspeccion-trabajo\/#Evaluacion_de_riesgos_psicosociales\" >Evaluaci\u00f3n de riesgos psicosociales<\/a><\/li><li class='ez-toc-page-1 ez-toc-heading-level-3'><a class=\"ez-toc-link ez-toc-heading-12\" href=\"https:\/\/externalia.lebranders.es\/pt\/checklist-cumplimiento-cae-2026-inspeccion-trabajo\/#Plan_de_emergencia_comunicado_a_todas_las_contratas\" >Plan de emergencia comunicado a todas las contratas<\/a><\/li><\/ul><\/li><li class='ez-toc-page-1 ez-toc-heading-level-2'><a class=\"ez-toc-link ez-toc-heading-13\" href=\"https:\/\/externalia.lebranders.es\/pt\/checklist-cumplimiento-cae-2026-inspeccion-trabajo\/#Las_consecuencias_que_nadie_quiere_documentar\" >Las consecuencias que nadie quiere documentar<\/a><\/li><li class='ez-toc-page-1 ez-toc-heading-level-2'><a class=\"ez-toc-link ez-toc-heading-14\" href=\"https:\/\/externalia.lebranders.es\/pt\/checklist-cumplimiento-cae-2026-inspeccion-trabajo\/#Por_que_el_modelo_de_carpetas_no_escala\" >Por qu\u00e9 el modelo de carpetas no escala<\/a><ul class='ez-toc-list-level-3' ><li class='ez-toc-heading-level-3'><a class=\"ez-toc-link ez-toc-heading-15\" href=\"https:\/\/externalia.lebranders.es\/pt\/checklist-cumplimiento-cae-2026-inspeccion-trabajo\/#Solicita_una_demo_gratuita\" >Solicita una demo gratuita<\/a><\/li><\/ul><\/li><li class='ez-toc-page-1 ez-toc-heading-level-2'><a class=\"ez-toc-link ez-toc-heading-16\" href=\"https:\/\/externalia.lebranders.es\/pt\/checklist-cumplimiento-cae-2026-inspeccion-trabajo\/#Preguntas_frecuentes_sobre_Inspeccion_de_Trabajo_en_CAE\" >Preguntas frecuentes sobre Inspecci\u00f3n de Trabajo en CAE<\/a><ul class='ez-toc-list-level-3' ><li class='ez-toc-heading-level-3'><a class=\"ez-toc-link ez-toc-heading-17\" href=\"https:\/\/externalia.lebranders.es\/pt\/checklist-cumplimiento-cae-2026-inspeccion-trabajo\/#%C2%BFQue_documenta_la_Inspeccion_de_Trabajo_en_una_visita_sobre_CAE\" >\u00bfQu\u00e9 documenta la Inspecci\u00f3n de Trabajo en una visita sobre CAE?<\/a><\/li><li class='ez-toc-page-1 ez-toc-heading-level-3'><a class=\"ez-toc-link ez-toc-heading-18\" href=\"https:\/\/externalia.lebranders.es\/pt\/checklist-cumplimiento-cae-2026-inspeccion-trabajo\/#%C2%BFQue_obligaciones_tiene_la_empresa_principal_en_materia_de_CAE\" >\u00bfQu\u00e9 obligaciones tiene la empresa principal en materia de CAE?<\/a><\/li><li class='ez-toc-page-1 ez-toc-heading-level-3'><a class=\"ez-toc-link ez-toc-heading-19\" href=\"https:\/\/externalia.lebranders.es\/pt\/checklist-cumplimiento-cae-2026-inspeccion-trabajo\/#%C2%BFCuanto_puede_sancionar_la_Inspeccion_de_Trabajo_por_incumplimiento_de_la_CAE\" >\u00bfCu\u00e1nto puede sancionar la Inspecci\u00f3n de Trabajo por incumplimiento de la CAE?<\/a><\/li><li class='ez-toc-page-1 ez-toc-heading-level-3'><a class=\"ez-toc-link ez-toc-heading-20\" href=\"https:\/\/externalia.lebranders.es\/pt\/checklist-cumplimiento-cae-2026-inspeccion-trabajo\/#%C2%BFQue_es_un_software_CAE_y_para_que_sirve\" >\u00bfQu\u00e9 es un software CAE y para qu\u00e9 sirve?<\/a><\/li><li class='ez-toc-page-1 ez-toc-heading-level-3'><a class=\"ez-toc-link ez-toc-heading-21\" href=\"https:\/\/externalia.lebranders.es\/pt\/checklist-cumplimiento-cae-2026-inspeccion-trabajo\/#%C2%BFLa_evaluacion_de_riesgos_psicosociales_es_obligatoria_en_el_marco_de_la_CAE\" >\u00bfLa evaluaci\u00f3n de riesgos psicosociales es obligatoria en el marco de la CAE?<\/a><\/li><\/ul><\/li><\/ul><\/nav><\/div>\n<h2 class=\"wp-block-heading\"><span class=\"ez-toc-section\" id=\"Que_es_la_CAE_y_por_que_sigue_siendo_el_foco_de_la_Inspeccion\"><\/span><strong>Qu\u00e9 es la CAE y por qu\u00e9 sigue siendo el foco de la Inspecci\u00f3n<\/strong><span class=\"ez-toc-section-end\"><\/span><\/h2>\n\n\n\n<p class=\"wp-block-paragraph\">La coordinaci\u00f3n de actividades empresariales est\u00e1 regulada por la <a href=\"https:\/\/www.boe.es\/buscar\/act.php?id=BOE-A-1995-24292\" target=\"_blank\" rel=\"noreferrer noopener nofollow\">Ley 31\/1995 de Prevenci\u00f3n de Riesgos Laborales<\/a> y desarrollada en el <a href=\"https:\/\/www.boe.es\/buscar\/act.php?id=BOE-A-2004-1848\" target=\"_blank\" rel=\"noreferrer noopener nofollow\">Real Decreto 171\/2004<\/a>. Obliga a todas las empresas que comparten centro de trabajo a coordinarse en materia de seguridad, independientemente de si son empresa principal, contratista o subcontratista.<\/p>\n\n\n\n<p class=\"wp-block-paragraph\">El problema no es normativo \u2014 el marco lleva a\u00f1os vigente. El problema es operativo: la CAE implica gestionar documentaci\u00f3n activa de personas, empresas y equipos en tiempo real, y eso es imposible de sostener sin un sistema de control adecuado.<\/p>\n\n\n\n<p class=\"wp-block-paragraph\">En 2026, la Inspecci\u00f3n de Trabajo ha reforzado el seguimiento de la CAE con especial atenci\u00f3n a tres aspectos: acreditaci\u00f3n de contratistas, <strong><a href=\"https:\/\/externalia.lebranders.es\/control-acceso-marcajes-prl-egestiona\/\" target=\"_blank\" rel=\"noreferrer noopener\">control de accesos<\/a><\/strong> y cumplimiento normativo en materia de <a href=\"https:\/\/externalia.lebranders.es\/riesgos-psicosociales-obligaciones-reforma-prl-2026\/\" target=\"_blank\" rel=\"noreferrer noopener\">riesgos psicosociales<\/a> \u2014 ahora obligatorio bajo el marco de la <a href=\"https:\/\/www.iso.org\/standard\/63787.html?__cf_chl_f_tk=gvYICPdcz_d__L7w5r9lDXVA4kVI.0MXvpjPRq2UbMY-1782892205-1.0.1.1-hYw11ZTKRS3c3gdPeCErsa0cvEqeKl_3kgLfD6c3VQE\" target=\"_blank\" rel=\"noreferrer noopener nofollow\">ISO 45001<\/a> y las directrices europeas.<\/p>\n\n\n\n<h2 class=\"wp-block-heading\"><span class=\"ez-toc-section\" id=\"Checklist_los_10_puntos_que_Inspeccion_de_Trabajo_verifica\"><\/span><strong>Checklist: los 10 puntos que Inspecci\u00f3n de Trabajo verifica<\/strong><span class=\"ez-toc-section-end\"><\/span><\/h2>\n\n\n\n<p class=\"wp-block-paragraph\"><\/p>\n\n\n\n<h3 class=\"wp-block-heading\"><span class=\"ez-toc-section\" id=\"Designacion_del_recurso_preventivo_o_coordinador_de_seguridad\"><\/span><strong>Designaci\u00f3n del recurso preventivo o coordinador de seguridad<\/strong><span class=\"ez-toc-section-end\"><\/span><\/h3>\n\n\n\n<p class=\"wp-block-paragraph\"><em>\u00bfEst\u00e1 designado por escrito? \u00bfEst\u00e1 en obra o en la instalaci\u00f3n cuando hay actividades de riesgo? La Inspecci\u00f3n pide nombre, acreditaci\u00f3n y prueba de presencia efectiva.<\/em><\/p>\n\n\n\n<h3 class=\"wp-block-heading\"><span class=\"ez-toc-section\" id=\"Documentacion_actualizada_de_cada_contratista\"><\/span><strong>Documentaci\u00f3n actualizada de cada contratista<\/strong><span class=\"ez-toc-section-end\"><\/span><\/h3>\n\n\n\n<p class=\"wp-block-paragraph\"><em>Para cada empresa externa: modalidad preventiva vigente, <a href=\"https:\/\/externalia.lebranders.es\/es-obligatorio-evaluar-riesgos-laborales-2026\/\" target=\"_blank\" rel=\"noreferrer noopener\">evaluaci\u00f3n de riesgos<\/a>, plan de seguridad, certificados de formaci\u00f3n. La documentaci\u00f3n caducada o incompleta equivale a no tenerla.<\/em><\/p>\n\n\n\n<h3 class=\"wp-block-heading\"><span class=\"ez-toc-section\" id=\"Acreditacion_individual_de_trabajadores_de_contratas\"><\/span><strong>Acreditaci\u00f3n individual de trabajadores de contratas<\/strong><span class=\"ez-toc-section-end\"><\/span><\/h3>\n\n\n\n<p class=\"wp-block-paragraph\"><em>Cada persona que accede al centro de trabajo debe tener acreditada su formaci\u00f3n en PRL, aptitud m\u00e9dica vigente, entrega de EPIs documentada e informaci\u00f3n sobre riesgos espec\u00edficos del puesto.<\/em><\/p>\n\n\n\n<h3 class=\"wp-block-heading\"><span class=\"ez-toc-section\" id=\"Instrucciones_de_coordinacion_entregadas_y_firmadas\"><\/span><strong>Instrucciones de coordinaci\u00f3n entregadas y firmadas<\/strong><span class=\"ez-toc-section-end\"><\/span><\/h3>\n\n\n\n<p class=\"wp-block-paragraph\"><em>La empresa principal debe haber entregado por escrito las instrucciones de seguridad del centro de trabajo a cada contratista antes del inicio de actividades. La firma de recepci\u00f3n es imprescindible.<\/em><\/p>\n\n\n\n<h3 class=\"wp-block-heading\"><span class=\"ez-toc-section\" id=\"Registro_de_reuniones_de_coordinacion\"><\/span><strong>Registro de reuniones de coordinaci\u00f3n<\/strong><span class=\"ez-toc-section-end\"><\/span><\/h3>\n\n\n\n<p class=\"wp-block-paragraph\"><em>Las reuniones peri\u00f3dicas entre empresa principal y contratas deben estar documentadas: fecha, asistentes, temas tratados y acuerdos. Un registro incompleto o inexistente es una infracci\u00f3n directa.<\/em><\/p>\n\n\n\n<h3 class=\"wp-block-heading\"><span class=\"ez-toc-section\" id=\"Control_de_accesos_operativo\"><\/span><strong>Control de accesos operativo<\/strong><span class=\"ez-toc-section-end\"><\/span><\/h3>\n\n\n\n<p class=\"wp-block-paragraph\"><em>\u00bfQui\u00e9n est\u00e1 en tus instalaciones en este momento? La Inspecci\u00f3n puede preguntar eso en tiempo real. <a href=\"https:\/\/externalia.lebranders.es\/control-accesos-cumplimiento-documental-prl-cae\/\" target=\"_blank\" rel=\"noreferrer noopener\">El control de accesos conectado con el cumplimiento normativo<\/a> es lo que separa una gesti\u00f3n CAE real de una gesti\u00f3n de papel.<\/em><\/p>\n\n\n\n<h3 class=\"wp-block-heading\"><span class=\"ez-toc-section\" id=\"Trazabilidad_de_EPIs_entregados\"><\/span><strong>Trazabilidad de EPIs entregados<\/strong><span class=\"ez-toc-section-end\"><\/span><\/h3>\n\n\n\n<p class=\"wp-block-paragraph\"><em>La entrega de equipos de protecci\u00f3n individual debe estar documentada individualmente: qu\u00e9 equipo, a qui\u00e9n, cu\u00e1ndo, y si se ha realizado formaci\u00f3n sobre su uso. No basta con tenerlos disponibles.<\/em><\/p>\n\n\n\n<h3 class=\"wp-block-heading\"><span class=\"ez-toc-section\" id=\"Evaluacion_de_riesgos_especificos_del_centro_de_trabajo\"><\/span><strong>Evaluaci\u00f3n de riesgos espec\u00edficos del centro de trabajo<\/strong><span class=\"ez-toc-section-end\"><\/span><\/h3>\n\n\n\n<p class=\"wp-block-paragraph\"><em>La empresa principal debe disponer de una evaluaci\u00f3n de riesgos actualizada que contemple los riesgos derivados de la concurrencia de actividades. Si hay contratas y tu evaluaci\u00f3n no lo recoge, hay una laguna legal.<\/em><\/p>\n\n\n\n<h3 class=\"wp-block-heading\"><span class=\"ez-toc-section\" id=\"Evaluacion_de_riesgos_psicosociales\"><\/span><strong>Evaluaci\u00f3n de riesgos psicosociales<\/strong><span class=\"ez-toc-section-end\"><\/span><\/h3>\n\n\n\n<p class=\"wp-block-paragraph\"><em>Desde 2024, la obligaci\u00f3n de evaluar los riesgos psicosociales \u2014 carga de trabajo, violencia, acoso, factores organizativos \u2014 est\u00e1 explicitada en las directrices europeas y en el marco de la ISO 45001. La Inspecci\u00f3n ya lo solicita sistem\u00e1ticamente.<\/em><\/p>\n\n\n\n<h3 class=\"wp-block-heading\"><span class=\"ez-toc-section\" id=\"Plan_de_emergencia_comunicado_a_todas_las_contratas\"><\/span><strong>Plan de emergencia comunicado a todas las contratas<\/strong><span class=\"ez-toc-section-end\"><\/span><\/h3>\n\n\n\n<p class=\"wp-block-paragraph\"><em>Cada empresa externa debe conocer el plan de emergencia: rutas de evacuaci\u00f3n, puntos de reuni\u00f3n, persona de contacto en caso de incidente. La Inspecci\u00f3n pide prueba de que esa comunicaci\u00f3n se ha realizado.<\/em><\/p>\n\n\n\n<h2 class=\"wp-block-heading\"><span class=\"ez-toc-section\" id=\"Las_consecuencias_que_nadie_quiere_documentar\"><\/span><strong>Las consecuencias que nadie quiere documentar<\/strong><span class=\"ez-toc-section-end\"><\/span><\/h2>\n\n\n\n<p class=\"wp-block-paragraph\">Un incumplimiento grave en materia de CAE puede derivar en sanciones <strong>de hasta 819.780 <\/strong>euros seg\u00fan el <a href=\"https:\/\/www.boe.es\/buscar\/act.php?id=BOE-A-2000-15060\" target=\"_blank\" rel=\"noreferrer noopener nofollow\">art\u00edculo 40 de la LISOS<\/a>. Pero m\u00e1s all\u00e1 de la sanci\u00f3n econ\u00f3mica, el incumplimiento en CAE tiene dos consecuencias que pesan m\u00e1s en la pr\u00e1ctica:<\/p>\n\n\n\n<ul class=\"wp-block-list\">\n<li><strong>Responsabilidad solidaria<\/strong> entre empresa principal y contratista en caso de accidente de un trabajador externo. Si no hay documentaci\u00f3n que acredite que el contratista cumpl\u00eda, la empresa principal responde.<\/li>\n<\/ul>\n\n\n\n<ul class=\"wp-block-list\">\n<li><strong>Par\u00e1lisis de la actividad<\/strong> por requerimiento de la Inspecci\u00f3n, con impacto directo en la continuidad operativa.<\/li>\n<\/ul>\n\n\n\n<p class=\"wp-block-paragraph\">En sectores como construcci\u00f3n, miner\u00eda o energ\u00eda, donde las contratas son parte estructural del modelo operativo, esto no es un riesgo te\u00f3rico.<\/p>\n\n\n\n<h2 class=\"wp-block-heading\"><span class=\"ez-toc-section\" id=\"Por_que_el_modelo_de_carpetas_no_escala\"><\/span><strong>Por qu\u00e9 el modelo de carpetas no escala<\/strong><span class=\"ez-toc-section-end\"><\/span><\/h2>\n\n\n\n<p class=\"wp-block-paragraph\">Gestionar la CAE de 20, 50 o 100 contratas de forma manual \u2014 con correos, llamadas y documentos en servidores compartidos \u2014 no es gesti\u00f3n: es ruleta. La documentaci\u00f3n caduca sin que nadie lo detecte. Los accesos no se verifican en tiempo real. Y cuando llega la Inspecci\u00f3n, demostrar que todo est\u00e1 en orden requiere horas de b\u00fasqueda.<\/p>\n\n\n\n<p class=\"wp-block-paragraph\"><strong><a href=\"https:\/\/egestiona.com\" data-type=\"link\" data-id=\"egestiona.com\" target=\"_blank\" rel=\"noopener\">Una plataforma CAE<\/a> conecta el cumplimiento normativo con el control de accesos: solo accede quien tiene toda la documentaci\u00f3n en regla, y la trazabilidad queda registrada autom\u00e1ticamente. Eso es lo que Inspecci\u00f3n de Trabajo quiere ver \u2014 y lo que protege a la empresa principal.<\/strong><\/p>\n\n\n\n<div style=\"height:42px\" aria-hidden=\"true\" class=\"wp-block-spacer\"><\/div>\n\n\n\n<div class=\"wp-block-uagb-call-to-action uagb-block-ad7fcab4 wp-block-button\"><div class=\"uagb-cta__wrap\"><h3 class=\"uagb-cta__title\"><span class=\"ez-toc-section\" id=\"Solicita_una_demo_gratuita\"><\/span><strong>Solicita una demo gratuita<\/strong><span class=\"ez-toc-section-end\"><\/span><\/h3><p class=\"uagb-cta__desc\">Verificaci\u00f3n ITA diaria \u00b7 Certificados AEAT\/TGSS \u00b7 Control de accesos \u00b7 Trazabilidad documental CAE<\/p><\/div><div class=\"uagb-cta__buttons\"><a href=\"https:\/\/externalia.lebranders.es\/solicitar-demo\/\" class=\"uagb-cta__button-link-wrapper wp-block-button__link\" target=\"_self\" rel=\"noopener noreferrer\">DEMO<\/a><\/div><\/div>\n\n\n\n<div style=\"height:77px\" aria-hidden=\"true\" class=\"wp-block-spacer\"><\/div>\n\n\n\n<h2 class=\"wp-block-heading\"><span class=\"ez-toc-section\" id=\"Preguntas_frecuentes_sobre_Inspeccion_de_Trabajo_en_CAE\"><\/span><strong>Preguntas frecuentes sobre Inspecci\u00f3n de Trabajo en CAE<\/strong><span class=\"ez-toc-section-end\"><\/span><\/h2>\n\n\n\n<div style=\"height:30px\" aria-hidden=\"true\" class=\"wp-block-spacer\"><\/div>\n\n\n<div class=\"wp-block-uagb-faq uagb-faq__outer-wrap uagb-block-e7da191e uagb-faq-icon-row uagb-faq-layout-accordion uagb-faq-expand-first-false uagb-faq-inactive-other-true uagb-faq__wrap uagb-buttons-layout-wrap uagb-faq-equal-height\" data-faqtoggle=\"true\" role=\"tablist\"><div class=\"wp-block-uagb-faq-child uagb-faq-child__outer-wrap uagb-faq-item uagb-block-92cc9178\" role=\"tab\" tabindex=\"0\"><div class=\"uagb-faq-questions-button uagb-faq-questions\">\t\t\t<span class=\"uagb-icon uagb-faq-icon-wrap\">\n\t\t\t\t\t\t\t\t<svg xmlns=\"https:\/\/www.w3.org\/2000\/svg\" viewbox= \"0 0 448 512\"><path d=\"M432 256c0 17.69-14.33 32.01-32 32.01H256v144c0 17.69-14.33 31.99-32 31.99s-32-14.3-32-31.99v-144H48c-17.67 0-32-14.32-32-32.01s14.33-31.99 32-31.99H192v-144c0-17.69 14.33-32.01 32-32.01s32 14.32 32 32.01v144h144C417.7 224 432 238.3 432 256z\"><\/path><\/svg>\n\t\t\t\t\t\t\t<\/span>\n\t\t\t\t\t\t<span class=\"uagb-icon-active uagb-faq-icon-wrap\">\n\t\t\t\t\t\t\t\t<svg xmlns=\"https:\/\/www.w3.org\/2000\/svg\" viewbox= \"0 0 448 512\"><path d=\"M400 288h-352c-17.69 0-32-14.32-32-32.01s14.31-31.99 32-31.99h352c17.69 0 32 14.3 32 31.99S417.7 288 400 288z\"><\/path><\/svg>\n\t\t\t\t\t\t\t<\/span>\n\t\t\t<h3 class=\"uagb-question\"><span class=\"ez-toc-section\" id=\"%C2%BFQue_documenta_la_Inspeccion_de_Trabajo_en_una_visita_sobre_CAE\"><\/span><strong>\u00bfQu\u00e9 documenta la Inspecci\u00f3n de Trabajo en una visita sobre CAE?<\/strong><span class=\"ez-toc-section-end\"><\/span><\/h3><\/div><div class=\"uagb-faq-content\"><p>La Inspecci\u00f3n verifica principalmente: designaci\u00f3n del recurso preventivo, documentaci\u00f3n actualizada de cada contratista (modalidad preventiva, evaluaci\u00f3n de riesgos, plan de seguridad), acreditaci\u00f3n individual de los trabajadores externos, instrucciones de coordinaci\u00f3n firmadas, registros de reuniones, control de accesos operativo y trazabilidad de entrega de EPIs. En 2026 tambi\u00e9n solicita sistem\u00e1ticamente la evaluaci\u00f3n de riesgos psicosociales.<\/p><\/div><\/div><div class=\"wp-block-uagb-faq-child uagb-faq-child__outer-wrap uagb-faq-item uagb-block-cc8562ea\" role=\"tab\" tabindex=\"0\"><div class=\"uagb-faq-questions-button uagb-faq-questions\">\t\t\t<span class=\"uagb-icon uagb-faq-icon-wrap\">\n\t\t\t\t\t\t\t\t<svg xmlns=\"https:\/\/www.w3.org\/2000\/svg\" viewbox= \"0 0 448 512\"><path d=\"M432 256c0 17.69-14.33 32.01-32 32.01H256v144c0 17.69-14.33 31.99-32 31.99s-32-14.3-32-31.99v-144H48c-17.67 0-32-14.32-32-32.01s14.33-31.99 32-31.99H192v-144c0-17.69 14.33-32.01 32-32.01s32 14.32 32 32.01v144h144C417.7 224 432 238.3 432 256z\"><\/path><\/svg>\n\t\t\t\t\t\t\t<\/span>\n\t\t\t\t\t\t<span class=\"uagb-icon-active uagb-faq-icon-wrap\">\n\t\t\t\t\t\t\t\t<svg xmlns=\"https:\/\/www.w3.org\/2000\/svg\" viewbox= \"0 0 448 512\"><path d=\"M400 288h-352c-17.69 0-32-14.32-32-32.01s14.31-31.99 32-31.99h352c17.69 0 32 14.3 32 31.99S417.7 288 400 288z\"><\/path><\/svg>\n\t\t\t\t\t\t\t<\/span>\n\t\t\t<h3 class=\"uagb-question\"><span class=\"ez-toc-section\" id=\"%C2%BFQue_obligaciones_tiene_la_empresa_principal_en_materia_de_CAE\"><\/span><strong>\u00bfQu\u00e9 obligaciones tiene la empresa principal en materia de CAE?<\/strong><span class=\"ez-toc-section-end\"><\/span><\/h3><\/div><div class=\"uagb-faq-content\"><p>La empresa principal debe coordinar la actividad preventiva con todas las empresas concurrentes en el centro de trabajo, entregar instrucciones de seguridad por escrito, verificar que los contratistas tienen su documentaci\u00f3n de prevenci\u00f3n en regla, controlar los accesos y garantizar que ning\u00fan trabajador externo accede sin acreditaci\u00f3n vigente. Todo esto est\u00e1 regulado por la Ley 31\/1995 y el Real Decreto 171\/2004.<\/p><\/div><\/div><div class=\"wp-block-uagb-faq-child uagb-faq-child__outer-wrap uagb-faq-item uagb-block-82499b3c\" role=\"tab\" tabindex=\"0\"><div class=\"uagb-faq-questions-button uagb-faq-questions\">\t\t\t<span class=\"uagb-icon uagb-faq-icon-wrap\">\n\t\t\t\t\t\t\t\t<svg xmlns=\"https:\/\/www.w3.org\/2000\/svg\" viewbox= \"0 0 448 512\"><path d=\"M432 256c0 17.69-14.33 32.01-32 32.01H256v144c0 17.69-14.33 31.99-32 31.99s-32-14.3-32-31.99v-144H48c-17.67 0-32-14.32-32-32.01s14.33-31.99 32-31.99H192v-144c0-17.69 14.33-32.01 32-32.01s32 14.32 32 32.01v144h144C417.7 224 432 238.3 432 256z\"><\/path><\/svg>\n\t\t\t\t\t\t\t<\/span>\n\t\t\t\t\t\t<span class=\"uagb-icon-active uagb-faq-icon-wrap\">\n\t\t\t\t\t\t\t\t<svg xmlns=\"https:\/\/www.w3.org\/2000\/svg\" viewbox= \"0 0 448 512\"><path d=\"M400 288h-352c-17.69 0-32-14.32-32-32.01s14.31-31.99 32-31.99h352c17.69 0 32 14.3 32 31.99S417.7 288 400 288z\"><\/path><\/svg>\n\t\t\t\t\t\t\t<\/span>\n\t\t\t<h3 class=\"uagb-question\"><span class=\"ez-toc-section\" id=\"%C2%BFCuanto_puede_sancionar_la_Inspeccion_de_Trabajo_por_incumplimiento_de_la_CAE\"><\/span><strong><strong>\u00bfCu\u00e1nto puede sancionar la Inspecci\u00f3n de Trabajo por incumplimiento de la CAE?<\/strong><\/strong><span class=\"ez-toc-section-end\"><\/span><\/h3><\/div><div class=\"uagb-faq-content\"><p>Las infracciones graves en materia de coordinaci\u00f3n de actividades empresariales pueden derivar en sanciones de hasta 819.780 euros seg\u00fan el art\u00edculo 40 de la LISOS. Adem\u00e1s, en caso de accidente de un trabajador externo, la empresa principal puede incurrir en responsabilidad solidaria si no puede acreditar que el contratista cumpl\u00eda con los requisitos de seguridad.<\/p><\/div><\/div><div class=\"wp-block-uagb-faq-child uagb-faq-child__outer-wrap uagb-faq-item uagb-block-5906ab71\" role=\"tab\" tabindex=\"0\"><div class=\"uagb-faq-questions-button uagb-faq-questions\">\t\t\t<span class=\"uagb-icon uagb-faq-icon-wrap\">\n\t\t\t\t\t\t\t\t<svg xmlns=\"https:\/\/www.w3.org\/2000\/svg\" viewbox= \"0 0 448 512\"><path d=\"M432 256c0 17.69-14.33 32.01-32 32.01H256v144c0 17.69-14.33 31.99-32 31.99s-32-14.3-32-31.99v-144H48c-17.67 0-32-14.32-32-32.01s14.33-31.99 32-31.99H192v-144c0-17.69 14.33-32.01 32-32.01s32 14.32 32 32.01v144h144C417.7 224 432 238.3 432 256z\"><\/path><\/svg>\n\t\t\t\t\t\t\t<\/span>\n\t\t\t\t\t\t<span class=\"uagb-icon-active uagb-faq-icon-wrap\">\n\t\t\t\t\t\t\t\t<svg xmlns=\"https:\/\/www.w3.org\/2000\/svg\" viewbox= \"0 0 448 512\"><path d=\"M400 288h-352c-17.69 0-32-14.32-32-32.01s14.31-31.99 32-31.99h352c17.69 0 32 14.3 32 31.99S417.7 288 400 288z\"><\/path><\/svg>\n\t\t\t\t\t\t\t<\/span>\n\t\t\t<h3 class=\"uagb-question\"><span class=\"ez-toc-section\" id=\"%C2%BFQue_es_un_software_CAE_y_para_que_sirve\"><\/span><strong><strong>\u00bfQu\u00e9 es un software CAE y para qu\u00e9 sirve?<\/strong><\/strong><span class=\"ez-toc-section-end\"><\/span><\/h3><\/div><div class=\"uagb-faq-content\"><p>Un software CAE (Coordinaci\u00f3n de Actividades Empresariales) es una plataforma digital que centraliza y automatiza la gesti\u00f3n documental y el control de accesos de contratistas y subcontratistas. Permite verificar en tiempo real que cada empresa y trabajador externo tiene la documentaci\u00f3n de prevenci\u00f3n en regla antes de acceder al centro de trabajo, generando trazabilidad completa y reduciendo el riesgo de incumplimiento ante Inspecci\u00f3n de Trabajo.<\/p><\/div><\/div><div class=\"wp-block-uagb-faq-child uagb-faq-child__outer-wrap uagb-faq-item uagb-block-be827e9b\" role=\"tab\" tabindex=\"0\"><div class=\"uagb-faq-questions-button uagb-faq-questions\">\t\t\t<span class=\"uagb-icon uagb-faq-icon-wrap\">\n\t\t\t\t\t\t\t\t<svg xmlns=\"https:\/\/www.w3.org\/2000\/svg\" viewbox= \"0 0 448 512\"><path d=\"M432 256c0 17.69-14.33 32.01-32 32.01H256v144c0 17.69-14.33 31.99-32 31.99s-32-14.3-32-31.99v-144H48c-17.67 0-32-14.32-32-32.01s14.33-31.99 32-31.99H192v-144c0-17.69 14.33-32.01 32-32.01s32 14.32 32 32.01v144h144C417.7 224 432 238.3 432 256z\"><\/path><\/svg>\n\t\t\t\t\t\t\t<\/span>\n\t\t\t\t\t\t<span class=\"uagb-icon-active uagb-faq-icon-wrap\">\n\t\t\t\t\t\t\t\t<svg xmlns=\"https:\/\/www.w3.org\/2000\/svg\" viewbox= \"0 0 448 512\"><path d=\"M400 288h-352c-17.69 0-32-14.32-32-32.01s14.31-31.99 32-31.99h352c17.69 0 32 14.3 32 31.99S417.7 288 400 288z\"><\/path><\/svg>\n\t\t\t\t\t\t\t<\/span>\n\t\t\t<h3 class=\"uagb-question\"><span class=\"ez-toc-section\" id=\"%C2%BFLa_evaluacion_de_riesgos_psicosociales_es_obligatoria_en_el_marco_de_la_CAE\"><\/span><strong><strong><strong>\u00bfLa evaluaci\u00f3n de riesgos psicosociales es obligatoria en el marco de la CAE?<\/strong><\/strong><\/strong><span class=\"ez-toc-section-end\"><\/span><\/h3><\/div><div class=\"uagb-faq-content\"><p>S\u00ed. En 2026, la obligaci\u00f3n de evaluar los riesgos psicosociales est\u00e1 consolidada tanto en el marco de la ISO 45001 como en las directrices europeas de seguridad y salud en el trabajo. La Inspecci\u00f3n de Trabajo lo solicita de forma sistem\u00e1tica, especialmente en sectores con alta intensidad de trabajo o presencia de m\u00faltiples empresas concurrentes. La evaluaci\u00f3n debe contemplar tambi\u00e9n los riesgos derivados de la concurrencia de actividades.<\/p><\/div><\/div><\/div>\n\n\n<div style=\"height:45px\" aria-hidden=\"true\" class=\"wp-block-spacer\"><\/div>\n\n\n\n<h4 class=\"wp-block-heading\"><strong>Otros art\u00edculos de inter\u00e9s<\/strong><\/h4>\n\n\n\n\t\t\t<div class=\"wp-block-uagb-post-carousel uagb-post-grid  uagb-post__image-position-top uagb-post__image-enabled uagb-block-35fc7aaf     uagb-post__arrow-outside uagb-slick-carousel uagb-post__items uagb-post__columns-3 is-carousel uagb-post__columns-tablet-2 uagb-post__columns-mobile-1\" data-total=\"4\" style=\"\">\n\n\t\t\t\t\t\t\t\t\t\t\t\t<article class=\"uagb-post__inner-wrap\">\t\t\t\t\t\t\t\t<div class='uagb-post__image'>\n\t\t\t\t\t\t\t\t\t<a href=\"https:\/\/externalia.lebranders.es\/pt\/2026-ano-seguridad-salud-trabajo-software-cae\/\" target=\"_self\" rel=\"bookmark noopener noreferrer\"><img loading=\"lazy\" decoding=\"async\" width=\"1024\" height=\"683\" src=\"https:\/\/externalia.lebranders.es\/wp-content\/uploads\/2026\/06\/2026-Ano-de-la-SST-Externalia-Solutions-1024x683.png\" class=\"attachment-large size-large\" alt=\"2026 A\u00f1o de la Seguridad y Salud en el Trabajo \u2014 30 aniversario Ley 31\/1995 \u2014 software CAE Externalia Solutions\" srcset=\"https:\/\/externalia.lebranders.es\/wp-content\/uploads\/2026\/06\/2026-Ano-de-la-SST-Externalia-Solutions-980x653.png 980w, https:\/\/externalia.lebranders.es\/wp-content\/uploads\/2026\/06\/2026-Ano-de-la-SST-Externalia-Solutions-480x320.png 480w\" sizes=\"(min-width: 0px) and (max-width: 480px) 480px, (min-width: 481px) and (max-width: 980px) 980px, (min-width: 981px) 1024px, 100vw\" \/>\t\t\t\t\t<\/a>\n\t\t\t\t\t\t\t\t\t<\/div>\n\t\t\t\t\t\t<h4 class=\"uagb-post__title uagb-post__text\">\n\t\t\t\t<a href=\"https:\/\/externalia.lebranders.es\/pt\/2026-ano-seguridad-salud-trabajo-software-cae\/\" target=\"_self\" rel=\"bookmark noopener noreferrer\">2026, A\u00f1o de la SST: qu\u00e9 implica para tu empresa la Ley 31\/1995 a los 30 a\u00f1os<\/a>\n\t\t\t<\/h4>\n\t\t\t\t\t\t<div class='uagb-post__text uagb-post-grid-byline'>\n\t\t\t\t\t\t\t\t<div class=\"uagb-post__text\">\n\t\t\t\t\t<span class='uagb-post__taxonomy'>\n\t\t\t\t\t\t\t\t\t\t\t\t<a href=\"https:\/\/externalia.lebranders.es\/pt\/software-cae\/\">Software CAE<\/a>,&nbsp;<a href=\"https:\/\/externalia.lebranders.es\/pt\/software-cae\/prl\/\">PRL<\/a>\t\t\t\t\t<\/span>\n\t\t\t\t<\/div>\n\t\t\t\t\t\t\t<\/div>\n\t\t\t\t\t\t\t<div class='uagb-post__text uagb-post__excerpt'>\n\t\t\t\t\tEl Gobierno declara 2026 A\u00f1o de la SST coincidiendo con los 30 a\u00f1os de la Ley 31\/1995. Con 796 fallecidos en 2024 y&#8230;\t\t\t\t<\/div>\n\t\t\t\t\t\t<div class=\"uagb-post__text uagb-post__cta wp-block-button\">\n\t\t\t\t<a class=\"wp-block-button__link uagb-text-link\" style=\"\" href=\"https:\/\/externalia.lebranders.es\/pt\/2026-ano-seguridad-salud-trabajo-software-cae\/\" target=\"_self\" rel=\"bookmark noopener noreferrer\">Ler mais<\/a>\n\t\t\t<\/div>\n\t\t\t\n\t\t\t\t\t\t\t\t\t<\/article>\n\t\t\t\t\t\t\t\t\t\t\t\t\t\t\t\t<article class=\"uagb-post__inner-wrap\">\t\t\t\t\t\t\t\t<div class='uagb-post__image'>\n\t\t\t\t\t\t\t\t\t<a href=\"https:\/\/externalia.lebranders.es\/pt\/responsabilidad-solidaria-subsidiaria-cae\/\" target=\"_self\" rel=\"bookmark noopener noreferrer\"><img loading=\"lazy\" decoding=\"async\" width=\"1024\" height=\"683\" src=\"https:\/\/externalia.lebranders.es\/wp-content\/uploads\/2026\/05\/CAE-cuando-responde-la-empresa-principal-por-sus-contratas-eGestiona-1-1024x683.png\" class=\"attachment-large size-large\" alt=\"Responsabilidad solidaria y subsidiaria de la empresa principal en la CAE \u2014 coordinaci\u00f3n de actividades empresariales\" srcset=\"https:\/\/externalia.lebranders.es\/wp-content\/uploads\/2026\/05\/CAE-cuando-responde-la-empresa-principal-por-sus-contratas-eGestiona-1-980x653.png 980w, https:\/\/externalia.lebranders.es\/wp-content\/uploads\/2026\/05\/CAE-cuando-responde-la-empresa-principal-por-sus-contratas-eGestiona-1-480x320.png 480w\" sizes=\"(min-width: 0px) and (max-width: 480px) 480px, (min-width: 481px) and (max-width: 980px) 980px, (min-width: 981px) 1024px, 100vw\" \/>\t\t\t\t\t<\/a>\n\t\t\t\t\t\t\t\t\t<\/div>\n\t\t\t\t\t\t<h4 class=\"uagb-post__title uagb-post__text\">\n\t\t\t\t<a href=\"https:\/\/externalia.lebranders.es\/pt\/responsabilidad-solidaria-subsidiaria-cae\/\" target=\"_self\" rel=\"bookmark noopener noreferrer\">Responsabilidad solidaria y subsidiaria en la CAE: cu\u00e1ndo responde la empresa principal<\/a>\n\t\t\t<\/h4>\n\t\t\t\t\t\t<div class='uagb-post__text uagb-post-grid-byline'>\n\t\t\t\t\t\t\t\t<div class=\"uagb-post__text\">\n\t\t\t\t\t<span class='uagb-post__taxonomy'>\n\t\t\t\t\t\t\t\t\t\t\t\t<a href=\"https:\/\/externalia.lebranders.es\/pt\/software-cae\/control-operativo-y-gestion-de-contratistas\/\">Control operativo &amp; gesti\u00f3n de contratistas<\/a>,&nbsp;<a href=\"https:\/\/externalia.lebranders.es\/pt\/software-cae\/compliance-y-normativa\/\">Compliance &amp; normativa\u00a0<\/a>,&nbsp;<a href=\"https:\/\/externalia.lebranders.es\/pt\/software-cae\/prl\/\">PRL<\/a>,&nbsp;<a href=\"https:\/\/externalia.lebranders.es\/pt\/software-cae\/\">Software CAE<\/a>\t\t\t\t\t<\/span>\n\t\t\t\t<\/div>\n\t\t\t\t\t\t\t<\/div>\n\t\t\t\t\t\t\t<div class='uagb-post__text uagb-post__excerpt'>\n\t\t\t\t\tLa empresa principal puede responder solidariamente por las infracciones de sus contratas en materia de PRL y Seguridad Social. Analizamos cu\u00e1ndo, en qu\u00e9&#8230;\t\t\t\t<\/div>\n\t\t\t\t\t\t<div class=\"uagb-post__text uagb-post__cta wp-block-button\">\n\t\t\t\t<a class=\"wp-block-button__link uagb-text-link\" style=\"\" href=\"https:\/\/externalia.lebranders.es\/pt\/responsabilidad-solidaria-subsidiaria-cae\/\" target=\"_self\" rel=\"bookmark noopener noreferrer\">Ler mais<\/a>\n\t\t\t<\/div>\n\t\t\t\n\t\t\t\t\t\t\t\t\t<\/article>\n\t\t\t\t\t\t\t\t\t\t\t\t\t\t\t\t<article class=\"uagb-post__inner-wrap\">\t\t\t\t\t\t\t\t<div class='uagb-post__image'>\n\t\t\t\t\t\t\t\t\t<a href=\"https:\/\/externalia.lebranders.es\/pt\/riesgos-psicosociales-obligaciones-reforma-prl-2026\/\" target=\"_self\" rel=\"bookmark noopener noreferrer\"><img loading=\"lazy\" decoding=\"async\" width=\"1024\" height=\"683\" src=\"https:\/\/externalia.lebranders.es\/wp-content\/uploads\/2026\/05\/Riesgos-psicosociales-PRL-Externalia-Solutions-1024x683.png\" class=\"attachment-large size-large\" alt=\"Evaluaci\u00f3n de riesgos psicosociales en la empresa \u2013 nuevas obligaciones reforma Ley PRL 2026\" srcset=\"https:\/\/externalia.lebranders.es\/wp-content\/uploads\/2026\/05\/Riesgos-psicosociales-PRL-Externalia-Solutions-980x653.png 980w, https:\/\/externalia.lebranders.es\/wp-content\/uploads\/2026\/05\/Riesgos-psicosociales-PRL-Externalia-Solutions-480x320.png 480w\" sizes=\"(min-width: 0px) and (max-width: 480px) 480px, (min-width: 481px) and (max-width: 980px) 980px, (min-width: 981px) 1024px, 100vw\" \/>\t\t\t\t\t<\/a>\n\t\t\t\t\t\t\t\t\t<\/div>\n\t\t\t\t\t\t<h4 class=\"uagb-post__title uagb-post__text\">\n\t\t\t\t<a href=\"https:\/\/externalia.lebranders.es\/pt\/riesgos-psicosociales-obligaciones-reforma-prl-2026\/\" target=\"_self\" rel=\"bookmark noopener noreferrer\">Riesgos psicosociales en la empresa: nuevas obligaciones legales tras la reforma de la Ley PRL 2026<\/a>\n\t\t\t<\/h4>\n\t\t\t\t\t\t<div class='uagb-post__text uagb-post-grid-byline'>\n\t\t\t\t\t\t\t\t<div class=\"uagb-post__text\">\n\t\t\t\t\t<span class='uagb-post__taxonomy'>\n\t\t\t\t\t\t\t\t\t\t\t\t<a href=\"https:\/\/externalia.lebranders.es\/pt\/software-cae\/prl\/\">PRL<\/a>,&nbsp;<a href=\"https:\/\/externalia.lebranders.es\/pt\/software-cae\/compliance-y-normativa\/\">Compliance &amp; normativa\u00a0<\/a>\t\t\t\t\t<\/span>\n\t\t\t\t<\/div>\n\t\t\t\t\t\t\t<\/div>\n\t\t\t\t\t\t\t<div class='uagb-post__text uagb-post__excerpt'>\n\t\t\t\t\tEl nuevo art\u00edculo 16.2 de la Ley 31\/1995 convierte la evaluaci\u00f3n de riesgos psicosociales en obligaci\u00f3n legal expresa. Descubre qu\u00e9 debe hacer tu&#8230;\t\t\t\t<\/div>\n\t\t\t\t\t\t<div class=\"uagb-post__text uagb-post__cta wp-block-button\">\n\t\t\t\t<a class=\"wp-block-button__link uagb-text-link\" style=\"\" href=\"https:\/\/externalia.lebranders.es\/pt\/riesgos-psicosociales-obligaciones-reforma-prl-2026\/\" target=\"_self\" rel=\"bookmark noopener noreferrer\">Ler mais<\/a>\n\t\t\t<\/div>\n\t\t\t\n\t\t\t\t\t\t\t\t\t<\/article>\n\t\t\t\t\t\t\t\t\t\t\t\t\t\t\t\t<article class=\"uagb-post__inner-wrap\">\t\t\t\t\t\t\t\t<div class='uagb-post__image'>\n\t\t\t\t\t\t\t\t\t<a href=\"https:\/\/externalia.lebranders.es\/pt\/obligaciones-contratista-subcontratista-prl-cae\/\" target=\"_self\" rel=\"bookmark noopener noreferrer\"><img loading=\"lazy\" decoding=\"async\" width=\"1024\" height=\"683\" src=\"https:\/\/externalia.lebranders.es\/wp-content\/uploads\/2026\/05\/Obligaciones-del-contratista-Externalia-Solutions-1024x683.png\" class=\"attachment-large size-large\" alt=\"T\u00e9cnico de PRL supervisando documentaci\u00f3n CAE de contratistas y subcontratistas en obra de construcci\u00f3n con plataforma eGestiona\" srcset=\"https:\/\/externalia.lebranders.es\/wp-content\/uploads\/2026\/05\/Obligaciones-del-contratista-Externalia-Solutions-980x653.png 980w, https:\/\/externalia.lebranders.es\/wp-content\/uploads\/2026\/05\/Obligaciones-del-contratista-Externalia-Solutions-480x320.png 480w\" sizes=\"(min-width: 0px) and (max-width: 480px) 480px, (min-width: 481px) and (max-width: 980px) 980px, (min-width: 981px) 1024px, 100vw\" \/>\t\t\t\t\t<\/a>\n\t\t\t\t\t\t\t\t\t<\/div>\n\t\t\t\t\t\t<h4 class=\"uagb-post__title uagb-post__text\">\n\t\t\t\t<a href=\"https:\/\/externalia.lebranders.es\/pt\/obligaciones-contratista-subcontratista-prl-cae\/\" target=\"_self\" rel=\"bookmark noopener noreferrer\">Obligaciones del contratista y subcontratista en PRL y CAE: la gu\u00eda definitiva para empresas en entornos de riesgo<\/a>\n\t\t\t<\/h4>\n\t\t\t\t\t\t<div class='uagb-post__text uagb-post-grid-byline'>\n\t\t\t\t\t\t\t\t<div class=\"uagb-post__text\">\n\t\t\t\t\t<span class='uagb-post__taxonomy'>\n\t\t\t\t\t\t\t\t\t\t\t\t<a href=\"https:\/\/externalia.lebranders.es\/pt\/software-cae\/\">Software CAE<\/a>,&nbsp;<a href=\"https:\/\/externalia.lebranders.es\/pt\/software-cae\/compliance-y-normativa\/\">Compliance &amp; normativa\u00a0<\/a>,&nbsp;<a href=\"https:\/\/externalia.lebranders.es\/pt\/software-cae\/prl\/\">PRL<\/a>\t\t\t\t\t<\/span>\n\t\t\t\t<\/div>\n\t\t\t\t\t\t\t<\/div>\n\t\t\t\t\t\t\t<div class='uagb-post__text uagb-post__excerpt'>\n\t\t\t\t\t\u00bfCu\u00e1les son las obligaciones del contratista y el subcontratista en PRL y CAE? Esta gu\u00eda completa analiza la normativa vigente, la responsabilidad solidaria,&#8230;\t\t\t\t<\/div>\n\t\t\t\t\t\t<div class=\"uagb-post__text uagb-post__cta wp-block-button\">\n\t\t\t\t<a class=\"wp-block-button__link uagb-text-link\" style=\"\" href=\"https:\/\/externalia.lebranders.es\/pt\/obligaciones-contratista-subcontratista-prl-cae\/\" target=\"_self\" rel=\"bookmark noopener noreferrer\">Ler mais<\/a>\n\t\t\t<\/div>\n\t\t\t\n\t\t\t\t\t\t\t\t\t<\/article>\n\t\t\t\t\t\t\t\t\t\t\t\t\t\t\t\t<article class=\"uagb-post__inner-wrap\">\t\t\t\t\t\t\t\t<div class='uagb-post__image'>\n\t\t\t\t\t\t\t\t\t<a href=\"https:\/\/externalia.lebranders.es\/pt\/gestion-contratistas-construccion-industria-2026\/\" target=\"_self\" rel=\"bookmark noopener noreferrer\"><img loading=\"lazy\" decoding=\"async\" width=\"1024\" height=\"683\" src=\"https:\/\/externalia.lebranders.es\/wp-content\/uploads\/2026\/05\/Gestion-de-contratistas-Externalia-Solutions-1024x683.png\" class=\"attachment-large size-large\" alt=\"Gesti\u00f3n de contratistas en obras de construcci\u00f3n 2026 con plataforma eGestiona\" srcset=\"https:\/\/externalia.lebranders.es\/wp-content\/uploads\/2026\/05\/Gestion-de-contratistas-Externalia-Solutions-980x653.png 980w, https:\/\/externalia.lebranders.es\/wp-content\/uploads\/2026\/05\/Gestion-de-contratistas-Externalia-Solutions-480x320.png 480w\" sizes=\"(min-width: 0px) and (max-width: 480px) 480px, (min-width: 481px) and (max-width: 980px) 980px, (min-width: 981px) 1024px, 100vw\" \/>\t\t\t\t\t<\/a>\n\t\t\t\t\t\t\t\t\t<\/div>\n\t\t\t\t\t\t<h4 class=\"uagb-post__title uagb-post__text\">\n\t\t\t\t<a href=\"https:\/\/externalia.lebranders.es\/pt\/gestion-contratistas-construccion-industria-2026\/\" target=\"_self\" rel=\"bookmark noopener noreferrer\">Los grandes desaf\u00edos de la gesti\u00f3n de contratistas en 2026 y c\u00f3mo superarlos<\/a>\n\t\t\t<\/h4>\n\t\t\t\t\t\t<div class='uagb-post__text uagb-post-grid-byline'>\n\t\t\t\t\t\t\t\t<div class=\"uagb-post__text\">\n\t\t\t\t\t<span class='uagb-post__taxonomy'>\n\t\t\t\t\t\t\t\t\t\t\t\t<a href=\"https:\/\/externalia.lebranders.es\/pt\/software-cae\/control-operativo-y-gestion-de-contratistas\/\">Control operativo &amp; gesti\u00f3n de contratistas<\/a>,&nbsp;<a href=\"https:\/\/externalia.lebranders.es\/pt\/software-cae\/prl\/\">PRL<\/a>,&nbsp;<a href=\"https:\/\/externalia.lebranders.es\/pt\/software-cae\/\">Software CAE<\/a>\t\t\t\t\t<\/span>\n\t\t\t\t<\/div>\n\t\t\t\t\t\t\t<\/div>\n\t\t\t\t\t\t\t<div class='uagb-post__text uagb-post__excerpt'>\n\t\t\t\t\tEn 2026, gestionar contratistas en construcci\u00f3n e industria es m\u00e1s exigente que nunca. Descubre los 6 principales desaf\u00edos \u2014control documental, CAE, homologaci\u00f3n, visibilidad&#8230;\t\t\t\t<\/div>\n\t\t\t\t\t\t<div class=\"uagb-post__text uagb-post__cta wp-block-button\">\n\t\t\t\t<a class=\"wp-block-button__link uagb-text-link\" style=\"\" href=\"https:\/\/externalia.lebranders.es\/pt\/gestion-contratistas-construccion-industria-2026\/\" target=\"_self\" rel=\"bookmark noopener noreferrer\">Ler mais<\/a>\n\t\t\t<\/div>\n\t\t\t\n\t\t\t\t\t\t\t\t\t<\/article>\n\t\t\t\t\t\t\t\t\t\t\t\t\t\t\t\t<article class=\"uagb-post__inner-wrap\">\t\t\t\t\t\t\t\t<div class='uagb-post__image'>\n\t\t\t\t\t\t\t\t\t<a href=\"https:\/\/externalia.lebranders.es\/pt\/iso-45001-cae-coordinacion-contratas-sst\/\" target=\"_self\" rel=\"bookmark noopener noreferrer\"><img loading=\"lazy\" decoding=\"async\" width=\"1024\" height=\"683\" src=\"https:\/\/externalia.lebranders.es\/wp-content\/uploads\/2026\/04\/Coordinacion-de-contratas-en-entorno-industrial-con-sistema-de-gestion-ISO-45001-1-1024x683.png\" class=\"attachment-large size-large\" alt=\"&quot;Coordinaci\u00f3n de contratas en entorno industrial con sistema de gesti\u00f3n ISO 45001\" srcset=\"https:\/\/externalia.lebranders.es\/wp-content\/uploads\/2026\/04\/Coordinacion-de-contratas-en-entorno-industrial-con-sistema-de-gestion-ISO-45001-1-980x653.png 980w, https:\/\/externalia.lebranders.es\/wp-content\/uploads\/2026\/04\/Coordinacion-de-contratas-en-entorno-industrial-con-sistema-de-gestion-ISO-45001-1-480x320.png 480w\" sizes=\"(min-width: 0px) and (max-width: 480px) 480px, (min-width: 481px) and (max-width: 980px) 980px, (min-width: 981px) 1024px, 100vw\" \/>\t\t\t\t\t<\/a>\n\t\t\t\t\t\t\t\t\t<\/div>\n\t\t\t\t\t\t<h4 class=\"uagb-post__title uagb-post__text\">\n\t\t\t\t<a href=\"https:\/\/externalia.lebranders.es\/pt\/iso-45001-cae-coordinacion-contratas-sst\/\" target=\"_self\" rel=\"bookmark noopener noreferrer\">ISO 45001 y CAE: c\u00f3mo integrar la coordinaci\u00f3n de contratas en tu sistema de gesti\u00f3n SST<\/a>\n\t\t\t<\/h4>\n\t\t\t\t\t\t<div class='uagb-post__text uagb-post-grid-byline'>\n\t\t\t\t\t\t\t\t<div class=\"uagb-post__text\">\n\t\t\t\t\t<span class='uagb-post__taxonomy'>\n\t\t\t\t\t\t\t\t\t\t\t\t<a href=\"https:\/\/externalia.lebranders.es\/pt\/software-cae\/control-operativo-y-gestion-de-contratistas\/\">Control operativo &amp; gesti\u00f3n de contratistas<\/a>,&nbsp;<a href=\"https:\/\/externalia.lebranders.es\/pt\/software-cae\/prl\/\">PRL<\/a>,&nbsp;<a href=\"https:\/\/externalia.lebranders.es\/pt\/software-cae\/\">Software CAE<\/a>\t\t\t\t\t<\/span>\n\t\t\t\t<\/div>\n\t\t\t\t\t\t\t<\/div>\n\t\t\t\t\t\t\t<div class='uagb-post__text uagb-post__excerpt'>\n\t\t\t\t\tGu\u00eda experta para integrar la CAE en tu sistema de gesti\u00f3n ISO 45001 en sectores industriales y de construcci\u00f3n. Conoce c\u00f3mo eGestiona resuelve&#8230;\t\t\t\t<\/div>\n\t\t\t\t\t\t<div class=\"uagb-post__text uagb-post__cta wp-block-button\">\n\t\t\t\t<a class=\"wp-block-button__link uagb-text-link\" style=\"\" href=\"https:\/\/externalia.lebranders.es\/pt\/iso-45001-cae-coordinacion-contratas-sst\/\" target=\"_self\" rel=\"bookmark noopener noreferrer\">Ler mais<\/a>\n\t\t\t<\/div>\n\t\t\t\n\t\t\t\t\t\t\t\t\t<\/article>\n\t\t\t\t\t\t\t\t\t\t\t\t\t\t\t\t<article class=\"uagb-post__inner-wrap\">\t\t\t\t\t\t\t\t<div class='uagb-post__image'>\n\t\t\t\t\t\t\t\t\t<a href=\"https:\/\/externalia.lebranders.es\/pt\/verificacion-ita-diaria-cae-contratistas\/\" target=\"_self\" rel=\"bookmark noopener noreferrer\"><img loading=\"lazy\" decoding=\"async\" width=\"1024\" height=\"683\" src=\"https:\/\/externalia.lebranders.es\/wp-content\/uploads\/2026\/04\/Verificacion-ITA-diaria-CAE-Externalia-Solutions-1024x683.png\" class=\"attachment-large size-large\" alt=\"Verificaci\u00f3n-ITA-diaria-CAE-Externalia\" srcset=\"https:\/\/externalia.lebranders.es\/wp-content\/uploads\/2026\/04\/Verificacion-ITA-diaria-CAE-Externalia-Solutions-980x653.png 980w, https:\/\/externalia.lebranders.es\/wp-content\/uploads\/2026\/04\/Verificacion-ITA-diaria-CAE-Externalia-Solutions-480x320.png 480w\" sizes=\"(min-width: 0px) and (max-width: 480px) 480px, (min-width: 481px) and (max-width: 980px) 980px, (min-width: 981px) 1024px, 100vw\" \/>\t\t\t\t\t<\/a>\n\t\t\t\t\t\t\t\t\t<\/div>\n\t\t\t\t\t\t<h4 class=\"uagb-post__title uagb-post__text\">\n\t\t\t\t<a href=\"https:\/\/externalia.lebranders.es\/pt\/verificacion-ita-diaria-cae-contratistas\/\" target=\"_self\" rel=\"bookmark noopener noreferrer\">Verificaci\u00f3n ITA diaria en la CAE: por qu\u00e9 el documento mensual ya no es suficiente para controlar el alta de tus contratistas en la Seguridad Social<\/a>\n\t\t\t<\/h4>\n\t\t\t\t\t\t<div class='uagb-post__text uagb-post-grid-byline'>\n\t\t\t\t\t\t\t\t<div class=\"uagb-post__text\">\n\t\t\t\t\t<span class='uagb-post__taxonomy'>\n\t\t\t\t\t\t\t\t\t\t\t\t<a href=\"https:\/\/externalia.lebranders.es\/pt\/software-cae\/control-operativo-y-gestion-de-contratistas\/\">Control operativo &amp; gesti\u00f3n de contratistas<\/a>,&nbsp;<a href=\"https:\/\/externalia.lebranders.es\/pt\/software-cae\/compliance-y-normativa\/\">Compliance &amp; normativa\u00a0<\/a>,&nbsp;<a href=\"https:\/\/externalia.lebranders.es\/pt\/software-cae\/prl\/\">PRL<\/a>,&nbsp;<a href=\"https:\/\/externalia.lebranders.es\/pt\/software-cae\/\">Software CAE<\/a>\t\t\t\t\t<\/span>\n\t\t\t\t<\/div>\n\t\t\t\t\t\t\t<\/div>\n\t\t\t\t\t\t\t<div class='uagb-post__text uagb-post__excerpt'>\n\t\t\t\t\tLa coordinaci\u00f3n de actividades empresariales ha evolucionado significativamente en los \u00faltimos a\u00f1os. Sin embargo, uno de los puntos cr\u00edticos que contin\u00faa generando incidencias&#8230;\t\t\t\t<\/div>\n\t\t\t\t\t\t<div class=\"uagb-post__text uagb-post__cta wp-block-button\">\n\t\t\t\t<a class=\"wp-block-button__link uagb-text-link\" style=\"\" href=\"https:\/\/externalia.lebranders.es\/pt\/verificacion-ita-diaria-cae-contratistas\/\" target=\"_self\" rel=\"bookmark noopener noreferrer\">Ler mais<\/a>\n\t\t\t<\/div>\n\t\t\t\n\t\t\t\t\t\t\t\t\t<\/article>\n\t\t\t\t\t\t\t\t\t\t\t\t\t\t\t\t<article class=\"uagb-post__inner-wrap\">\t\t\t\t\t\t\t\t<div class='uagb-post__image'>\n\t\t\t\t\t\t\t\t\t<a href=\"https:\/\/externalia.lebranders.es\/pt\/esg-prl-sst-reporting-cadena-suministro\/\" target=\"_self\" rel=\"bookmark noopener noreferrer\"><img loading=\"lazy\" decoding=\"async\" width=\"1024\" height=\"683\" src=\"https:\/\/externalia.lebranders.es\/wp-content\/uploads\/2026\/03\/ESG-Externalia-Sostenibilidad-1024x683.png\" class=\"attachment-large size-large\" alt=\"t\u00e9cnico con tablet en entorno industrial \/ reuni\u00f3n de auditor\u00eda con documentaci\u00f3n \/ infograf\u00eda ESG-PRL\" srcset=\"https:\/\/externalia.lebranders.es\/wp-content\/uploads\/2026\/03\/ESG-Externalia-Sostenibilidad-980x653.png 980w, https:\/\/externalia.lebranders.es\/wp-content\/uploads\/2026\/03\/ESG-Externalia-Sostenibilidad-480x320.png 480w\" sizes=\"(min-width: 0px) and (max-width: 480px) 480px, (min-width: 481px) and (max-width: 980px) 980px, (min-width: 981px) 1024px, 100vw\" \/>\t\t\t\t\t<\/a>\n\t\t\t\t\t\t\t\t\t<\/div>\n\t\t\t\t\t\t<h4 class=\"uagb-post__title uagb-post__text\">\n\t\t\t\t<a href=\"https:\/\/externalia.lebranders.es\/pt\/esg-prl-sst-reporting-cadena-suministro\/\" target=\"_self\" rel=\"bookmark noopener noreferrer\">ESG y PRL: por qu\u00e9 la Seguridad y Salud en el Trabajo ya se audita como parte de la sostenibilidad (CSRD, CSDDD y cadena de suministro)<\/a>\n\t\t\t<\/h4>\n\t\t\t\t\t\t<div class='uagb-post__text uagb-post-grid-byline'>\n\t\t\t\t\t\t\t\t<div class=\"uagb-post__text\">\n\t\t\t\t\t<span class='uagb-post__taxonomy'>\n\t\t\t\t\t\t\t\t\t\t\t\t<a href=\"https:\/\/externalia.lebranders.es\/pt\/software-cae\/prl\/\">PRL<\/a>,&nbsp;<a href=\"https:\/\/externalia.lebranders.es\/pt\/software-cae\/compliance-y-normativa\/\">Compliance &amp; normativa\u00a0<\/a>,&nbsp;<a href=\"https:\/\/externalia.lebranders.es\/pt\/software-cae\/sostenibilidad\/\">Sostenibilidad<\/a>\t\t\t\t\t<\/span>\n\t\t\t\t<\/div>\n\t\t\t\t\t\t\t<\/div>\n\t\t\t\t\t\t\t<div class='uagb-post__text uagb-post__excerpt'>\n\t\t\t\t\t<p>Durante a\u00f1os, la Prevenci\u00f3n de Riesgos Laborales (PRL) y los departamentos de sostenibilidad de las empresas han transitado por caminos paralelos, raramente convergentes&#8230;.\t\t\t\t<\/div>\n\t\t\t\t\t\t<div class=\"uagb-post__text uagb-post__cta wp-block-button\">\n\t\t\t\t<a class=\"wp-block-button__link uagb-text-link\" style=\"\" href=\"https:\/\/externalia.lebranders.es\/pt\/esg-prl-sst-reporting-cadena-suministro\/\" target=\"_self\" rel=\"bookmark noopener noreferrer\">Ler mais<\/a>\n\t\t\t<\/div>\n\t\t\t\n\t\t\t\t\t\t\t\t\t<\/article>\n\t\t\t\t\t\t\t\t\t\t\t\t\t\t\t\t<article class=\"uagb-post__inner-wrap\">\t\t\t\t\t\t\t\t<div class='uagb-post__image'>\n\t\t\t\t\t\t\t\t\t<a href=\"https:\/\/externalia.lebranders.es\/pt\/permisos-de-trabajo-cae-prevencion-condiciona-tarea\/\" target=\"_self\" rel=\"bookmark noopener noreferrer\"><img loading=\"lazy\" decoding=\"async\" width=\"1024\" height=\"683\" src=\"https:\/\/externalia.lebranders.es\/wp-content\/uploads\/2026\/03\/Externalia-Permisos-de-trabajo-y-CAE-1024x683.png\" class=\"attachment-large size-large\" alt=\"permisos-de-trabajo-cae-prl-tareas-criticas\" srcset=\"https:\/\/externalia.lebranders.es\/wp-content\/uploads\/2026\/03\/Externalia-Permisos-de-trabajo-y-CAE-980x653.png 980w, https:\/\/externalia.lebranders.es\/wp-content\/uploads\/2026\/03\/Externalia-Permisos-de-trabajo-y-CAE-480x320.png 480w\" sizes=\"(min-width: 0px) and (max-width: 480px) 480px, (min-width: 481px) and (max-width: 980px) 980px, (min-width: 981px) 1024px, 100vw\" \/>\t\t\t\t\t<\/a>\n\t\t\t\t\t\t\t\t\t<\/div>\n\t\t\t\t\t\t<h4 class=\"uagb-post__title uagb-post__text\">\n\t\t\t\t<a href=\"https:\/\/externalia.lebranders.es\/pt\/permisos-de-trabajo-cae-prevencion-condiciona-tarea\/\" target=\"_self\" rel=\"bookmark noopener noreferrer\">Permisos de trabajo y CAE: el m\u00e9todo para que la prevenci\u00f3n condicione la tarea<\/a>\n\t\t\t<\/h4>\n\t\t\t\t\t\t<div class='uagb-post__text uagb-post-grid-byline'>\n\t\t\t\t\t\t\t\t<div class=\"uagb-post__text\">\n\t\t\t\t\t<span class='uagb-post__taxonomy'>\n\t\t\t\t\t\t\t\t\t\t\t\t<a href=\"https:\/\/externalia.lebranders.es\/pt\/software-cae\/\">Software CAE<\/a>,&nbsp;<a href=\"https:\/\/externalia.lebranders.es\/pt\/software-cae\/prl\/\">PRL<\/a>\t\t\t\t\t<\/span>\n\t\t\t\t<\/div>\n\t\t\t\t\t\t\t<\/div>\n\t\t\t\t\t\t\t<div class='uagb-post__text uagb-post__excerpt'>\n\t\t\t\t\tLos permisos de trabajo son la herramienta que conecta CAE, PRL y operaci\u00f3n en tareas cr\u00edticas. En esta gu\u00eda pr\u00e1ctica se explica c\u00f3mo&#8230;\t\t\t\t<\/div>\n\t\t\t\t\t\t<div class=\"uagb-post__text uagb-post__cta wp-block-button\">\n\t\t\t\t<a class=\"wp-block-button__link uagb-text-link\" style=\"\" href=\"https:\/\/externalia.lebranders.es\/pt\/permisos-de-trabajo-cae-prevencion-condiciona-tarea\/\" target=\"_self\" rel=\"bookmark noopener noreferrer\">Ler mais<\/a>\n\t\t\t<\/div>\n\t\t\t\n\t\t\t\t\t\t\t\t\t<\/article>\n\t\t\t\t\t\t\t\t\t\t\t\t\t\t\t\t<article class=\"uagb-post__inner-wrap\">\t\t\t\t\t\t\t\t<div class='uagb-post__image'>\n\t\t\t\t\t\t\t\t\t<a href=\"https:\/\/externalia.lebranders.es\/pt\/control-accesos-cumplimiento-documental-prl-cae\/\" target=\"_self\" rel=\"bookmark noopener noreferrer\"><img loading=\"lazy\" decoding=\"async\" width=\"1024\" height=\"683\" src=\"https:\/\/externalia.lebranders.es\/wp-content\/uploads\/2026\/03\/Control-de-acceso-Externalia-1024x683.png\" class=\"attachment-large size-large\" alt=\"Control de accesos y marcajes Externalia Solutions\" srcset=\"https:\/\/externalia.lebranders.es\/wp-content\/uploads\/2026\/03\/Control-de-acceso-Externalia-980x653.png 980w, https:\/\/externalia.lebranders.es\/wp-content\/uploads\/2026\/03\/Control-de-acceso-Externalia-480x320.png 480w\" sizes=\"(min-width: 0px) and (max-width: 480px) 480px, (min-width: 481px) and (max-width: 980px) 980px, (min-width: 981px) 1024px, 100vw\" \/>\t\t\t\t\t<\/a>\n\t\t\t\t\t\t\t\t\t<\/div>\n\t\t\t\t\t\t<h4 class=\"uagb-post__title uagb-post__text\">\n\t\t\t\t<a href=\"https:\/\/externalia.lebranders.es\/pt\/control-accesos-cumplimiento-documental-prl-cae\/\" target=\"_self\" rel=\"bookmark noopener noreferrer\">Control de accesos vinculado al cumplimiento documental: gu\u00eda pr\u00e1ctica para PRL y Operaciones<\/a>\n\t\t\t<\/h4>\n\t\t\t\t\t\t<div class='uagb-post__text uagb-post-grid-byline'>\n\t\t\t\t\t\t\t\t<div class=\"uagb-post__text\">\n\t\t\t\t\t<span class='uagb-post__taxonomy'>\n\t\t\t\t\t\t\t\t\t\t\t\t<a href=\"https:\/\/externalia.lebranders.es\/pt\/software-cae\/\">Software CAE<\/a>,&nbsp;<a href=\"https:\/\/externalia.lebranders.es\/pt\/software-cae\/prl\/\">PRL<\/a>\t\t\t\t\t<\/span>\n\t\t\t\t<\/div>\n\t\t\t\t\t\t\t<\/div>\n\t\t\t\t\t\t\t<div class='uagb-post__text uagb-post__excerpt'>\n\t\t\t\t\tVincular el control de accesos al cumplimiento documental permite a PRL y Operaciones decidir qui\u00e9n puede entrar, a qu\u00e9 zona y para qu\u00e9&#8230;\t\t\t\t<\/div>\n\t\t\t\t\t\t<div class=\"uagb-post__text uagb-post__cta wp-block-button\">\n\t\t\t\t<a class=\"wp-block-button__link uagb-text-link\" style=\"\" href=\"https:\/\/externalia.lebranders.es\/pt\/control-accesos-cumplimiento-documental-prl-cae\/\" target=\"_self\" rel=\"bookmark noopener noreferrer\">Ler mais<\/a>\n\t\t\t<\/div>\n\t\t\t\n\t\t\t\t\t\t\t\t\t<\/article>\n\t\t\t\t\t\t\t\t\t\t\t<\/div>\n\t\t\t\n\n\n<p class=\"wp-block-paragraph\"><\/p>","protected":false},"excerpt":{"rendered":"<p>Gu\u00eda pr\u00e1ctica con el checklist de los 10 puntos que Inspecci\u00f3n de Trabajo verifica en materia de CAE en 2026: acreditaci\u00f3n de contratistas, control de accesos, documentaci\u00f3n PRL y trazabilidad. Orientado a t\u00e9cnicos HSE y responsables de prevenci\u00f3n en empresas con contratas.<\/p>","protected":false},"author":3,"featured_media":5069,"comment_status":"open","ping_status":"open","sticky":false,"template":"","format":"standard","meta":{"_et_pb_use_builder":"off","_et_pb_old_content":"","_et_gb_content_width":"","_uag_custom_page_level_css":"","footnotes":""},"categories":[124,126,31,162],"tags":[109,24,219,64,25,27,333,207,485,517,477,37,480,82,84,63],"class_list":["post-5065","post","type-post","status-publish","format-standard","has-post-thumbnail","hentry","category-software-cae","category-compliance-y-normativa","category-control-operativo-y-gestion-de-contratistas","category-prl","tag-acreditacion","tag-cae","tag-checklist-cae","tag-control-de-accesos","tag-coordinacion-de-actividades-empresariales","tag-cumplimiento-normativo","tag-gestion-de-contratas","tag-gestion-documental-prl","tag-inspeccion-de-trabajo","tag-iso-45001","tag-ley-31-1995","tag-prl","tag-riesgos-psicosociales","tag-software-cae","tag-software-prl","tag-trazabilidad"],"uagb_featured_image_src":{"full":["https:\/\/externalia.lebranders.es\/wp-content\/uploads\/2026\/07\/Checklist-de-cumplimiento-CAE-2026.png",1672,941,false],"thumbnail":["https:\/\/externalia.lebranders.es\/wp-content\/uploads\/2026\/07\/Checklist-de-cumplimiento-CAE-2026-150x150.png",150,150,true],"medium":["https:\/\/externalia.lebranders.es\/wp-content\/uploads\/2026\/07\/Checklist-de-cumplimiento-CAE-2026-300x169.png",300,169,true],"medium_large":["https:\/\/externalia.lebranders.es\/wp-content\/uploads\/2026\/07\/Checklist-de-cumplimiento-CAE-2026-768x432.png",768,432,true],"large":["https:\/\/externalia.lebranders.es\/wp-content\/uploads\/2026\/07\/Checklist-de-cumplimiento-CAE-2026-1024x576.png",1024,576,true],"1536x1536":["https:\/\/externalia.lebranders.es\/wp-content\/uploads\/2026\/07\/Checklist-de-cumplimiento-CAE-2026-1536x864.png",1536,864,true],"2048x2048":["https:\/\/externalia.lebranders.es\/wp-content\/uploads\/2026\/07\/Checklist-de-cumplimiento-CAE-2026.png",1672,941,false],"trp-custom-language-flag":["https:\/\/externalia.lebranders.es\/wp-content\/uploads\/2026\/07\/Checklist-de-cumplimiento-CAE-2026-18x10.png",18,10,true],"et-pb-post-main-image":["https:\/\/externalia.lebranders.es\/wp-content\/uploads\/2026\/07\/Checklist-de-cumplimiento-CAE-2026-400x250.png",400,250,true],"et-pb-post-main-image-fullwidth":["https:\/\/externalia.lebranders.es\/wp-content\/uploads\/2026\/07\/Checklist-de-cumplimiento-CAE-2026-1080x675.png",1080,675,true],"et-pb-portfolio-image":["https:\/\/externalia.lebranders.es\/wp-content\/uploads\/2026\/07\/Checklist-de-cumplimiento-CAE-2026-400x284.png",400,284,true],"et-pb-portfolio-module-image":["https:\/\/externalia.lebranders.es\/wp-content\/uploads\/2026\/07\/Checklist-de-cumplimiento-CAE-2026-510x382.png",510,382,true],"et-pb-portfolio-image-single":["https:\/\/externalia.lebranders.es\/wp-content\/uploads\/2026\/07\/Checklist-de-cumplimiento-CAE-2026-1080x608.png",1080,608,true],"et-pb-gallery-module-image-portrait":["https:\/\/externalia.lebranders.es\/wp-content\/uploads\/2026\/07\/Checklist-de-cumplimiento-CAE-2026-400x516.png",400,516,true],"et-pb-post-main-image-fullwidth-large":["https:\/\/externalia.lebranders.es\/wp-content\/uploads\/2026\/07\/Checklist-de-cumplimiento-CAE-2026.png",1672,941,false],"et-pb-image--responsive--desktop":["https:\/\/externalia.lebranders.es\/wp-content\/uploads\/2026\/07\/Checklist-de-cumplimiento-CAE-2026-1280x720.png",1280,720,true],"et-pb-image--responsive--tablet":["https:\/\/externalia.lebranders.es\/wp-content\/uploads\/2026\/07\/Checklist-de-cumplimiento-CAE-2026-980x552.png",978,551,true],"et-pb-image--responsive--phone":["https:\/\/externalia.lebranders.es\/wp-content\/uploads\/2026\/07\/Checklist-de-cumplimiento-CAE-2026-480x270.png",480,270,true]},"uagb_author_info":{"display_name":"Silvia Martorell","author_link":"https:\/\/externalia.lebranders.es\/pt\/author\/silvia\/"},"uagb_comment_info":0,"uagb_excerpt":"Gu\u00eda pr\u00e1ctica con el checklist de los 10 puntos que Inspecci\u00f3n de Trabajo verifica en materia de CAE en 2026: acreditaci\u00f3n de contratistas, control de accesos, documentaci\u00f3n PRL y trazabilidad. Orientado a t\u00e9cnicos HSE y responsables de prevenci\u00f3n en empresas con contratas.","_links":{"self":[{"href":"https:\/\/externalia.lebranders.es\/pt\/wp-json\/wp\/v2\/posts\/5065","targetHints":{"allow":["GET"]}}],"collection":[{"href":"https:\/\/externalia.lebranders.es\/pt\/wp-json\/wp\/v2\/posts"}],"about":[{"href":"https:\/\/externalia.lebranders.es\/pt\/wp-json\/wp\/v2\/types\/post"}],"author":[{"embeddable":true,"href":"https:\/\/externalia.lebranders.es\/pt\/wp-json\/wp\/v2\/users\/3"}],"replies":[{"embeddable":true,"href":"https:\/\/externalia.lebranders.es\/pt\/wp-json\/wp\/v2\/comments?post=5065"}],"version-history":[{"count":3,"href":"https:\/\/externalia.lebranders.es\/pt\/wp-json\/wp\/v2\/posts\/5065\/revisions"}],"predecessor-version":[{"id":5068,"href":"https:\/\/externalia.lebranders.es\/pt\/wp-json\/wp\/v2\/posts\/5065\/revisions\/5068"}],"wp:featuredmedia":[{"embeddable":true,"href":"https:\/\/externalia.lebranders.es\/pt\/wp-json\/wp\/v2\/media\/5069"}],"wp:attachment":[{"href":"https:\/\/externalia.lebranders.es\/pt\/wp-json\/wp\/v2\/media?parent=5065"}],"wp:term":[{"taxonomy":"category","embeddable":true,"href":"https:\/\/externalia.lebranders.es\/pt\/wp-json\/wp\/v2\/categories?post=5065"},{"taxonomy":"post_tag","embeddable":true,"href":"https:\/\/externalia.lebranders.es\/pt\/wp-json\/wp\/v2\/tags?post=5065"}],"curies":[{"name":"wp","href":"https:\/\/api.w.org\/{rel}","templated":true}]}}